{"id":17145,"date":"2018-07-31T15:19:06","date_gmt":"2018-07-31T14:19:06","guid":{"rendered":"http:\/\/www.altominho.tv\/site\/?p=17145"},"modified":"2018-07-31T15:19:06","modified_gmt":"2018-07-31T14:19:06","slug":"projeto-biologico-quer-levar-toneladas-de-amoras-de-viana-a-todo-mundo","status":"publish","type":"post","link":"https:\/\/www.altominho.tv\/site\/2018\/07\/31\/projeto-biologico-quer-levar-toneladas-de-amoras-de-viana-a-todo-mundo\/","title":{"rendered":"Projeto biol\u00f3gico quer levar \u201ctoneladas\u201d de amoras de Viana a todo mundo"},"content":{"rendered":"<p>Uma explora\u00e7\u00e3o ao ar livre, em Viana do Castelo, com um hectare e cinco mil plantas, num investimento de mais de 200 mil euros, vai produzir, este ano, tr\u00eas toneladas de amoras biol\u00f3gicas, prevendo triplicar a colheita, em 2019.<\/p>\n<p>&#8220;O objetivo \u00e9 levar as minhas amoras, 100% biol\u00f3gicas, numa embalagem com o cora\u00e7\u00e3o de Viana, a todo o mundo&#8221;, afirmou hoje \u00e0 Lusa Carolina Rocha, a promotora do projeto Amora Viana Bio.<\/p>\n<p>O neg\u00f3cio local, instalado em dois terrenos, com uma extens\u00e3o total de dez mil metros quadrados, situados em Muj\u00e3es e na Uni\u00e3o de Freguesias de Barroselas e Carvoeiro, na margem esquerda do rio Lima, come\u00e7ou a ganhar forma em 2015, com o apoio de uma empresa especializada.<\/p>\n<p>Segundo Carolina Rocha, de 38 anos, trata-se &#8220;da primeira explora\u00e7\u00e3o de amora biol\u00f3gica, produzida ar livre, do concelho de Viana do Castelo e certificada pela Sativa, uma empresa que opera na \u00e1rea do controlo e certifica\u00e7\u00e3o da produ\u00e7\u00e3o agr\u00edcola e alimentar, florestal e de produtos tur\u00edsticos&#8221;.<\/p>\n<p>&#8220;N\u00e3o queria produzir em ambiente controlado, em estufa, e por isso, antes de iniciar o projeto, encomendei um estudo ao terreno e \u00e0 exposi\u00e7\u00e3o solar e cheguei \u00e0 conclus\u00e3o que a melhor aposta seria na amora por ser um fruto que cresce num arbusto bastante resistente&#8221;, explicou a &#8220;agora&#8221; empres\u00e1ria.<\/p>\n<p>O projeto foi candidatado ao Programa de Desenvolvimento Rural (PDR) 2020 e &#8220;foi financiado em 60% do seu valor global, superior a 200 mil euros&#8221;.<\/p>\n<p>Al\u00e9m &#8220;dos dez mil metros quadrados de planta\u00e7\u00e3o ao ar livre, o projeto implicou a constru\u00e7\u00e3o de um pavilh\u00e3o, com cerca de 88 metros quadrados, onde ficam guardadas as alfaias agr\u00edcolas e que possui uma arca frigor\u00edfica, com cerca de dez metros quadrados, para garantir a conserva\u00e7\u00e3o da amora&#8221;.<\/p>\n<p>Em 2017, &#8220;no ano zero&#8221;, a produ\u00e7\u00e3o &#8220;foi quase residual&#8221;, &#8220;cerca de 200 a 300 quilos, praticamente para consumo pr\u00f3prio&#8221;.<\/p>\n<p>&#8220;Este ano \u00e9 a primeira colheita a s\u00e9rio. Estimamos colher cerca de 2.500 toneladas de amora classe 1, comercializada fresca, para consumo, e mais 500 toneladas de classe 2, designada por amora migalha, destinada \u00e0 ind\u00fastria de transforma\u00e7\u00e3o&#8221;, explicou.<\/p>\n<p>Em 2019, a previs\u00e3o aponta para o &#8220;triplo&#8221; da produ\u00e7\u00e3o, colhendo entre nove a dez toneladas&#8221;, explicou Carolina Rocha. &#8220;O objetivo do projeto \u00e9 que 90% da produ\u00e7\u00e3o seja para exportar para toda a Europa. Os 10% restantes ser\u00e3o destinados ao mercado local e para a ind\u00fastria de transforma\u00e7\u00e3o&#8221;, especificou.<\/p>\n<p>A colheita 2018 vai decorrer entre quarta e sexta-feira, &#8220;sobretudo durante a manh\u00e3, porque a amora n\u00e3o deve ser apanhada nas horas de maior calor, num trabalho realizado com muito cuidado por se tratar de um fruto que n\u00e3o pode ser muito manuseado&#8221;.<\/p>\n<p>&#8220;Temos uma equipa de cinco pessoas para garantir a colheita e contratamos, \u00e0 jornada, mediante o amadurecimento do fruto e das condi\u00e7\u00f5es climat\u00e9ricas&#8221;, disse.<\/p>\n<p>A amora fresca, destinada ao mercado, &#8220;\u00e9 colocada em embalagens pr\u00f3prias, de 125 gramas. A amora migalha vai para caixas, com quatro quilos, para transforma\u00e7\u00e3o&#8221;.<\/p>\n<p>A decis\u00e3o de avan\u00e7ar com o projeto, explicou, &#8220;surgiu da preocupa\u00e7\u00e3o crescente das pessoas com a sa\u00fade e o ambiente&#8221;. &#8220;Avan\u00e7ar com a explora\u00e7\u00e3o biol\u00f3gica faz todo o sentido nesta altura. A amora, devido ao seu teor em nutrientes, como os antioxidantes, tem muitos benef\u00edcios para a sa\u00fade e ajuda a prevenir a doen\u00e7a de Alzheimer, entre outras&#8221;, referiu, admitindo tratar-se de um &#8220;trabalho bastante duro e complicado, durante todo o ano&#8221;.<\/p>\n<p>&#8220;\u00c9 um trabalho muito exigente e minucioso, todo manual, e sem recurso a um \u00fanico qu\u00edmico&#8221;, refor\u00e7ou.<\/p>\n","protected":false},"excerpt":{"rendered":"<p>Uma explora\u00e7\u00e3o ao ar livre, em Viana do Castelo, com um hectare e cinco mil plantas, num investimento de mais de 200 mil euros, vai produzir, este ano, tr\u00eas toneladas de amoras biol\u00f3gicas, prevendo triplicar a colheita, em 2019. &#8220;O objetivo \u00e9 levar as minhas amoras, 100% biol\u00f3gicas, numa embalagem com o cora\u00e7\u00e3o de Viana, [&hellip;]<\/p>\n","protected":false},"author":12,"featured_media":17146,"comment_status":"closed","ping_status":"closed","sticky":false,"template":"","format":"standard","meta":{"_exactmetrics_skip_tracking":false,"_exactmetrics_sitenote_active":false,"_exactmetrics_sitenote_note":"","_exactmetrics_sitenote_category":0,"footnotes":""},"categories":[14],"tags":[27],"class_list":["post-17145","post","type-post","status-publish","format-standard","has-post-thumbnail","hentry","category-viana-do-castelo","tag-sociedade"],"yoast_head":"<!-- This site is optimized with the Yoast SEO Premium plugin v27.5 (Yoast SEO v27.5) - https:\/\/yoast.com\/product\/yoast-seo-premium-wordpress\/ -->\n<title>Projeto biol\u00f3gico quer levar \u201ctoneladas\u201d de amoras de Viana a todo mundo<\/title>\n<meta name=\"robots\" content=\"index, follow, max-snippet:-1, max-image-preview:large, max-video-preview:-1\" \/>\n<link rel=\"canonical\" href=\"https:\/\/www.altominho.tv\/site\/2018\/07\/31\/projeto-biologico-quer-levar-toneladas-de-amoras-de-viana-a-todo-mundo\/\" \/>\n<meta property=\"og:locale\" content=\"pt_PT\" \/>\n<meta property=\"og:type\" content=\"article\" \/>\n<meta property=\"og:title\" content=\"Projeto biol\u00f3gico quer levar \u201ctoneladas\u201d de amoras de Viana a todo mundo\" \/>\n<meta property=\"og:description\" content=\"Uma explora\u00e7\u00e3o ao ar livre, em Viana do Castelo, com um hectare e cinco mil plantas, num investimento de mais de 200 mil euros, vai produzir, este ano, tr\u00eas toneladas de amoras biol\u00f3gicas, prevendo triplicar a colheita, em 2019. &#8220;O objetivo \u00e9 levar as minhas amoras, 100% biol\u00f3gicas, numa embalagem com o cora\u00e7\u00e3o de Viana, [&hellip;]\" \/>\n<meta property=\"og:url\" content=\"https:\/\/www.altominho.tv\/site\/2018\/07\/31\/projeto-biologico-quer-levar-toneladas-de-amoras-de-viana-a-todo-mundo\/\" \/>\n<meta property=\"og:site_name\" content=\"Altominho.tv\" \/>\n<meta property=\"article:publisher\" content=\"https:\/\/www.facebook.com\/altominhotv\" \/>\n<meta property=\"article:published_time\" content=\"2018-07-31T14:19:06+00:00\" \/>\n<meta property=\"og:image\" content=\"https:\/\/www.altominho.tv\/site\/wp-content\/uploads\/2018\/07\/Amoras.jpg\" \/>\n\t<meta property=\"og:image:width\" content=\"5000\" \/>\n\t<meta property=\"og:image:height\" content=\"2813\" \/>\n\t<meta property=\"og:image:type\" content=\"image\/jpeg\" \/>\n<meta name=\"author\" content=\"Andreia Ferreira\" \/>\n<meta name=\"twitter:card\" content=\"summary_large_image\" \/>\n<meta name=\"twitter:creator\" content=\"@altominhoTV\" \/>\n<meta name=\"twitter:site\" content=\"@altominhoTV\" \/>\n<meta name=\"twitter:label1\" content=\"Escrito por\" \/>\n\t<meta name=\"twitter:data1\" content=\"Andreia Ferreira\" \/>\n\t<meta name=\"twitter:label2\" content=\"Tempo estimado de leitura\" \/>\n\t<meta name=\"twitter:data2\" content=\"3 minutos\" \/>\n<script type=\"application\/ld+json\" class=\"yoast-schema-graph\">{\"@context\":\"https:\\\/\\\/schema.org\",\"@graph\":[{\"@type\":\"Article\",\"@id\":\"https:\\\/\\\/www.altominho.tv\\\/site\\\/2018\\\/07\\\/31\\\/projeto-biologico-quer-levar-toneladas-de-amoras-de-viana-a-todo-mundo\\\/#article\",\"isPartOf\":{\"@id\":\"https:\\\/\\\/www.altominho.tv\\\/site\\\/2018\\\/07\\\/31\\\/projeto-biologico-quer-levar-toneladas-de-amoras-de-viana-a-todo-mundo\\\/\"},\"author\":{\"name\":\"Andreia Ferreira\",\"@id\":\"https:\\\/\\\/www.altominho.tv\\\/site\\\/#\\\/schema\\\/person\\\/d9be4265364723f14ea8e0d56a1d38cd\"},\"headline\":\"Projeto biol\u00f3gico quer levar \u201ctoneladas\u201d de amoras de Viana a todo mundo\",\"datePublished\":\"2018-07-31T14:19:06+00:00\",\"mainEntityOfPage\":{\"@id\":\"https:\\\/\\\/www.altominho.tv\\\/site\\\/2018\\\/07\\\/31\\\/projeto-biologico-quer-levar-toneladas-de-amoras-de-viana-a-todo-mundo\\\/\"},\"wordCount\":617,\"image\":{\"@id\":\"https:\\\/\\\/www.altominho.tv\\\/site\\\/2018\\\/07\\\/31\\\/projeto-biologico-quer-levar-toneladas-de-amoras-de-viana-a-todo-mundo\\\/#primaryimage\"},\"thumbnailUrl\":\"https:\\\/\\\/www.altominho.tv\\\/site\\\/wp-content\\\/uploads\\\/2018\\\/07\\\/Amoras.jpg\",\"keywords\":[\"Sociedade\"],\"articleSection\":[\"Viana do Castelo\"],\"inLanguage\":\"pt-PT\",\"copyrightYear\":\"2018\",\"copyrightHolder\":{\"@id\":\"https:\\\/\\\/www.altominho.tv\\\/site\\\/#organization\"}},{\"@type\":\"WebPage\",\"@id\":\"https:\\\/\\\/www.altominho.tv\\\/site\\\/2018\\\/07\\\/31\\\/projeto-biologico-quer-levar-toneladas-de-amoras-de-viana-a-todo-mundo\\\/\",\"url\":\"https:\\\/\\\/www.altominho.tv\\\/site\\\/2018\\\/07\\\/31\\\/projeto-biologico-quer-levar-toneladas-de-amoras-de-viana-a-todo-mundo\\\/\",\"name\":\"Projeto biol\u00f3gico quer levar \u201ctoneladas\u201d de amoras de Viana a todo mundo\",\"isPartOf\":{\"@id\":\"https:\\\/\\\/www.altominho.tv\\\/site\\\/#website\"},\"primaryImageOfPage\":{\"@id\":\"https:\\\/\\\/www.altominho.tv\\\/site\\\/2018\\\/07\\\/31\\\/projeto-biologico-quer-levar-toneladas-de-amoras-de-viana-a-todo-mundo\\\/#primaryimage\"},\"image\":{\"@id\":\"https:\\\/\\\/www.altominho.tv\\\/site\\\/2018\\\/07\\\/31\\\/projeto-biologico-quer-levar-toneladas-de-amoras-de-viana-a-todo-mundo\\\/#primaryimage\"},\"thumbnailUrl\":\"https:\\\/\\\/www.altominho.tv\\\/site\\\/wp-content\\\/uploads\\\/2018\\\/07\\\/Amoras.jpg\",\"datePublished\":\"2018-07-31T14:19:06+00:00\",\"author\":{\"@id\":\"https:\\\/\\\/www.altominho.tv\\\/site\\\/#\\\/schema\\\/person\\\/d9be4265364723f14ea8e0d56a1d38cd\"},\"breadcrumb\":{\"@id\":\"https:\\\/\\\/www.altominho.tv\\\/site\\\/2018\\\/07\\\/31\\\/projeto-biologico-quer-levar-toneladas-de-amoras-de-viana-a-todo-mundo\\\/#breadcrumb\"},\"inLanguage\":\"pt-PT\",\"potentialAction\":[{\"@type\":\"ReadAction\",\"target\":[\"https:\\\/\\\/www.altominho.tv\\\/site\\\/2018\\\/07\\\/31\\\/projeto-biologico-quer-levar-toneladas-de-amoras-de-viana-a-todo-mundo\\\/\"]}]},{\"@type\":\"ImageObject\",\"inLanguage\":\"pt-PT\",\"@id\":\"https:\\\/\\\/www.altominho.tv\\\/site\\\/2018\\\/07\\\/31\\\/projeto-biologico-quer-levar-toneladas-de-amoras-de-viana-a-todo-mundo\\\/#primaryimage\",\"url\":\"https:\\\/\\\/www.altominho.tv\\\/site\\\/wp-content\\\/uploads\\\/2018\\\/07\\\/Amoras.jpg\",\"contentUrl\":\"https:\\\/\\\/www.altominho.tv\\\/site\\\/wp-content\\\/uploads\\\/2018\\\/07\\\/Amoras.jpg\",\"width\":5000,\"height\":2813,\"caption\":\"PEXELS\"},{\"@type\":\"BreadcrumbList\",\"@id\":\"https:\\\/\\\/www.altominho.tv\\\/site\\\/2018\\\/07\\\/31\\\/projeto-biologico-quer-levar-toneladas-de-amoras-de-viana-a-todo-mundo\\\/#breadcrumb\",\"itemListElement\":[{\"@type\":\"ListItem\",\"position\":1,\"name\":\"In\u00edcio\",\"item\":\"https:\\\/\\\/www.altominho.tv\\\/site\\\/\"},{\"@type\":\"ListItem\",\"position\":2,\"name\":\"Projeto biol\u00f3gico quer levar \u201ctoneladas\u201d de amoras de Viana a todo mundo\"}]},{\"@type\":\"WebSite\",\"@id\":\"https:\\\/\\\/www.altominho.tv\\\/site\\\/#website\",\"url\":\"https:\\\/\\\/www.altominho.tv\\\/site\\\/\",\"name\":\"Altominho.tv\",\"description\":\"A sua regi\u00e3o \u00e0 dist\u00e2ncia de um clique...\",\"potentialAction\":[{\"@type\":\"SearchAction\",\"target\":{\"@type\":\"EntryPoint\",\"urlTemplate\":\"https:\\\/\\\/www.altominho.tv\\\/site\\\/?s={search_term_string}\"},\"query-input\":{\"@type\":\"PropertyValueSpecification\",\"valueRequired\":true,\"valueName\":\"search_term_string\"}}],\"inLanguage\":\"pt-PT\"},{\"@type\":\"Person\",\"@id\":\"https:\\\/\\\/www.altominho.tv\\\/site\\\/#\\\/schema\\\/person\\\/d9be4265364723f14ea8e0d56a1d38cd\",\"name\":\"Andreia Ferreira\",\"image\":{\"@type\":\"ImageObject\",\"inLanguage\":\"pt-PT\",\"@id\":\"https:\\\/\\\/www.altominho.tv\\\/site\\\/wp-content\\\/uploads\\\/2021\\\/01\\\/AndreiaFerreira-150x150.jpg\",\"url\":\"https:\\\/\\\/www.altominho.tv\\\/site\\\/wp-content\\\/uploads\\\/2021\\\/01\\\/AndreiaFerreira-150x150.jpg\",\"contentUrl\":\"https:\\\/\\\/www.altominho.tv\\\/site\\\/wp-content\\\/uploads\\\/2021\\\/01\\\/AndreiaFerreira-150x150.jpg\",\"caption\":\"Andreia Ferreira\"},\"url\":\"https:\\\/\\\/www.altominho.tv\\\/site\\\/author\\\/andreiaferreira\\\/\"}]}<\/script>\n<!-- \/ Yoast SEO Premium plugin. -->","yoast_head_json":{"title":"Projeto biol\u00f3gico quer levar \u201ctoneladas\u201d de amoras de Viana a todo mundo","robots":{"index":"index","follow":"follow","max-snippet":"max-snippet:-1","max-image-preview":"max-image-preview:large","max-video-preview":"max-video-preview:-1"},"canonical":"https:\/\/www.altominho.tv\/site\/2018\/07\/31\/projeto-biologico-quer-levar-toneladas-de-amoras-de-viana-a-todo-mundo\/","og_locale":"pt_PT","og_type":"article","og_title":"Projeto biol\u00f3gico quer levar \u201ctoneladas\u201d de amoras de Viana a todo mundo","og_description":"Uma explora\u00e7\u00e3o ao ar livre, em Viana do Castelo, com um hectare e cinco mil plantas, num investimento de mais de 200 mil euros, vai produzir, este ano, tr\u00eas toneladas de amoras biol\u00f3gicas, prevendo triplicar a colheita, em 2019. &#8220;O objetivo \u00e9 levar as minhas amoras, 100% biol\u00f3gicas, numa embalagem com o cora\u00e7\u00e3o de Viana, [&hellip;]","og_url":"https:\/\/www.altominho.tv\/site\/2018\/07\/31\/projeto-biologico-quer-levar-toneladas-de-amoras-de-viana-a-todo-mundo\/","og_site_name":"Altominho.tv","article_publisher":"https:\/\/www.facebook.com\/altominhotv","article_published_time":"2018-07-31T14:19:06+00:00","og_image":[{"width":5000,"height":2813,"url":"https:\/\/www.altominho.tv\/site\/wp-content\/uploads\/2018\/07\/Amoras.jpg","type":"image\/jpeg"}],"author":"Andreia Ferreira","twitter_card":"summary_large_image","twitter_creator":"@altominhoTV","twitter_site":"@altominhoTV","twitter_misc":{"Escrito por":"Andreia Ferreira","Tempo estimado de leitura":"3 minutos"},"schema":{"@context":"https:\/\/schema.org","@graph":[{"@type":"Article","@id":"https:\/\/www.altominho.tv\/site\/2018\/07\/31\/projeto-biologico-quer-levar-toneladas-de-amoras-de-viana-a-todo-mundo\/#article","isPartOf":{"@id":"https:\/\/www.altominho.tv\/site\/2018\/07\/31\/projeto-biologico-quer-levar-toneladas-de-amoras-de-viana-a-todo-mundo\/"},"author":{"name":"Andreia Ferreira","@id":"https:\/\/www.altominho.tv\/site\/#\/schema\/person\/d9be4265364723f14ea8e0d56a1d38cd"},"headline":"Projeto biol\u00f3gico quer levar \u201ctoneladas\u201d de amoras de Viana a todo mundo","datePublished":"2018-07-31T14:19:06+00:00","mainEntityOfPage":{"@id":"https:\/\/www.altominho.tv\/site\/2018\/07\/31\/projeto-biologico-quer-levar-toneladas-de-amoras-de-viana-a-todo-mundo\/"},"wordCount":617,"image":{"@id":"https:\/\/www.altominho.tv\/site\/2018\/07\/31\/projeto-biologico-quer-levar-toneladas-de-amoras-de-viana-a-todo-mundo\/#primaryimage"},"thumbnailUrl":"https:\/\/www.altominho.tv\/site\/wp-content\/uploads\/2018\/07\/Amoras.jpg","keywords":["Sociedade"],"articleSection":["Viana do Castelo"],"inLanguage":"pt-PT","copyrightYear":"2018","copyrightHolder":{"@id":"https:\/\/www.altominho.tv\/site\/#organization"}},{"@type":"WebPage","@id":"https:\/\/www.altominho.tv\/site\/2018\/07\/31\/projeto-biologico-quer-levar-toneladas-de-amoras-de-viana-a-todo-mundo\/","url":"https:\/\/www.altominho.tv\/site\/2018\/07\/31\/projeto-biologico-quer-levar-toneladas-de-amoras-de-viana-a-todo-mundo\/","name":"Projeto biol\u00f3gico quer levar \u201ctoneladas\u201d de amoras de Viana a todo mundo","isPartOf":{"@id":"https:\/\/www.altominho.tv\/site\/#website"},"primaryImageOfPage":{"@id":"https:\/\/www.altominho.tv\/site\/2018\/07\/31\/projeto-biologico-quer-levar-toneladas-de-amoras-de-viana-a-todo-mundo\/#primaryimage"},"image":{"@id":"https:\/\/www.altominho.tv\/site\/2018\/07\/31\/projeto-biologico-quer-levar-toneladas-de-amoras-de-viana-a-todo-mundo\/#primaryimage"},"thumbnailUrl":"https:\/\/www.altominho.tv\/site\/wp-content\/uploads\/2018\/07\/Amoras.jpg","datePublished":"2018-07-31T14:19:06+00:00","author":{"@id":"https:\/\/www.altominho.tv\/site\/#\/schema\/person\/d9be4265364723f14ea8e0d56a1d38cd"},"breadcrumb":{"@id":"https:\/\/www.altominho.tv\/site\/2018\/07\/31\/projeto-biologico-quer-levar-toneladas-de-amoras-de-viana-a-todo-mundo\/#breadcrumb"},"inLanguage":"pt-PT","potentialAction":[{"@type":"ReadAction","target":["https:\/\/www.altominho.tv\/site\/2018\/07\/31\/projeto-biologico-quer-levar-toneladas-de-amoras-de-viana-a-todo-mundo\/"]}]},{"@type":"ImageObject","inLanguage":"pt-PT","@id":"https:\/\/www.altominho.tv\/site\/2018\/07\/31\/projeto-biologico-quer-levar-toneladas-de-amoras-de-viana-a-todo-mundo\/#primaryimage","url":"https:\/\/www.altominho.tv\/site\/wp-content\/uploads\/2018\/07\/Amoras.jpg","contentUrl":"https:\/\/www.altominho.tv\/site\/wp-content\/uploads\/2018\/07\/Amoras.jpg","width":5000,"height":2813,"caption":"PEXELS"},{"@type":"BreadcrumbList","@id":"https:\/\/www.altominho.tv\/site\/2018\/07\/31\/projeto-biologico-quer-levar-toneladas-de-amoras-de-viana-a-todo-mundo\/#breadcrumb","itemListElement":[{"@type":"ListItem","position":1,"name":"In\u00edcio","item":"https:\/\/www.altominho.tv\/site\/"},{"@type":"ListItem","position":2,"name":"Projeto biol\u00f3gico quer levar \u201ctoneladas\u201d de amoras de Viana a todo mundo"}]},{"@type":"WebSite","@id":"https:\/\/www.altominho.tv\/site\/#website","url":"https:\/\/www.altominho.tv\/site\/","name":"Altominho.tv","description":"A sua regi\u00e3o \u00e0 dist\u00e2ncia de um clique...","potentialAction":[{"@type":"SearchAction","target":{"@type":"EntryPoint","urlTemplate":"https:\/\/www.altominho.tv\/site\/?s={search_term_string}"},"query-input":{"@type":"PropertyValueSpecification","valueRequired":true,"valueName":"search_term_string"}}],"inLanguage":"pt-PT"},{"@type":"Person","@id":"https:\/\/www.altominho.tv\/site\/#\/schema\/person\/d9be4265364723f14ea8e0d56a1d38cd","name":"Andreia Ferreira","image":{"@type":"ImageObject","inLanguage":"pt-PT","@id":"https:\/\/www.altominho.tv\/site\/wp-content\/uploads\/2021\/01\/AndreiaFerreira-150x150.jpg","url":"https:\/\/www.altominho.tv\/site\/wp-content\/uploads\/2021\/01\/AndreiaFerreira-150x150.jpg","contentUrl":"https:\/\/www.altominho.tv\/site\/wp-content\/uploads\/2021\/01\/AndreiaFerreira-150x150.jpg","caption":"Andreia Ferreira"},"url":"https:\/\/www.altominho.tv\/site\/author\/andreiaferreira\/"}]}},"_links":{"self":[{"href":"https:\/\/www.altominho.tv\/site\/wp-json\/wp\/v2\/posts\/17145","targetHints":{"allow":["GET"]}}],"collection":[{"href":"https:\/\/www.altominho.tv\/site\/wp-json\/wp\/v2\/posts"}],"about":[{"href":"https:\/\/www.altominho.tv\/site\/wp-json\/wp\/v2\/types\/post"}],"author":[{"embeddable":true,"href":"https:\/\/www.altominho.tv\/site\/wp-json\/wp\/v2\/users\/12"}],"replies":[{"embeddable":true,"href":"https:\/\/www.altominho.tv\/site\/wp-json\/wp\/v2\/comments?post=17145"}],"version-history":[{"count":0,"href":"https:\/\/www.altominho.tv\/site\/wp-json\/wp\/v2\/posts\/17145\/revisions"}],"wp:featuredmedia":[{"embeddable":true,"href":"https:\/\/www.altominho.tv\/site\/wp-json\/wp\/v2\/media\/17146"}],"wp:attachment":[{"href":"https:\/\/www.altominho.tv\/site\/wp-json\/wp\/v2\/media?parent=17145"}],"wp:term":[{"taxonomy":"category","embeddable":true,"href":"https:\/\/www.altominho.tv\/site\/wp-json\/wp\/v2\/categories?post=17145"},{"taxonomy":"post_tag","embeddable":true,"href":"https:\/\/www.altominho.tv\/site\/wp-json\/wp\/v2\/tags?post=17145"}],"curies":[{"name":"wp","href":"https:\/\/api.w.org\/{rel}","templated":true}]}}