{"id":17088,"date":"2018-07-31T09:51:54","date_gmt":"2018-07-31T08:51:54","guid":{"rendered":"http:\/\/www.altominho.tv\/site\/?p=17088"},"modified":"2018-07-31T09:51:54","modified_gmt":"2018-07-31T08:51:54","slug":"festival-musica-a-sua-porta-comeca-quinta-feira-na-porta-mexia-galvao","status":"publish","type":"post","link":"https:\/\/www.altominho.tv\/site\/2018\/07\/31\/festival-musica-a-sua-porta-comeca-quinta-feira-na-porta-mexia-galvao\/","title":{"rendered":"Festival M\u00fasica \u00e0 sua Porta come\u00e7a quinta-feira na porta Mexia Galv\u00e3o"},"content":{"rendered":"<p>Viana do Castelo vai acolher, entre quinta-feira e s\u00e1bado, a IV edi\u00e7\u00e3o do Festival M\u00fasica \u00e0 Sua Porta, na Porta Mexia Galv\u00e3o.<\/p>\n<p>O festival \u00e9 dirigido pelo maestro vianense Paulo Areias e conta com a presen\u00e7a da Orquestra Com Spirito, composta por m\u00fasicos profissionais na sua maioria oriundos do concelho de Viana do Castelo.<\/p>\n<p>Numa organiza\u00e7\u00e3o da C\u00e2mara de Viana do Castelo, o evento &#8220;pretende n\u00e3o s\u00f3 divulgar a m\u00fasica erudita, mas tamb\u00e9m traz\u00ea-la \u00e0 sua porta, tornando-a acess\u00edvel a todo o tipo de p\u00fablico&#8221;.<\/p>\n<p>O primeiro concerto acontece na noite de\u00a02 de agosto, quinta-feira, com Lu\u00eds Pipa ao piano, tocando Beethoven e Mozart.<\/p>\n<p>Na noite seguinte, 3 de agosto, \u00e9 a vez de\u00a0Lu\u00eds Domingues\u00a0tocar a trompa, com obras de Mozart, acompanhado pela Orquestra Con Spirito, seguido de\u00a0Filipa Lima\u00a0na flauta e Leonor Maia na harpa, tamb\u00e9m com orquestra a acompanhar. No s\u00e1bado,\u00a04 de agosto, ser\u00e3o apresentadas \u201cAs Hebridas\u201d, de F. Mendelssohn, e obras de Beethoven.<\/p>\n<p>Os concertos acontecem sempre \u00e0s 22h00 e t\u00eam entrada livre.<\/p>\n","protected":false},"excerpt":{"rendered":"<p>Viana do Castelo vai acolher, entre quinta-feira e s\u00e1bado, a IV edi\u00e7\u00e3o do Festival M\u00fasica \u00e0 Sua Porta, na Porta Mexia Galv\u00e3o. O festival \u00e9 dirigido pelo maestro vianense Paulo Areias e conta com a presen\u00e7a da Orquestra Com Spirito, composta por m\u00fasicos profissionais na sua maioria oriundos do concelho de Viana do Castelo. Numa [&hellip;]<\/p>\n","protected":false},"author":12,"featured_media":17089,"comment_status":"closed","ping_status":"closed","sticky":false,"template":"","format":"standard","meta":{"_exactmetrics_skip_tracking":false,"_exactmetrics_sitenote_active":false,"_exactmetrics_sitenote_note":"","_exactmetrics_sitenote_category":0,"footnotes":""},"categories":[14],"tags":[19],"class_list":["post-17088","post","type-post","status-publish","format-standard","has-post-thumbnail","hentry","category-viana-do-castelo","tag-cultura"],"yoast_head":"<!-- This site is optimized with the Yoast SEO Premium plugin v27.5 (Yoast SEO v27.5) - https:\/\/yoast.com\/product\/yoast-seo-premium-wordpress\/ -->\n<title>Festival M\u00fasica \u00e0 sua Porta come\u00e7a quinta-feira na porta Mexia Galv\u00e3o<\/title>\n<meta name=\"robots\" content=\"index, follow, max-snippet:-1, max-image-preview:large, max-video-preview:-1\" \/>\n<link rel=\"canonical\" href=\"https:\/\/www.altominho.tv\/site\/2018\/07\/31\/festival-musica-a-sua-porta-comeca-quinta-feira-na-porta-mexia-galvao\/\" \/>\n<meta property=\"og:locale\" content=\"pt_PT\" \/>\n<meta property=\"og:type\" content=\"article\" \/>\n<meta property=\"og:title\" content=\"Festival M\u00fasica \u00e0 sua Porta come\u00e7a quinta-feira na porta Mexia Galv\u00e3o\" \/>\n<meta property=\"og:description\" content=\"Viana do Castelo vai acolher, entre quinta-feira e s\u00e1bado, a IV edi\u00e7\u00e3o do Festival M\u00fasica \u00e0 Sua Porta, na Porta Mexia Galv\u00e3o. O festival \u00e9 dirigido pelo maestro vianense Paulo Areias e conta com a presen\u00e7a da Orquestra Com Spirito, composta por m\u00fasicos profissionais na sua maioria oriundos do concelho de Viana do Castelo. Numa [&hellip;]\" \/>\n<meta property=\"og:url\" content=\"https:\/\/www.altominho.tv\/site\/2018\/07\/31\/festival-musica-a-sua-porta-comeca-quinta-feira-na-porta-mexia-galvao\/\" \/>\n<meta property=\"og:site_name\" content=\"Altominho.tv\" \/>\n<meta property=\"article:publisher\" content=\"https:\/\/www.facebook.com\/altominhotv\" \/>\n<meta property=\"article:published_time\" content=\"2018-07-31T08:51:54+00:00\" \/>\n<meta property=\"og:image\" content=\"https:\/\/www.altominho.tv\/site\/wp-content\/uploads\/2018\/07\/consppiritob_festival_musica_a_sua_porta_2_.jpg\" \/>\n\t<meta property=\"og:image:width\" content=\"960\" \/>\n\t<meta property=\"og:image:height\" content=\"640\" \/>\n\t<meta property=\"og:image:type\" content=\"image\/jpeg\" \/>\n<meta name=\"author\" content=\"Andreia Ferreira\" \/>\n<meta name=\"twitter:card\" content=\"summary_large_image\" \/>\n<meta name=\"twitter:creator\" content=\"@altominhoTV\" \/>\n<meta name=\"twitter:site\" content=\"@altominhoTV\" \/>\n<meta name=\"twitter:label1\" content=\"Escrito por\" \/>\n\t<meta name=\"twitter:data1\" content=\"Andreia Ferreira\" \/>\n\t<meta name=\"twitter:label2\" content=\"Tempo estimado de leitura\" \/>\n\t<meta name=\"twitter:data2\" content=\"1 minuto\" \/>\n<script type=\"application\/ld+json\" class=\"yoast-schema-graph\">{\"@context\":\"https:\\\/\\\/schema.org\",\"@graph\":[{\"@type\":\"Article\",\"@id\":\"https:\\\/\\\/www.altominho.tv\\\/site\\\/2018\\\/07\\\/31\\\/festival-musica-a-sua-porta-comeca-quinta-feira-na-porta-mexia-galvao\\\/#article\",\"isPartOf\":{\"@id\":\"https:\\\/\\\/www.altominho.tv\\\/site\\\/2018\\\/07\\\/31\\\/festival-musica-a-sua-porta-comeca-quinta-feira-na-porta-mexia-galvao\\\/\"},\"author\":{\"name\":\"Andreia Ferreira\",\"@id\":\"https:\\\/\\\/www.altominho.tv\\\/site\\\/#\\\/schema\\\/person\\\/d9be4265364723f14ea8e0d56a1d38cd\"},\"headline\":\"Festival M\u00fasica \u00e0 sua Porta come\u00e7a quinta-feira na porta Mexia Galv\u00e3o\",\"datePublished\":\"2018-07-31T08:51:54+00:00\",\"mainEntityOfPage\":{\"@id\":\"https:\\\/\\\/www.altominho.tv\\\/site\\\/2018\\\/07\\\/31\\\/festival-musica-a-sua-porta-comeca-quinta-feira-na-porta-mexia-galvao\\\/\"},\"wordCount\":197,\"image\":{\"@id\":\"https:\\\/\\\/www.altominho.tv\\\/site\\\/2018\\\/07\\\/31\\\/festival-musica-a-sua-porta-comeca-quinta-feira-na-porta-mexia-galvao\\\/#primaryimage\"},\"thumbnailUrl\":\"https:\\\/\\\/www.altominho.tv\\\/site\\\/wp-content\\\/uploads\\\/2018\\\/07\\\/consppiritob_festival_musica_a_sua_porta_2_.jpg\",\"keywords\":[\"Cultura\"],\"articleSection\":[\"Viana do Castelo\"],\"inLanguage\":\"pt-PT\",\"copyrightYear\":\"2018\",\"copyrightHolder\":{\"@id\":\"https:\\\/\\\/www.altominho.tv\\\/site\\\/#organization\"}},{\"@type\":\"WebPage\",\"@id\":\"https:\\\/\\\/www.altominho.tv\\\/site\\\/2018\\\/07\\\/31\\\/festival-musica-a-sua-porta-comeca-quinta-feira-na-porta-mexia-galvao\\\/\",\"url\":\"https:\\\/\\\/www.altominho.tv\\\/site\\\/2018\\\/07\\\/31\\\/festival-musica-a-sua-porta-comeca-quinta-feira-na-porta-mexia-galvao\\\/\",\"name\":\"Festival M\u00fasica \u00e0 sua Porta come\u00e7a quinta-feira na porta Mexia Galv\u00e3o\",\"isPartOf\":{\"@id\":\"https:\\\/\\\/www.altominho.tv\\\/site\\\/#website\"},\"primaryImageOfPage\":{\"@id\":\"https:\\\/\\\/www.altominho.tv\\\/site\\\/2018\\\/07\\\/31\\\/festival-musica-a-sua-porta-comeca-quinta-feira-na-porta-mexia-galvao\\\/#primaryimage\"},\"image\":{\"@id\":\"https:\\\/\\\/www.altominho.tv\\\/site\\\/2018\\\/07\\\/31\\\/festival-musica-a-sua-porta-comeca-quinta-feira-na-porta-mexia-galvao\\\/#primaryimage\"},\"thumbnailUrl\":\"https:\\\/\\\/www.altominho.tv\\\/site\\\/wp-content\\\/uploads\\\/2018\\\/07\\\/consppiritob_festival_musica_a_sua_porta_2_.jpg\",\"datePublished\":\"2018-07-31T08:51:54+00:00\",\"author\":{\"@id\":\"https:\\\/\\\/www.altominho.tv\\\/site\\\/#\\\/schema\\\/person\\\/d9be4265364723f14ea8e0d56a1d38cd\"},\"breadcrumb\":{\"@id\":\"https:\\\/\\\/www.altominho.tv\\\/site\\\/2018\\\/07\\\/31\\\/festival-musica-a-sua-porta-comeca-quinta-feira-na-porta-mexia-galvao\\\/#breadcrumb\"},\"inLanguage\":\"pt-PT\",\"potentialAction\":[{\"@type\":\"ReadAction\",\"target\":[\"https:\\\/\\\/www.altominho.tv\\\/site\\\/2018\\\/07\\\/31\\\/festival-musica-a-sua-porta-comeca-quinta-feira-na-porta-mexia-galvao\\\/\"]}]},{\"@type\":\"ImageObject\",\"inLanguage\":\"pt-PT\",\"@id\":\"https:\\\/\\\/www.altominho.tv\\\/site\\\/2018\\\/07\\\/31\\\/festival-musica-a-sua-porta-comeca-quinta-feira-na-porta-mexia-galvao\\\/#primaryimage\",\"url\":\"https:\\\/\\\/www.altominho.tv\\\/site\\\/wp-content\\\/uploads\\\/2018\\\/07\\\/consppiritob_festival_musica_a_sua_porta_2_.jpg\",\"contentUrl\":\"https:\\\/\\\/www.altominho.tv\\\/site\\\/wp-content\\\/uploads\\\/2018\\\/07\\\/consppiritob_festival_musica_a_sua_porta_2_.jpg\",\"width\":960,\"height\":640},{\"@type\":\"BreadcrumbList\",\"@id\":\"https:\\\/\\\/www.altominho.tv\\\/site\\\/2018\\\/07\\\/31\\\/festival-musica-a-sua-porta-comeca-quinta-feira-na-porta-mexia-galvao\\\/#breadcrumb\",\"itemListElement\":[{\"@type\":\"ListItem\",\"position\":1,\"name\":\"In\u00edcio\",\"item\":\"https:\\\/\\\/www.altominho.tv\\\/site\\\/\"},{\"@type\":\"ListItem\",\"position\":2,\"name\":\"Festival M\u00fasica \u00e0 sua Porta come\u00e7a quinta-feira na porta Mexia Galv\u00e3o\"}]},{\"@type\":\"WebSite\",\"@id\":\"https:\\\/\\\/www.altominho.tv\\\/site\\\/#website\",\"url\":\"https:\\\/\\\/www.altominho.tv\\\/site\\\/\",\"name\":\"Altominho.tv\",\"description\":\"A sua regi\u00e3o \u00e0 dist\u00e2ncia de um clique...\",\"potentialAction\":[{\"@type\":\"SearchAction\",\"target\":{\"@type\":\"EntryPoint\",\"urlTemplate\":\"https:\\\/\\\/www.altominho.tv\\\/site\\\/?s={search_term_string}\"},\"query-input\":{\"@type\":\"PropertyValueSpecification\",\"valueRequired\":true,\"valueName\":\"search_term_string\"}}],\"inLanguage\":\"pt-PT\"},{\"@type\":\"Person\",\"@id\":\"https:\\\/\\\/www.altominho.tv\\\/site\\\/#\\\/schema\\\/person\\\/d9be4265364723f14ea8e0d56a1d38cd\",\"name\":\"Andreia Ferreira\",\"image\":{\"@type\":\"ImageObject\",\"inLanguage\":\"pt-PT\",\"@id\":\"https:\\\/\\\/www.altominho.tv\\\/site\\\/wp-content\\\/uploads\\\/2021\\\/01\\\/AndreiaFerreira-150x150.jpg\",\"url\":\"https:\\\/\\\/www.altominho.tv\\\/site\\\/wp-content\\\/uploads\\\/2021\\\/01\\\/AndreiaFerreira-150x150.jpg\",\"contentUrl\":\"https:\\\/\\\/www.altominho.tv\\\/site\\\/wp-content\\\/uploads\\\/2021\\\/01\\\/AndreiaFerreira-150x150.jpg\",\"caption\":\"Andreia Ferreira\"},\"url\":\"https:\\\/\\\/www.altominho.tv\\\/site\\\/author\\\/andreiaferreira\\\/\"}]}<\/script>\n<!-- \/ Yoast SEO Premium plugin. -->","yoast_head_json":{"title":"Festival M\u00fasica \u00e0 sua Porta come\u00e7a quinta-feira na porta Mexia Galv\u00e3o","robots":{"index":"index","follow":"follow","max-snippet":"max-snippet:-1","max-image-preview":"max-image-preview:large","max-video-preview":"max-video-preview:-1"},"canonical":"https:\/\/www.altominho.tv\/site\/2018\/07\/31\/festival-musica-a-sua-porta-comeca-quinta-feira-na-porta-mexia-galvao\/","og_locale":"pt_PT","og_type":"article","og_title":"Festival M\u00fasica \u00e0 sua Porta come\u00e7a quinta-feira na porta Mexia Galv\u00e3o","og_description":"Viana do Castelo vai acolher, entre quinta-feira e s\u00e1bado, a IV edi\u00e7\u00e3o do Festival M\u00fasica \u00e0 Sua Porta, na Porta Mexia Galv\u00e3o. O festival \u00e9 dirigido pelo maestro vianense Paulo Areias e conta com a presen\u00e7a da Orquestra Com Spirito, composta por m\u00fasicos profissionais na sua maioria oriundos do concelho de Viana do Castelo. Numa [&hellip;]","og_url":"https:\/\/www.altominho.tv\/site\/2018\/07\/31\/festival-musica-a-sua-porta-comeca-quinta-feira-na-porta-mexia-galvao\/","og_site_name":"Altominho.tv","article_publisher":"https:\/\/www.facebook.com\/altominhotv","article_published_time":"2018-07-31T08:51:54+00:00","og_image":[{"width":960,"height":640,"url":"https:\/\/www.altominho.tv\/site\/wp-content\/uploads\/2018\/07\/consppiritob_festival_musica_a_sua_porta_2_.jpg","type":"image\/jpeg"}],"author":"Andreia Ferreira","twitter_card":"summary_large_image","twitter_creator":"@altominhoTV","twitter_site":"@altominhoTV","twitter_misc":{"Escrito por":"Andreia Ferreira","Tempo estimado de leitura":"1 minuto"},"schema":{"@context":"https:\/\/schema.org","@graph":[{"@type":"Article","@id":"https:\/\/www.altominho.tv\/site\/2018\/07\/31\/festival-musica-a-sua-porta-comeca-quinta-feira-na-porta-mexia-galvao\/#article","isPartOf":{"@id":"https:\/\/www.altominho.tv\/site\/2018\/07\/31\/festival-musica-a-sua-porta-comeca-quinta-feira-na-porta-mexia-galvao\/"},"author":{"name":"Andreia Ferreira","@id":"https:\/\/www.altominho.tv\/site\/#\/schema\/person\/d9be4265364723f14ea8e0d56a1d38cd"},"headline":"Festival M\u00fasica \u00e0 sua Porta come\u00e7a quinta-feira na porta Mexia Galv\u00e3o","datePublished":"2018-07-31T08:51:54+00:00","mainEntityOfPage":{"@id":"https:\/\/www.altominho.tv\/site\/2018\/07\/31\/festival-musica-a-sua-porta-comeca-quinta-feira-na-porta-mexia-galvao\/"},"wordCount":197,"image":{"@id":"https:\/\/www.altominho.tv\/site\/2018\/07\/31\/festival-musica-a-sua-porta-comeca-quinta-feira-na-porta-mexia-galvao\/#primaryimage"},"thumbnailUrl":"https:\/\/www.altominho.tv\/site\/wp-content\/uploads\/2018\/07\/consppiritob_festival_musica_a_sua_porta_2_.jpg","keywords":["Cultura"],"articleSection":["Viana do Castelo"],"inLanguage":"pt-PT","copyrightYear":"2018","copyrightHolder":{"@id":"https:\/\/www.altominho.tv\/site\/#organization"}},{"@type":"WebPage","@id":"https:\/\/www.altominho.tv\/site\/2018\/07\/31\/festival-musica-a-sua-porta-comeca-quinta-feira-na-porta-mexia-galvao\/","url":"https:\/\/www.altominho.tv\/site\/2018\/07\/31\/festival-musica-a-sua-porta-comeca-quinta-feira-na-porta-mexia-galvao\/","name":"Festival M\u00fasica \u00e0 sua Porta come\u00e7a quinta-feira na porta Mexia Galv\u00e3o","isPartOf":{"@id":"https:\/\/www.altominho.tv\/site\/#website"},"primaryImageOfPage":{"@id":"https:\/\/www.altominho.tv\/site\/2018\/07\/31\/festival-musica-a-sua-porta-comeca-quinta-feira-na-porta-mexia-galvao\/#primaryimage"},"image":{"@id":"https:\/\/www.altominho.tv\/site\/2018\/07\/31\/festival-musica-a-sua-porta-comeca-quinta-feira-na-porta-mexia-galvao\/#primaryimage"},"thumbnailUrl":"https:\/\/www.altominho.tv\/site\/wp-content\/uploads\/2018\/07\/consppiritob_festival_musica_a_sua_porta_2_.jpg","datePublished":"2018-07-31T08:51:54+00:00","author":{"@id":"https:\/\/www.altominho.tv\/site\/#\/schema\/person\/d9be4265364723f14ea8e0d56a1d38cd"},"breadcrumb":{"@id":"https:\/\/www.altominho.tv\/site\/2018\/07\/31\/festival-musica-a-sua-porta-comeca-quinta-feira-na-porta-mexia-galvao\/#breadcrumb"},"inLanguage":"pt-PT","potentialAction":[{"@type":"ReadAction","target":["https:\/\/www.altominho.tv\/site\/2018\/07\/31\/festival-musica-a-sua-porta-comeca-quinta-feira-na-porta-mexia-galvao\/"]}]},{"@type":"ImageObject","inLanguage":"pt-PT","@id":"https:\/\/www.altominho.tv\/site\/2018\/07\/31\/festival-musica-a-sua-porta-comeca-quinta-feira-na-porta-mexia-galvao\/#primaryimage","url":"https:\/\/www.altominho.tv\/site\/wp-content\/uploads\/2018\/07\/consppiritob_festival_musica_a_sua_porta_2_.jpg","contentUrl":"https:\/\/www.altominho.tv\/site\/wp-content\/uploads\/2018\/07\/consppiritob_festival_musica_a_sua_porta_2_.jpg","width":960,"height":640},{"@type":"BreadcrumbList","@id":"https:\/\/www.altominho.tv\/site\/2018\/07\/31\/festival-musica-a-sua-porta-comeca-quinta-feira-na-porta-mexia-galvao\/#breadcrumb","itemListElement":[{"@type":"ListItem","position":1,"name":"In\u00edcio","item":"https:\/\/www.altominho.tv\/site\/"},{"@type":"ListItem","position":2,"name":"Festival M\u00fasica \u00e0 sua Porta come\u00e7a quinta-feira na porta Mexia Galv\u00e3o"}]},{"@type":"WebSite","@id":"https:\/\/www.altominho.tv\/site\/#website","url":"https:\/\/www.altominho.tv\/site\/","name":"Altominho.tv","description":"A sua regi\u00e3o \u00e0 dist\u00e2ncia de um clique...","potentialAction":[{"@type":"SearchAction","target":{"@type":"EntryPoint","urlTemplate":"https:\/\/www.altominho.tv\/site\/?s={search_term_string}"},"query-input":{"@type":"PropertyValueSpecification","valueRequired":true,"valueName":"search_term_string"}}],"inLanguage":"pt-PT"},{"@type":"Person","@id":"https:\/\/www.altominho.tv\/site\/#\/schema\/person\/d9be4265364723f14ea8e0d56a1d38cd","name":"Andreia Ferreira","image":{"@type":"ImageObject","inLanguage":"pt-PT","@id":"https:\/\/www.altominho.tv\/site\/wp-content\/uploads\/2021\/01\/AndreiaFerreira-150x150.jpg","url":"https:\/\/www.altominho.tv\/site\/wp-content\/uploads\/2021\/01\/AndreiaFerreira-150x150.jpg","contentUrl":"https:\/\/www.altominho.tv\/site\/wp-content\/uploads\/2021\/01\/AndreiaFerreira-150x150.jpg","caption":"Andreia Ferreira"},"url":"https:\/\/www.altominho.tv\/site\/author\/andreiaferreira\/"}]}},"_links":{"self":[{"href":"https:\/\/www.altominho.tv\/site\/wp-json\/wp\/v2\/posts\/17088","targetHints":{"allow":["GET"]}}],"collection":[{"href":"https:\/\/www.altominho.tv\/site\/wp-json\/wp\/v2\/posts"}],"about":[{"href":"https:\/\/www.altominho.tv\/site\/wp-json\/wp\/v2\/types\/post"}],"author":[{"embeddable":true,"href":"https:\/\/www.altominho.tv\/site\/wp-json\/wp\/v2\/users\/12"}],"replies":[{"embeddable":true,"href":"https:\/\/www.altominho.tv\/site\/wp-json\/wp\/v2\/comments?post=17088"}],"version-history":[{"count":0,"href":"https:\/\/www.altominho.tv\/site\/wp-json\/wp\/v2\/posts\/17088\/revisions"}],"wp:featuredmedia":[{"embeddable":true,"href":"https:\/\/www.altominho.tv\/site\/wp-json\/wp\/v2\/media\/17089"}],"wp:attachment":[{"href":"https:\/\/www.altominho.tv\/site\/wp-json\/wp\/v2\/media?parent=17088"}],"wp:term":[{"taxonomy":"category","embeddable":true,"href":"https:\/\/www.altominho.tv\/site\/wp-json\/wp\/v2\/categories?post=17088"},{"taxonomy":"post_tag","embeddable":true,"href":"https:\/\/www.altominho.tv\/site\/wp-json\/wp\/v2\/tags?post=17088"}],"curies":[{"name":"wp","href":"https:\/\/api.w.org\/{rel}","templated":true}]}}