{"id":17085,"date":"2018-07-31T09:34:11","date_gmt":"2018-07-31T08:34:11","guid":{"rendered":"http:\/\/www.altominho.tv\/site\/?p=17085"},"modified":"2018-07-31T09:34:11","modified_gmt":"2018-07-31T08:34:11","slug":"gisela-joao-e-nbc-na-apresentacao-do-cartaz-do-viana-bate-forte","status":"publish","type":"post","link":"https:\/\/www.altominho.tv\/site\/2018\/07\/31\/gisela-joao-e-nbc-na-apresentacao-do-cartaz-do-viana-bate-forte\/","title":{"rendered":"Gisela Jo\u00e3o e NBC na apresenta\u00e7\u00e3o do cartaz do Viana Bate Forte"},"content":{"rendered":"<p>A fadista Gisela Jo\u00e3o e o rapper NBC v\u00e3o marcar presen\u00e7a, na quarta-feira, \u00e0s 16h30, no largo Funda\u00e7\u00e3o Maestro Jos\u00e9 Pedro, na apresenta\u00e7\u00e3o da edi\u00e7\u00e3o 2018 do festival Viana Bate Forte.<\/p>\n<p>O evento contar\u00e1 ainda com as atua\u00e7\u00f5es de R\u00e9 Menor, Barry White Gone Wrong e do vocalista dos Jarojupe, Jaime Parente.<\/p>\n<p>O Festival Viana Bate Forte 2018 vai decorrer dias dias 14 e 15 setembro, em cinco palcos, mais um que em 2017.<\/p>\n<p>O ano passado, as bandas atuaram em quatro espa\u00e7os do centro hist\u00f3rico da cidade, nas pra\u00e7as da Rep\u00fablica, da Erva, Liberdade e na Porta Mexia Galv\u00e3o.\u00a0Este ano, o Largo Funda\u00e7\u00e3o Maestro Jos\u00e9 Pedro est\u00e1 tamb\u00e9m inclu\u00eddo no roteiro musical.<\/p>\n<p>Promovido pela C\u00e2mara de Viana do Castelo, com apoio dos fundos comunit\u00e1rios do Portugal 2020, o festival acontece entre as 20h00 e as 3h00.<\/p>\n<p>O festival visa garantir anima\u00e7\u00e3o em Viana do Castelo, em \u00e9poca baixa, com propostas musicais para todos os gostos.<\/p>\n","protected":false},"excerpt":{"rendered":"<p>A fadista Gisela Jo\u00e3o e o rapper NBC v\u00e3o marcar presen\u00e7a, na quarta-feira, \u00e0s 16h30, no largo Funda\u00e7\u00e3o Maestro Jos\u00e9 Pedro, na apresenta\u00e7\u00e3o da edi\u00e7\u00e3o 2018 do festival Viana Bate Forte. O evento contar\u00e1 ainda com as atua\u00e7\u00f5es de R\u00e9 Menor, Barry White Gone Wrong e do vocalista dos Jarojupe, Jaime Parente. O Festival Viana [&hellip;]<\/p>\n","protected":false},"author":12,"featured_media":17086,"comment_status":"closed","ping_status":"closed","sticky":false,"template":"","format":"standard","meta":{"_exactmetrics_skip_tracking":false,"_exactmetrics_sitenote_active":false,"_exactmetrics_sitenote_note":"","_exactmetrics_sitenote_category":0,"footnotes":""},"categories":[14],"tags":[19],"class_list":["post-17085","post","type-post","status-publish","format-standard","has-post-thumbnail","hentry","category-viana-do-castelo","tag-cultura"],"yoast_head":"<!-- This site is optimized with the Yoast SEO Premium plugin v27.5 (Yoast SEO v27.5) - https:\/\/yoast.com\/product\/yoast-seo-premium-wordpress\/ -->\n<title>Gisela Jo\u00e3o e NBC na apresenta\u00e7\u00e3o do cartaz do Viana Bate Forte<\/title>\n<meta name=\"robots\" content=\"index, follow, max-snippet:-1, max-image-preview:large, max-video-preview:-1\" \/>\n<link rel=\"canonical\" href=\"https:\/\/www.altominho.tv\/site\/2018\/07\/31\/gisela-joao-e-nbc-na-apresentacao-do-cartaz-do-viana-bate-forte\/\" \/>\n<meta property=\"og:locale\" content=\"pt_PT\" \/>\n<meta property=\"og:type\" content=\"article\" \/>\n<meta property=\"og:title\" content=\"Gisela Jo\u00e3o e NBC na apresenta\u00e7\u00e3o do cartaz do Viana Bate Forte\" \/>\n<meta property=\"og:description\" content=\"A fadista Gisela Jo\u00e3o e o rapper NBC v\u00e3o marcar presen\u00e7a, na quarta-feira, \u00e0s 16h30, no largo Funda\u00e7\u00e3o Maestro Jos\u00e9 Pedro, na apresenta\u00e7\u00e3o da edi\u00e7\u00e3o 2018 do festival Viana Bate Forte. O evento contar\u00e1 ainda com as atua\u00e7\u00f5es de R\u00e9 Menor, Barry White Gone Wrong e do vocalista dos Jarojupe, Jaime Parente. O Festival Viana [&hellip;]\" \/>\n<meta property=\"og:url\" content=\"https:\/\/www.altominho.tv\/site\/2018\/07\/31\/gisela-joao-e-nbc-na-apresentacao-do-cartaz-do-viana-bate-forte\/\" \/>\n<meta property=\"og:site_name\" content=\"Altominho.tv\" \/>\n<meta property=\"article:publisher\" content=\"https:\/\/www.facebook.com\/altominhotv\" \/>\n<meta property=\"article:published_time\" content=\"2018-07-31T08:34:11+00:00\" \/>\n<meta property=\"og:image\" content=\"https:\/\/www.altominho.tv\/site\/wp-content\/uploads\/2018\/07\/festival-viana-bate-forte.png\" \/>\n\t<meta property=\"og:image:width\" content=\"1244\" \/>\n\t<meta property=\"og:image:height\" content=\"720\" \/>\n\t<meta property=\"og:image:type\" content=\"image\/png\" \/>\n<meta name=\"author\" content=\"Andreia Ferreira\" \/>\n<meta name=\"twitter:card\" content=\"summary_large_image\" \/>\n<meta name=\"twitter:creator\" content=\"@altominhoTV\" \/>\n<meta name=\"twitter:site\" content=\"@altominhoTV\" \/>\n<meta name=\"twitter:label1\" content=\"Escrito por\" \/>\n\t<meta name=\"twitter:data1\" content=\"Andreia Ferreira\" \/>\n\t<meta name=\"twitter:label2\" content=\"Tempo estimado de leitura\" \/>\n\t<meta name=\"twitter:data2\" content=\"1 minuto\" \/>\n<script type=\"application\/ld+json\" class=\"yoast-schema-graph\">{\"@context\":\"https:\\\/\\\/schema.org\",\"@graph\":[{\"@type\":\"Article\",\"@id\":\"https:\\\/\\\/www.altominho.tv\\\/site\\\/2018\\\/07\\\/31\\\/gisela-joao-e-nbc-na-apresentacao-do-cartaz-do-viana-bate-forte\\\/#article\",\"isPartOf\":{\"@id\":\"https:\\\/\\\/www.altominho.tv\\\/site\\\/2018\\\/07\\\/31\\\/gisela-joao-e-nbc-na-apresentacao-do-cartaz-do-viana-bate-forte\\\/\"},\"author\":{\"name\":\"Andreia Ferreira\",\"@id\":\"https:\\\/\\\/www.altominho.tv\\\/site\\\/#\\\/schema\\\/person\\\/d9be4265364723f14ea8e0d56a1d38cd\"},\"headline\":\"Gisela Jo\u00e3o e NBC na apresenta\u00e7\u00e3o do cartaz do Viana Bate Forte\",\"datePublished\":\"2018-07-31T08:34:11+00:00\",\"mainEntityOfPage\":{\"@id\":\"https:\\\/\\\/www.altominho.tv\\\/site\\\/2018\\\/07\\\/31\\\/gisela-joao-e-nbc-na-apresentacao-do-cartaz-do-viana-bate-forte\\\/\"},\"wordCount\":183,\"image\":{\"@id\":\"https:\\\/\\\/www.altominho.tv\\\/site\\\/2018\\\/07\\\/31\\\/gisela-joao-e-nbc-na-apresentacao-do-cartaz-do-viana-bate-forte\\\/#primaryimage\"},\"thumbnailUrl\":\"https:\\\/\\\/www.altominho.tv\\\/site\\\/wp-content\\\/uploads\\\/2018\\\/07\\\/festival-viana-bate-forte.png\",\"keywords\":[\"Cultura\"],\"articleSection\":[\"Viana do Castelo\"],\"inLanguage\":\"pt-PT\",\"copyrightYear\":\"2018\",\"copyrightHolder\":{\"@id\":\"https:\\\/\\\/www.altominho.tv\\\/site\\\/#organization\"}},{\"@type\":\"WebPage\",\"@id\":\"https:\\\/\\\/www.altominho.tv\\\/site\\\/2018\\\/07\\\/31\\\/gisela-joao-e-nbc-na-apresentacao-do-cartaz-do-viana-bate-forte\\\/\",\"url\":\"https:\\\/\\\/www.altominho.tv\\\/site\\\/2018\\\/07\\\/31\\\/gisela-joao-e-nbc-na-apresentacao-do-cartaz-do-viana-bate-forte\\\/\",\"name\":\"Gisela Jo\u00e3o e NBC na apresenta\u00e7\u00e3o do cartaz do Viana Bate Forte\",\"isPartOf\":{\"@id\":\"https:\\\/\\\/www.altominho.tv\\\/site\\\/#website\"},\"primaryImageOfPage\":{\"@id\":\"https:\\\/\\\/www.altominho.tv\\\/site\\\/2018\\\/07\\\/31\\\/gisela-joao-e-nbc-na-apresentacao-do-cartaz-do-viana-bate-forte\\\/#primaryimage\"},\"image\":{\"@id\":\"https:\\\/\\\/www.altominho.tv\\\/site\\\/2018\\\/07\\\/31\\\/gisela-joao-e-nbc-na-apresentacao-do-cartaz-do-viana-bate-forte\\\/#primaryimage\"},\"thumbnailUrl\":\"https:\\\/\\\/www.altominho.tv\\\/site\\\/wp-content\\\/uploads\\\/2018\\\/07\\\/festival-viana-bate-forte.png\",\"datePublished\":\"2018-07-31T08:34:11+00:00\",\"author\":{\"@id\":\"https:\\\/\\\/www.altominho.tv\\\/site\\\/#\\\/schema\\\/person\\\/d9be4265364723f14ea8e0d56a1d38cd\"},\"breadcrumb\":{\"@id\":\"https:\\\/\\\/www.altominho.tv\\\/site\\\/2018\\\/07\\\/31\\\/gisela-joao-e-nbc-na-apresentacao-do-cartaz-do-viana-bate-forte\\\/#breadcrumb\"},\"inLanguage\":\"pt-PT\",\"potentialAction\":[{\"@type\":\"ReadAction\",\"target\":[\"https:\\\/\\\/www.altominho.tv\\\/site\\\/2018\\\/07\\\/31\\\/gisela-joao-e-nbc-na-apresentacao-do-cartaz-do-viana-bate-forte\\\/\"]}]},{\"@type\":\"ImageObject\",\"inLanguage\":\"pt-PT\",\"@id\":\"https:\\\/\\\/www.altominho.tv\\\/site\\\/2018\\\/07\\\/31\\\/gisela-joao-e-nbc-na-apresentacao-do-cartaz-do-viana-bate-forte\\\/#primaryimage\",\"url\":\"https:\\\/\\\/www.altominho.tv\\\/site\\\/wp-content\\\/uploads\\\/2018\\\/07\\\/festival-viana-bate-forte.png\",\"contentUrl\":\"https:\\\/\\\/www.altominho.tv\\\/site\\\/wp-content\\\/uploads\\\/2018\\\/07\\\/festival-viana-bate-forte.png\",\"width\":1244,\"height\":720},{\"@type\":\"BreadcrumbList\",\"@id\":\"https:\\\/\\\/www.altominho.tv\\\/site\\\/2018\\\/07\\\/31\\\/gisela-joao-e-nbc-na-apresentacao-do-cartaz-do-viana-bate-forte\\\/#breadcrumb\",\"itemListElement\":[{\"@type\":\"ListItem\",\"position\":1,\"name\":\"In\u00edcio\",\"item\":\"https:\\\/\\\/www.altominho.tv\\\/site\\\/\"},{\"@type\":\"ListItem\",\"position\":2,\"name\":\"Gisela Jo\u00e3o e NBC na apresenta\u00e7\u00e3o do cartaz do Viana Bate Forte\"}]},{\"@type\":\"WebSite\",\"@id\":\"https:\\\/\\\/www.altominho.tv\\\/site\\\/#website\",\"url\":\"https:\\\/\\\/www.altominho.tv\\\/site\\\/\",\"name\":\"Altominho.tv\",\"description\":\"A sua regi\u00e3o \u00e0 dist\u00e2ncia de um clique...\",\"potentialAction\":[{\"@type\":\"SearchAction\",\"target\":{\"@type\":\"EntryPoint\",\"urlTemplate\":\"https:\\\/\\\/www.altominho.tv\\\/site\\\/?s={search_term_string}\"},\"query-input\":{\"@type\":\"PropertyValueSpecification\",\"valueRequired\":true,\"valueName\":\"search_term_string\"}}],\"inLanguage\":\"pt-PT\"},{\"@type\":\"Person\",\"@id\":\"https:\\\/\\\/www.altominho.tv\\\/site\\\/#\\\/schema\\\/person\\\/d9be4265364723f14ea8e0d56a1d38cd\",\"name\":\"Andreia Ferreira\",\"image\":{\"@type\":\"ImageObject\",\"inLanguage\":\"pt-PT\",\"@id\":\"https:\\\/\\\/www.altominho.tv\\\/site\\\/wp-content\\\/uploads\\\/2021\\\/01\\\/AndreiaFerreira-150x150.jpg\",\"url\":\"https:\\\/\\\/www.altominho.tv\\\/site\\\/wp-content\\\/uploads\\\/2021\\\/01\\\/AndreiaFerreira-150x150.jpg\",\"contentUrl\":\"https:\\\/\\\/www.altominho.tv\\\/site\\\/wp-content\\\/uploads\\\/2021\\\/01\\\/AndreiaFerreira-150x150.jpg\",\"caption\":\"Andreia Ferreira\"},\"url\":\"https:\\\/\\\/www.altominho.tv\\\/site\\\/author\\\/andreiaferreira\\\/\"}]}<\/script>\n<!-- \/ Yoast SEO Premium plugin. -->","yoast_head_json":{"title":"Gisela Jo\u00e3o e NBC na apresenta\u00e7\u00e3o do cartaz do Viana Bate Forte","robots":{"index":"index","follow":"follow","max-snippet":"max-snippet:-1","max-image-preview":"max-image-preview:large","max-video-preview":"max-video-preview:-1"},"canonical":"https:\/\/www.altominho.tv\/site\/2018\/07\/31\/gisela-joao-e-nbc-na-apresentacao-do-cartaz-do-viana-bate-forte\/","og_locale":"pt_PT","og_type":"article","og_title":"Gisela Jo\u00e3o e NBC na apresenta\u00e7\u00e3o do cartaz do Viana Bate Forte","og_description":"A fadista Gisela Jo\u00e3o e o rapper NBC v\u00e3o marcar presen\u00e7a, na quarta-feira, \u00e0s 16h30, no largo Funda\u00e7\u00e3o Maestro Jos\u00e9 Pedro, na apresenta\u00e7\u00e3o da edi\u00e7\u00e3o 2018 do festival Viana Bate Forte. O evento contar\u00e1 ainda com as atua\u00e7\u00f5es de R\u00e9 Menor, Barry White Gone Wrong e do vocalista dos Jarojupe, Jaime Parente. O Festival Viana [&hellip;]","og_url":"https:\/\/www.altominho.tv\/site\/2018\/07\/31\/gisela-joao-e-nbc-na-apresentacao-do-cartaz-do-viana-bate-forte\/","og_site_name":"Altominho.tv","article_publisher":"https:\/\/www.facebook.com\/altominhotv","article_published_time":"2018-07-31T08:34:11+00:00","og_image":[{"width":1244,"height":720,"url":"https:\/\/www.altominho.tv\/site\/wp-content\/uploads\/2018\/07\/festival-viana-bate-forte.png","type":"image\/png"}],"author":"Andreia Ferreira","twitter_card":"summary_large_image","twitter_creator":"@altominhoTV","twitter_site":"@altominhoTV","twitter_misc":{"Escrito por":"Andreia Ferreira","Tempo estimado de leitura":"1 minuto"},"schema":{"@context":"https:\/\/schema.org","@graph":[{"@type":"Article","@id":"https:\/\/www.altominho.tv\/site\/2018\/07\/31\/gisela-joao-e-nbc-na-apresentacao-do-cartaz-do-viana-bate-forte\/#article","isPartOf":{"@id":"https:\/\/www.altominho.tv\/site\/2018\/07\/31\/gisela-joao-e-nbc-na-apresentacao-do-cartaz-do-viana-bate-forte\/"},"author":{"name":"Andreia Ferreira","@id":"https:\/\/www.altominho.tv\/site\/#\/schema\/person\/d9be4265364723f14ea8e0d56a1d38cd"},"headline":"Gisela Jo\u00e3o e NBC na apresenta\u00e7\u00e3o do cartaz do Viana Bate Forte","datePublished":"2018-07-31T08:34:11+00:00","mainEntityOfPage":{"@id":"https:\/\/www.altominho.tv\/site\/2018\/07\/31\/gisela-joao-e-nbc-na-apresentacao-do-cartaz-do-viana-bate-forte\/"},"wordCount":183,"image":{"@id":"https:\/\/www.altominho.tv\/site\/2018\/07\/31\/gisela-joao-e-nbc-na-apresentacao-do-cartaz-do-viana-bate-forte\/#primaryimage"},"thumbnailUrl":"https:\/\/www.altominho.tv\/site\/wp-content\/uploads\/2018\/07\/festival-viana-bate-forte.png","keywords":["Cultura"],"articleSection":["Viana do Castelo"],"inLanguage":"pt-PT","copyrightYear":"2018","copyrightHolder":{"@id":"https:\/\/www.altominho.tv\/site\/#organization"}},{"@type":"WebPage","@id":"https:\/\/www.altominho.tv\/site\/2018\/07\/31\/gisela-joao-e-nbc-na-apresentacao-do-cartaz-do-viana-bate-forte\/","url":"https:\/\/www.altominho.tv\/site\/2018\/07\/31\/gisela-joao-e-nbc-na-apresentacao-do-cartaz-do-viana-bate-forte\/","name":"Gisela Jo\u00e3o e NBC na apresenta\u00e7\u00e3o do cartaz do Viana Bate Forte","isPartOf":{"@id":"https:\/\/www.altominho.tv\/site\/#website"},"primaryImageOfPage":{"@id":"https:\/\/www.altominho.tv\/site\/2018\/07\/31\/gisela-joao-e-nbc-na-apresentacao-do-cartaz-do-viana-bate-forte\/#primaryimage"},"image":{"@id":"https:\/\/www.altominho.tv\/site\/2018\/07\/31\/gisela-joao-e-nbc-na-apresentacao-do-cartaz-do-viana-bate-forte\/#primaryimage"},"thumbnailUrl":"https:\/\/www.altominho.tv\/site\/wp-content\/uploads\/2018\/07\/festival-viana-bate-forte.png","datePublished":"2018-07-31T08:34:11+00:00","author":{"@id":"https:\/\/www.altominho.tv\/site\/#\/schema\/person\/d9be4265364723f14ea8e0d56a1d38cd"},"breadcrumb":{"@id":"https:\/\/www.altominho.tv\/site\/2018\/07\/31\/gisela-joao-e-nbc-na-apresentacao-do-cartaz-do-viana-bate-forte\/#breadcrumb"},"inLanguage":"pt-PT","potentialAction":[{"@type":"ReadAction","target":["https:\/\/www.altominho.tv\/site\/2018\/07\/31\/gisela-joao-e-nbc-na-apresentacao-do-cartaz-do-viana-bate-forte\/"]}]},{"@type":"ImageObject","inLanguage":"pt-PT","@id":"https:\/\/www.altominho.tv\/site\/2018\/07\/31\/gisela-joao-e-nbc-na-apresentacao-do-cartaz-do-viana-bate-forte\/#primaryimage","url":"https:\/\/www.altominho.tv\/site\/wp-content\/uploads\/2018\/07\/festival-viana-bate-forte.png","contentUrl":"https:\/\/www.altominho.tv\/site\/wp-content\/uploads\/2018\/07\/festival-viana-bate-forte.png","width":1244,"height":720},{"@type":"BreadcrumbList","@id":"https:\/\/www.altominho.tv\/site\/2018\/07\/31\/gisela-joao-e-nbc-na-apresentacao-do-cartaz-do-viana-bate-forte\/#breadcrumb","itemListElement":[{"@type":"ListItem","position":1,"name":"In\u00edcio","item":"https:\/\/www.altominho.tv\/site\/"},{"@type":"ListItem","position":2,"name":"Gisela Jo\u00e3o e NBC na apresenta\u00e7\u00e3o do cartaz do Viana Bate Forte"}]},{"@type":"WebSite","@id":"https:\/\/www.altominho.tv\/site\/#website","url":"https:\/\/www.altominho.tv\/site\/","name":"Altominho.tv","description":"A sua regi\u00e3o \u00e0 dist\u00e2ncia de um clique...","potentialAction":[{"@type":"SearchAction","target":{"@type":"EntryPoint","urlTemplate":"https:\/\/www.altominho.tv\/site\/?s={search_term_string}"},"query-input":{"@type":"PropertyValueSpecification","valueRequired":true,"valueName":"search_term_string"}}],"inLanguage":"pt-PT"},{"@type":"Person","@id":"https:\/\/www.altominho.tv\/site\/#\/schema\/person\/d9be4265364723f14ea8e0d56a1d38cd","name":"Andreia Ferreira","image":{"@type":"ImageObject","inLanguage":"pt-PT","@id":"https:\/\/www.altominho.tv\/site\/wp-content\/uploads\/2021\/01\/AndreiaFerreira-150x150.jpg","url":"https:\/\/www.altominho.tv\/site\/wp-content\/uploads\/2021\/01\/AndreiaFerreira-150x150.jpg","contentUrl":"https:\/\/www.altominho.tv\/site\/wp-content\/uploads\/2021\/01\/AndreiaFerreira-150x150.jpg","caption":"Andreia Ferreira"},"url":"https:\/\/www.altominho.tv\/site\/author\/andreiaferreira\/"}]}},"_links":{"self":[{"href":"https:\/\/www.altominho.tv\/site\/wp-json\/wp\/v2\/posts\/17085","targetHints":{"allow":["GET"]}}],"collection":[{"href":"https:\/\/www.altominho.tv\/site\/wp-json\/wp\/v2\/posts"}],"about":[{"href":"https:\/\/www.altominho.tv\/site\/wp-json\/wp\/v2\/types\/post"}],"author":[{"embeddable":true,"href":"https:\/\/www.altominho.tv\/site\/wp-json\/wp\/v2\/users\/12"}],"replies":[{"embeddable":true,"href":"https:\/\/www.altominho.tv\/site\/wp-json\/wp\/v2\/comments?post=17085"}],"version-history":[{"count":0,"href":"https:\/\/www.altominho.tv\/site\/wp-json\/wp\/v2\/posts\/17085\/revisions"}],"wp:featuredmedia":[{"embeddable":true,"href":"https:\/\/www.altominho.tv\/site\/wp-json\/wp\/v2\/media\/17086"}],"wp:attachment":[{"href":"https:\/\/www.altominho.tv\/site\/wp-json\/wp\/v2\/media?parent=17085"}],"wp:term":[{"taxonomy":"category","embeddable":true,"href":"https:\/\/www.altominho.tv\/site\/wp-json\/wp\/v2\/categories?post=17085"},{"taxonomy":"post_tag","embeddable":true,"href":"https:\/\/www.altominho.tv\/site\/wp-json\/wp\/v2\/tags?post=17085"}],"curies":[{"name":"wp","href":"https:\/\/api.w.org\/{rel}","templated":true}]}}