{"id":17066,"date":"2018-07-30T18:55:47","date_gmt":"2018-07-30T17:55:47","guid":{"rendered":"http:\/\/www.altominho.tv\/site\/?p=17066"},"modified":"2018-07-30T18:55:47","modified_gmt":"2018-07-30T17:55:47","slug":"empresa-abre-nova-fabrica-e-cria-30-empregos-em-viana","status":"publish","type":"post","link":"https:\/\/www.altominho.tv\/site\/2018\/07\/30\/empresa-abre-nova-fabrica-e-cria-30-empregos-em-viana\/","title":{"rendered":"Empresa abre nova f\u00e1brica e cria 30 empregos em Viana"},"content":{"rendered":"<p>O grupo Manuel Soares, especializado em revestimentos minerais, vai abrir em 2019 uma nova f\u00e1brica em Viana do Castelo, num investimento &#8220;at\u00e9 quatro milh\u00f5es de euros&#8221;, e criar 30 novos postos de trabalho, anunciou hoje o empres\u00e1rio portugu\u00eas.<\/p>\n<p>Manuel Soares, que falava aos jornalistas em confer\u00eancia de imprensa, realizada na C\u00e2mara de Viana do Castelo, para apresenta\u00e7\u00e3o do novo projeto empresarial explicou que ser\u00e3o investidos &#8220;entre 3,5 a quatro milh\u00f5es de euros, na constru\u00e7\u00e3o da unidade e na aquisi\u00e7\u00e3o de equipamentos, estes \u00faltimos financiados por fundos do Portugal 2020&#8221;.<\/p>\n<p>O empres\u00e1rio adiantou que, atualmente, a empresa emprega 27 trabalhadores e que a nova unidade, cuja constru\u00e7\u00e3o vai iniciar-se &#8220;antes do fim do ano&#8221;, num terreno com mais de 10 mil metros quadrados, na freguesia de Chaf\u00e9, ir\u00e1 &#8220;criar mais 30 novos postos de trabalho&#8221;.<\/p>\n<p>A nova f\u00e1brica da Ventestival, &#8220;com \u2018showroom&#8217;, &#8220;dotar\u00e1 a empresa de meios para o aumento da carteira de clientes e a diversifica\u00e7\u00e3o dos mercados de exporta\u00e7\u00e3o&#8221;.<\/p>\n<p>A empresa pertencente ao Grupo Manuel Soares (Real Marbre, Ventestival, Stone Dark e Mineral System) conta com sede na freguesia de Darque e \u00e9 especializada em revestimentos minerais.<\/p>\n<p>Fundada em Paris, em 1995, \u00e9 parceira privilegiada das maiores empresas de \u2018design&#8217; de interiores e \u00e9 respons\u00e1vel pela decora\u00e7\u00e3o de lojas de conceituadas marcas de moda internacionais, hot\u00e9is de cinco estrelas e habita\u00e7\u00f5es de luxo, em parceria com arquitetos e \u2018designers&#8217; de interiores. &#8220;Trabalhamos para as lojas de marcas como Louis Vuitton, Prada, Dior, entre outras&#8221;, frisou o empres\u00e1rio de Aveiro.<\/p>\n<p>Em 2015, foi criada a empresa Mineral System, &#8220;que alia um elevado conhecimento da t\u00e9cnica de trabalhar a pedra, da sele\u00e7\u00e3o das mat\u00e9rias-primas e da arte de as moldar \u00e0 inova\u00e7\u00e3o tecnol\u00f3gica&#8221;.<\/p>\n<p>&#8220;\u00c9 um processo que s\u00f3 se utilizava na aeron\u00e1utica e nos navios e que hoje estamos a usar no setor da decora\u00e7\u00e3o. Na Europa h\u00e1 duas empresas a trabalhar a pedra desta forma. O nosso grupo tem as primeiras m\u00e1quinas fabricadas em Portugal. Conseguimos cortar pedras com 70 quilos como se fosse uma fatia de p\u00e3o em l\u00e2minas com cerca de cinco mil\u00edmetros de espessura, com cerca de 15 quilos e multiplicar a quantidade de pedra. \u00c9 um processo de lamina\u00e7\u00e3o e colagem que fica caro e, por isso, \u00e9 mais destinado a projetos de luxo&#8221;, especificou.<\/p>\n<p>O novo projeto, que o empres\u00e1rio classificou como &#8220;ambicioso&#8221;, vai juntar a Stone Dark e a Mineral System, &#8220;conferindo uma maior rentabiliza\u00e7\u00e3o e agilidade dos processos, de forma a responder com crescente efic\u00e1cia e pontualidade \u00e0s solicita\u00e7\u00f5es mais exigentes&#8221;.<\/p>\n<p>&#8220;Vamos poder aumentar a capacidade de produ\u00e7\u00e3o, hoje limitada, tendo em conta o n\u00famero de projetos que temos&#8221;, referiu Manuel Soares.<\/p>\n<p>Presente no encontro com os jornalistas, o vereador do planeamento e gest\u00e3o urban\u00edstica, desenvolvimento econ\u00f3mico, mobilidade e coes\u00e3o territorial da C\u00e2mara de Viana do Castelo, Lu\u00eds Nobre, sublinhou que o novo investimento, o &#8220;trig\u00e9simo primeiro grande projeto a instalar-se no concelho, vem ao encontro da meta estabelecida pelo executivo municipal de, at\u00e9 2020, ter a capital do Alto Minho &#8220;no <a href=\"http:\/\/www.altominho.tv\/site\/2018\/07\/23\/viana-do-castelo-quer-estar-no-top-ten-das-exportacoes-portuguesas-ate-2020\/\">&#8216;top ten&#8217; das exporta\u00e7\u00f5es portuguesas<\/a>&#8220;.<\/p>\n<p>&#8220;Acreditamos que o seu investimento vai concorrer para esse objetivo estrat\u00e9gico&#8221;, refor\u00e7ou, destacando a componente da &#8220;inova\u00e7\u00e3o tecnol\u00f3gica&#8221; do projeto que &#8220;concorre para a economia circular e para o reaproveitamento de recursos&#8221;.<\/p>\n","protected":false},"excerpt":{"rendered":"<p>O grupo Manuel Soares, especializado em revestimentos minerais, vai abrir em 2019 uma nova f\u00e1brica em Viana do Castelo, num investimento &#8220;at\u00e9 quatro milh\u00f5es de euros&#8221;, e criar 30 novos postos de trabalho, anunciou hoje o empres\u00e1rio portugu\u00eas. Manuel Soares, que falava aos jornalistas em confer\u00eancia de imprensa, realizada na C\u00e2mara de Viana do Castelo, [&hellip;]<\/p>\n","protected":false},"author":12,"featured_media":17067,"comment_status":"closed","ping_status":"closed","sticky":false,"template":"","format":"standard","meta":{"_exactmetrics_skip_tracking":false,"_exactmetrics_sitenote_active":false,"_exactmetrics_sitenote_note":"","_exactmetrics_sitenote_category":0,"footnotes":""},"categories":[14],"tags":[21,27],"class_list":["post-17066","post","type-post","status-publish","format-standard","has-post-thumbnail","hentry","category-viana-do-castelo","tag-economia","tag-sociedade"],"yoast_head":"<!-- This site is optimized with the Yoast SEO Premium plugin v27.5 (Yoast SEO v27.5) - https:\/\/yoast.com\/product\/yoast-seo-premium-wordpress\/ -->\n<title>Empresa abre nova f\u00e1brica e cria 30 empregos em Viana<\/title>\n<meta name=\"robots\" content=\"index, follow, max-snippet:-1, max-image-preview:large, max-video-preview:-1\" \/>\n<link rel=\"canonical\" href=\"https:\/\/www.altominho.tv\/site\/2018\/07\/30\/empresa-abre-nova-fabrica-e-cria-30-empregos-em-viana\/\" \/>\n<meta property=\"og:locale\" content=\"pt_PT\" \/>\n<meta property=\"og:type\" content=\"article\" \/>\n<meta property=\"og:title\" content=\"Empresa abre nova f\u00e1brica e cria 30 empregos em Viana\" \/>\n<meta property=\"og:description\" content=\"O grupo Manuel Soares, especializado em revestimentos minerais, vai abrir em 2019 uma nova f\u00e1brica em Viana do Castelo, num investimento &#8220;at\u00e9 quatro milh\u00f5es de euros&#8221;, e criar 30 novos postos de trabalho, anunciou hoje o empres\u00e1rio portugu\u00eas. Manuel Soares, que falava aos jornalistas em confer\u00eancia de imprensa, realizada na C\u00e2mara de Viana do Castelo, [&hellip;]\" \/>\n<meta property=\"og:url\" content=\"https:\/\/www.altominho.tv\/site\/2018\/07\/30\/empresa-abre-nova-fabrica-e-cria-30-empregos-em-viana\/\" \/>\n<meta property=\"og:site_name\" content=\"Altominho.tv\" \/>\n<meta property=\"article:publisher\" content=\"https:\/\/www.facebook.com\/altominhotv\" \/>\n<meta property=\"article:published_time\" content=\"2018-07-30T17:55:47+00:00\" \/>\n<meta property=\"og:image\" content=\"https:\/\/www.altominho.tv\/site\/wp-content\/uploads\/2018\/07\/nobre-840x560.jpg\" \/>\n\t<meta property=\"og:image:width\" content=\"840\" \/>\n\t<meta property=\"og:image:height\" content=\"560\" \/>\n\t<meta property=\"og:image:type\" content=\"image\/jpeg\" \/>\n<meta name=\"author\" content=\"Andreia Ferreira\" \/>\n<meta name=\"twitter:card\" content=\"summary_large_image\" \/>\n<meta name=\"twitter:creator\" content=\"@altominhoTV\" \/>\n<meta name=\"twitter:site\" content=\"@altominhoTV\" \/>\n<meta name=\"twitter:label1\" content=\"Escrito por\" \/>\n\t<meta name=\"twitter:data1\" content=\"Andreia Ferreira\" \/>\n\t<meta name=\"twitter:label2\" content=\"Tempo estimado de leitura\" \/>\n\t<meta name=\"twitter:data2\" content=\"3 minutos\" \/>\n<script type=\"application\/ld+json\" class=\"yoast-schema-graph\">{\"@context\":\"https:\\\/\\\/schema.org\",\"@graph\":[{\"@type\":\"Article\",\"@id\":\"https:\\\/\\\/www.altominho.tv\\\/site\\\/2018\\\/07\\\/30\\\/empresa-abre-nova-fabrica-e-cria-30-empregos-em-viana\\\/#article\",\"isPartOf\":{\"@id\":\"https:\\\/\\\/www.altominho.tv\\\/site\\\/2018\\\/07\\\/30\\\/empresa-abre-nova-fabrica-e-cria-30-empregos-em-viana\\\/\"},\"author\":{\"name\":\"Andreia Ferreira\",\"@id\":\"https:\\\/\\\/www.altominho.tv\\\/site\\\/#\\\/schema\\\/person\\\/d9be4265364723f14ea8e0d56a1d38cd\"},\"headline\":\"Empresa abre nova f\u00e1brica e cria 30 empregos em Viana\",\"datePublished\":\"2018-07-30T17:55:47+00:00\",\"mainEntityOfPage\":{\"@id\":\"https:\\\/\\\/www.altominho.tv\\\/site\\\/2018\\\/07\\\/30\\\/empresa-abre-nova-fabrica-e-cria-30-empregos-em-viana\\\/\"},\"wordCount\":578,\"image\":{\"@id\":\"https:\\\/\\\/www.altominho.tv\\\/site\\\/2018\\\/07\\\/30\\\/empresa-abre-nova-fabrica-e-cria-30-empregos-em-viana\\\/#primaryimage\"},\"thumbnailUrl\":\"https:\\\/\\\/www.altominho.tv\\\/site\\\/wp-content\\\/uploads\\\/2018\\\/07\\\/nobre-840x560.jpg\",\"keywords\":[\"Economia\",\"Sociedade\"],\"articleSection\":[\"Viana do Castelo\"],\"inLanguage\":\"pt-PT\",\"copyrightYear\":\"2018\",\"copyrightHolder\":{\"@id\":\"https:\\\/\\\/www.altominho.tv\\\/site\\\/#organization\"}},{\"@type\":\"WebPage\",\"@id\":\"https:\\\/\\\/www.altominho.tv\\\/site\\\/2018\\\/07\\\/30\\\/empresa-abre-nova-fabrica-e-cria-30-empregos-em-viana\\\/\",\"url\":\"https:\\\/\\\/www.altominho.tv\\\/site\\\/2018\\\/07\\\/30\\\/empresa-abre-nova-fabrica-e-cria-30-empregos-em-viana\\\/\",\"name\":\"Empresa abre nova f\u00e1brica e cria 30 empregos em Viana\",\"isPartOf\":{\"@id\":\"https:\\\/\\\/www.altominho.tv\\\/site\\\/#website\"},\"primaryImageOfPage\":{\"@id\":\"https:\\\/\\\/www.altominho.tv\\\/site\\\/2018\\\/07\\\/30\\\/empresa-abre-nova-fabrica-e-cria-30-empregos-em-viana\\\/#primaryimage\"},\"image\":{\"@id\":\"https:\\\/\\\/www.altominho.tv\\\/site\\\/2018\\\/07\\\/30\\\/empresa-abre-nova-fabrica-e-cria-30-empregos-em-viana\\\/#primaryimage\"},\"thumbnailUrl\":\"https:\\\/\\\/www.altominho.tv\\\/site\\\/wp-content\\\/uploads\\\/2018\\\/07\\\/nobre-840x560.jpg\",\"datePublished\":\"2018-07-30T17:55:47+00:00\",\"author\":{\"@id\":\"https:\\\/\\\/www.altominho.tv\\\/site\\\/#\\\/schema\\\/person\\\/d9be4265364723f14ea8e0d56a1d38cd\"},\"breadcrumb\":{\"@id\":\"https:\\\/\\\/www.altominho.tv\\\/site\\\/2018\\\/07\\\/30\\\/empresa-abre-nova-fabrica-e-cria-30-empregos-em-viana\\\/#breadcrumb\"},\"inLanguage\":\"pt-PT\",\"potentialAction\":[{\"@type\":\"ReadAction\",\"target\":[\"https:\\\/\\\/www.altominho.tv\\\/site\\\/2018\\\/07\\\/30\\\/empresa-abre-nova-fabrica-e-cria-30-empregos-em-viana\\\/\"]}]},{\"@type\":\"ImageObject\",\"inLanguage\":\"pt-PT\",\"@id\":\"https:\\\/\\\/www.altominho.tv\\\/site\\\/2018\\\/07\\\/30\\\/empresa-abre-nova-fabrica-e-cria-30-empregos-em-viana\\\/#primaryimage\",\"url\":\"https:\\\/\\\/www.altominho.tv\\\/site\\\/wp-content\\\/uploads\\\/2018\\\/07\\\/nobre-840x560.jpg\",\"contentUrl\":\"https:\\\/\\\/www.altominho.tv\\\/site\\\/wp-content\\\/uploads\\\/2018\\\/07\\\/nobre-840x560.jpg\",\"width\":840,\"height\":560,\"caption\":\"Ricardo Sousa\\\/GEICE FM\"},{\"@type\":\"BreadcrumbList\",\"@id\":\"https:\\\/\\\/www.altominho.tv\\\/site\\\/2018\\\/07\\\/30\\\/empresa-abre-nova-fabrica-e-cria-30-empregos-em-viana\\\/#breadcrumb\",\"itemListElement\":[{\"@type\":\"ListItem\",\"position\":1,\"name\":\"In\u00edcio\",\"item\":\"https:\\\/\\\/www.altominho.tv\\\/site\\\/\"},{\"@type\":\"ListItem\",\"position\":2,\"name\":\"Empresa abre nova f\u00e1brica e cria 30 empregos em Viana\"}]},{\"@type\":\"WebSite\",\"@id\":\"https:\\\/\\\/www.altominho.tv\\\/site\\\/#website\",\"url\":\"https:\\\/\\\/www.altominho.tv\\\/site\\\/\",\"name\":\"Altominho.tv\",\"description\":\"A sua regi\u00e3o \u00e0 dist\u00e2ncia de um clique...\",\"potentialAction\":[{\"@type\":\"SearchAction\",\"target\":{\"@type\":\"EntryPoint\",\"urlTemplate\":\"https:\\\/\\\/www.altominho.tv\\\/site\\\/?s={search_term_string}\"},\"query-input\":{\"@type\":\"PropertyValueSpecification\",\"valueRequired\":true,\"valueName\":\"search_term_string\"}}],\"inLanguage\":\"pt-PT\"},{\"@type\":\"Person\",\"@id\":\"https:\\\/\\\/www.altominho.tv\\\/site\\\/#\\\/schema\\\/person\\\/d9be4265364723f14ea8e0d56a1d38cd\",\"name\":\"Andreia Ferreira\",\"image\":{\"@type\":\"ImageObject\",\"inLanguage\":\"pt-PT\",\"@id\":\"https:\\\/\\\/www.altominho.tv\\\/site\\\/wp-content\\\/uploads\\\/2021\\\/01\\\/AndreiaFerreira-150x150.jpg\",\"url\":\"https:\\\/\\\/www.altominho.tv\\\/site\\\/wp-content\\\/uploads\\\/2021\\\/01\\\/AndreiaFerreira-150x150.jpg\",\"contentUrl\":\"https:\\\/\\\/www.altominho.tv\\\/site\\\/wp-content\\\/uploads\\\/2021\\\/01\\\/AndreiaFerreira-150x150.jpg\",\"caption\":\"Andreia Ferreira\"},\"url\":\"https:\\\/\\\/www.altominho.tv\\\/site\\\/author\\\/andreiaferreira\\\/\"}]}<\/script>\n<!-- \/ Yoast SEO Premium plugin. -->","yoast_head_json":{"title":"Empresa abre nova f\u00e1brica e cria 30 empregos em Viana","robots":{"index":"index","follow":"follow","max-snippet":"max-snippet:-1","max-image-preview":"max-image-preview:large","max-video-preview":"max-video-preview:-1"},"canonical":"https:\/\/www.altominho.tv\/site\/2018\/07\/30\/empresa-abre-nova-fabrica-e-cria-30-empregos-em-viana\/","og_locale":"pt_PT","og_type":"article","og_title":"Empresa abre nova f\u00e1brica e cria 30 empregos em Viana","og_description":"O grupo Manuel Soares, especializado em revestimentos minerais, vai abrir em 2019 uma nova f\u00e1brica em Viana do Castelo, num investimento &#8220;at\u00e9 quatro milh\u00f5es de euros&#8221;, e criar 30 novos postos de trabalho, anunciou hoje o empres\u00e1rio portugu\u00eas. Manuel Soares, que falava aos jornalistas em confer\u00eancia de imprensa, realizada na C\u00e2mara de Viana do Castelo, [&hellip;]","og_url":"https:\/\/www.altominho.tv\/site\/2018\/07\/30\/empresa-abre-nova-fabrica-e-cria-30-empregos-em-viana\/","og_site_name":"Altominho.tv","article_publisher":"https:\/\/www.facebook.com\/altominhotv","article_published_time":"2018-07-30T17:55:47+00:00","og_image":[{"width":840,"height":560,"url":"https:\/\/www.altominho.tv\/site\/wp-content\/uploads\/2018\/07\/nobre-840x560.jpg","type":"image\/jpeg"}],"author":"Andreia Ferreira","twitter_card":"summary_large_image","twitter_creator":"@altominhoTV","twitter_site":"@altominhoTV","twitter_misc":{"Escrito por":"Andreia Ferreira","Tempo estimado de leitura":"3 minutos"},"schema":{"@context":"https:\/\/schema.org","@graph":[{"@type":"Article","@id":"https:\/\/www.altominho.tv\/site\/2018\/07\/30\/empresa-abre-nova-fabrica-e-cria-30-empregos-em-viana\/#article","isPartOf":{"@id":"https:\/\/www.altominho.tv\/site\/2018\/07\/30\/empresa-abre-nova-fabrica-e-cria-30-empregos-em-viana\/"},"author":{"name":"Andreia Ferreira","@id":"https:\/\/www.altominho.tv\/site\/#\/schema\/person\/d9be4265364723f14ea8e0d56a1d38cd"},"headline":"Empresa abre nova f\u00e1brica e cria 30 empregos em Viana","datePublished":"2018-07-30T17:55:47+00:00","mainEntityOfPage":{"@id":"https:\/\/www.altominho.tv\/site\/2018\/07\/30\/empresa-abre-nova-fabrica-e-cria-30-empregos-em-viana\/"},"wordCount":578,"image":{"@id":"https:\/\/www.altominho.tv\/site\/2018\/07\/30\/empresa-abre-nova-fabrica-e-cria-30-empregos-em-viana\/#primaryimage"},"thumbnailUrl":"https:\/\/www.altominho.tv\/site\/wp-content\/uploads\/2018\/07\/nobre-840x560.jpg","keywords":["Economia","Sociedade"],"articleSection":["Viana do Castelo"],"inLanguage":"pt-PT","copyrightYear":"2018","copyrightHolder":{"@id":"https:\/\/www.altominho.tv\/site\/#organization"}},{"@type":"WebPage","@id":"https:\/\/www.altominho.tv\/site\/2018\/07\/30\/empresa-abre-nova-fabrica-e-cria-30-empregos-em-viana\/","url":"https:\/\/www.altominho.tv\/site\/2018\/07\/30\/empresa-abre-nova-fabrica-e-cria-30-empregos-em-viana\/","name":"Empresa abre nova f\u00e1brica e cria 30 empregos em Viana","isPartOf":{"@id":"https:\/\/www.altominho.tv\/site\/#website"},"primaryImageOfPage":{"@id":"https:\/\/www.altominho.tv\/site\/2018\/07\/30\/empresa-abre-nova-fabrica-e-cria-30-empregos-em-viana\/#primaryimage"},"image":{"@id":"https:\/\/www.altominho.tv\/site\/2018\/07\/30\/empresa-abre-nova-fabrica-e-cria-30-empregos-em-viana\/#primaryimage"},"thumbnailUrl":"https:\/\/www.altominho.tv\/site\/wp-content\/uploads\/2018\/07\/nobre-840x560.jpg","datePublished":"2018-07-30T17:55:47+00:00","author":{"@id":"https:\/\/www.altominho.tv\/site\/#\/schema\/person\/d9be4265364723f14ea8e0d56a1d38cd"},"breadcrumb":{"@id":"https:\/\/www.altominho.tv\/site\/2018\/07\/30\/empresa-abre-nova-fabrica-e-cria-30-empregos-em-viana\/#breadcrumb"},"inLanguage":"pt-PT","potentialAction":[{"@type":"ReadAction","target":["https:\/\/www.altominho.tv\/site\/2018\/07\/30\/empresa-abre-nova-fabrica-e-cria-30-empregos-em-viana\/"]}]},{"@type":"ImageObject","inLanguage":"pt-PT","@id":"https:\/\/www.altominho.tv\/site\/2018\/07\/30\/empresa-abre-nova-fabrica-e-cria-30-empregos-em-viana\/#primaryimage","url":"https:\/\/www.altominho.tv\/site\/wp-content\/uploads\/2018\/07\/nobre-840x560.jpg","contentUrl":"https:\/\/www.altominho.tv\/site\/wp-content\/uploads\/2018\/07\/nobre-840x560.jpg","width":840,"height":560,"caption":"Ricardo Sousa\/GEICE FM"},{"@type":"BreadcrumbList","@id":"https:\/\/www.altominho.tv\/site\/2018\/07\/30\/empresa-abre-nova-fabrica-e-cria-30-empregos-em-viana\/#breadcrumb","itemListElement":[{"@type":"ListItem","position":1,"name":"In\u00edcio","item":"https:\/\/www.altominho.tv\/site\/"},{"@type":"ListItem","position":2,"name":"Empresa abre nova f\u00e1brica e cria 30 empregos em Viana"}]},{"@type":"WebSite","@id":"https:\/\/www.altominho.tv\/site\/#website","url":"https:\/\/www.altominho.tv\/site\/","name":"Altominho.tv","description":"A sua regi\u00e3o \u00e0 dist\u00e2ncia de um clique...","potentialAction":[{"@type":"SearchAction","target":{"@type":"EntryPoint","urlTemplate":"https:\/\/www.altominho.tv\/site\/?s={search_term_string}"},"query-input":{"@type":"PropertyValueSpecification","valueRequired":true,"valueName":"search_term_string"}}],"inLanguage":"pt-PT"},{"@type":"Person","@id":"https:\/\/www.altominho.tv\/site\/#\/schema\/person\/d9be4265364723f14ea8e0d56a1d38cd","name":"Andreia Ferreira","image":{"@type":"ImageObject","inLanguage":"pt-PT","@id":"https:\/\/www.altominho.tv\/site\/wp-content\/uploads\/2021\/01\/AndreiaFerreira-150x150.jpg","url":"https:\/\/www.altominho.tv\/site\/wp-content\/uploads\/2021\/01\/AndreiaFerreira-150x150.jpg","contentUrl":"https:\/\/www.altominho.tv\/site\/wp-content\/uploads\/2021\/01\/AndreiaFerreira-150x150.jpg","caption":"Andreia Ferreira"},"url":"https:\/\/www.altominho.tv\/site\/author\/andreiaferreira\/"}]}},"_links":{"self":[{"href":"https:\/\/www.altominho.tv\/site\/wp-json\/wp\/v2\/posts\/17066","targetHints":{"allow":["GET"]}}],"collection":[{"href":"https:\/\/www.altominho.tv\/site\/wp-json\/wp\/v2\/posts"}],"about":[{"href":"https:\/\/www.altominho.tv\/site\/wp-json\/wp\/v2\/types\/post"}],"author":[{"embeddable":true,"href":"https:\/\/www.altominho.tv\/site\/wp-json\/wp\/v2\/users\/12"}],"replies":[{"embeddable":true,"href":"https:\/\/www.altominho.tv\/site\/wp-json\/wp\/v2\/comments?post=17066"}],"version-history":[{"count":0,"href":"https:\/\/www.altominho.tv\/site\/wp-json\/wp\/v2\/posts\/17066\/revisions"}],"wp:featuredmedia":[{"embeddable":true,"href":"https:\/\/www.altominho.tv\/site\/wp-json\/wp\/v2\/media\/17067"}],"wp:attachment":[{"href":"https:\/\/www.altominho.tv\/site\/wp-json\/wp\/v2\/media?parent=17066"}],"wp:term":[{"taxonomy":"category","embeddable":true,"href":"https:\/\/www.altominho.tv\/site\/wp-json\/wp\/v2\/categories?post=17066"},{"taxonomy":"post_tag","embeddable":true,"href":"https:\/\/www.altominho.tv\/site\/wp-json\/wp\/v2\/tags?post=17066"}],"curies":[{"name":"wp","href":"https:\/\/api.w.org\/{rel}","templated":true}]}}