{"id":17001,"date":"2018-07-30T10:41:47","date_gmt":"2018-07-30T09:41:47","guid":{"rendered":"http:\/\/www.altominho.tv\/site\/?p=17001"},"modified":"2018-07-30T10:44:46","modified_gmt":"2018-07-30T09:44:46","slug":"caminha-garante-obra-de-passagem-desnivelada-em-vila-praia-de-ancora","status":"publish","type":"post","link":"https:\/\/www.altominho.tv\/site\/2018\/07\/30\/caminha-garante-obra-de-passagem-desnivelada-em-vila-praia-de-ancora\/","title":{"rendered":"Caminha garante obra de passagem desnivelada em Vila Praia de \u00c2ncora"},"content":{"rendered":"<p>No decurso da empreitada de moderniza\u00e7\u00e3o da Linha do Minho\u00a0entre Viana do Castelo e Valen\u00e7a, vai avan\u00e7ar-se, em Vila Praia de \u00c2ncora, com a realiza\u00e7\u00e3o da obra da passagem desnivelada da Travessa do Teatro.<\/p>\n<p>De acordo com o que foi explicado pelo vice-presidente das Infraestruturas de Portugal,\u00a0Carlos Fernandes, na obra consignada em Valen\u00e7a, no passado dia 27 de julho, est\u00e1 inclu\u00edda a reivindica\u00e7\u00e3o da C\u00e2mara Municipal de Caminha para a concretiza\u00e7\u00e3o de uma passagem desnivelada naquela que foi conhecida como a Passagem do Zorro, em Vila Praia de \u00c2ncora.<\/p>\n<p>A empreitada geral, que se inicia imediatamente, tem um investimento global superior a 100 milh\u00f5es de euros cofinanciado por fundos comunit\u00e1rios e vai permitir a eletrifica\u00e7\u00e3o de toda a Linha do Minho desde Viana do Castelo at\u00e9 \u00e0 fronteira com Espanha.<\/p>\n<p>O concelho de Caminha, para al\u00e9m da eletrifica\u00e7\u00e3o de toda a sua linha, vai ter a esperada obra da Travessa do Teatro, a impermeabiliza\u00e7\u00e3o do t\u00fanel de Caminha, o rebaixamento da linha em alguns locais como os t\u00faneis de Seixas e uma complexa interven\u00e7\u00e3o na ponte sobre o Coura, de modo a permitir a implementa\u00e7\u00e3o da caten\u00e1ria.<\/p>\n<p>Para o presidente da autarquia, Miguel Alves, \u201ceste \u00e9 mais um passo, embora decisivo, para que se cumpra mais um compromisso assumido junto da popula\u00e7\u00e3o de Vila Praia de \u00c2ncora. Ainda n\u00e3o terminou, mas depois de tantos que prometeram, depois de tantos cortes de rela\u00e7\u00f5es, depois de tantos imposs\u00edveis, o financiamento para a passagem desnivelada da Travessa do Teatro est\u00e1 garantido e a obra j\u00e1 arrancou. Com serenidade e apesar dos que n\u00e3o acreditavam, estamos a cumprir, sempre estivemos.\u201d<\/p>\n<p>A obra de eletrifica\u00e7\u00e3o da linha at\u00e9 Valen\u00e7a tem o prazo de 22 meses. Os <a href=\"http:\/\/www.altominho.tv\/site\/2018\/07\/27\/primeiros-comboios-eletricos-chegam-a-viana-do-castelo-ainda-este-ano\/\">primeiros comboios el\u00e9tricos<\/a> devem chegar, ainda este ano, a Viana do Castelo e, at\u00e9 in\u00edcio de 2020, a Valen\u00e7a.<\/p>\n<p>O in\u00edcio da obra na Travessa do Teatro est\u00e1 previsto para 2019, num investimento de meio milh\u00e3o de euros.<\/p>\n","protected":false},"excerpt":{"rendered":"<p>No decurso da empreitada de moderniza\u00e7\u00e3o da Linha do Minho\u00a0entre Viana do Castelo e Valen\u00e7a, vai avan\u00e7ar-se, em Vila Praia de \u00c2ncora, com a realiza\u00e7\u00e3o da obra da passagem desnivelada da Travessa do Teatro. De acordo com o que foi explicado pelo vice-presidente das Infraestruturas de Portugal,\u00a0Carlos Fernandes, na obra consignada em Valen\u00e7a, no passado [&hellip;]<\/p>\n","protected":false},"author":12,"featured_media":17003,"comment_status":"closed","ping_status":"closed","sticky":false,"template":"","format":"standard","meta":{"_exactmetrics_skip_tracking":false,"_exactmetrics_sitenote_active":false,"_exactmetrics_sitenote_note":"","_exactmetrics_sitenote_category":0,"footnotes":""},"categories":[7],"tags":[27],"class_list":["post-17001","post","type-post","status-publish","format-standard","has-post-thumbnail","hentry","category-caminha","tag-sociedade"],"yoast_head":"<!-- This site is optimized with the Yoast SEO Premium plugin v27.5 (Yoast SEO v27.5) - https:\/\/yoast.com\/product\/yoast-seo-premium-wordpress\/ -->\n<title>Caminha garante obra de passagem desnivelada em Vila Praia de \u00c2ncora<\/title>\n<meta name=\"robots\" content=\"index, follow, max-snippet:-1, max-image-preview:large, max-video-preview:-1\" \/>\n<link rel=\"canonical\" href=\"https:\/\/www.altominho.tv\/site\/2018\/07\/30\/caminha-garante-obra-de-passagem-desnivelada-em-vila-praia-de-ancora\/\" \/>\n<meta property=\"og:locale\" content=\"pt_PT\" \/>\n<meta property=\"og:type\" content=\"article\" \/>\n<meta property=\"og:title\" content=\"Caminha garante obra de passagem desnivelada em Vila Praia de \u00c2ncora\" \/>\n<meta property=\"og:description\" content=\"No decurso da empreitada de moderniza\u00e7\u00e3o da Linha do Minho\u00a0entre Viana do Castelo e Valen\u00e7a, vai avan\u00e7ar-se, em Vila Praia de \u00c2ncora, com a realiza\u00e7\u00e3o da obra da passagem desnivelada da Travessa do Teatro. De acordo com o que foi explicado pelo vice-presidente das Infraestruturas de Portugal,\u00a0Carlos Fernandes, na obra consignada em Valen\u00e7a, no passado [&hellip;]\" \/>\n<meta property=\"og:url\" content=\"https:\/\/www.altominho.tv\/site\/2018\/07\/30\/caminha-garante-obra-de-passagem-desnivelada-em-vila-praia-de-ancora\/\" \/>\n<meta property=\"og:site_name\" content=\"Altominho.tv\" \/>\n<meta property=\"article:publisher\" content=\"https:\/\/www.facebook.com\/altominhotv\" \/>\n<meta property=\"article:published_time\" content=\"2018-07-30T09:41:47+00:00\" \/>\n<meta property=\"article:modified_time\" content=\"2018-07-30T09:44:46+00:00\" \/>\n<meta property=\"og:image\" content=\"https:\/\/www.altominho.tv\/site\/wp-content\/uploads\/2018\/07\/foto-4.jpg\" \/>\n\t<meta property=\"og:image:width\" content=\"1620\" \/>\n\t<meta property=\"og:image:height\" content=\"1080\" \/>\n\t<meta property=\"og:image:type\" content=\"image\/jpeg\" \/>\n<meta name=\"author\" content=\"Andreia Ferreira\" \/>\n<meta name=\"twitter:card\" content=\"summary_large_image\" \/>\n<meta name=\"twitter:creator\" content=\"@altominhoTV\" \/>\n<meta name=\"twitter:site\" content=\"@altominhoTV\" \/>\n<meta name=\"twitter:label1\" content=\"Escrito por\" \/>\n\t<meta name=\"twitter:data1\" content=\"Andreia Ferreira\" \/>\n\t<meta name=\"twitter:label2\" content=\"Tempo estimado de leitura\" \/>\n\t<meta name=\"twitter:data2\" content=\"2 minutos\" \/>\n<script type=\"application\/ld+json\" class=\"yoast-schema-graph\">{\"@context\":\"https:\\\/\\\/schema.org\",\"@graph\":[{\"@type\":\"Article\",\"@id\":\"https:\\\/\\\/www.altominho.tv\\\/site\\\/2018\\\/07\\\/30\\\/caminha-garante-obra-de-passagem-desnivelada-em-vila-praia-de-ancora\\\/#article\",\"isPartOf\":{\"@id\":\"https:\\\/\\\/www.altominho.tv\\\/site\\\/2018\\\/07\\\/30\\\/caminha-garante-obra-de-passagem-desnivelada-em-vila-praia-de-ancora\\\/\"},\"author\":{\"name\":\"Andreia Ferreira\",\"@id\":\"https:\\\/\\\/www.altominho.tv\\\/site\\\/#\\\/schema\\\/person\\\/d9be4265364723f14ea8e0d56a1d38cd\"},\"headline\":\"Caminha garante obra de passagem desnivelada em Vila Praia de \u00c2ncora\",\"datePublished\":\"2018-07-30T09:41:47+00:00\",\"dateModified\":\"2018-07-30T09:44:46+00:00\",\"mainEntityOfPage\":{\"@id\":\"https:\\\/\\\/www.altominho.tv\\\/site\\\/2018\\\/07\\\/30\\\/caminha-garante-obra-de-passagem-desnivelada-em-vila-praia-de-ancora\\\/\"},\"wordCount\":357,\"image\":{\"@id\":\"https:\\\/\\\/www.altominho.tv\\\/site\\\/2018\\\/07\\\/30\\\/caminha-garante-obra-de-passagem-desnivelada-em-vila-praia-de-ancora\\\/#primaryimage\"},\"thumbnailUrl\":\"https:\\\/\\\/www.altominho.tv\\\/site\\\/wp-content\\\/uploads\\\/2018\\\/07\\\/foto-4.jpg\",\"keywords\":[\"Sociedade\"],\"articleSection\":[\"Caminha\"],\"inLanguage\":\"pt-PT\",\"copyrightYear\":\"2018\",\"copyrightHolder\":{\"@id\":\"https:\\\/\\\/www.altominho.tv\\\/site\\\/#organization\"}},{\"@type\":\"WebPage\",\"@id\":\"https:\\\/\\\/www.altominho.tv\\\/site\\\/2018\\\/07\\\/30\\\/caminha-garante-obra-de-passagem-desnivelada-em-vila-praia-de-ancora\\\/\",\"url\":\"https:\\\/\\\/www.altominho.tv\\\/site\\\/2018\\\/07\\\/30\\\/caminha-garante-obra-de-passagem-desnivelada-em-vila-praia-de-ancora\\\/\",\"name\":\"Caminha garante obra de passagem desnivelada em Vila Praia de \u00c2ncora\",\"isPartOf\":{\"@id\":\"https:\\\/\\\/www.altominho.tv\\\/site\\\/#website\"},\"primaryImageOfPage\":{\"@id\":\"https:\\\/\\\/www.altominho.tv\\\/site\\\/2018\\\/07\\\/30\\\/caminha-garante-obra-de-passagem-desnivelada-em-vila-praia-de-ancora\\\/#primaryimage\"},\"image\":{\"@id\":\"https:\\\/\\\/www.altominho.tv\\\/site\\\/2018\\\/07\\\/30\\\/caminha-garante-obra-de-passagem-desnivelada-em-vila-praia-de-ancora\\\/#primaryimage\"},\"thumbnailUrl\":\"https:\\\/\\\/www.altominho.tv\\\/site\\\/wp-content\\\/uploads\\\/2018\\\/07\\\/foto-4.jpg\",\"datePublished\":\"2018-07-30T09:41:47+00:00\",\"dateModified\":\"2018-07-30T09:44:46+00:00\",\"author\":{\"@id\":\"https:\\\/\\\/www.altominho.tv\\\/site\\\/#\\\/schema\\\/person\\\/d9be4265364723f14ea8e0d56a1d38cd\"},\"breadcrumb\":{\"@id\":\"https:\\\/\\\/www.altominho.tv\\\/site\\\/2018\\\/07\\\/30\\\/caminha-garante-obra-de-passagem-desnivelada-em-vila-praia-de-ancora\\\/#breadcrumb\"},\"inLanguage\":\"pt-PT\",\"potentialAction\":[{\"@type\":\"ReadAction\",\"target\":[\"https:\\\/\\\/www.altominho.tv\\\/site\\\/2018\\\/07\\\/30\\\/caminha-garante-obra-de-passagem-desnivelada-em-vila-praia-de-ancora\\\/\"]}]},{\"@type\":\"ImageObject\",\"inLanguage\":\"pt-PT\",\"@id\":\"https:\\\/\\\/www.altominho.tv\\\/site\\\/2018\\\/07\\\/30\\\/caminha-garante-obra-de-passagem-desnivelada-em-vila-praia-de-ancora\\\/#primaryimage\",\"url\":\"https:\\\/\\\/www.altominho.tv\\\/site\\\/wp-content\\\/uploads\\\/2018\\\/07\\\/foto-4.jpg\",\"contentUrl\":\"https:\\\/\\\/www.altominho.tv\\\/site\\\/wp-content\\\/uploads\\\/2018\\\/07\\\/foto-4.jpg\",\"width\":1620,\"height\":1080},{\"@type\":\"BreadcrumbList\",\"@id\":\"https:\\\/\\\/www.altominho.tv\\\/site\\\/2018\\\/07\\\/30\\\/caminha-garante-obra-de-passagem-desnivelada-em-vila-praia-de-ancora\\\/#breadcrumb\",\"itemListElement\":[{\"@type\":\"ListItem\",\"position\":1,\"name\":\"In\u00edcio\",\"item\":\"https:\\\/\\\/www.altominho.tv\\\/site\\\/\"},{\"@type\":\"ListItem\",\"position\":2,\"name\":\"Caminha garante obra de passagem desnivelada em Vila Praia de \u00c2ncora\"}]},{\"@type\":\"WebSite\",\"@id\":\"https:\\\/\\\/www.altominho.tv\\\/site\\\/#website\",\"url\":\"https:\\\/\\\/www.altominho.tv\\\/site\\\/\",\"name\":\"Altominho.tv\",\"description\":\"A sua regi\u00e3o \u00e0 dist\u00e2ncia de um clique...\",\"potentialAction\":[{\"@type\":\"SearchAction\",\"target\":{\"@type\":\"EntryPoint\",\"urlTemplate\":\"https:\\\/\\\/www.altominho.tv\\\/site\\\/?s={search_term_string}\"},\"query-input\":{\"@type\":\"PropertyValueSpecification\",\"valueRequired\":true,\"valueName\":\"search_term_string\"}}],\"inLanguage\":\"pt-PT\"},{\"@type\":\"Person\",\"@id\":\"https:\\\/\\\/www.altominho.tv\\\/site\\\/#\\\/schema\\\/person\\\/d9be4265364723f14ea8e0d56a1d38cd\",\"name\":\"Andreia Ferreira\",\"image\":{\"@type\":\"ImageObject\",\"inLanguage\":\"pt-PT\",\"@id\":\"https:\\\/\\\/www.altominho.tv\\\/site\\\/wp-content\\\/uploads\\\/2021\\\/01\\\/AndreiaFerreira-150x150.jpg\",\"url\":\"https:\\\/\\\/www.altominho.tv\\\/site\\\/wp-content\\\/uploads\\\/2021\\\/01\\\/AndreiaFerreira-150x150.jpg\",\"contentUrl\":\"https:\\\/\\\/www.altominho.tv\\\/site\\\/wp-content\\\/uploads\\\/2021\\\/01\\\/AndreiaFerreira-150x150.jpg\",\"caption\":\"Andreia Ferreira\"},\"url\":\"https:\\\/\\\/www.altominho.tv\\\/site\\\/author\\\/andreiaferreira\\\/\"}]}<\/script>\n<!-- \/ Yoast SEO Premium plugin. -->","yoast_head_json":{"title":"Caminha garante obra de passagem desnivelada em Vila Praia de \u00c2ncora","robots":{"index":"index","follow":"follow","max-snippet":"max-snippet:-1","max-image-preview":"max-image-preview:large","max-video-preview":"max-video-preview:-1"},"canonical":"https:\/\/www.altominho.tv\/site\/2018\/07\/30\/caminha-garante-obra-de-passagem-desnivelada-em-vila-praia-de-ancora\/","og_locale":"pt_PT","og_type":"article","og_title":"Caminha garante obra de passagem desnivelada em Vila Praia de \u00c2ncora","og_description":"No decurso da empreitada de moderniza\u00e7\u00e3o da Linha do Minho\u00a0entre Viana do Castelo e Valen\u00e7a, vai avan\u00e7ar-se, em Vila Praia de \u00c2ncora, com a realiza\u00e7\u00e3o da obra da passagem desnivelada da Travessa do Teatro. De acordo com o que foi explicado pelo vice-presidente das Infraestruturas de Portugal,\u00a0Carlos Fernandes, na obra consignada em Valen\u00e7a, no passado [&hellip;]","og_url":"https:\/\/www.altominho.tv\/site\/2018\/07\/30\/caminha-garante-obra-de-passagem-desnivelada-em-vila-praia-de-ancora\/","og_site_name":"Altominho.tv","article_publisher":"https:\/\/www.facebook.com\/altominhotv","article_published_time":"2018-07-30T09:41:47+00:00","article_modified_time":"2018-07-30T09:44:46+00:00","og_image":[{"width":1620,"height":1080,"url":"https:\/\/www.altominho.tv\/site\/wp-content\/uploads\/2018\/07\/foto-4.jpg","type":"image\/jpeg"}],"author":"Andreia Ferreira","twitter_card":"summary_large_image","twitter_creator":"@altominhoTV","twitter_site":"@altominhoTV","twitter_misc":{"Escrito por":"Andreia Ferreira","Tempo estimado de leitura":"2 minutos"},"schema":{"@context":"https:\/\/schema.org","@graph":[{"@type":"Article","@id":"https:\/\/www.altominho.tv\/site\/2018\/07\/30\/caminha-garante-obra-de-passagem-desnivelada-em-vila-praia-de-ancora\/#article","isPartOf":{"@id":"https:\/\/www.altominho.tv\/site\/2018\/07\/30\/caminha-garante-obra-de-passagem-desnivelada-em-vila-praia-de-ancora\/"},"author":{"name":"Andreia Ferreira","@id":"https:\/\/www.altominho.tv\/site\/#\/schema\/person\/d9be4265364723f14ea8e0d56a1d38cd"},"headline":"Caminha garante obra de passagem desnivelada em Vila Praia de \u00c2ncora","datePublished":"2018-07-30T09:41:47+00:00","dateModified":"2018-07-30T09:44:46+00:00","mainEntityOfPage":{"@id":"https:\/\/www.altominho.tv\/site\/2018\/07\/30\/caminha-garante-obra-de-passagem-desnivelada-em-vila-praia-de-ancora\/"},"wordCount":357,"image":{"@id":"https:\/\/www.altominho.tv\/site\/2018\/07\/30\/caminha-garante-obra-de-passagem-desnivelada-em-vila-praia-de-ancora\/#primaryimage"},"thumbnailUrl":"https:\/\/www.altominho.tv\/site\/wp-content\/uploads\/2018\/07\/foto-4.jpg","keywords":["Sociedade"],"articleSection":["Caminha"],"inLanguage":"pt-PT","copyrightYear":"2018","copyrightHolder":{"@id":"https:\/\/www.altominho.tv\/site\/#organization"}},{"@type":"WebPage","@id":"https:\/\/www.altominho.tv\/site\/2018\/07\/30\/caminha-garante-obra-de-passagem-desnivelada-em-vila-praia-de-ancora\/","url":"https:\/\/www.altominho.tv\/site\/2018\/07\/30\/caminha-garante-obra-de-passagem-desnivelada-em-vila-praia-de-ancora\/","name":"Caminha garante obra de passagem desnivelada em Vila Praia de \u00c2ncora","isPartOf":{"@id":"https:\/\/www.altominho.tv\/site\/#website"},"primaryImageOfPage":{"@id":"https:\/\/www.altominho.tv\/site\/2018\/07\/30\/caminha-garante-obra-de-passagem-desnivelada-em-vila-praia-de-ancora\/#primaryimage"},"image":{"@id":"https:\/\/www.altominho.tv\/site\/2018\/07\/30\/caminha-garante-obra-de-passagem-desnivelada-em-vila-praia-de-ancora\/#primaryimage"},"thumbnailUrl":"https:\/\/www.altominho.tv\/site\/wp-content\/uploads\/2018\/07\/foto-4.jpg","datePublished":"2018-07-30T09:41:47+00:00","dateModified":"2018-07-30T09:44:46+00:00","author":{"@id":"https:\/\/www.altominho.tv\/site\/#\/schema\/person\/d9be4265364723f14ea8e0d56a1d38cd"},"breadcrumb":{"@id":"https:\/\/www.altominho.tv\/site\/2018\/07\/30\/caminha-garante-obra-de-passagem-desnivelada-em-vila-praia-de-ancora\/#breadcrumb"},"inLanguage":"pt-PT","potentialAction":[{"@type":"ReadAction","target":["https:\/\/www.altominho.tv\/site\/2018\/07\/30\/caminha-garante-obra-de-passagem-desnivelada-em-vila-praia-de-ancora\/"]}]},{"@type":"ImageObject","inLanguage":"pt-PT","@id":"https:\/\/www.altominho.tv\/site\/2018\/07\/30\/caminha-garante-obra-de-passagem-desnivelada-em-vila-praia-de-ancora\/#primaryimage","url":"https:\/\/www.altominho.tv\/site\/wp-content\/uploads\/2018\/07\/foto-4.jpg","contentUrl":"https:\/\/www.altominho.tv\/site\/wp-content\/uploads\/2018\/07\/foto-4.jpg","width":1620,"height":1080},{"@type":"BreadcrumbList","@id":"https:\/\/www.altominho.tv\/site\/2018\/07\/30\/caminha-garante-obra-de-passagem-desnivelada-em-vila-praia-de-ancora\/#breadcrumb","itemListElement":[{"@type":"ListItem","position":1,"name":"In\u00edcio","item":"https:\/\/www.altominho.tv\/site\/"},{"@type":"ListItem","position":2,"name":"Caminha garante obra de passagem desnivelada em Vila Praia de \u00c2ncora"}]},{"@type":"WebSite","@id":"https:\/\/www.altominho.tv\/site\/#website","url":"https:\/\/www.altominho.tv\/site\/","name":"Altominho.tv","description":"A sua regi\u00e3o \u00e0 dist\u00e2ncia de um clique...","potentialAction":[{"@type":"SearchAction","target":{"@type":"EntryPoint","urlTemplate":"https:\/\/www.altominho.tv\/site\/?s={search_term_string}"},"query-input":{"@type":"PropertyValueSpecification","valueRequired":true,"valueName":"search_term_string"}}],"inLanguage":"pt-PT"},{"@type":"Person","@id":"https:\/\/www.altominho.tv\/site\/#\/schema\/person\/d9be4265364723f14ea8e0d56a1d38cd","name":"Andreia Ferreira","image":{"@type":"ImageObject","inLanguage":"pt-PT","@id":"https:\/\/www.altominho.tv\/site\/wp-content\/uploads\/2021\/01\/AndreiaFerreira-150x150.jpg","url":"https:\/\/www.altominho.tv\/site\/wp-content\/uploads\/2021\/01\/AndreiaFerreira-150x150.jpg","contentUrl":"https:\/\/www.altominho.tv\/site\/wp-content\/uploads\/2021\/01\/AndreiaFerreira-150x150.jpg","caption":"Andreia Ferreira"},"url":"https:\/\/www.altominho.tv\/site\/author\/andreiaferreira\/"}]}},"_links":{"self":[{"href":"https:\/\/www.altominho.tv\/site\/wp-json\/wp\/v2\/posts\/17001","targetHints":{"allow":["GET"]}}],"collection":[{"href":"https:\/\/www.altominho.tv\/site\/wp-json\/wp\/v2\/posts"}],"about":[{"href":"https:\/\/www.altominho.tv\/site\/wp-json\/wp\/v2\/types\/post"}],"author":[{"embeddable":true,"href":"https:\/\/www.altominho.tv\/site\/wp-json\/wp\/v2\/users\/12"}],"replies":[{"embeddable":true,"href":"https:\/\/www.altominho.tv\/site\/wp-json\/wp\/v2\/comments?post=17001"}],"version-history":[{"count":0,"href":"https:\/\/www.altominho.tv\/site\/wp-json\/wp\/v2\/posts\/17001\/revisions"}],"wp:featuredmedia":[{"embeddable":true,"href":"https:\/\/www.altominho.tv\/site\/wp-json\/wp\/v2\/media\/17003"}],"wp:attachment":[{"href":"https:\/\/www.altominho.tv\/site\/wp-json\/wp\/v2\/media?parent=17001"}],"wp:term":[{"taxonomy":"category","embeddable":true,"href":"https:\/\/www.altominho.tv\/site\/wp-json\/wp\/v2\/categories?post=17001"},{"taxonomy":"post_tag","embeddable":true,"href":"https:\/\/www.altominho.tv\/site\/wp-json\/wp\/v2\/tags?post=17001"}],"curies":[{"name":"wp","href":"https:\/\/api.w.org\/{rel}","templated":true}]}}