{"id":16962,"date":"2018-07-27T18:52:06","date_gmt":"2018-07-27T17:52:06","guid":{"rendered":"http:\/\/www.altominho.tv\/site\/?p=16962"},"modified":"2018-07-27T18:52:06","modified_gmt":"2018-07-27T17:52:06","slug":"apreendidas-mais-de-18-toneladas-de-atum-rabilho-em-viana-do-castelo","status":"publish","type":"post","link":"https:\/\/www.altominho.tv\/site\/2018\/07\/27\/apreendidas-mais-de-18-toneladas-de-atum-rabilho-em-viana-do-castelo\/","title":{"rendered":"Apreendidas mais de 18 toneladas de atum rabilho em Viana do Castelo"},"content":{"rendered":"<p>A Unidade de Controlo Costeiro do Destacamento de Matosinhos anunciou, hoje, a apreens\u00e3o no porto de pesca de Viana do Castelo de 18.700 quilos de atum rabilho, esp\u00e9cie protegida por legisla\u00e7\u00e3o internacional devido ao risco de extin\u00e7\u00e3o.<\/p>\n<p>Em comunicado, aquela unidade adiantou que o pescado foi apreendido ao mesmo armador a quem, na semana passada, foram &#8220;apreendidas cerca de 15 toneladas de pescado da mesma esp\u00e9cie&#8221;.<\/p>\n<p>&#8220;Durante a a\u00e7\u00e3o de fiscaliza\u00e7\u00e3o \u00e0 embarca\u00e7\u00e3o, o autuado n\u00e3o se demonstrou colaborante com os militares fiscalizadores, tendo sido necess\u00e1rio proceder \u00e0 deten\u00e7\u00e3o do mesmo pelo crime de desobedi\u00eancia. O detido foi constitu\u00eddo arguido e sujeito \u00e0 medida de coa\u00e7\u00e3o de termo de identidade e resid\u00eancia, tendo o expediente sido remetido ao Tribunal de Viana do Castelo&#8221;, adiantou.<\/p>\n<p>O pescado, por n\u00e3o ser poss\u00edvel devolv\u00ea-lo ao mar, foi leiloado em lota.<\/p>\n<p>A Unidade de Controlo Costeiro do Destacamento de Matosinhos explicou que &#8220;por ter sido atingida, este ano, a cota m\u00e1xima estabelecida, n\u00e3o \u00e9 permitido direcionar a atividade da pesca para exemplares daquela esp\u00e9cie&#8221;.<\/p>\n","protected":false},"excerpt":{"rendered":"<p>A Unidade de Controlo Costeiro do Destacamento de Matosinhos anunciou, hoje, a apreens\u00e3o no porto de pesca de Viana do Castelo de 18.700 quilos de atum rabilho, esp\u00e9cie protegida por legisla\u00e7\u00e3o internacional devido ao risco de extin\u00e7\u00e3o. Em comunicado, aquela unidade adiantou que o pescado foi apreendido ao mesmo armador a quem, na semana passada, [&hellip;]<\/p>\n","protected":false},"author":12,"featured_media":16963,"comment_status":"closed","ping_status":"closed","sticky":false,"template":"","format":"standard","meta":{"_exactmetrics_skip_tracking":false,"_exactmetrics_sitenote_active":false,"_exactmetrics_sitenote_note":"","_exactmetrics_sitenote_category":0,"footnotes":""},"categories":[14],"tags":[27],"class_list":["post-16962","post","type-post","status-publish","format-standard","has-post-thumbnail","hentry","category-viana-do-castelo","tag-sociedade"],"yoast_head":"<!-- This site is optimized with the Yoast SEO Premium plugin v27.5 (Yoast SEO v27.5) - https:\/\/yoast.com\/product\/yoast-seo-premium-wordpress\/ -->\n<title>Apreendidas mais de 18 toneladas de atum rabilho em Viana do Castelo<\/title>\n<meta name=\"robots\" content=\"index, follow, max-snippet:-1, max-image-preview:large, max-video-preview:-1\" \/>\n<link rel=\"canonical\" href=\"https:\/\/www.altominho.tv\/site\/2018\/07\/27\/apreendidas-mais-de-18-toneladas-de-atum-rabilho-em-viana-do-castelo\/\" \/>\n<meta property=\"og:locale\" content=\"pt_PT\" \/>\n<meta property=\"og:type\" content=\"article\" \/>\n<meta property=\"og:title\" content=\"Apreendidas mais de 18 toneladas de atum rabilho em Viana do Castelo\" \/>\n<meta property=\"og:description\" content=\"A Unidade de Controlo Costeiro do Destacamento de Matosinhos anunciou, hoje, a apreens\u00e3o no porto de pesca de Viana do Castelo de 18.700 quilos de atum rabilho, esp\u00e9cie protegida por legisla\u00e7\u00e3o internacional devido ao risco de extin\u00e7\u00e3o. Em comunicado, aquela unidade adiantou que o pescado foi apreendido ao mesmo armador a quem, na semana passada, [&hellip;]\" \/>\n<meta property=\"og:url\" content=\"https:\/\/www.altominho.tv\/site\/2018\/07\/27\/apreendidas-mais-de-18-toneladas-de-atum-rabilho-em-viana-do-castelo\/\" \/>\n<meta property=\"og:site_name\" content=\"Altominho.tv\" \/>\n<meta property=\"article:publisher\" content=\"https:\/\/www.facebook.com\/altominhotv\" \/>\n<meta property=\"article:published_time\" content=\"2018-07-27T17:52:06+00:00\" \/>\n<meta property=\"og:image\" content=\"https:\/\/www.altominho.tv\/site\/wp-content\/uploads\/2018\/07\/image.jpeg\" \/>\n\t<meta property=\"og:image:width\" content=\"744\" \/>\n\t<meta property=\"og:image:height\" content=\"495\" \/>\n\t<meta property=\"og:image:type\" content=\"image\/jpeg\" \/>\n<meta name=\"author\" content=\"Andreia Ferreira\" \/>\n<meta name=\"twitter:card\" content=\"summary_large_image\" \/>\n<meta name=\"twitter:creator\" content=\"@altominhoTV\" \/>\n<meta name=\"twitter:site\" content=\"@altominhoTV\" \/>\n<meta name=\"twitter:label1\" content=\"Escrito por\" \/>\n\t<meta name=\"twitter:data1\" content=\"Andreia Ferreira\" \/>\n\t<meta name=\"twitter:label2\" content=\"Tempo estimado de leitura\" \/>\n\t<meta name=\"twitter:data2\" content=\"1 minuto\" \/>\n<script type=\"application\/ld+json\" class=\"yoast-schema-graph\">{\"@context\":\"https:\\\/\\\/schema.org\",\"@graph\":[{\"@type\":\"Article\",\"@id\":\"https:\\\/\\\/www.altominho.tv\\\/site\\\/2018\\\/07\\\/27\\\/apreendidas-mais-de-18-toneladas-de-atum-rabilho-em-viana-do-castelo\\\/#article\",\"isPartOf\":{\"@id\":\"https:\\\/\\\/www.altominho.tv\\\/site\\\/2018\\\/07\\\/27\\\/apreendidas-mais-de-18-toneladas-de-atum-rabilho-em-viana-do-castelo\\\/\"},\"author\":{\"name\":\"Andreia Ferreira\",\"@id\":\"https:\\\/\\\/www.altominho.tv\\\/site\\\/#\\\/schema\\\/person\\\/d9be4265364723f14ea8e0d56a1d38cd\"},\"headline\":\"Apreendidas mais de 18 toneladas de atum rabilho em Viana do Castelo\",\"datePublished\":\"2018-07-27T17:52:06+00:00\",\"mainEntityOfPage\":{\"@id\":\"https:\\\/\\\/www.altominho.tv\\\/site\\\/2018\\\/07\\\/27\\\/apreendidas-mais-de-18-toneladas-de-atum-rabilho-em-viana-do-castelo\\\/\"},\"wordCount\":196,\"image\":{\"@id\":\"https:\\\/\\\/www.altominho.tv\\\/site\\\/2018\\\/07\\\/27\\\/apreendidas-mais-de-18-toneladas-de-atum-rabilho-em-viana-do-castelo\\\/#primaryimage\"},\"thumbnailUrl\":\"https:\\\/\\\/www.altominho.tv\\\/site\\\/wp-content\\\/uploads\\\/2018\\\/07\\\/image.jpeg\",\"keywords\":[\"Sociedade\"],\"articleSection\":[\"Viana do Castelo\"],\"inLanguage\":\"pt-PT\",\"copyrightYear\":\"2018\",\"copyrightHolder\":{\"@id\":\"https:\\\/\\\/www.altominho.tv\\\/site\\\/#organization\"}},{\"@type\":\"WebPage\",\"@id\":\"https:\\\/\\\/www.altominho.tv\\\/site\\\/2018\\\/07\\\/27\\\/apreendidas-mais-de-18-toneladas-de-atum-rabilho-em-viana-do-castelo\\\/\",\"url\":\"https:\\\/\\\/www.altominho.tv\\\/site\\\/2018\\\/07\\\/27\\\/apreendidas-mais-de-18-toneladas-de-atum-rabilho-em-viana-do-castelo\\\/\",\"name\":\"Apreendidas mais de 18 toneladas de atum rabilho em Viana do Castelo\",\"isPartOf\":{\"@id\":\"https:\\\/\\\/www.altominho.tv\\\/site\\\/#website\"},\"primaryImageOfPage\":{\"@id\":\"https:\\\/\\\/www.altominho.tv\\\/site\\\/2018\\\/07\\\/27\\\/apreendidas-mais-de-18-toneladas-de-atum-rabilho-em-viana-do-castelo\\\/#primaryimage\"},\"image\":{\"@id\":\"https:\\\/\\\/www.altominho.tv\\\/site\\\/2018\\\/07\\\/27\\\/apreendidas-mais-de-18-toneladas-de-atum-rabilho-em-viana-do-castelo\\\/#primaryimage\"},\"thumbnailUrl\":\"https:\\\/\\\/www.altominho.tv\\\/site\\\/wp-content\\\/uploads\\\/2018\\\/07\\\/image.jpeg\",\"datePublished\":\"2018-07-27T17:52:06+00:00\",\"author\":{\"@id\":\"https:\\\/\\\/www.altominho.tv\\\/site\\\/#\\\/schema\\\/person\\\/d9be4265364723f14ea8e0d56a1d38cd\"},\"breadcrumb\":{\"@id\":\"https:\\\/\\\/www.altominho.tv\\\/site\\\/2018\\\/07\\\/27\\\/apreendidas-mais-de-18-toneladas-de-atum-rabilho-em-viana-do-castelo\\\/#breadcrumb\"},\"inLanguage\":\"pt-PT\",\"potentialAction\":[{\"@type\":\"ReadAction\",\"target\":[\"https:\\\/\\\/www.altominho.tv\\\/site\\\/2018\\\/07\\\/27\\\/apreendidas-mais-de-18-toneladas-de-atum-rabilho-em-viana-do-castelo\\\/\"]}]},{\"@type\":\"ImageObject\",\"inLanguage\":\"pt-PT\",\"@id\":\"https:\\\/\\\/www.altominho.tv\\\/site\\\/2018\\\/07\\\/27\\\/apreendidas-mais-de-18-toneladas-de-atum-rabilho-em-viana-do-castelo\\\/#primaryimage\",\"url\":\"https:\\\/\\\/www.altominho.tv\\\/site\\\/wp-content\\\/uploads\\\/2018\\\/07\\\/image.jpeg\",\"contentUrl\":\"https:\\\/\\\/www.altominho.tv\\\/site\\\/wp-content\\\/uploads\\\/2018\\\/07\\\/image.jpeg\",\"width\":744,\"height\":495},{\"@type\":\"BreadcrumbList\",\"@id\":\"https:\\\/\\\/www.altominho.tv\\\/site\\\/2018\\\/07\\\/27\\\/apreendidas-mais-de-18-toneladas-de-atum-rabilho-em-viana-do-castelo\\\/#breadcrumb\",\"itemListElement\":[{\"@type\":\"ListItem\",\"position\":1,\"name\":\"In\u00edcio\",\"item\":\"https:\\\/\\\/www.altominho.tv\\\/site\\\/\"},{\"@type\":\"ListItem\",\"position\":2,\"name\":\"Apreendidas mais de 18 toneladas de atum rabilho em Viana do Castelo\"}]},{\"@type\":\"WebSite\",\"@id\":\"https:\\\/\\\/www.altominho.tv\\\/site\\\/#website\",\"url\":\"https:\\\/\\\/www.altominho.tv\\\/site\\\/\",\"name\":\"Altominho.tv\",\"description\":\"A sua regi\u00e3o \u00e0 dist\u00e2ncia de um clique...\",\"potentialAction\":[{\"@type\":\"SearchAction\",\"target\":{\"@type\":\"EntryPoint\",\"urlTemplate\":\"https:\\\/\\\/www.altominho.tv\\\/site\\\/?s={search_term_string}\"},\"query-input\":{\"@type\":\"PropertyValueSpecification\",\"valueRequired\":true,\"valueName\":\"search_term_string\"}}],\"inLanguage\":\"pt-PT\"},{\"@type\":\"Person\",\"@id\":\"https:\\\/\\\/www.altominho.tv\\\/site\\\/#\\\/schema\\\/person\\\/d9be4265364723f14ea8e0d56a1d38cd\",\"name\":\"Andreia Ferreira\",\"image\":{\"@type\":\"ImageObject\",\"inLanguage\":\"pt-PT\",\"@id\":\"https:\\\/\\\/www.altominho.tv\\\/site\\\/wp-content\\\/uploads\\\/2021\\\/01\\\/AndreiaFerreira-150x150.jpg\",\"url\":\"https:\\\/\\\/www.altominho.tv\\\/site\\\/wp-content\\\/uploads\\\/2021\\\/01\\\/AndreiaFerreira-150x150.jpg\",\"contentUrl\":\"https:\\\/\\\/www.altominho.tv\\\/site\\\/wp-content\\\/uploads\\\/2021\\\/01\\\/AndreiaFerreira-150x150.jpg\",\"caption\":\"Andreia Ferreira\"},\"url\":\"https:\\\/\\\/www.altominho.tv\\\/site\\\/author\\\/andreiaferreira\\\/\"}]}<\/script>\n<!-- \/ Yoast SEO Premium plugin. -->","yoast_head_json":{"title":"Apreendidas mais de 18 toneladas de atum rabilho em Viana do Castelo","robots":{"index":"index","follow":"follow","max-snippet":"max-snippet:-1","max-image-preview":"max-image-preview:large","max-video-preview":"max-video-preview:-1"},"canonical":"https:\/\/www.altominho.tv\/site\/2018\/07\/27\/apreendidas-mais-de-18-toneladas-de-atum-rabilho-em-viana-do-castelo\/","og_locale":"pt_PT","og_type":"article","og_title":"Apreendidas mais de 18 toneladas de atum rabilho em Viana do Castelo","og_description":"A Unidade de Controlo Costeiro do Destacamento de Matosinhos anunciou, hoje, a apreens\u00e3o no porto de pesca de Viana do Castelo de 18.700 quilos de atum rabilho, esp\u00e9cie protegida por legisla\u00e7\u00e3o internacional devido ao risco de extin\u00e7\u00e3o. Em comunicado, aquela unidade adiantou que o pescado foi apreendido ao mesmo armador a quem, na semana passada, [&hellip;]","og_url":"https:\/\/www.altominho.tv\/site\/2018\/07\/27\/apreendidas-mais-de-18-toneladas-de-atum-rabilho-em-viana-do-castelo\/","og_site_name":"Altominho.tv","article_publisher":"https:\/\/www.facebook.com\/altominhotv","article_published_time":"2018-07-27T17:52:06+00:00","og_image":[{"width":744,"height":495,"url":"https:\/\/www.altominho.tv\/site\/wp-content\/uploads\/2018\/07\/image.jpeg","type":"image\/jpeg"}],"author":"Andreia Ferreira","twitter_card":"summary_large_image","twitter_creator":"@altominhoTV","twitter_site":"@altominhoTV","twitter_misc":{"Escrito por":"Andreia Ferreira","Tempo estimado de leitura":"1 minuto"},"schema":{"@context":"https:\/\/schema.org","@graph":[{"@type":"Article","@id":"https:\/\/www.altominho.tv\/site\/2018\/07\/27\/apreendidas-mais-de-18-toneladas-de-atum-rabilho-em-viana-do-castelo\/#article","isPartOf":{"@id":"https:\/\/www.altominho.tv\/site\/2018\/07\/27\/apreendidas-mais-de-18-toneladas-de-atum-rabilho-em-viana-do-castelo\/"},"author":{"name":"Andreia Ferreira","@id":"https:\/\/www.altominho.tv\/site\/#\/schema\/person\/d9be4265364723f14ea8e0d56a1d38cd"},"headline":"Apreendidas mais de 18 toneladas de atum rabilho em Viana do Castelo","datePublished":"2018-07-27T17:52:06+00:00","mainEntityOfPage":{"@id":"https:\/\/www.altominho.tv\/site\/2018\/07\/27\/apreendidas-mais-de-18-toneladas-de-atum-rabilho-em-viana-do-castelo\/"},"wordCount":196,"image":{"@id":"https:\/\/www.altominho.tv\/site\/2018\/07\/27\/apreendidas-mais-de-18-toneladas-de-atum-rabilho-em-viana-do-castelo\/#primaryimage"},"thumbnailUrl":"https:\/\/www.altominho.tv\/site\/wp-content\/uploads\/2018\/07\/image.jpeg","keywords":["Sociedade"],"articleSection":["Viana do Castelo"],"inLanguage":"pt-PT","copyrightYear":"2018","copyrightHolder":{"@id":"https:\/\/www.altominho.tv\/site\/#organization"}},{"@type":"WebPage","@id":"https:\/\/www.altominho.tv\/site\/2018\/07\/27\/apreendidas-mais-de-18-toneladas-de-atum-rabilho-em-viana-do-castelo\/","url":"https:\/\/www.altominho.tv\/site\/2018\/07\/27\/apreendidas-mais-de-18-toneladas-de-atum-rabilho-em-viana-do-castelo\/","name":"Apreendidas mais de 18 toneladas de atum rabilho em Viana do Castelo","isPartOf":{"@id":"https:\/\/www.altominho.tv\/site\/#website"},"primaryImageOfPage":{"@id":"https:\/\/www.altominho.tv\/site\/2018\/07\/27\/apreendidas-mais-de-18-toneladas-de-atum-rabilho-em-viana-do-castelo\/#primaryimage"},"image":{"@id":"https:\/\/www.altominho.tv\/site\/2018\/07\/27\/apreendidas-mais-de-18-toneladas-de-atum-rabilho-em-viana-do-castelo\/#primaryimage"},"thumbnailUrl":"https:\/\/www.altominho.tv\/site\/wp-content\/uploads\/2018\/07\/image.jpeg","datePublished":"2018-07-27T17:52:06+00:00","author":{"@id":"https:\/\/www.altominho.tv\/site\/#\/schema\/person\/d9be4265364723f14ea8e0d56a1d38cd"},"breadcrumb":{"@id":"https:\/\/www.altominho.tv\/site\/2018\/07\/27\/apreendidas-mais-de-18-toneladas-de-atum-rabilho-em-viana-do-castelo\/#breadcrumb"},"inLanguage":"pt-PT","potentialAction":[{"@type":"ReadAction","target":["https:\/\/www.altominho.tv\/site\/2018\/07\/27\/apreendidas-mais-de-18-toneladas-de-atum-rabilho-em-viana-do-castelo\/"]}]},{"@type":"ImageObject","inLanguage":"pt-PT","@id":"https:\/\/www.altominho.tv\/site\/2018\/07\/27\/apreendidas-mais-de-18-toneladas-de-atum-rabilho-em-viana-do-castelo\/#primaryimage","url":"https:\/\/www.altominho.tv\/site\/wp-content\/uploads\/2018\/07\/image.jpeg","contentUrl":"https:\/\/www.altominho.tv\/site\/wp-content\/uploads\/2018\/07\/image.jpeg","width":744,"height":495},{"@type":"BreadcrumbList","@id":"https:\/\/www.altominho.tv\/site\/2018\/07\/27\/apreendidas-mais-de-18-toneladas-de-atum-rabilho-em-viana-do-castelo\/#breadcrumb","itemListElement":[{"@type":"ListItem","position":1,"name":"In\u00edcio","item":"https:\/\/www.altominho.tv\/site\/"},{"@type":"ListItem","position":2,"name":"Apreendidas mais de 18 toneladas de atum rabilho em Viana do Castelo"}]},{"@type":"WebSite","@id":"https:\/\/www.altominho.tv\/site\/#website","url":"https:\/\/www.altominho.tv\/site\/","name":"Altominho.tv","description":"A sua regi\u00e3o \u00e0 dist\u00e2ncia de um clique...","potentialAction":[{"@type":"SearchAction","target":{"@type":"EntryPoint","urlTemplate":"https:\/\/www.altominho.tv\/site\/?s={search_term_string}"},"query-input":{"@type":"PropertyValueSpecification","valueRequired":true,"valueName":"search_term_string"}}],"inLanguage":"pt-PT"},{"@type":"Person","@id":"https:\/\/www.altominho.tv\/site\/#\/schema\/person\/d9be4265364723f14ea8e0d56a1d38cd","name":"Andreia Ferreira","image":{"@type":"ImageObject","inLanguage":"pt-PT","@id":"https:\/\/www.altominho.tv\/site\/wp-content\/uploads\/2021\/01\/AndreiaFerreira-150x150.jpg","url":"https:\/\/www.altominho.tv\/site\/wp-content\/uploads\/2021\/01\/AndreiaFerreira-150x150.jpg","contentUrl":"https:\/\/www.altominho.tv\/site\/wp-content\/uploads\/2021\/01\/AndreiaFerreira-150x150.jpg","caption":"Andreia Ferreira"},"url":"https:\/\/www.altominho.tv\/site\/author\/andreiaferreira\/"}]}},"_links":{"self":[{"href":"https:\/\/www.altominho.tv\/site\/wp-json\/wp\/v2\/posts\/16962","targetHints":{"allow":["GET"]}}],"collection":[{"href":"https:\/\/www.altominho.tv\/site\/wp-json\/wp\/v2\/posts"}],"about":[{"href":"https:\/\/www.altominho.tv\/site\/wp-json\/wp\/v2\/types\/post"}],"author":[{"embeddable":true,"href":"https:\/\/www.altominho.tv\/site\/wp-json\/wp\/v2\/users\/12"}],"replies":[{"embeddable":true,"href":"https:\/\/www.altominho.tv\/site\/wp-json\/wp\/v2\/comments?post=16962"}],"version-history":[{"count":0,"href":"https:\/\/www.altominho.tv\/site\/wp-json\/wp\/v2\/posts\/16962\/revisions"}],"wp:featuredmedia":[{"embeddable":true,"href":"https:\/\/www.altominho.tv\/site\/wp-json\/wp\/v2\/media\/16963"}],"wp:attachment":[{"href":"https:\/\/www.altominho.tv\/site\/wp-json\/wp\/v2\/media?parent=16962"}],"wp:term":[{"taxonomy":"category","embeddable":true,"href":"https:\/\/www.altominho.tv\/site\/wp-json\/wp\/v2\/categories?post=16962"},{"taxonomy":"post_tag","embeddable":true,"href":"https:\/\/www.altominho.tv\/site\/wp-json\/wp\/v2\/tags?post=16962"}],"curies":[{"name":"wp","href":"https:\/\/api.w.org\/{rel}","templated":true}]}}