{"id":16959,"date":"2018-07-27T18:37:42","date_gmt":"2018-07-27T17:37:42","guid":{"rendered":"http:\/\/www.altominho.tv\/site\/?p=16959"},"modified":"2018-07-30T10:36:04","modified_gmt":"2018-07-30T09:36:04","slug":"primeiros-comboios-eletricos-chegam-a-viana-do-castelo-ainda-este-ano","status":"publish","type":"post","link":"https:\/\/www.altominho.tv\/site\/2018\/07\/27\/primeiros-comboios-eletricos-chegam-a-viana-do-castelo-ainda-este-ano\/","title":{"rendered":"Primeiros comboios el\u00e9tricos chegam a Viana do Castelo \u201cainda este ano\u201d"},"content":{"rendered":"<p>O vice-presidente da Infraestruturas de Portugal (IP), Carlos Fernandes, disse hoje, em Valen\u00e7a, que os primeiros comboios el\u00e9tricos devem chegar, ainda este ano, a Viana do Castelo e, at\u00e9 in\u00edcio de 2020, a Valen\u00e7a.<\/p>\n<p>&#8220;Faltam poucas semanas para a conclus\u00e3o dos trabalhos do tro\u00e7o entre Nine (Braga) e Viana do Castelo. &#8220;Os primeiros comboios el\u00e9tricos podem circular at\u00e9 Viana do Castelo ainda este ano&#8221;, afirmou durante a apresenta\u00e7\u00e3o da segunda fase da empreitada de moderniza\u00e7\u00e3o do tro\u00e7o entre Viana do Castelo e Valen\u00e7a da Linha do Minho, hoje consignada, num investimento de 18,1 milh\u00f5es de euros e com prazo de execu\u00e7\u00e3o de 22 meses.<\/p>\n<p>No final da sess\u00e3o, em declara\u00e7\u00f5es aos jornalistas, o ministro do Planeamento e das Infraestruturas, Pedro Marques, disse que a &#8220;expectativa&#8221; do Governo \u00e9 a de ter a moderniza\u00e7\u00e3o e eletrifica\u00e7\u00e3o dos 134 quil\u00f3metros daquela liga\u00e7\u00e3o ferrovi\u00e1ria internacional conclu\u00edda &#8220;no in\u00edcio de 2020, num investimento de mais de 80 milh\u00f5es de euros&#8221;.<\/p>\n<p>&#8220;\u00c9 essa \u00e9 a nossa expectativa&#8221;, disse Pedro Marques, refor\u00e7ando a import\u00e2ncia daquela obra para a &#8220;competitividade do Noroeste Peninsular, para a redu\u00e7\u00e3o do tempo de transporte e para o aumento da qualidade do servi\u00e7o prestado, da seguran\u00e7a e da efici\u00eancia&#8221;.<\/p>\n<p>Disse existirem &#8220;compromissos m\u00fatuos &#8220;, com o Governo espanhol, para que a moderniza\u00e7\u00e3o da linha do Minho seja conclu\u00edda, ao mesmo tempo, nos dois lados da fronteira, referindo-se aos cinco quil\u00f3metros que faltam, junto \u00e0 fronteira, de eletrifica\u00e7\u00e3o do lado espanhol.<\/p>\n<p>A eletrifica\u00e7\u00e3o e moderniza\u00e7\u00e3o daquela liga\u00e7\u00e3o ferrovi\u00e1ria internacional est\u00e1 inclu\u00edda no Plano de Investimentos em Infraestruturas Ferrovia 2020 e representa &#8220;um investimento de 83 milh\u00f5es de euros&#8221;.<\/p>\n<p>Estas obras permitir\u00e3o que a liga\u00e7\u00e3o ferrovi\u00e1ria por Alfa Pendular possa chegar a Valen\u00e7a, perto da fronteira com Espanha e com a cidade de Tui, ficando a faltar, do lado espanhol, a liga\u00e7\u00e3o a Vigo, uma antiga reivindica\u00e7\u00e3o do Eixo Atl\u00e2ntico, organismo que congrega 38 munic\u00edpios portugueses e galegos.<\/p>\n<p>Para criar um corredor de liga\u00e7\u00e3o ferrovi\u00e1ria em alta velocidade entre o norte da Galiza e Lisboa, que permita a alta velocidade do lado espanhol, faltam 30 quil\u00f3metros entre Vigo e a fronteira portuguesa devidamente eletrificados e modernizados e uma sa\u00edda da linha a sul de Vigo.<\/p>\n<p>Presentes no encontro, o presidente do Eixo Atl\u00e2ntico, Alfredo Garc\u00eda e o secret\u00e1rio-geral, Xo\u00e1n V\u00e1zquez Mao, felicitaram o Governo portugu\u00eas por \u201cfazer eco das peti\u00e7\u00f5es da entidade e apostar na melhoria das comunica\u00e7\u00f5es ferrovi\u00e1rias para a Galiza\u201d.<\/p>\n<p>\u201cUma vez finalizado o ato, num breve encontro com o presidente do Eixo e o secret\u00e1rio-geral, acordaram uma reuni\u00e3o em Lisboa, em setembro, para falar do Segundo Pacote de Infraestruturas 2021-2028\u201d, refere em comunicado o organismo que congrega 38 munic\u00edpios portugueses e galegos.<\/p>\n","protected":false},"excerpt":{"rendered":"<p>O vice-presidente da Infraestruturas de Portugal (IP), Carlos Fernandes, disse hoje, em Valen\u00e7a, que os primeiros comboios el\u00e9tricos devem chegar, ainda este ano, a Viana do Castelo e, at\u00e9 in\u00edcio de 2020, a Valen\u00e7a. &#8220;Faltam poucas semanas para a conclus\u00e3o dos trabalhos do tro\u00e7o entre Nine (Braga) e Viana do Castelo. &#8220;Os primeiros comboios el\u00e9tricos [&hellip;]<\/p>\n","protected":false},"author":12,"featured_media":16960,"comment_status":"closed","ping_status":"closed","sticky":false,"template":"","format":"standard","meta":{"_exactmetrics_skip_tracking":false,"_exactmetrics_sitenote_active":false,"_exactmetrics_sitenote_note":"","_exactmetrics_sitenote_category":0,"footnotes":""},"categories":[14],"tags":[27],"class_list":["post-16959","post","type-post","status-publish","format-standard","has-post-thumbnail","hentry","category-viana-do-castelo","tag-sociedade"],"yoast_head":"<!-- This site is optimized with the Yoast SEO Premium plugin v27.5 (Yoast SEO v27.5) - https:\/\/yoast.com\/product\/yoast-seo-premium-wordpress\/ -->\n<title>Primeiros comboios el\u00e9tricos chegam a Viana do Castelo \u201cainda este ano\u201d<\/title>\n<meta name=\"robots\" content=\"index, follow, max-snippet:-1, max-image-preview:large, max-video-preview:-1\" \/>\n<link rel=\"canonical\" href=\"https:\/\/www.altominho.tv\/site\/2018\/07\/27\/primeiros-comboios-eletricos-chegam-a-viana-do-castelo-ainda-este-ano\/\" \/>\n<meta property=\"og:locale\" content=\"pt_PT\" \/>\n<meta property=\"og:type\" content=\"article\" \/>\n<meta property=\"og:title\" content=\"Primeiros comboios el\u00e9tricos chegam a Viana do Castelo \u201cainda este ano\u201d\" \/>\n<meta property=\"og:description\" content=\"O vice-presidente da Infraestruturas de Portugal (IP), Carlos Fernandes, disse hoje, em Valen\u00e7a, que os primeiros comboios el\u00e9tricos devem chegar, ainda este ano, a Viana do Castelo e, at\u00e9 in\u00edcio de 2020, a Valen\u00e7a. &#8220;Faltam poucas semanas para a conclus\u00e3o dos trabalhos do tro\u00e7o entre Nine (Braga) e Viana do Castelo. &#8220;Os primeiros comboios el\u00e9tricos [&hellip;]\" \/>\n<meta property=\"og:url\" content=\"https:\/\/www.altominho.tv\/site\/2018\/07\/27\/primeiros-comboios-eletricos-chegam-a-viana-do-castelo-ainda-este-ano\/\" \/>\n<meta property=\"og:site_name\" content=\"Altominho.tv\" \/>\n<meta property=\"article:publisher\" content=\"https:\/\/www.facebook.com\/altominhotv\" \/>\n<meta property=\"article:published_time\" content=\"2018-07-27T17:37:42+00:00\" \/>\n<meta property=\"article:modified_time\" content=\"2018-07-30T09:36:04+00:00\" \/>\n<meta property=\"og:image\" content=\"https:\/\/www.altominho.tv\/site\/wp-content\/uploads\/2018\/07\/linha-do-minho.jpg\" \/>\n\t<meta property=\"og:image:width\" content=\"730\" \/>\n\t<meta property=\"og:image:height\" content=\"400\" \/>\n\t<meta property=\"og:image:type\" content=\"image\/jpeg\" \/>\n<meta name=\"author\" content=\"Andreia Ferreira\" \/>\n<meta name=\"twitter:card\" content=\"summary_large_image\" \/>\n<meta name=\"twitter:creator\" content=\"@altominhoTV\" \/>\n<meta name=\"twitter:site\" content=\"@altominhoTV\" \/>\n<meta name=\"twitter:label1\" content=\"Escrito por\" \/>\n\t<meta name=\"twitter:data1\" content=\"Andreia Ferreira\" \/>\n\t<meta name=\"twitter:label2\" content=\"Tempo estimado de leitura\" \/>\n\t<meta name=\"twitter:data2\" content=\"2 minutos\" \/>\n<script type=\"application\/ld+json\" class=\"yoast-schema-graph\">{\"@context\":\"https:\\\/\\\/schema.org\",\"@graph\":[{\"@type\":\"Article\",\"@id\":\"https:\\\/\\\/www.altominho.tv\\\/site\\\/2018\\\/07\\\/27\\\/primeiros-comboios-eletricos-chegam-a-viana-do-castelo-ainda-este-ano\\\/#article\",\"isPartOf\":{\"@id\":\"https:\\\/\\\/www.altominho.tv\\\/site\\\/2018\\\/07\\\/27\\\/primeiros-comboios-eletricos-chegam-a-viana-do-castelo-ainda-este-ano\\\/\"},\"author\":{\"name\":\"Andreia Ferreira\",\"@id\":\"https:\\\/\\\/www.altominho.tv\\\/site\\\/#\\\/schema\\\/person\\\/d9be4265364723f14ea8e0d56a1d38cd\"},\"headline\":\"Primeiros comboios el\u00e9tricos chegam a Viana do Castelo \u201cainda este ano\u201d\",\"datePublished\":\"2018-07-27T17:37:42+00:00\",\"dateModified\":\"2018-07-30T09:36:04+00:00\",\"mainEntityOfPage\":{\"@id\":\"https:\\\/\\\/www.altominho.tv\\\/site\\\/2018\\\/07\\\/27\\\/primeiros-comboios-eletricos-chegam-a-viana-do-castelo-ainda-este-ano\\\/\"},\"wordCount\":501,\"image\":{\"@id\":\"https:\\\/\\\/www.altominho.tv\\\/site\\\/2018\\\/07\\\/27\\\/primeiros-comboios-eletricos-chegam-a-viana-do-castelo-ainda-este-ano\\\/#primaryimage\"},\"thumbnailUrl\":\"https:\\\/\\\/www.altominho.tv\\\/site\\\/wp-content\\\/uploads\\\/2018\\\/07\\\/linha-do-minho.jpg\",\"keywords\":[\"Sociedade\"],\"articleSection\":[\"Viana do Castelo\"],\"inLanguage\":\"pt-PT\",\"copyrightYear\":\"2018\",\"copyrightHolder\":{\"@id\":\"https:\\\/\\\/www.altominho.tv\\\/site\\\/#organization\"}},{\"@type\":\"WebPage\",\"@id\":\"https:\\\/\\\/www.altominho.tv\\\/site\\\/2018\\\/07\\\/27\\\/primeiros-comboios-eletricos-chegam-a-viana-do-castelo-ainda-este-ano\\\/\",\"url\":\"https:\\\/\\\/www.altominho.tv\\\/site\\\/2018\\\/07\\\/27\\\/primeiros-comboios-eletricos-chegam-a-viana-do-castelo-ainda-este-ano\\\/\",\"name\":\"Primeiros comboios el\u00e9tricos chegam a Viana do Castelo \u201cainda este ano\u201d\",\"isPartOf\":{\"@id\":\"https:\\\/\\\/www.altominho.tv\\\/site\\\/#website\"},\"primaryImageOfPage\":{\"@id\":\"https:\\\/\\\/www.altominho.tv\\\/site\\\/2018\\\/07\\\/27\\\/primeiros-comboios-eletricos-chegam-a-viana-do-castelo-ainda-este-ano\\\/#primaryimage\"},\"image\":{\"@id\":\"https:\\\/\\\/www.altominho.tv\\\/site\\\/2018\\\/07\\\/27\\\/primeiros-comboios-eletricos-chegam-a-viana-do-castelo-ainda-este-ano\\\/#primaryimage\"},\"thumbnailUrl\":\"https:\\\/\\\/www.altominho.tv\\\/site\\\/wp-content\\\/uploads\\\/2018\\\/07\\\/linha-do-minho.jpg\",\"datePublished\":\"2018-07-27T17:37:42+00:00\",\"dateModified\":\"2018-07-30T09:36:04+00:00\",\"author\":{\"@id\":\"https:\\\/\\\/www.altominho.tv\\\/site\\\/#\\\/schema\\\/person\\\/d9be4265364723f14ea8e0d56a1d38cd\"},\"breadcrumb\":{\"@id\":\"https:\\\/\\\/www.altominho.tv\\\/site\\\/2018\\\/07\\\/27\\\/primeiros-comboios-eletricos-chegam-a-viana-do-castelo-ainda-este-ano\\\/#breadcrumb\"},\"inLanguage\":\"pt-PT\",\"potentialAction\":[{\"@type\":\"ReadAction\",\"target\":[\"https:\\\/\\\/www.altominho.tv\\\/site\\\/2018\\\/07\\\/27\\\/primeiros-comboios-eletricos-chegam-a-viana-do-castelo-ainda-este-ano\\\/\"]}]},{\"@type\":\"ImageObject\",\"inLanguage\":\"pt-PT\",\"@id\":\"https:\\\/\\\/www.altominho.tv\\\/site\\\/2018\\\/07\\\/27\\\/primeiros-comboios-eletricos-chegam-a-viana-do-castelo-ainda-este-ano\\\/#primaryimage\",\"url\":\"https:\\\/\\\/www.altominho.tv\\\/site\\\/wp-content\\\/uploads\\\/2018\\\/07\\\/linha-do-minho.jpg\",\"contentUrl\":\"https:\\\/\\\/www.altominho.tv\\\/site\\\/wp-content\\\/uploads\\\/2018\\\/07\\\/linha-do-minho.jpg\",\"width\":730,\"height\":400},{\"@type\":\"BreadcrumbList\",\"@id\":\"https:\\\/\\\/www.altominho.tv\\\/site\\\/2018\\\/07\\\/27\\\/primeiros-comboios-eletricos-chegam-a-viana-do-castelo-ainda-este-ano\\\/#breadcrumb\",\"itemListElement\":[{\"@type\":\"ListItem\",\"position\":1,\"name\":\"In\u00edcio\",\"item\":\"https:\\\/\\\/www.altominho.tv\\\/site\\\/\"},{\"@type\":\"ListItem\",\"position\":2,\"name\":\"Primeiros comboios el\u00e9tricos chegam a Viana do Castelo \u201cainda este ano\u201d\"}]},{\"@type\":\"WebSite\",\"@id\":\"https:\\\/\\\/www.altominho.tv\\\/site\\\/#website\",\"url\":\"https:\\\/\\\/www.altominho.tv\\\/site\\\/\",\"name\":\"Altominho.tv\",\"description\":\"A sua regi\u00e3o \u00e0 dist\u00e2ncia de um clique...\",\"potentialAction\":[{\"@type\":\"SearchAction\",\"target\":{\"@type\":\"EntryPoint\",\"urlTemplate\":\"https:\\\/\\\/www.altominho.tv\\\/site\\\/?s={search_term_string}\"},\"query-input\":{\"@type\":\"PropertyValueSpecification\",\"valueRequired\":true,\"valueName\":\"search_term_string\"}}],\"inLanguage\":\"pt-PT\"},{\"@type\":\"Person\",\"@id\":\"https:\\\/\\\/www.altominho.tv\\\/site\\\/#\\\/schema\\\/person\\\/d9be4265364723f14ea8e0d56a1d38cd\",\"name\":\"Andreia Ferreira\",\"image\":{\"@type\":\"ImageObject\",\"inLanguage\":\"pt-PT\",\"@id\":\"https:\\\/\\\/www.altominho.tv\\\/site\\\/wp-content\\\/uploads\\\/2021\\\/01\\\/AndreiaFerreira-150x150.jpg\",\"url\":\"https:\\\/\\\/www.altominho.tv\\\/site\\\/wp-content\\\/uploads\\\/2021\\\/01\\\/AndreiaFerreira-150x150.jpg\",\"contentUrl\":\"https:\\\/\\\/www.altominho.tv\\\/site\\\/wp-content\\\/uploads\\\/2021\\\/01\\\/AndreiaFerreira-150x150.jpg\",\"caption\":\"Andreia Ferreira\"},\"url\":\"https:\\\/\\\/www.altominho.tv\\\/site\\\/author\\\/andreiaferreira\\\/\"}]}<\/script>\n<!-- \/ Yoast SEO Premium plugin. -->","yoast_head_json":{"title":"Primeiros comboios el\u00e9tricos chegam a Viana do Castelo \u201cainda este ano\u201d","robots":{"index":"index","follow":"follow","max-snippet":"max-snippet:-1","max-image-preview":"max-image-preview:large","max-video-preview":"max-video-preview:-1"},"canonical":"https:\/\/www.altominho.tv\/site\/2018\/07\/27\/primeiros-comboios-eletricos-chegam-a-viana-do-castelo-ainda-este-ano\/","og_locale":"pt_PT","og_type":"article","og_title":"Primeiros comboios el\u00e9tricos chegam a Viana do Castelo \u201cainda este ano\u201d","og_description":"O vice-presidente da Infraestruturas de Portugal (IP), Carlos Fernandes, disse hoje, em Valen\u00e7a, que os primeiros comboios el\u00e9tricos devem chegar, ainda este ano, a Viana do Castelo e, at\u00e9 in\u00edcio de 2020, a Valen\u00e7a. &#8220;Faltam poucas semanas para a conclus\u00e3o dos trabalhos do tro\u00e7o entre Nine (Braga) e Viana do Castelo. &#8220;Os primeiros comboios el\u00e9tricos [&hellip;]","og_url":"https:\/\/www.altominho.tv\/site\/2018\/07\/27\/primeiros-comboios-eletricos-chegam-a-viana-do-castelo-ainda-este-ano\/","og_site_name":"Altominho.tv","article_publisher":"https:\/\/www.facebook.com\/altominhotv","article_published_time":"2018-07-27T17:37:42+00:00","article_modified_time":"2018-07-30T09:36:04+00:00","og_image":[{"width":730,"height":400,"url":"https:\/\/www.altominho.tv\/site\/wp-content\/uploads\/2018\/07\/linha-do-minho.jpg","type":"image\/jpeg"}],"author":"Andreia Ferreira","twitter_card":"summary_large_image","twitter_creator":"@altominhoTV","twitter_site":"@altominhoTV","twitter_misc":{"Escrito por":"Andreia Ferreira","Tempo estimado de leitura":"2 minutos"},"schema":{"@context":"https:\/\/schema.org","@graph":[{"@type":"Article","@id":"https:\/\/www.altominho.tv\/site\/2018\/07\/27\/primeiros-comboios-eletricos-chegam-a-viana-do-castelo-ainda-este-ano\/#article","isPartOf":{"@id":"https:\/\/www.altominho.tv\/site\/2018\/07\/27\/primeiros-comboios-eletricos-chegam-a-viana-do-castelo-ainda-este-ano\/"},"author":{"name":"Andreia Ferreira","@id":"https:\/\/www.altominho.tv\/site\/#\/schema\/person\/d9be4265364723f14ea8e0d56a1d38cd"},"headline":"Primeiros comboios el\u00e9tricos chegam a Viana do Castelo \u201cainda este ano\u201d","datePublished":"2018-07-27T17:37:42+00:00","dateModified":"2018-07-30T09:36:04+00:00","mainEntityOfPage":{"@id":"https:\/\/www.altominho.tv\/site\/2018\/07\/27\/primeiros-comboios-eletricos-chegam-a-viana-do-castelo-ainda-este-ano\/"},"wordCount":501,"image":{"@id":"https:\/\/www.altominho.tv\/site\/2018\/07\/27\/primeiros-comboios-eletricos-chegam-a-viana-do-castelo-ainda-este-ano\/#primaryimage"},"thumbnailUrl":"https:\/\/www.altominho.tv\/site\/wp-content\/uploads\/2018\/07\/linha-do-minho.jpg","keywords":["Sociedade"],"articleSection":["Viana do Castelo"],"inLanguage":"pt-PT","copyrightYear":"2018","copyrightHolder":{"@id":"https:\/\/www.altominho.tv\/site\/#organization"}},{"@type":"WebPage","@id":"https:\/\/www.altominho.tv\/site\/2018\/07\/27\/primeiros-comboios-eletricos-chegam-a-viana-do-castelo-ainda-este-ano\/","url":"https:\/\/www.altominho.tv\/site\/2018\/07\/27\/primeiros-comboios-eletricos-chegam-a-viana-do-castelo-ainda-este-ano\/","name":"Primeiros comboios el\u00e9tricos chegam a Viana do Castelo \u201cainda este ano\u201d","isPartOf":{"@id":"https:\/\/www.altominho.tv\/site\/#website"},"primaryImageOfPage":{"@id":"https:\/\/www.altominho.tv\/site\/2018\/07\/27\/primeiros-comboios-eletricos-chegam-a-viana-do-castelo-ainda-este-ano\/#primaryimage"},"image":{"@id":"https:\/\/www.altominho.tv\/site\/2018\/07\/27\/primeiros-comboios-eletricos-chegam-a-viana-do-castelo-ainda-este-ano\/#primaryimage"},"thumbnailUrl":"https:\/\/www.altominho.tv\/site\/wp-content\/uploads\/2018\/07\/linha-do-minho.jpg","datePublished":"2018-07-27T17:37:42+00:00","dateModified":"2018-07-30T09:36:04+00:00","author":{"@id":"https:\/\/www.altominho.tv\/site\/#\/schema\/person\/d9be4265364723f14ea8e0d56a1d38cd"},"breadcrumb":{"@id":"https:\/\/www.altominho.tv\/site\/2018\/07\/27\/primeiros-comboios-eletricos-chegam-a-viana-do-castelo-ainda-este-ano\/#breadcrumb"},"inLanguage":"pt-PT","potentialAction":[{"@type":"ReadAction","target":["https:\/\/www.altominho.tv\/site\/2018\/07\/27\/primeiros-comboios-eletricos-chegam-a-viana-do-castelo-ainda-este-ano\/"]}]},{"@type":"ImageObject","inLanguage":"pt-PT","@id":"https:\/\/www.altominho.tv\/site\/2018\/07\/27\/primeiros-comboios-eletricos-chegam-a-viana-do-castelo-ainda-este-ano\/#primaryimage","url":"https:\/\/www.altominho.tv\/site\/wp-content\/uploads\/2018\/07\/linha-do-minho.jpg","contentUrl":"https:\/\/www.altominho.tv\/site\/wp-content\/uploads\/2018\/07\/linha-do-minho.jpg","width":730,"height":400},{"@type":"BreadcrumbList","@id":"https:\/\/www.altominho.tv\/site\/2018\/07\/27\/primeiros-comboios-eletricos-chegam-a-viana-do-castelo-ainda-este-ano\/#breadcrumb","itemListElement":[{"@type":"ListItem","position":1,"name":"In\u00edcio","item":"https:\/\/www.altominho.tv\/site\/"},{"@type":"ListItem","position":2,"name":"Primeiros comboios el\u00e9tricos chegam a Viana do Castelo \u201cainda este ano\u201d"}]},{"@type":"WebSite","@id":"https:\/\/www.altominho.tv\/site\/#website","url":"https:\/\/www.altominho.tv\/site\/","name":"Altominho.tv","description":"A sua regi\u00e3o \u00e0 dist\u00e2ncia de um clique...","potentialAction":[{"@type":"SearchAction","target":{"@type":"EntryPoint","urlTemplate":"https:\/\/www.altominho.tv\/site\/?s={search_term_string}"},"query-input":{"@type":"PropertyValueSpecification","valueRequired":true,"valueName":"search_term_string"}}],"inLanguage":"pt-PT"},{"@type":"Person","@id":"https:\/\/www.altominho.tv\/site\/#\/schema\/person\/d9be4265364723f14ea8e0d56a1d38cd","name":"Andreia Ferreira","image":{"@type":"ImageObject","inLanguage":"pt-PT","@id":"https:\/\/www.altominho.tv\/site\/wp-content\/uploads\/2021\/01\/AndreiaFerreira-150x150.jpg","url":"https:\/\/www.altominho.tv\/site\/wp-content\/uploads\/2021\/01\/AndreiaFerreira-150x150.jpg","contentUrl":"https:\/\/www.altominho.tv\/site\/wp-content\/uploads\/2021\/01\/AndreiaFerreira-150x150.jpg","caption":"Andreia Ferreira"},"url":"https:\/\/www.altominho.tv\/site\/author\/andreiaferreira\/"}]}},"_links":{"self":[{"href":"https:\/\/www.altominho.tv\/site\/wp-json\/wp\/v2\/posts\/16959","targetHints":{"allow":["GET"]}}],"collection":[{"href":"https:\/\/www.altominho.tv\/site\/wp-json\/wp\/v2\/posts"}],"about":[{"href":"https:\/\/www.altominho.tv\/site\/wp-json\/wp\/v2\/types\/post"}],"author":[{"embeddable":true,"href":"https:\/\/www.altominho.tv\/site\/wp-json\/wp\/v2\/users\/12"}],"replies":[{"embeddable":true,"href":"https:\/\/www.altominho.tv\/site\/wp-json\/wp\/v2\/comments?post=16959"}],"version-history":[{"count":0,"href":"https:\/\/www.altominho.tv\/site\/wp-json\/wp\/v2\/posts\/16959\/revisions"}],"wp:featuredmedia":[{"embeddable":true,"href":"https:\/\/www.altominho.tv\/site\/wp-json\/wp\/v2\/media\/16960"}],"wp:attachment":[{"href":"https:\/\/www.altominho.tv\/site\/wp-json\/wp\/v2\/media?parent=16959"}],"wp:term":[{"taxonomy":"category","embeddable":true,"href":"https:\/\/www.altominho.tv\/site\/wp-json\/wp\/v2\/categories?post=16959"},{"taxonomy":"post_tag","embeddable":true,"href":"https:\/\/www.altominho.tv\/site\/wp-json\/wp\/v2\/tags?post=16959"}],"curies":[{"name":"wp","href":"https:\/\/api.w.org\/{rel}","templated":true}]}}