{"id":16916,"date":"2018-07-26T14:02:36","date_gmt":"2018-07-26T13:02:36","guid":{"rendered":"http:\/\/www.altominho.tv\/site\/?p=16916"},"modified":"2018-07-26T14:02:36","modified_gmt":"2018-07-26T13:02:36","slug":"grupo-frances-bontaz-cria-centro-de-id-em-viana-e-emprega-100-trabalhadores","status":"publish","type":"post","link":"https:\/\/www.altominho.tv\/site\/2018\/07\/26\/grupo-frances-bontaz-cria-centro-de-id-em-viana-e-emprega-100-trabalhadores\/","title":{"rendered":"Grupo franc\u00eas Bontaz cria centro de I&amp;D em Viana e emprega 100 trabalhadores"},"content":{"rendered":"<p>O grupo franc\u00eas Bontaz, que produz componentes para motores de autom\u00f3veis, vai abrir um centro de investiga\u00e7\u00e3o e desenvolvimento (I&amp;D) no parque empresarial de Lanheses, Viana do Castelo, e empregar 100 trabalhadores, anunciou hoje a adjudicat\u00e1ria da obra.<\/p>\n<p>A construtora &#8220;Garcia Garcia&#8221; referiu, em comunicado, que a obra &#8220;estar\u00e1 conclu\u00edda no final de julho&#8221;, sendo que, em Viana do Castelo, o projeto da Bontaz, que produz pe\u00e7as para marcas como BMW, Mercedes, Ferrari ou Porsche, &#8220;prev\u00ea mais duas fases de expans\u00e3o e um total, de 800 postos de trabalho&#8221;.<\/p>\n<p>&#8220;Para j\u00e1, ser\u00e3o criados 100 postos de trabalho diretos mas, se as fases posteriores (unidade de usinagem e unidade de torneamento mec\u00e2nico) avan\u00e7arem, estima-se a cria\u00e7\u00e3o de mais 700 postos de trabalhos&#8221;, adiantou a construtora.<\/p>\n<p>O centro de I&amp;D, &#8220;dar\u00e1 resposta aos novos desafios do mercado e projetar\u00e1 o futuro da ind\u00fastria&#8221;, permitindo &#8220;criar e desenvolver linhas de produ\u00e7\u00e3o mais eficientes e que contribuam para a excel\u00eancia do processo de fabrico e dos pr\u00f3prios produtos&#8221;.<\/p>\n<p>A constru\u00e7\u00e3o do centro I&amp;D da Bontaz &#8220;arrancou em julho do ano passado e a terraplanagem do terreno obrigou a movimentar cerca de 180.000 metros c\u00fabicos de terra&#8221;.<\/p>\n<p>O edif\u00edcio est\u00e1 implantado na zona mais elevada no parque empresarial de Lanheses, dividindo-se &#8220;em dois grandes volumes destinados \u00e0 \u00e1rea administrativa e o centro I&amp;D que &#8220;ir\u00e1 contar com uma \u00e1rea de Engenharia e Desenvolvimento, Laborat\u00f3rios, \u00e1rea de Prototipagem, de Desenvolvimento de Linhas e de Testes&#8221;.<\/p>\n<p>J\u00e1 o &#8220;bloco administrativo e social, para al\u00e9m de uma moderna \u00e1rea de escrit\u00f3rios, ir\u00e1 receber uma cantina, balne\u00e1rios e outras \u00e1reas de suporte aos trabalhadores&#8221;.<\/p>\n<p>Em junho de 2017, na C\u00e2mara de Viana do Castelo, durante a apresenta\u00e7\u00e3o do projeto da multinacional francesa, a Bontaz informou que o investimento naquele empreendimento industrial ronda os 25 milh\u00f5es de euros.<\/p>\n<p>Na altura, aos jornalistas, o administrador do Bontaz Centre, Daniel Anghelone, afirmou que o projeto &#8220;esteve, inicialmente, previsto para o Porto, mas a proximidade de Viana do Castelo a Fran\u00e7a e a cultura autom\u00f3vel j\u00e1 instalada no concelho determinaram a op\u00e7\u00e3o pela capital do Alto Minho&#8221;.<\/p>\n<p>O grupo \u00e9 um dos l\u00edderes de mercado na produ\u00e7\u00e3o de pe\u00e7as autom\u00f3veis, especializado na conce\u00e7\u00e3o e fabrico de componentes para motores de todas as marcas de autom\u00f3veis.<\/p>\n<p>No total, emprega mais de 4.000 trabalhadores em Fran\u00e7a, Su\u00ed\u00e7a, EUA, China, \u00cdndia entre outros pa\u00edses.<\/p>\n","protected":false},"excerpt":{"rendered":"<p>O grupo franc\u00eas Bontaz, que produz componentes para motores de autom\u00f3veis, vai abrir um centro de investiga\u00e7\u00e3o e desenvolvimento (I&amp;D) no parque empresarial de Lanheses, Viana do Castelo, e empregar 100 trabalhadores, anunciou hoje a adjudicat\u00e1ria da obra. A construtora &#8220;Garcia Garcia&#8221; referiu, em comunicado, que a obra &#8220;estar\u00e1 conclu\u00edda no final de julho&#8221;, sendo [&hellip;]<\/p>\n","protected":false},"author":7,"featured_media":16917,"comment_status":"closed","ping_status":"closed","sticky":false,"template":"","format":"standard","meta":{"_exactmetrics_skip_tracking":false,"_exactmetrics_sitenote_active":false,"_exactmetrics_sitenote_note":"","_exactmetrics_sitenote_category":0,"footnotes":""},"categories":[14],"tags":[27],"class_list":["post-16916","post","type-post","status-publish","format-standard","has-post-thumbnail","hentry","category-viana-do-castelo","tag-sociedade"],"yoast_head":"<!-- This site is optimized with the Yoast SEO Premium plugin v27.5 (Yoast SEO v27.5) - https:\/\/yoast.com\/product\/yoast-seo-premium-wordpress\/ -->\n<title>Grupo franc\u00eas Bontaz cria centro de I&amp;D em Viana e emprega 100 trabalhadores<\/title>\n<meta name=\"robots\" content=\"index, follow, max-snippet:-1, max-image-preview:large, max-video-preview:-1\" \/>\n<link rel=\"canonical\" href=\"https:\/\/www.altominho.tv\/site\/2018\/07\/26\/grupo-frances-bontaz-cria-centro-de-id-em-viana-e-emprega-100-trabalhadores\/\" \/>\n<meta property=\"og:locale\" content=\"pt_PT\" \/>\n<meta property=\"og:type\" content=\"article\" \/>\n<meta property=\"og:title\" content=\"Grupo franc\u00eas Bontaz cria centro de I&amp;D em Viana e emprega 100 trabalhadores\" \/>\n<meta property=\"og:description\" content=\"O grupo franc\u00eas Bontaz, que produz componentes para motores de autom\u00f3veis, vai abrir um centro de investiga\u00e7\u00e3o e desenvolvimento (I&amp;D) no parque empresarial de Lanheses, Viana do Castelo, e empregar 100 trabalhadores, anunciou hoje a adjudicat\u00e1ria da obra. A construtora &#8220;Garcia Garcia&#8221; referiu, em comunicado, que a obra &#8220;estar\u00e1 conclu\u00edda no final de julho&#8221;, sendo [&hellip;]\" \/>\n<meta property=\"og:url\" content=\"https:\/\/www.altominho.tv\/site\/2018\/07\/26\/grupo-frances-bontaz-cria-centro-de-id-em-viana-e-emprega-100-trabalhadores\/\" \/>\n<meta property=\"og:site_name\" content=\"Altominho.tv\" \/>\n<meta property=\"article:publisher\" content=\"https:\/\/www.facebook.com\/altominhotv\" \/>\n<meta property=\"article:published_time\" content=\"2018-07-26T13:02:36+00:00\" \/>\n<meta property=\"og:image\" content=\"https:\/\/www.altominho.tv\/site\/wp-content\/uploads\/2018\/07\/bontaz.jpg\" \/>\n\t<meta property=\"og:image:width\" content=\"878\" \/>\n\t<meta property=\"og:image:height\" content=\"547\" \/>\n\t<meta property=\"og:image:type\" content=\"image\/jpeg\" \/>\n<meta name=\"author\" content=\"Andreia Cunha\" \/>\n<meta name=\"twitter:card\" content=\"summary_large_image\" \/>\n<meta name=\"twitter:creator\" content=\"@altominhoTV\" \/>\n<meta name=\"twitter:site\" content=\"@altominhoTV\" \/>\n<meta name=\"twitter:label1\" content=\"Escrito por\" \/>\n\t<meta name=\"twitter:data1\" content=\"Andreia Cunha\" \/>\n\t<meta name=\"twitter:label2\" content=\"Tempo estimado de leitura\" \/>\n\t<meta name=\"twitter:data2\" content=\"2 minutos\" \/>\n<script type=\"application\/ld+json\" class=\"yoast-schema-graph\">{\"@context\":\"https:\\\/\\\/schema.org\",\"@graph\":[{\"@type\":\"Article\",\"@id\":\"https:\\\/\\\/www.altominho.tv\\\/site\\\/2018\\\/07\\\/26\\\/grupo-frances-bontaz-cria-centro-de-id-em-viana-e-emprega-100-trabalhadores\\\/#article\",\"isPartOf\":{\"@id\":\"https:\\\/\\\/www.altominho.tv\\\/site\\\/2018\\\/07\\\/26\\\/grupo-frances-bontaz-cria-centro-de-id-em-viana-e-emprega-100-trabalhadores\\\/\"},\"author\":{\"name\":\"Andreia Cunha\",\"@id\":\"https:\\\/\\\/www.altominho.tv\\\/site\\\/#\\\/schema\\\/person\\\/a0e4ef6d041f98ca284393d8f1d97153\"},\"headline\":\"Grupo franc\u00eas Bontaz cria centro de I&amp;D em Viana e emprega 100 trabalhadores\",\"datePublished\":\"2018-07-26T13:02:36+00:00\",\"mainEntityOfPage\":{\"@id\":\"https:\\\/\\\/www.altominho.tv\\\/site\\\/2018\\\/07\\\/26\\\/grupo-frances-bontaz-cria-centro-de-id-em-viana-e-emprega-100-trabalhadores\\\/\"},\"wordCount\":438,\"image\":{\"@id\":\"https:\\\/\\\/www.altominho.tv\\\/site\\\/2018\\\/07\\\/26\\\/grupo-frances-bontaz-cria-centro-de-id-em-viana-e-emprega-100-trabalhadores\\\/#primaryimage\"},\"thumbnailUrl\":\"https:\\\/\\\/www.altominho.tv\\\/site\\\/wp-content\\\/uploads\\\/2018\\\/07\\\/bontaz.jpg\",\"keywords\":[\"Sociedade\"],\"articleSection\":[\"Viana do Castelo\"],\"inLanguage\":\"pt-PT\",\"copyrightYear\":\"2018\",\"copyrightHolder\":{\"@id\":\"https:\\\/\\\/www.altominho.tv\\\/site\\\/#organization\"}},{\"@type\":\"WebPage\",\"@id\":\"https:\\\/\\\/www.altominho.tv\\\/site\\\/2018\\\/07\\\/26\\\/grupo-frances-bontaz-cria-centro-de-id-em-viana-e-emprega-100-trabalhadores\\\/\",\"url\":\"https:\\\/\\\/www.altominho.tv\\\/site\\\/2018\\\/07\\\/26\\\/grupo-frances-bontaz-cria-centro-de-id-em-viana-e-emprega-100-trabalhadores\\\/\",\"name\":\"Grupo franc\u00eas Bontaz cria centro de I&amp;D em Viana e emprega 100 trabalhadores\",\"isPartOf\":{\"@id\":\"https:\\\/\\\/www.altominho.tv\\\/site\\\/#website\"},\"primaryImageOfPage\":{\"@id\":\"https:\\\/\\\/www.altominho.tv\\\/site\\\/2018\\\/07\\\/26\\\/grupo-frances-bontaz-cria-centro-de-id-em-viana-e-emprega-100-trabalhadores\\\/#primaryimage\"},\"image\":{\"@id\":\"https:\\\/\\\/www.altominho.tv\\\/site\\\/2018\\\/07\\\/26\\\/grupo-frances-bontaz-cria-centro-de-id-em-viana-e-emprega-100-trabalhadores\\\/#primaryimage\"},\"thumbnailUrl\":\"https:\\\/\\\/www.altominho.tv\\\/site\\\/wp-content\\\/uploads\\\/2018\\\/07\\\/bontaz.jpg\",\"datePublished\":\"2018-07-26T13:02:36+00:00\",\"author\":{\"@id\":\"https:\\\/\\\/www.altominho.tv\\\/site\\\/#\\\/schema\\\/person\\\/a0e4ef6d041f98ca284393d8f1d97153\"},\"breadcrumb\":{\"@id\":\"https:\\\/\\\/www.altominho.tv\\\/site\\\/2018\\\/07\\\/26\\\/grupo-frances-bontaz-cria-centro-de-id-em-viana-e-emprega-100-trabalhadores\\\/#breadcrumb\"},\"inLanguage\":\"pt-PT\",\"potentialAction\":[{\"@type\":\"ReadAction\",\"target\":[\"https:\\\/\\\/www.altominho.tv\\\/site\\\/2018\\\/07\\\/26\\\/grupo-frances-bontaz-cria-centro-de-id-em-viana-e-emprega-100-trabalhadores\\\/\"]}]},{\"@type\":\"ImageObject\",\"inLanguage\":\"pt-PT\",\"@id\":\"https:\\\/\\\/www.altominho.tv\\\/site\\\/2018\\\/07\\\/26\\\/grupo-frances-bontaz-cria-centro-de-id-em-viana-e-emprega-100-trabalhadores\\\/#primaryimage\",\"url\":\"https:\\\/\\\/www.altominho.tv\\\/site\\\/wp-content\\\/uploads\\\/2018\\\/07\\\/bontaz.jpg\",\"contentUrl\":\"https:\\\/\\\/www.altominho.tv\\\/site\\\/wp-content\\\/uploads\\\/2018\\\/07\\\/bontaz.jpg\",\"width\":878,\"height\":547},{\"@type\":\"BreadcrumbList\",\"@id\":\"https:\\\/\\\/www.altominho.tv\\\/site\\\/2018\\\/07\\\/26\\\/grupo-frances-bontaz-cria-centro-de-id-em-viana-e-emprega-100-trabalhadores\\\/#breadcrumb\",\"itemListElement\":[{\"@type\":\"ListItem\",\"position\":1,\"name\":\"In\u00edcio\",\"item\":\"https:\\\/\\\/www.altominho.tv\\\/site\\\/\"},{\"@type\":\"ListItem\",\"position\":2,\"name\":\"Grupo franc\u00eas Bontaz cria centro de I&amp;D em Viana e emprega 100 trabalhadores\"}]},{\"@type\":\"WebSite\",\"@id\":\"https:\\\/\\\/www.altominho.tv\\\/site\\\/#website\",\"url\":\"https:\\\/\\\/www.altominho.tv\\\/site\\\/\",\"name\":\"Altominho.tv\",\"description\":\"A sua regi\u00e3o \u00e0 dist\u00e2ncia de um clique...\",\"potentialAction\":[{\"@type\":\"SearchAction\",\"target\":{\"@type\":\"EntryPoint\",\"urlTemplate\":\"https:\\\/\\\/www.altominho.tv\\\/site\\\/?s={search_term_string}\"},\"query-input\":{\"@type\":\"PropertyValueSpecification\",\"valueRequired\":true,\"valueName\":\"search_term_string\"}}],\"inLanguage\":\"pt-PT\"},{\"@type\":\"Person\",\"@id\":\"https:\\\/\\\/www.altominho.tv\\\/site\\\/#\\\/schema\\\/person\\\/a0e4ef6d041f98ca284393d8f1d97153\",\"name\":\"Andreia Cunha\",\"image\":{\"@type\":\"ImageObject\",\"inLanguage\":\"pt-PT\",\"@id\":\"https:\\\/\\\/www.altominho.tv\\\/site\\\/wp-content\\\/uploads\\\/2017\\\/11\\\/Andreia_Cunha-1-150x150.jpg\",\"url\":\"https:\\\/\\\/www.altominho.tv\\\/site\\\/wp-content\\\/uploads\\\/2017\\\/11\\\/Andreia_Cunha-1-150x150.jpg\",\"contentUrl\":\"https:\\\/\\\/www.altominho.tv\\\/site\\\/wp-content\\\/uploads\\\/2017\\\/11\\\/Andreia_Cunha-1-150x150.jpg\",\"caption\":\"Andreia Cunha\"},\"url\":\"https:\\\/\\\/www.altominho.tv\\\/site\\\/author\\\/andreiacunha\\\/\"}]}<\/script>\n<!-- \/ Yoast SEO Premium plugin. -->","yoast_head_json":{"title":"Grupo franc\u00eas Bontaz cria centro de I&amp;D em Viana e emprega 100 trabalhadores","robots":{"index":"index","follow":"follow","max-snippet":"max-snippet:-1","max-image-preview":"max-image-preview:large","max-video-preview":"max-video-preview:-1"},"canonical":"https:\/\/www.altominho.tv\/site\/2018\/07\/26\/grupo-frances-bontaz-cria-centro-de-id-em-viana-e-emprega-100-trabalhadores\/","og_locale":"pt_PT","og_type":"article","og_title":"Grupo franc\u00eas Bontaz cria centro de I&amp;D em Viana e emprega 100 trabalhadores","og_description":"O grupo franc\u00eas Bontaz, que produz componentes para motores de autom\u00f3veis, vai abrir um centro de investiga\u00e7\u00e3o e desenvolvimento (I&amp;D) no parque empresarial de Lanheses, Viana do Castelo, e empregar 100 trabalhadores, anunciou hoje a adjudicat\u00e1ria da obra. A construtora &#8220;Garcia Garcia&#8221; referiu, em comunicado, que a obra &#8220;estar\u00e1 conclu\u00edda no final de julho&#8221;, sendo [&hellip;]","og_url":"https:\/\/www.altominho.tv\/site\/2018\/07\/26\/grupo-frances-bontaz-cria-centro-de-id-em-viana-e-emprega-100-trabalhadores\/","og_site_name":"Altominho.tv","article_publisher":"https:\/\/www.facebook.com\/altominhotv","article_published_time":"2018-07-26T13:02:36+00:00","og_image":[{"width":878,"height":547,"url":"https:\/\/www.altominho.tv\/site\/wp-content\/uploads\/2018\/07\/bontaz.jpg","type":"image\/jpeg"}],"author":"Andreia Cunha","twitter_card":"summary_large_image","twitter_creator":"@altominhoTV","twitter_site":"@altominhoTV","twitter_misc":{"Escrito por":"Andreia Cunha","Tempo estimado de leitura":"2 minutos"},"schema":{"@context":"https:\/\/schema.org","@graph":[{"@type":"Article","@id":"https:\/\/www.altominho.tv\/site\/2018\/07\/26\/grupo-frances-bontaz-cria-centro-de-id-em-viana-e-emprega-100-trabalhadores\/#article","isPartOf":{"@id":"https:\/\/www.altominho.tv\/site\/2018\/07\/26\/grupo-frances-bontaz-cria-centro-de-id-em-viana-e-emprega-100-trabalhadores\/"},"author":{"name":"Andreia Cunha","@id":"https:\/\/www.altominho.tv\/site\/#\/schema\/person\/a0e4ef6d041f98ca284393d8f1d97153"},"headline":"Grupo franc\u00eas Bontaz cria centro de I&amp;D em Viana e emprega 100 trabalhadores","datePublished":"2018-07-26T13:02:36+00:00","mainEntityOfPage":{"@id":"https:\/\/www.altominho.tv\/site\/2018\/07\/26\/grupo-frances-bontaz-cria-centro-de-id-em-viana-e-emprega-100-trabalhadores\/"},"wordCount":438,"image":{"@id":"https:\/\/www.altominho.tv\/site\/2018\/07\/26\/grupo-frances-bontaz-cria-centro-de-id-em-viana-e-emprega-100-trabalhadores\/#primaryimage"},"thumbnailUrl":"https:\/\/www.altominho.tv\/site\/wp-content\/uploads\/2018\/07\/bontaz.jpg","keywords":["Sociedade"],"articleSection":["Viana do Castelo"],"inLanguage":"pt-PT","copyrightYear":"2018","copyrightHolder":{"@id":"https:\/\/www.altominho.tv\/site\/#organization"}},{"@type":"WebPage","@id":"https:\/\/www.altominho.tv\/site\/2018\/07\/26\/grupo-frances-bontaz-cria-centro-de-id-em-viana-e-emprega-100-trabalhadores\/","url":"https:\/\/www.altominho.tv\/site\/2018\/07\/26\/grupo-frances-bontaz-cria-centro-de-id-em-viana-e-emprega-100-trabalhadores\/","name":"Grupo franc\u00eas Bontaz cria centro de I&amp;D em Viana e emprega 100 trabalhadores","isPartOf":{"@id":"https:\/\/www.altominho.tv\/site\/#website"},"primaryImageOfPage":{"@id":"https:\/\/www.altominho.tv\/site\/2018\/07\/26\/grupo-frances-bontaz-cria-centro-de-id-em-viana-e-emprega-100-trabalhadores\/#primaryimage"},"image":{"@id":"https:\/\/www.altominho.tv\/site\/2018\/07\/26\/grupo-frances-bontaz-cria-centro-de-id-em-viana-e-emprega-100-trabalhadores\/#primaryimage"},"thumbnailUrl":"https:\/\/www.altominho.tv\/site\/wp-content\/uploads\/2018\/07\/bontaz.jpg","datePublished":"2018-07-26T13:02:36+00:00","author":{"@id":"https:\/\/www.altominho.tv\/site\/#\/schema\/person\/a0e4ef6d041f98ca284393d8f1d97153"},"breadcrumb":{"@id":"https:\/\/www.altominho.tv\/site\/2018\/07\/26\/grupo-frances-bontaz-cria-centro-de-id-em-viana-e-emprega-100-trabalhadores\/#breadcrumb"},"inLanguage":"pt-PT","potentialAction":[{"@type":"ReadAction","target":["https:\/\/www.altominho.tv\/site\/2018\/07\/26\/grupo-frances-bontaz-cria-centro-de-id-em-viana-e-emprega-100-trabalhadores\/"]}]},{"@type":"ImageObject","inLanguage":"pt-PT","@id":"https:\/\/www.altominho.tv\/site\/2018\/07\/26\/grupo-frances-bontaz-cria-centro-de-id-em-viana-e-emprega-100-trabalhadores\/#primaryimage","url":"https:\/\/www.altominho.tv\/site\/wp-content\/uploads\/2018\/07\/bontaz.jpg","contentUrl":"https:\/\/www.altominho.tv\/site\/wp-content\/uploads\/2018\/07\/bontaz.jpg","width":878,"height":547},{"@type":"BreadcrumbList","@id":"https:\/\/www.altominho.tv\/site\/2018\/07\/26\/grupo-frances-bontaz-cria-centro-de-id-em-viana-e-emprega-100-trabalhadores\/#breadcrumb","itemListElement":[{"@type":"ListItem","position":1,"name":"In\u00edcio","item":"https:\/\/www.altominho.tv\/site\/"},{"@type":"ListItem","position":2,"name":"Grupo franc\u00eas Bontaz cria centro de I&amp;D em Viana e emprega 100 trabalhadores"}]},{"@type":"WebSite","@id":"https:\/\/www.altominho.tv\/site\/#website","url":"https:\/\/www.altominho.tv\/site\/","name":"Altominho.tv","description":"A sua regi\u00e3o \u00e0 dist\u00e2ncia de um clique...","potentialAction":[{"@type":"SearchAction","target":{"@type":"EntryPoint","urlTemplate":"https:\/\/www.altominho.tv\/site\/?s={search_term_string}"},"query-input":{"@type":"PropertyValueSpecification","valueRequired":true,"valueName":"search_term_string"}}],"inLanguage":"pt-PT"},{"@type":"Person","@id":"https:\/\/www.altominho.tv\/site\/#\/schema\/person\/a0e4ef6d041f98ca284393d8f1d97153","name":"Andreia Cunha","image":{"@type":"ImageObject","inLanguage":"pt-PT","@id":"https:\/\/www.altominho.tv\/site\/wp-content\/uploads\/2017\/11\/Andreia_Cunha-1-150x150.jpg","url":"https:\/\/www.altominho.tv\/site\/wp-content\/uploads\/2017\/11\/Andreia_Cunha-1-150x150.jpg","contentUrl":"https:\/\/www.altominho.tv\/site\/wp-content\/uploads\/2017\/11\/Andreia_Cunha-1-150x150.jpg","caption":"Andreia Cunha"},"url":"https:\/\/www.altominho.tv\/site\/author\/andreiacunha\/"}]}},"_links":{"self":[{"href":"https:\/\/www.altominho.tv\/site\/wp-json\/wp\/v2\/posts\/16916","targetHints":{"allow":["GET"]}}],"collection":[{"href":"https:\/\/www.altominho.tv\/site\/wp-json\/wp\/v2\/posts"}],"about":[{"href":"https:\/\/www.altominho.tv\/site\/wp-json\/wp\/v2\/types\/post"}],"author":[{"embeddable":true,"href":"https:\/\/www.altominho.tv\/site\/wp-json\/wp\/v2\/users\/7"}],"replies":[{"embeddable":true,"href":"https:\/\/www.altominho.tv\/site\/wp-json\/wp\/v2\/comments?post=16916"}],"version-history":[{"count":0,"href":"https:\/\/www.altominho.tv\/site\/wp-json\/wp\/v2\/posts\/16916\/revisions"}],"wp:featuredmedia":[{"embeddable":true,"href":"https:\/\/www.altominho.tv\/site\/wp-json\/wp\/v2\/media\/16917"}],"wp:attachment":[{"href":"https:\/\/www.altominho.tv\/site\/wp-json\/wp\/v2\/media?parent=16916"}],"wp:term":[{"taxonomy":"category","embeddable":true,"href":"https:\/\/www.altominho.tv\/site\/wp-json\/wp\/v2\/categories?post=16916"},{"taxonomy":"post_tag","embeddable":true,"href":"https:\/\/www.altominho.tv\/site\/wp-json\/wp\/v2\/tags?post=16916"}],"curies":[{"name":"wp","href":"https:\/\/api.w.org\/{rel}","templated":true}]}}