{"id":16903,"date":"2018-07-26T13:19:29","date_gmt":"2018-07-26T12:19:29","guid":{"rendered":"http:\/\/www.altominho.tv\/site\/?p=16903"},"modified":"2018-07-26T13:19:29","modified_gmt":"2018-07-26T12:19:29","slug":"aprovacao-de-tres-operacoes-de-reabilitacao-em-viana-em-diario-da-republica","status":"publish","type":"post","link":"https:\/\/www.altominho.tv\/site\/2018\/07\/26\/aprovacao-de-tres-operacoes-de-reabilitacao-em-viana-em-diario-da-republica\/","title":{"rendered":"Aprova\u00e7\u00e3o de tr\u00eas opera\u00e7\u00f5es de reabilita\u00e7\u00e3o em Viana em Di\u00e1rio da Rep\u00fablica"},"content":{"rendered":"<p>A aprova\u00e7\u00e3o, pela Assembleia Municipal de Viana do Castelo, de tr\u00eas Opera\u00e7\u00f5es de Reabilita\u00e7\u00e3o Urbana (ORU) a realizar na cidade e na freguesia de Darque, na margem esquerda do rio Lima foi hoje publicada em Di\u00e1rio da Rep\u00fablica.<\/p>\n<p>De acordo com os tr\u00eas avisos, assinados pelo presidente da C\u00e2mara de Viana do Castelo e hoje consultados pela ag\u00eancia Lusa, a execu\u00e7\u00e3o daquelas opera\u00e7\u00f5es tem um horizonte temporal de 15 anos, sendo a autarquia a entidade gestora.<\/p>\n<p>Em mar\u00e7o, a autarquia aprovou, por unanimidade a abertura da discuss\u00e3o p\u00fablica das ORU da cidade poente e frente ribeirinha de Viana do Castelo e de Darque.<\/p>\n<p>Aquelas opera\u00e7\u00f5es integram tr\u00eas das oito \u00c1reas de Reabilita\u00e7\u00e3o Urbana (ARU) criadas, desde 2013, pela C\u00e2mara de Viana do Castelo e que permitem o acesso a incentivos fiscais para a recupera\u00e7\u00e3o de patrim\u00f3nio edificado do concelho.<\/p>\n<p>A primeira ARU foi criada, em 2013, para o n\u00facleo medieval do centro hist\u00f3rico da cidade. Em janeiro de 2015, a autarquia alargou a mais quatro \u00e1reas do concelho, que incluem a Uni\u00e3o de Freguesias de Viana do Castelo (Santa Maria Maior, Monserrate e Meadela), Areosa, Darque e Barroselas, os incentivos \u00e0 regenera\u00e7\u00e3o urbana justificando a decis\u00e3o com o &#8220;sucesso&#8221; alcan\u00e7ado na reabilita\u00e7\u00e3o e refuncionaliza\u00e7\u00e3o de patrim\u00f3nio edificado no centro hist\u00f3rico da cidade.<\/p>\n<p>Em 2017 criou mais tr\u00eas daqueles instrumentos de gest\u00e3o do territ\u00f3rio, designadamente a ARU da Cidade Norte, com cerca de 103 hectares e com uma popula\u00e7\u00e3o residente, de acordo com os Censos de 2011, de 6.986 habitantes, distribu\u00eddos entre as freguesias de Santa Maria Maior e Meadela.<\/p>\n<p>A ARU Frente Atl\u00e2ntica com uma \u00e1rea de 38 hectares e uma popula\u00e7\u00e3o de 142 habitantes, das freguesias de Areosa e Monserrate. A terceira ARU criada foi a da &#8220;Frente Mar\u00edtima da Amorosa, com 47,4 hectares e 1.096 habitantes na freguesia de Chaf\u00e9, na margem esquerda do rio Lima&#8221;.<\/p>\n<p>Na altura, o executivo presidido por Jos\u00e9 Maria Costa explicou que a delimita\u00e7\u00e3o das ARU Cidade Norte, Frente Atl\u00e2ntica e Frente Mar\u00edtima da Amorosa &#8220;ir\u00e1 permitir simplificar e agilizar procedimentos de licenciamento, usufruir de benef\u00edcios fiscais diversos e permitir o acesso facilitado a financiamentos&#8221;.<\/p>\n<p>&#8220;As novas \u00e1reas foram delimitadas de forma a tornarem-se focos de regenera\u00e7\u00e3o urbana, uma das apostas estrat\u00e9gicas da autarquia de Viana do Castelo, e visa promover o crescimento inteligente, o crescimento sustent\u00e1vel, o crescimento inclusivo, o refor\u00e7o da pol\u00edtica de reabilita\u00e7\u00e3o, assegurar o acesso a fontes de financiamento, adotar medidas de gest\u00e3o adequada, entre outras&#8221;, sustentou o autarca.<\/p>\n<p>As ORU agora aprovadas permitem a isen\u00e7\u00e3o do IMI durante cinco anos, isen\u00e7\u00e3o de taxas de IMT, na primeira venda, e redu\u00e7\u00e3o do IVA de 23% para 6%.<\/p>\n","protected":false},"excerpt":{"rendered":"<p>A aprova\u00e7\u00e3o, pela Assembleia Municipal de Viana do Castelo, de tr\u00eas Opera\u00e7\u00f5es de Reabilita\u00e7\u00e3o Urbana (ORU) a realizar na cidade e na freguesia de Darque, na margem esquerda do rio Lima foi hoje publicada em Di\u00e1rio da Rep\u00fablica. De acordo com os tr\u00eas avisos, assinados pelo presidente da C\u00e2mara de Viana do Castelo e hoje [&hellip;]<\/p>\n","protected":false},"author":12,"featured_media":16904,"comment_status":"closed","ping_status":"closed","sticky":false,"template":"","format":"standard","meta":{"_exactmetrics_skip_tracking":false,"_exactmetrics_sitenote_active":false,"_exactmetrics_sitenote_note":"","_exactmetrics_sitenote_category":0,"footnotes":""},"categories":[14],"tags":[27],"class_list":["post-16903","post","type-post","status-publish","format-standard","has-post-thumbnail","hentry","category-viana-do-castelo","tag-sociedade"],"yoast_head":"<!-- This site is optimized with the Yoast SEO Premium plugin v27.5 (Yoast SEO v27.5) - https:\/\/yoast.com\/product\/yoast-seo-premium-wordpress\/ -->\n<title>Aprova\u00e7\u00e3o de tr\u00eas opera\u00e7\u00f5es de reabilita\u00e7\u00e3o em Viana em Di\u00e1rio da Rep\u00fablica<\/title>\n<meta name=\"robots\" content=\"index, follow, max-snippet:-1, max-image-preview:large, max-video-preview:-1\" \/>\n<link rel=\"canonical\" href=\"https:\/\/www.altominho.tv\/site\/2018\/07\/26\/aprovacao-de-tres-operacoes-de-reabilitacao-em-viana-em-diario-da-republica\/\" \/>\n<meta property=\"og:locale\" content=\"pt_PT\" \/>\n<meta property=\"og:type\" content=\"article\" \/>\n<meta property=\"og:title\" content=\"Aprova\u00e7\u00e3o de tr\u00eas opera\u00e7\u00f5es de reabilita\u00e7\u00e3o em Viana em Di\u00e1rio da Rep\u00fablica\" \/>\n<meta property=\"og:description\" content=\"A aprova\u00e7\u00e3o, pela Assembleia Municipal de Viana do Castelo, de tr\u00eas Opera\u00e7\u00f5es de Reabilita\u00e7\u00e3o Urbana (ORU) a realizar na cidade e na freguesia de Darque, na margem esquerda do rio Lima foi hoje publicada em Di\u00e1rio da Rep\u00fablica. De acordo com os tr\u00eas avisos, assinados pelo presidente da C\u00e2mara de Viana do Castelo e hoje [&hellip;]\" \/>\n<meta property=\"og:url\" content=\"https:\/\/www.altominho.tv\/site\/2018\/07\/26\/aprovacao-de-tres-operacoes-de-reabilitacao-em-viana-em-diario-da-republica\/\" \/>\n<meta property=\"og:site_name\" content=\"Altominho.tv\" \/>\n<meta property=\"article:publisher\" content=\"https:\/\/www.facebook.com\/altominhotv\" \/>\n<meta property=\"article:published_time\" content=\"2018-07-26T12:19:29+00:00\" \/>\n<meta property=\"og:image\" content=\"https:\/\/www.altominho.tv\/site\/wp-content\/uploads\/2018\/07\/Darque.jpg\" \/>\n\t<meta property=\"og:image:width\" content=\"1024\" \/>\n\t<meta property=\"og:image:height\" content=\"684\" \/>\n\t<meta property=\"og:image:type\" content=\"image\/jpeg\" \/>\n<meta name=\"author\" content=\"Andreia Ferreira\" \/>\n<meta name=\"twitter:card\" content=\"summary_large_image\" \/>\n<meta name=\"twitter:creator\" content=\"@altominhoTV\" \/>\n<meta name=\"twitter:site\" content=\"@altominhoTV\" \/>\n<meta name=\"twitter:label1\" content=\"Escrito por\" \/>\n\t<meta name=\"twitter:data1\" content=\"Andreia Ferreira\" \/>\n\t<meta name=\"twitter:label2\" content=\"Tempo estimado de leitura\" \/>\n\t<meta name=\"twitter:data2\" content=\"2 minutos\" \/>\n<script type=\"application\/ld+json\" class=\"yoast-schema-graph\">{\"@context\":\"https:\\\/\\\/schema.org\",\"@graph\":[{\"@type\":\"Article\",\"@id\":\"https:\\\/\\\/www.altominho.tv\\\/site\\\/2018\\\/07\\\/26\\\/aprovacao-de-tres-operacoes-de-reabilitacao-em-viana-em-diario-da-republica\\\/#article\",\"isPartOf\":{\"@id\":\"https:\\\/\\\/www.altominho.tv\\\/site\\\/2018\\\/07\\\/26\\\/aprovacao-de-tres-operacoes-de-reabilitacao-em-viana-em-diario-da-republica\\\/\"},\"author\":{\"name\":\"Andreia Ferreira\",\"@id\":\"https:\\\/\\\/www.altominho.tv\\\/site\\\/#\\\/schema\\\/person\\\/d9be4265364723f14ea8e0d56a1d38cd\"},\"headline\":\"Aprova\u00e7\u00e3o de tr\u00eas opera\u00e7\u00f5es de reabilita\u00e7\u00e3o em Viana em Di\u00e1rio da Rep\u00fablica\",\"datePublished\":\"2018-07-26T12:19:29+00:00\",\"mainEntityOfPage\":{\"@id\":\"https:\\\/\\\/www.altominho.tv\\\/site\\\/2018\\\/07\\\/26\\\/aprovacao-de-tres-operacoes-de-reabilitacao-em-viana-em-diario-da-republica\\\/\"},\"wordCount\":493,\"image\":{\"@id\":\"https:\\\/\\\/www.altominho.tv\\\/site\\\/2018\\\/07\\\/26\\\/aprovacao-de-tres-operacoes-de-reabilitacao-em-viana-em-diario-da-republica\\\/#primaryimage\"},\"thumbnailUrl\":\"https:\\\/\\\/www.altominho.tv\\\/site\\\/wp-content\\\/uploads\\\/2018\\\/07\\\/Darque.jpg\",\"keywords\":[\"Sociedade\"],\"articleSection\":[\"Viana do Castelo\"],\"inLanguage\":\"pt-PT\",\"copyrightYear\":\"2018\",\"copyrightHolder\":{\"@id\":\"https:\\\/\\\/www.altominho.tv\\\/site\\\/#organization\"}},{\"@type\":\"WebPage\",\"@id\":\"https:\\\/\\\/www.altominho.tv\\\/site\\\/2018\\\/07\\\/26\\\/aprovacao-de-tres-operacoes-de-reabilitacao-em-viana-em-diario-da-republica\\\/\",\"url\":\"https:\\\/\\\/www.altominho.tv\\\/site\\\/2018\\\/07\\\/26\\\/aprovacao-de-tres-operacoes-de-reabilitacao-em-viana-em-diario-da-republica\\\/\",\"name\":\"Aprova\u00e7\u00e3o de tr\u00eas opera\u00e7\u00f5es de reabilita\u00e7\u00e3o em Viana em Di\u00e1rio da Rep\u00fablica\",\"isPartOf\":{\"@id\":\"https:\\\/\\\/www.altominho.tv\\\/site\\\/#website\"},\"primaryImageOfPage\":{\"@id\":\"https:\\\/\\\/www.altominho.tv\\\/site\\\/2018\\\/07\\\/26\\\/aprovacao-de-tres-operacoes-de-reabilitacao-em-viana-em-diario-da-republica\\\/#primaryimage\"},\"image\":{\"@id\":\"https:\\\/\\\/www.altominho.tv\\\/site\\\/2018\\\/07\\\/26\\\/aprovacao-de-tres-operacoes-de-reabilitacao-em-viana-em-diario-da-republica\\\/#primaryimage\"},\"thumbnailUrl\":\"https:\\\/\\\/www.altominho.tv\\\/site\\\/wp-content\\\/uploads\\\/2018\\\/07\\\/Darque.jpg\",\"datePublished\":\"2018-07-26T12:19:29+00:00\",\"author\":{\"@id\":\"https:\\\/\\\/www.altominho.tv\\\/site\\\/#\\\/schema\\\/person\\\/d9be4265364723f14ea8e0d56a1d38cd\"},\"breadcrumb\":{\"@id\":\"https:\\\/\\\/www.altominho.tv\\\/site\\\/2018\\\/07\\\/26\\\/aprovacao-de-tres-operacoes-de-reabilitacao-em-viana-em-diario-da-republica\\\/#breadcrumb\"},\"inLanguage\":\"pt-PT\",\"potentialAction\":[{\"@type\":\"ReadAction\",\"target\":[\"https:\\\/\\\/www.altominho.tv\\\/site\\\/2018\\\/07\\\/26\\\/aprovacao-de-tres-operacoes-de-reabilitacao-em-viana-em-diario-da-republica\\\/\"]}]},{\"@type\":\"ImageObject\",\"inLanguage\":\"pt-PT\",\"@id\":\"https:\\\/\\\/www.altominho.tv\\\/site\\\/2018\\\/07\\\/26\\\/aprovacao-de-tres-operacoes-de-reabilitacao-em-viana-em-diario-da-republica\\\/#primaryimage\",\"url\":\"https:\\\/\\\/www.altominho.tv\\\/site\\\/wp-content\\\/uploads\\\/2018\\\/07\\\/Darque.jpg\",\"contentUrl\":\"https:\\\/\\\/www.altominho.tv\\\/site\\\/wp-content\\\/uploads\\\/2018\\\/07\\\/Darque.jpg\",\"width\":1024,\"height\":684},{\"@type\":\"BreadcrumbList\",\"@id\":\"https:\\\/\\\/www.altominho.tv\\\/site\\\/2018\\\/07\\\/26\\\/aprovacao-de-tres-operacoes-de-reabilitacao-em-viana-em-diario-da-republica\\\/#breadcrumb\",\"itemListElement\":[{\"@type\":\"ListItem\",\"position\":1,\"name\":\"In\u00edcio\",\"item\":\"https:\\\/\\\/www.altominho.tv\\\/site\\\/\"},{\"@type\":\"ListItem\",\"position\":2,\"name\":\"Aprova\u00e7\u00e3o de tr\u00eas opera\u00e7\u00f5es de reabilita\u00e7\u00e3o em Viana em Di\u00e1rio da Rep\u00fablica\"}]},{\"@type\":\"WebSite\",\"@id\":\"https:\\\/\\\/www.altominho.tv\\\/site\\\/#website\",\"url\":\"https:\\\/\\\/www.altominho.tv\\\/site\\\/\",\"name\":\"Altominho.tv\",\"description\":\"A sua regi\u00e3o \u00e0 dist\u00e2ncia de um clique...\",\"potentialAction\":[{\"@type\":\"SearchAction\",\"target\":{\"@type\":\"EntryPoint\",\"urlTemplate\":\"https:\\\/\\\/www.altominho.tv\\\/site\\\/?s={search_term_string}\"},\"query-input\":{\"@type\":\"PropertyValueSpecification\",\"valueRequired\":true,\"valueName\":\"search_term_string\"}}],\"inLanguage\":\"pt-PT\"},{\"@type\":\"Person\",\"@id\":\"https:\\\/\\\/www.altominho.tv\\\/site\\\/#\\\/schema\\\/person\\\/d9be4265364723f14ea8e0d56a1d38cd\",\"name\":\"Andreia Ferreira\",\"image\":{\"@type\":\"ImageObject\",\"inLanguage\":\"pt-PT\",\"@id\":\"https:\\\/\\\/www.altominho.tv\\\/site\\\/wp-content\\\/uploads\\\/2021\\\/01\\\/AndreiaFerreira-150x150.jpg\",\"url\":\"https:\\\/\\\/www.altominho.tv\\\/site\\\/wp-content\\\/uploads\\\/2021\\\/01\\\/AndreiaFerreira-150x150.jpg\",\"contentUrl\":\"https:\\\/\\\/www.altominho.tv\\\/site\\\/wp-content\\\/uploads\\\/2021\\\/01\\\/AndreiaFerreira-150x150.jpg\",\"caption\":\"Andreia Ferreira\"},\"url\":\"https:\\\/\\\/www.altominho.tv\\\/site\\\/author\\\/andreiaferreira\\\/\"}]}<\/script>\n<!-- \/ Yoast SEO Premium plugin. -->","yoast_head_json":{"title":"Aprova\u00e7\u00e3o de tr\u00eas opera\u00e7\u00f5es de reabilita\u00e7\u00e3o em Viana em Di\u00e1rio da Rep\u00fablica","robots":{"index":"index","follow":"follow","max-snippet":"max-snippet:-1","max-image-preview":"max-image-preview:large","max-video-preview":"max-video-preview:-1"},"canonical":"https:\/\/www.altominho.tv\/site\/2018\/07\/26\/aprovacao-de-tres-operacoes-de-reabilitacao-em-viana-em-diario-da-republica\/","og_locale":"pt_PT","og_type":"article","og_title":"Aprova\u00e7\u00e3o de tr\u00eas opera\u00e7\u00f5es de reabilita\u00e7\u00e3o em Viana em Di\u00e1rio da Rep\u00fablica","og_description":"A aprova\u00e7\u00e3o, pela Assembleia Municipal de Viana do Castelo, de tr\u00eas Opera\u00e7\u00f5es de Reabilita\u00e7\u00e3o Urbana (ORU) a realizar na cidade e na freguesia de Darque, na margem esquerda do rio Lima foi hoje publicada em Di\u00e1rio da Rep\u00fablica. De acordo com os tr\u00eas avisos, assinados pelo presidente da C\u00e2mara de Viana do Castelo e hoje [&hellip;]","og_url":"https:\/\/www.altominho.tv\/site\/2018\/07\/26\/aprovacao-de-tres-operacoes-de-reabilitacao-em-viana-em-diario-da-republica\/","og_site_name":"Altominho.tv","article_publisher":"https:\/\/www.facebook.com\/altominhotv","article_published_time":"2018-07-26T12:19:29+00:00","og_image":[{"width":1024,"height":684,"url":"https:\/\/www.altominho.tv\/site\/wp-content\/uploads\/2018\/07\/Darque.jpg","type":"image\/jpeg"}],"author":"Andreia Ferreira","twitter_card":"summary_large_image","twitter_creator":"@altominhoTV","twitter_site":"@altominhoTV","twitter_misc":{"Escrito por":"Andreia Ferreira","Tempo estimado de leitura":"2 minutos"},"schema":{"@context":"https:\/\/schema.org","@graph":[{"@type":"Article","@id":"https:\/\/www.altominho.tv\/site\/2018\/07\/26\/aprovacao-de-tres-operacoes-de-reabilitacao-em-viana-em-diario-da-republica\/#article","isPartOf":{"@id":"https:\/\/www.altominho.tv\/site\/2018\/07\/26\/aprovacao-de-tres-operacoes-de-reabilitacao-em-viana-em-diario-da-republica\/"},"author":{"name":"Andreia Ferreira","@id":"https:\/\/www.altominho.tv\/site\/#\/schema\/person\/d9be4265364723f14ea8e0d56a1d38cd"},"headline":"Aprova\u00e7\u00e3o de tr\u00eas opera\u00e7\u00f5es de reabilita\u00e7\u00e3o em Viana em Di\u00e1rio da Rep\u00fablica","datePublished":"2018-07-26T12:19:29+00:00","mainEntityOfPage":{"@id":"https:\/\/www.altominho.tv\/site\/2018\/07\/26\/aprovacao-de-tres-operacoes-de-reabilitacao-em-viana-em-diario-da-republica\/"},"wordCount":493,"image":{"@id":"https:\/\/www.altominho.tv\/site\/2018\/07\/26\/aprovacao-de-tres-operacoes-de-reabilitacao-em-viana-em-diario-da-republica\/#primaryimage"},"thumbnailUrl":"https:\/\/www.altominho.tv\/site\/wp-content\/uploads\/2018\/07\/Darque.jpg","keywords":["Sociedade"],"articleSection":["Viana do Castelo"],"inLanguage":"pt-PT","copyrightYear":"2018","copyrightHolder":{"@id":"https:\/\/www.altominho.tv\/site\/#organization"}},{"@type":"WebPage","@id":"https:\/\/www.altominho.tv\/site\/2018\/07\/26\/aprovacao-de-tres-operacoes-de-reabilitacao-em-viana-em-diario-da-republica\/","url":"https:\/\/www.altominho.tv\/site\/2018\/07\/26\/aprovacao-de-tres-operacoes-de-reabilitacao-em-viana-em-diario-da-republica\/","name":"Aprova\u00e7\u00e3o de tr\u00eas opera\u00e7\u00f5es de reabilita\u00e7\u00e3o em Viana em Di\u00e1rio da Rep\u00fablica","isPartOf":{"@id":"https:\/\/www.altominho.tv\/site\/#website"},"primaryImageOfPage":{"@id":"https:\/\/www.altominho.tv\/site\/2018\/07\/26\/aprovacao-de-tres-operacoes-de-reabilitacao-em-viana-em-diario-da-republica\/#primaryimage"},"image":{"@id":"https:\/\/www.altominho.tv\/site\/2018\/07\/26\/aprovacao-de-tres-operacoes-de-reabilitacao-em-viana-em-diario-da-republica\/#primaryimage"},"thumbnailUrl":"https:\/\/www.altominho.tv\/site\/wp-content\/uploads\/2018\/07\/Darque.jpg","datePublished":"2018-07-26T12:19:29+00:00","author":{"@id":"https:\/\/www.altominho.tv\/site\/#\/schema\/person\/d9be4265364723f14ea8e0d56a1d38cd"},"breadcrumb":{"@id":"https:\/\/www.altominho.tv\/site\/2018\/07\/26\/aprovacao-de-tres-operacoes-de-reabilitacao-em-viana-em-diario-da-republica\/#breadcrumb"},"inLanguage":"pt-PT","potentialAction":[{"@type":"ReadAction","target":["https:\/\/www.altominho.tv\/site\/2018\/07\/26\/aprovacao-de-tres-operacoes-de-reabilitacao-em-viana-em-diario-da-republica\/"]}]},{"@type":"ImageObject","inLanguage":"pt-PT","@id":"https:\/\/www.altominho.tv\/site\/2018\/07\/26\/aprovacao-de-tres-operacoes-de-reabilitacao-em-viana-em-diario-da-republica\/#primaryimage","url":"https:\/\/www.altominho.tv\/site\/wp-content\/uploads\/2018\/07\/Darque.jpg","contentUrl":"https:\/\/www.altominho.tv\/site\/wp-content\/uploads\/2018\/07\/Darque.jpg","width":1024,"height":684},{"@type":"BreadcrumbList","@id":"https:\/\/www.altominho.tv\/site\/2018\/07\/26\/aprovacao-de-tres-operacoes-de-reabilitacao-em-viana-em-diario-da-republica\/#breadcrumb","itemListElement":[{"@type":"ListItem","position":1,"name":"In\u00edcio","item":"https:\/\/www.altominho.tv\/site\/"},{"@type":"ListItem","position":2,"name":"Aprova\u00e7\u00e3o de tr\u00eas opera\u00e7\u00f5es de reabilita\u00e7\u00e3o em Viana em Di\u00e1rio da Rep\u00fablica"}]},{"@type":"WebSite","@id":"https:\/\/www.altominho.tv\/site\/#website","url":"https:\/\/www.altominho.tv\/site\/","name":"Altominho.tv","description":"A sua regi\u00e3o \u00e0 dist\u00e2ncia de um clique...","potentialAction":[{"@type":"SearchAction","target":{"@type":"EntryPoint","urlTemplate":"https:\/\/www.altominho.tv\/site\/?s={search_term_string}"},"query-input":{"@type":"PropertyValueSpecification","valueRequired":true,"valueName":"search_term_string"}}],"inLanguage":"pt-PT"},{"@type":"Person","@id":"https:\/\/www.altominho.tv\/site\/#\/schema\/person\/d9be4265364723f14ea8e0d56a1d38cd","name":"Andreia Ferreira","image":{"@type":"ImageObject","inLanguage":"pt-PT","@id":"https:\/\/www.altominho.tv\/site\/wp-content\/uploads\/2021\/01\/AndreiaFerreira-150x150.jpg","url":"https:\/\/www.altominho.tv\/site\/wp-content\/uploads\/2021\/01\/AndreiaFerreira-150x150.jpg","contentUrl":"https:\/\/www.altominho.tv\/site\/wp-content\/uploads\/2021\/01\/AndreiaFerreira-150x150.jpg","caption":"Andreia Ferreira"},"url":"https:\/\/www.altominho.tv\/site\/author\/andreiaferreira\/"}]}},"_links":{"self":[{"href":"https:\/\/www.altominho.tv\/site\/wp-json\/wp\/v2\/posts\/16903","targetHints":{"allow":["GET"]}}],"collection":[{"href":"https:\/\/www.altominho.tv\/site\/wp-json\/wp\/v2\/posts"}],"about":[{"href":"https:\/\/www.altominho.tv\/site\/wp-json\/wp\/v2\/types\/post"}],"author":[{"embeddable":true,"href":"https:\/\/www.altominho.tv\/site\/wp-json\/wp\/v2\/users\/12"}],"replies":[{"embeddable":true,"href":"https:\/\/www.altominho.tv\/site\/wp-json\/wp\/v2\/comments?post=16903"}],"version-history":[{"count":0,"href":"https:\/\/www.altominho.tv\/site\/wp-json\/wp\/v2\/posts\/16903\/revisions"}],"wp:featuredmedia":[{"embeddable":true,"href":"https:\/\/www.altominho.tv\/site\/wp-json\/wp\/v2\/media\/16904"}],"wp:attachment":[{"href":"https:\/\/www.altominho.tv\/site\/wp-json\/wp\/v2\/media?parent=16903"}],"wp:term":[{"taxonomy":"category","embeddable":true,"href":"https:\/\/www.altominho.tv\/site\/wp-json\/wp\/v2\/categories?post=16903"},{"taxonomy":"post_tag","embeddable":true,"href":"https:\/\/www.altominho.tv\/site\/wp-json\/wp\/v2\/tags?post=16903"}],"curies":[{"name":"wp","href":"https:\/\/api.w.org\/{rel}","templated":true}]}}