{"id":16895,"date":"2018-07-26T14:00:38","date_gmt":"2018-07-26T13:00:38","guid":{"rendered":"http:\/\/www.altominho.tv\/site\/?p=16895"},"modified":"2018-07-26T14:00:38","modified_gmt":"2018-07-26T13:00:38","slug":"padre-contestado-em-freguesia-de-darque-em-viana-dispensado-pela-diocese","status":"publish","type":"post","link":"https:\/\/www.altominho.tv\/site\/2018\/07\/26\/padre-contestado-em-freguesia-de-darque-em-viana-dispensado-pela-diocese\/","title":{"rendered":"Padre contestado em freguesia de Darque em Viana dispensado pela diocese"},"content":{"rendered":"<p>O padre de Darque, Viana do Castelo, que em mar\u00e7o foi alvo de contesta\u00e7\u00e3o e pedido de afastamento pela popula\u00e7\u00e3o, foi dispensado pelo bispo da capital do Alto Minho que j\u00e1 nomeou substituto, divulgou hoje a diocese.<\/p>\n<p>A sa\u00edda do p\u00e1roco Manuel Pinto integra uma lista de 19 dispensas e nomea\u00e7\u00f5es sacerdotais divulgadas hoje pela Diocese de Viana do Castelo.<\/p>\n<p>De acordo com uma nota enviada \u00e0 ag\u00eancia Lusa pelo secretariado para a comunica\u00e7\u00e3o social da diocese, Manuel Pinto, de 40 anos, nomeado para aquela freguesia em julho de 2015, &#8220;\u00e9 dispensado da paroquialidade de S\u00e3o Sebasti\u00e3o de Darque, no Arciprestado de Viana do Castelo, para prosseguir os estudos em Direito Can\u00f3nico, grau de doutoramento, na Pontif\u00edcia Universidade de Salamanca&#8221;.<\/p>\n<p>Para aquele lugar, adianta a Diocese de Viana do Castelo, \u00e9 nomeado Xavier Amado Fernandes Moreira, que acumula com as fun\u00e7\u00f5es de p\u00e1roco de Castelo de Neiva.<\/p>\n<p>No in\u00edcio de mar\u00e7o, um grupo de cidad\u00e3os de Darque lan\u00e7ou uma peti\u00e7\u00e3o p\u00fablica na internet a pedir o afastamento do padre cat\u00f3lico Manuel Pinto face \u00e0s &#8220;in\u00fameras atitudes lament\u00e1veis para com a popula\u00e7\u00e3o&#8221; daquela freguesia da margem esquerda do rio Lima.<\/p>\n<p>A peti\u00e7\u00e3o foi lan\u00e7ada na sequ\u00eancia de uma den\u00fancia p\u00fablica feita atrav\u00e9s das redes sociais por um jovem da freguesia que lamentou o facto de o p\u00e1roco ter realizado, conjuntamente, a missa do s\u00e9timo dia do falecimento do pai e as celebra\u00e7\u00f5es dos 25 anos de casamento de um casal da freguesia, sem que, em ambos os casos, os paroquianos tenham sido informados previamente da situa\u00e7\u00e3o.<\/p>\n<p>Posteriormente, um grupo de jovens do Sagitta Darque anunciava ter pedido uma audi\u00eancia ao bispo de Viana do Castelo para exigir o afastamento do p\u00e1roco que acusaram de tomar &#8220;atitudes indignas&#8221;.<\/p>\n<p>A contesta\u00e7\u00e3o ao p\u00e1roco juntou ainda, no adro da igreja, durante uma missa dominical, cerca de 40 pessoas num protesto &#8220;silencioso&#8221; pela &#8220;falta de apoio&#8221; de Manuel Pinto.<\/p>\n<p>No final da eucaristia, em declara\u00e7\u00f5es aos jornalistas, Manuel Pinto desvalorizou o protesto, afirmando tratar-se de &#8220;pessoas que t\u00eam feito ru\u00eddo e atuado atrav\u00e9s de redes sociais, com peti\u00e7\u00f5es \u2018online&#8217;, por interesses que s\u00f3 eles saber\u00e3o quais s\u00e3o&#8221;.<\/p>\n<p>Questionado sobre a origem da contesta\u00e7\u00e3o, o p\u00e1roco afirmou residir na &#8220;incapacidade do grupo de jovens se inserir em igreja, no seio da comunidade paroquial&#8221;.<\/p>\n<p>Manuel Pinto afirmou ter apresentado queixa na PSP por amea\u00e7as feitas na peti\u00e7\u00e3o.<\/p>\n<p>&#8220;Espero que siga para o Minist\u00e9rio P\u00fablico para que as pessoas aprendam que t\u00eam de respeitar para serem respeitadas&#8221;, sublinhou, garantindo ter-se j\u00e1 reunido com Anacleto Oliveira.<\/p>\n<p>&#8220;O senhor bispo est\u00e1 ao corrente de toda a situa\u00e7\u00e3o. Est\u00e1 por dentro de tudo isto. Sabe muito bem quais s\u00e3o as motiva\u00e7\u00f5es que est\u00e3o inerentes a toda esta situa\u00e7\u00e3o. S\u00e3o problemas de muitos anos que eu j\u00e1 sabia que existiam quando cheguei a esta par\u00f3quia. Naturalmente, quando se tem de trilhar um caminho de rigor as coisas por vezes n\u00e3o s\u00e3o entendidas assim&#8221;, referiu o padre que \u00e9 tamb\u00e9m juiz no tribunal eclesi\u00e1stico de Viana do Castelo em causas de nulidade do matrimonial.<\/p>\n<p>Na altura, mais de tr\u00eas centenas de paroquianos juntaram-se num jantar de apoio ao p\u00e1roco realizado no anfiteatro do Centro Pastoral Paulo VI, resid\u00eancia do bispo de Viana do Castelo.<\/p>\n","protected":false},"excerpt":{"rendered":"<p>O padre de Darque, Viana do Castelo, que em mar\u00e7o foi alvo de contesta\u00e7\u00e3o e pedido de afastamento pela popula\u00e7\u00e3o, foi dispensado pelo bispo da capital do Alto Minho que j\u00e1 nomeou substituto, divulgou hoje a diocese. A sa\u00edda do p\u00e1roco Manuel Pinto integra uma lista de 19 dispensas e nomea\u00e7\u00f5es sacerdotais divulgadas hoje pela [&hellip;]<\/p>\n","protected":false},"author":7,"featured_media":16914,"comment_status":"closed","ping_status":"closed","sticky":false,"template":"","format":"standard","meta":{"_exactmetrics_skip_tracking":false,"_exactmetrics_sitenote_active":false,"_exactmetrics_sitenote_note":"","_exactmetrics_sitenote_category":0,"footnotes":""},"categories":[14],"tags":[27],"class_list":["post-16895","post","type-post","status-publish","format-standard","has-post-thumbnail","hentry","category-viana-do-castelo","tag-sociedade"],"yoast_head":"<!-- This site is optimized with the Yoast SEO Premium plugin v27.5 (Yoast SEO v27.5) - https:\/\/yoast.com\/product\/yoast-seo-premium-wordpress\/ -->\n<title>Padre contestado em freguesia de Darque em Viana dispensado pela diocese<\/title>\n<meta name=\"robots\" content=\"index, follow, max-snippet:-1, max-image-preview:large, max-video-preview:-1\" \/>\n<link rel=\"canonical\" href=\"https:\/\/www.altominho.tv\/site\/2018\/07\/26\/padre-contestado-em-freguesia-de-darque-em-viana-dispensado-pela-diocese\/\" \/>\n<meta property=\"og:locale\" content=\"pt_PT\" \/>\n<meta property=\"og:type\" content=\"article\" \/>\n<meta property=\"og:title\" content=\"Padre contestado em freguesia de Darque em Viana dispensado pela diocese\" \/>\n<meta property=\"og:description\" content=\"O padre de Darque, Viana do Castelo, que em mar\u00e7o foi alvo de contesta\u00e7\u00e3o e pedido de afastamento pela popula\u00e7\u00e3o, foi dispensado pelo bispo da capital do Alto Minho que j\u00e1 nomeou substituto, divulgou hoje a diocese. A sa\u00edda do p\u00e1roco Manuel Pinto integra uma lista de 19 dispensas e nomea\u00e7\u00f5es sacerdotais divulgadas hoje pela [&hellip;]\" \/>\n<meta property=\"og:url\" content=\"https:\/\/www.altominho.tv\/site\/2018\/07\/26\/padre-contestado-em-freguesia-de-darque-em-viana-dispensado-pela-diocese\/\" \/>\n<meta property=\"og:site_name\" content=\"Altominho.tv\" \/>\n<meta property=\"article:publisher\" content=\"https:\/\/www.facebook.com\/altominhotv\" \/>\n<meta property=\"article:published_time\" content=\"2018-07-26T13:00:38+00:00\" \/>\n<meta property=\"og:image\" content=\"https:\/\/www.altominho.tv\/site\/wp-content\/uploads\/2018\/07\/parde.jpg\" \/>\n\t<meta property=\"og:image:width\" content=\"800\" \/>\n\t<meta property=\"og:image:height\" content=\"525\" \/>\n\t<meta property=\"og:image:type\" content=\"image\/jpeg\" \/>\n<meta name=\"author\" content=\"Andreia Cunha\" \/>\n<meta name=\"twitter:card\" content=\"summary_large_image\" \/>\n<meta name=\"twitter:creator\" content=\"@altominhoTV\" \/>\n<meta name=\"twitter:site\" content=\"@altominhoTV\" \/>\n<meta name=\"twitter:label1\" content=\"Escrito por\" \/>\n\t<meta name=\"twitter:data1\" content=\"Andreia Cunha\" \/>\n\t<meta name=\"twitter:label2\" content=\"Tempo estimado de leitura\" \/>\n\t<meta name=\"twitter:data2\" content=\"3 minutos\" \/>\n<script type=\"application\/ld+json\" class=\"yoast-schema-graph\">{\"@context\":\"https:\\\/\\\/schema.org\",\"@graph\":[{\"@type\":\"Article\",\"@id\":\"https:\\\/\\\/www.altominho.tv\\\/site\\\/2018\\\/07\\\/26\\\/padre-contestado-em-freguesia-de-darque-em-viana-dispensado-pela-diocese\\\/#article\",\"isPartOf\":{\"@id\":\"https:\\\/\\\/www.altominho.tv\\\/site\\\/2018\\\/07\\\/26\\\/padre-contestado-em-freguesia-de-darque-em-viana-dispensado-pela-diocese\\\/\"},\"author\":{\"name\":\"Andreia Cunha\",\"@id\":\"https:\\\/\\\/www.altominho.tv\\\/site\\\/#\\\/schema\\\/person\\\/a0e4ef6d041f98ca284393d8f1d97153\"},\"headline\":\"Padre contestado em freguesia de Darque em Viana dispensado pela diocese\",\"datePublished\":\"2018-07-26T13:00:38+00:00\",\"mainEntityOfPage\":{\"@id\":\"https:\\\/\\\/www.altominho.tv\\\/site\\\/2018\\\/07\\\/26\\\/padre-contestado-em-freguesia-de-darque-em-viana-dispensado-pela-diocese\\\/\"},\"wordCount\":599,\"image\":{\"@id\":\"https:\\\/\\\/www.altominho.tv\\\/site\\\/2018\\\/07\\\/26\\\/padre-contestado-em-freguesia-de-darque-em-viana-dispensado-pela-diocese\\\/#primaryimage\"},\"thumbnailUrl\":\"https:\\\/\\\/www.altominho.tv\\\/site\\\/wp-content\\\/uploads\\\/2018\\\/07\\\/parde.jpg\",\"keywords\":[\"Sociedade\"],\"articleSection\":[\"Viana do Castelo\"],\"inLanguage\":\"pt-PT\",\"copyrightYear\":\"2018\",\"copyrightHolder\":{\"@id\":\"https:\\\/\\\/www.altominho.tv\\\/site\\\/#organization\"}},{\"@type\":\"WebPage\",\"@id\":\"https:\\\/\\\/www.altominho.tv\\\/site\\\/2018\\\/07\\\/26\\\/padre-contestado-em-freguesia-de-darque-em-viana-dispensado-pela-diocese\\\/\",\"url\":\"https:\\\/\\\/www.altominho.tv\\\/site\\\/2018\\\/07\\\/26\\\/padre-contestado-em-freguesia-de-darque-em-viana-dispensado-pela-diocese\\\/\",\"name\":\"Padre contestado em freguesia de Darque em Viana dispensado pela diocese\",\"isPartOf\":{\"@id\":\"https:\\\/\\\/www.altominho.tv\\\/site\\\/#website\"},\"primaryImageOfPage\":{\"@id\":\"https:\\\/\\\/www.altominho.tv\\\/site\\\/2018\\\/07\\\/26\\\/padre-contestado-em-freguesia-de-darque-em-viana-dispensado-pela-diocese\\\/#primaryimage\"},\"image\":{\"@id\":\"https:\\\/\\\/www.altominho.tv\\\/site\\\/2018\\\/07\\\/26\\\/padre-contestado-em-freguesia-de-darque-em-viana-dispensado-pela-diocese\\\/#primaryimage\"},\"thumbnailUrl\":\"https:\\\/\\\/www.altominho.tv\\\/site\\\/wp-content\\\/uploads\\\/2018\\\/07\\\/parde.jpg\",\"datePublished\":\"2018-07-26T13:00:38+00:00\",\"author\":{\"@id\":\"https:\\\/\\\/www.altominho.tv\\\/site\\\/#\\\/schema\\\/person\\\/a0e4ef6d041f98ca284393d8f1d97153\"},\"breadcrumb\":{\"@id\":\"https:\\\/\\\/www.altominho.tv\\\/site\\\/2018\\\/07\\\/26\\\/padre-contestado-em-freguesia-de-darque-em-viana-dispensado-pela-diocese\\\/#breadcrumb\"},\"inLanguage\":\"pt-PT\",\"potentialAction\":[{\"@type\":\"ReadAction\",\"target\":[\"https:\\\/\\\/www.altominho.tv\\\/site\\\/2018\\\/07\\\/26\\\/padre-contestado-em-freguesia-de-darque-em-viana-dispensado-pela-diocese\\\/\"]}]},{\"@type\":\"ImageObject\",\"inLanguage\":\"pt-PT\",\"@id\":\"https:\\\/\\\/www.altominho.tv\\\/site\\\/2018\\\/07\\\/26\\\/padre-contestado-em-freguesia-de-darque-em-viana-dispensado-pela-diocese\\\/#primaryimage\",\"url\":\"https:\\\/\\\/www.altominho.tv\\\/site\\\/wp-content\\\/uploads\\\/2018\\\/07\\\/parde.jpg\",\"contentUrl\":\"https:\\\/\\\/www.altominho.tv\\\/site\\\/wp-content\\\/uploads\\\/2018\\\/07\\\/parde.jpg\",\"width\":800,\"height\":525},{\"@type\":\"BreadcrumbList\",\"@id\":\"https:\\\/\\\/www.altominho.tv\\\/site\\\/2018\\\/07\\\/26\\\/padre-contestado-em-freguesia-de-darque-em-viana-dispensado-pela-diocese\\\/#breadcrumb\",\"itemListElement\":[{\"@type\":\"ListItem\",\"position\":1,\"name\":\"In\u00edcio\",\"item\":\"https:\\\/\\\/www.altominho.tv\\\/site\\\/\"},{\"@type\":\"ListItem\",\"position\":2,\"name\":\"Padre contestado em freguesia de Darque em Viana dispensado pela diocese\"}]},{\"@type\":\"WebSite\",\"@id\":\"https:\\\/\\\/www.altominho.tv\\\/site\\\/#website\",\"url\":\"https:\\\/\\\/www.altominho.tv\\\/site\\\/\",\"name\":\"Altominho.tv\",\"description\":\"A sua regi\u00e3o \u00e0 dist\u00e2ncia de um clique...\",\"potentialAction\":[{\"@type\":\"SearchAction\",\"target\":{\"@type\":\"EntryPoint\",\"urlTemplate\":\"https:\\\/\\\/www.altominho.tv\\\/site\\\/?s={search_term_string}\"},\"query-input\":{\"@type\":\"PropertyValueSpecification\",\"valueRequired\":true,\"valueName\":\"search_term_string\"}}],\"inLanguage\":\"pt-PT\"},{\"@type\":\"Person\",\"@id\":\"https:\\\/\\\/www.altominho.tv\\\/site\\\/#\\\/schema\\\/person\\\/a0e4ef6d041f98ca284393d8f1d97153\",\"name\":\"Andreia Cunha\",\"image\":{\"@type\":\"ImageObject\",\"inLanguage\":\"pt-PT\",\"@id\":\"https:\\\/\\\/www.altominho.tv\\\/site\\\/wp-content\\\/uploads\\\/2017\\\/11\\\/Andreia_Cunha-1-150x150.jpg\",\"url\":\"https:\\\/\\\/www.altominho.tv\\\/site\\\/wp-content\\\/uploads\\\/2017\\\/11\\\/Andreia_Cunha-1-150x150.jpg\",\"contentUrl\":\"https:\\\/\\\/www.altominho.tv\\\/site\\\/wp-content\\\/uploads\\\/2017\\\/11\\\/Andreia_Cunha-1-150x150.jpg\",\"caption\":\"Andreia Cunha\"},\"url\":\"https:\\\/\\\/www.altominho.tv\\\/site\\\/author\\\/andreiacunha\\\/\"}]}<\/script>\n<!-- \/ Yoast SEO Premium plugin. -->","yoast_head_json":{"title":"Padre contestado em freguesia de Darque em Viana dispensado pela diocese","robots":{"index":"index","follow":"follow","max-snippet":"max-snippet:-1","max-image-preview":"max-image-preview:large","max-video-preview":"max-video-preview:-1"},"canonical":"https:\/\/www.altominho.tv\/site\/2018\/07\/26\/padre-contestado-em-freguesia-de-darque-em-viana-dispensado-pela-diocese\/","og_locale":"pt_PT","og_type":"article","og_title":"Padre contestado em freguesia de Darque em Viana dispensado pela diocese","og_description":"O padre de Darque, Viana do Castelo, que em mar\u00e7o foi alvo de contesta\u00e7\u00e3o e pedido de afastamento pela popula\u00e7\u00e3o, foi dispensado pelo bispo da capital do Alto Minho que j\u00e1 nomeou substituto, divulgou hoje a diocese. A sa\u00edda do p\u00e1roco Manuel Pinto integra uma lista de 19 dispensas e nomea\u00e7\u00f5es sacerdotais divulgadas hoje pela [&hellip;]","og_url":"https:\/\/www.altominho.tv\/site\/2018\/07\/26\/padre-contestado-em-freguesia-de-darque-em-viana-dispensado-pela-diocese\/","og_site_name":"Altominho.tv","article_publisher":"https:\/\/www.facebook.com\/altominhotv","article_published_time":"2018-07-26T13:00:38+00:00","og_image":[{"width":800,"height":525,"url":"https:\/\/www.altominho.tv\/site\/wp-content\/uploads\/2018\/07\/parde.jpg","type":"image\/jpeg"}],"author":"Andreia Cunha","twitter_card":"summary_large_image","twitter_creator":"@altominhoTV","twitter_site":"@altominhoTV","twitter_misc":{"Escrito por":"Andreia Cunha","Tempo estimado de leitura":"3 minutos"},"schema":{"@context":"https:\/\/schema.org","@graph":[{"@type":"Article","@id":"https:\/\/www.altominho.tv\/site\/2018\/07\/26\/padre-contestado-em-freguesia-de-darque-em-viana-dispensado-pela-diocese\/#article","isPartOf":{"@id":"https:\/\/www.altominho.tv\/site\/2018\/07\/26\/padre-contestado-em-freguesia-de-darque-em-viana-dispensado-pela-diocese\/"},"author":{"name":"Andreia Cunha","@id":"https:\/\/www.altominho.tv\/site\/#\/schema\/person\/a0e4ef6d041f98ca284393d8f1d97153"},"headline":"Padre contestado em freguesia de Darque em Viana dispensado pela diocese","datePublished":"2018-07-26T13:00:38+00:00","mainEntityOfPage":{"@id":"https:\/\/www.altominho.tv\/site\/2018\/07\/26\/padre-contestado-em-freguesia-de-darque-em-viana-dispensado-pela-diocese\/"},"wordCount":599,"image":{"@id":"https:\/\/www.altominho.tv\/site\/2018\/07\/26\/padre-contestado-em-freguesia-de-darque-em-viana-dispensado-pela-diocese\/#primaryimage"},"thumbnailUrl":"https:\/\/www.altominho.tv\/site\/wp-content\/uploads\/2018\/07\/parde.jpg","keywords":["Sociedade"],"articleSection":["Viana do Castelo"],"inLanguage":"pt-PT","copyrightYear":"2018","copyrightHolder":{"@id":"https:\/\/www.altominho.tv\/site\/#organization"}},{"@type":"WebPage","@id":"https:\/\/www.altominho.tv\/site\/2018\/07\/26\/padre-contestado-em-freguesia-de-darque-em-viana-dispensado-pela-diocese\/","url":"https:\/\/www.altominho.tv\/site\/2018\/07\/26\/padre-contestado-em-freguesia-de-darque-em-viana-dispensado-pela-diocese\/","name":"Padre contestado em freguesia de Darque em Viana dispensado pela diocese","isPartOf":{"@id":"https:\/\/www.altominho.tv\/site\/#website"},"primaryImageOfPage":{"@id":"https:\/\/www.altominho.tv\/site\/2018\/07\/26\/padre-contestado-em-freguesia-de-darque-em-viana-dispensado-pela-diocese\/#primaryimage"},"image":{"@id":"https:\/\/www.altominho.tv\/site\/2018\/07\/26\/padre-contestado-em-freguesia-de-darque-em-viana-dispensado-pela-diocese\/#primaryimage"},"thumbnailUrl":"https:\/\/www.altominho.tv\/site\/wp-content\/uploads\/2018\/07\/parde.jpg","datePublished":"2018-07-26T13:00:38+00:00","author":{"@id":"https:\/\/www.altominho.tv\/site\/#\/schema\/person\/a0e4ef6d041f98ca284393d8f1d97153"},"breadcrumb":{"@id":"https:\/\/www.altominho.tv\/site\/2018\/07\/26\/padre-contestado-em-freguesia-de-darque-em-viana-dispensado-pela-diocese\/#breadcrumb"},"inLanguage":"pt-PT","potentialAction":[{"@type":"ReadAction","target":["https:\/\/www.altominho.tv\/site\/2018\/07\/26\/padre-contestado-em-freguesia-de-darque-em-viana-dispensado-pela-diocese\/"]}]},{"@type":"ImageObject","inLanguage":"pt-PT","@id":"https:\/\/www.altominho.tv\/site\/2018\/07\/26\/padre-contestado-em-freguesia-de-darque-em-viana-dispensado-pela-diocese\/#primaryimage","url":"https:\/\/www.altominho.tv\/site\/wp-content\/uploads\/2018\/07\/parde.jpg","contentUrl":"https:\/\/www.altominho.tv\/site\/wp-content\/uploads\/2018\/07\/parde.jpg","width":800,"height":525},{"@type":"BreadcrumbList","@id":"https:\/\/www.altominho.tv\/site\/2018\/07\/26\/padre-contestado-em-freguesia-de-darque-em-viana-dispensado-pela-diocese\/#breadcrumb","itemListElement":[{"@type":"ListItem","position":1,"name":"In\u00edcio","item":"https:\/\/www.altominho.tv\/site\/"},{"@type":"ListItem","position":2,"name":"Padre contestado em freguesia de Darque em Viana dispensado pela diocese"}]},{"@type":"WebSite","@id":"https:\/\/www.altominho.tv\/site\/#website","url":"https:\/\/www.altominho.tv\/site\/","name":"Altominho.tv","description":"A sua regi\u00e3o \u00e0 dist\u00e2ncia de um clique...","potentialAction":[{"@type":"SearchAction","target":{"@type":"EntryPoint","urlTemplate":"https:\/\/www.altominho.tv\/site\/?s={search_term_string}"},"query-input":{"@type":"PropertyValueSpecification","valueRequired":true,"valueName":"search_term_string"}}],"inLanguage":"pt-PT"},{"@type":"Person","@id":"https:\/\/www.altominho.tv\/site\/#\/schema\/person\/a0e4ef6d041f98ca284393d8f1d97153","name":"Andreia Cunha","image":{"@type":"ImageObject","inLanguage":"pt-PT","@id":"https:\/\/www.altominho.tv\/site\/wp-content\/uploads\/2017\/11\/Andreia_Cunha-1-150x150.jpg","url":"https:\/\/www.altominho.tv\/site\/wp-content\/uploads\/2017\/11\/Andreia_Cunha-1-150x150.jpg","contentUrl":"https:\/\/www.altominho.tv\/site\/wp-content\/uploads\/2017\/11\/Andreia_Cunha-1-150x150.jpg","caption":"Andreia Cunha"},"url":"https:\/\/www.altominho.tv\/site\/author\/andreiacunha\/"}]}},"_links":{"self":[{"href":"https:\/\/www.altominho.tv\/site\/wp-json\/wp\/v2\/posts\/16895","targetHints":{"allow":["GET"]}}],"collection":[{"href":"https:\/\/www.altominho.tv\/site\/wp-json\/wp\/v2\/posts"}],"about":[{"href":"https:\/\/www.altominho.tv\/site\/wp-json\/wp\/v2\/types\/post"}],"author":[{"embeddable":true,"href":"https:\/\/www.altominho.tv\/site\/wp-json\/wp\/v2\/users\/7"}],"replies":[{"embeddable":true,"href":"https:\/\/www.altominho.tv\/site\/wp-json\/wp\/v2\/comments?post=16895"}],"version-history":[{"count":0,"href":"https:\/\/www.altominho.tv\/site\/wp-json\/wp\/v2\/posts\/16895\/revisions"}],"wp:featuredmedia":[{"embeddable":true,"href":"https:\/\/www.altominho.tv\/site\/wp-json\/wp\/v2\/media\/16914"}],"wp:attachment":[{"href":"https:\/\/www.altominho.tv\/site\/wp-json\/wp\/v2\/media?parent=16895"}],"wp:term":[{"taxonomy":"category","embeddable":true,"href":"https:\/\/www.altominho.tv\/site\/wp-json\/wp\/v2\/categories?post=16895"},{"taxonomy":"post_tag","embeddable":true,"href":"https:\/\/www.altominho.tv\/site\/wp-json\/wp\/v2\/tags?post=16895"}],"curies":[{"name":"wp","href":"https:\/\/api.w.org\/{rel}","templated":true}]}}