{"id":16879,"date":"2018-07-26T10:21:22","date_gmt":"2018-07-26T09:21:22","guid":{"rendered":"http:\/\/www.altominho.tv\/site\/?p=16879"},"modified":"2018-07-26T10:25:27","modified_gmt":"2018-07-26T09:25:27","slug":"psd-preocupado-com-futuro-apos-fecho-de-centro-para-criancas-em-risco-de-caminha","status":"publish","type":"post","link":"https:\/\/www.altominho.tv\/site\/2018\/07\/26\/psd-preocupado-com-futuro-apos-fecho-de-centro-para-criancas-em-risco-de-caminha\/","title":{"rendered":"PSD preocupado com futuro ap\u00f3s fecho de centro para crian\u00e7as em risco de Caminha"},"content":{"rendered":"<p>Os vereadores do PSD na C\u00e2mara de Caminha manifestaram-se, esta quarta-feira, &#8220;preocupados&#8221; com a solu\u00e7\u00e3o encontrada para um utente do Centro de Acolhimento Tempor\u00e1rio (CAT) para crian\u00e7as e jovens em risco de Seixas, que encerra no final do m\u00eas.<\/p>\n<p>O <a href=\"http:\/\/www.altominho.tv\/site\/2018\/03\/28\/mais-de-50-pessoas-em-vigilia-contra-fecho-de-centro-para-criancas-em-risco-de-caminha\/\">encerramento<\/a> daquele equipamento, conhecido como CAT Benjamim, foi anunciado no in\u00edcio de mar\u00e7o pela Associa\u00e7\u00e3o Portuguesa de Pais e Amigos do Cidad\u00e3o Deficiente Mental (APPACDM) de Viana do Castelo, respons\u00e1vel pela gest\u00e3o daquela estrutura.<\/p>\n<p>Na altura, em declara\u00e7\u00f5es \u00e0 ag\u00eancia Lusa, o presidente da APPACDM, Luiz Costa, explicou que o CAT Benjamim &#8220;\u00e9 a \u00fanica resposta da institui\u00e7\u00e3o que n\u00e3o \u00e9 vocacionada para a \u00e1rea da defici\u00eancia e que acumulou, desde 2008 um d\u00e9fice cr\u00f3nico, com d\u00edvidas superiores a 400 mil euros&#8221;.<\/p>\n<p>Em comunicado, os vereadores do PSD afirmam que &#8220;um dos meninos que integra o CAT, com espetro de autismo, completamente dependente de uma terceira pessoa para realizar as suas atividades b\u00e1sicas da vida di\u00e1ria ir\u00e1 ser integrado numa resposta social em Viana do Castelo, vocacionada para a \u00e1rea dos sem-abrigo, que n\u00e3o est\u00e1 especializada para tomar conta de um jovem com estas caracter\u00edsticas&#8221;.<\/p>\n<p>O PSD quer saber &#8220;por que motivo este menino n\u00e3o integra a APPACDM, j\u00e1 que essa sim tem t\u00e9cnicos adaptados e preparados para lidar com a defici\u00eancia&#8221;.\u00a0&#8220;Qual a justifica\u00e7\u00e3o para tal ato de leviandade e de falta de prote\u00e7\u00e3o a este jovem autista&#8221;, questionam.<\/p>\n<p>Contactado pela Lusa, o presidente da APPACDM explicou que &#8220;o encaminhamento das crian\u00e7as e jovens que estavam acolhidas no CAT Seixas cabe ao centro distrital da Seguran\u00e7a Social&#8221;.<\/p>\n<p>&#8220;No caso concreto importa referir que este jovem estava no CAT ao abrigo de uma medida de acolhimento residencial tempor\u00e1rio, tendo a mesma cessado, por despacho judicial, no \u00e2mbito do processo de Promo\u00e7\u00e3o e Prote\u00e7\u00e3o proferido em novembro de 2017, atendendo a que tinha completado 18 anos em outubro daquele ano&#8221;.<\/p>\n<p>Explicou que, &#8220;naquela altura foram notificados os centros distritais de Faro, de onde era oriundo o jovem, e o de Viana do Castelo, bem como o tribunal, no sentido de ser encontrada uma resposta social adequada&#8221;.<\/p>\n<p>&#8220;Informamos ainda que a APPACDM n\u00e3o possu\u00eda, como continua a n\u00e3o possuir, vagas em resposta de lar residencial, pelo que a sua transfer\u00eancia para outra institui\u00e7\u00e3o seria necess\u00e1ria. Desde novembro de 2017 at\u00e9 a presente data, o jovem continuou a frequentar o CAT Seixas, apesar de j\u00e1 ter cessado a referida medida de acolhimento&#8221;, sustentou.<\/p>\n<p>Luiz Costa adiantou que, &#8220;no dia 19 de julho a APPACDM foi contactada pelo centro distrital da Seguran\u00e7a Social, solicitando que o jovem em causa integrasse apenas, durante o m\u00eas de agosto, um dos Centros de Atividades Ocupacionais (CAO) da institui\u00e7\u00e3o&#8221;. &#8220;Disseram que j\u00e1 tinham encontrado uma solu\u00e7\u00e3o provis\u00f3ria para o seu acolhimento, durante a noite e aos fins de semana, e que aguardavam o seu acolhimento, a partir de setembro, noutra institui\u00e7\u00e3o fora do distrito de Viana do Castelo&#8221;.<\/p>\n<p>Em resposta a um pedido de esclarecimento, por escrito, enviado pela Lusa, fonte do Instituto da Seguran\u00e7a Social (ISS) referiu que a situa\u00e7\u00e3o do jovem &#8220;ainda n\u00e3o est\u00e1 plenamente resolvida, continuando a ser procurada exaustivamente a melhor solu\u00e7\u00e3o que respeite as suas especificidades&#8221;.<\/p>\n<p>A fonte adiantou &#8220;estarem a ser trabalhadas diferentes hip\u00f3teses, designadamente, em respostas da pr\u00f3pria institui\u00e7\u00e3o&#8221;.\u00a0&#8220;Este Instituto est\u00e1 certo que, at\u00e9 ao fim do prazo, a mesma seja assegurada&#8221;.<\/p>\n<p>O ISS acrescentou que &#8220;apesar de todas as dilig\u00eancias encetadas, de articula\u00e7\u00e3o e apoio do centro distrital de Viana do Castelo para a manuten\u00e7\u00e3o CAT Benjamim, em mar\u00e7o, a APPACDM comunicou formalmente a den\u00fancia unilateral de acordo de coopera\u00e7\u00e3o, com efeitos a 31 de julho&#8221;.<\/p>\n<p>&#8220;Posteriormente, a institui\u00e7\u00e3o solicitou a prorroga\u00e7\u00e3o de prazo para 30 de novembro, pedido esse que n\u00e3o foi poss\u00edvel ser considerado por n\u00e3o se coadunar com o superior interesse das crian\u00e7as e jovens acolhidas&#8221;, frisou.<\/p>\n<p>Segundo a fonte, aquela data &#8220;colidia com o projeto de vida dos utentes, nomeadamente o necess\u00e1rio per\u00edodo de integra\u00e7\u00e3o numa nova resposta e, fundamentalmente, com o in\u00edcio do ano letivo das crian\u00e7as e jovens, em setembro&#8221;.<\/p>\n<p>O ISS afian\u00e7ou que o &#8220;encaminhamento&#8221; das crian\u00e7as e jovens que estavam acolhidas naquele CAT cabe &#8220;\u00e0 APPACDM, com a devida articula\u00e7\u00e3o com a magistratura e o centro distrital da seguran\u00e7a social&#8221;. &#8220;\u00c0 data, todos os jovens acolhidos nesta resposta foram encaminhados, com exce\u00e7\u00e3o de um jovem&#8221;, afirmou.<\/p>\n<p>\u00c0 Lusa, o presidente de C\u00e2mara de Caminha, Miguel Alves, escusou-se a comentar o assunto, dizendo desconhecer a situa\u00e7\u00e3o e referindo que &#8220;cabe \u00e0 Seguran\u00e7a Social responder a essa mat\u00e9ria&#8221;.<\/p>\n","protected":false},"excerpt":{"rendered":"<p>Os vereadores do PSD na C\u00e2mara de Caminha manifestaram-se, esta quarta-feira, &#8220;preocupados&#8221; com a solu\u00e7\u00e3o encontrada para um utente do Centro de Acolhimento Tempor\u00e1rio (CAT) para crian\u00e7as e jovens em risco de Seixas, que encerra no final do m\u00eas. O encerramento daquele equipamento, conhecido como CAT Benjamim, foi anunciado no in\u00edcio de mar\u00e7o pela Associa\u00e7\u00e3o [&hellip;]<\/p>\n","protected":false},"author":12,"featured_media":16885,"comment_status":"closed","ping_status":"closed","sticky":false,"template":"","format":"standard","meta":{"_exactmetrics_skip_tracking":false,"_exactmetrics_sitenote_active":false,"_exactmetrics_sitenote_note":"","_exactmetrics_sitenote_category":0,"footnotes":""},"categories":[7],"tags":[27],"class_list":["post-16879","post","type-post","status-publish","format-standard","has-post-thumbnail","hentry","category-caminha","tag-sociedade"],"yoast_head":"<!-- This site is optimized with the Yoast SEO Premium plugin v27.5 (Yoast SEO v27.5) - https:\/\/yoast.com\/product\/yoast-seo-premium-wordpress\/ -->\n<title>PSD preocupado com futuro ap\u00f3s fecho de centro para crian\u00e7as em risco de Caminha<\/title>\n<meta name=\"robots\" content=\"index, follow, max-snippet:-1, max-image-preview:large, max-video-preview:-1\" \/>\n<link rel=\"canonical\" href=\"https:\/\/www.altominho.tv\/site\/2018\/07\/26\/psd-preocupado-com-futuro-apos-fecho-de-centro-para-criancas-em-risco-de-caminha\/\" \/>\n<meta property=\"og:locale\" content=\"pt_PT\" \/>\n<meta property=\"og:type\" content=\"article\" \/>\n<meta property=\"og:title\" content=\"PSD preocupado com futuro ap\u00f3s fecho de centro para crian\u00e7as em risco de Caminha\" \/>\n<meta property=\"og:description\" content=\"Os vereadores do PSD na C\u00e2mara de Caminha manifestaram-se, esta quarta-feira, &#8220;preocupados&#8221; com a solu\u00e7\u00e3o encontrada para um utente do Centro de Acolhimento Tempor\u00e1rio (CAT) para crian\u00e7as e jovens em risco de Seixas, que encerra no final do m\u00eas. O encerramento daquele equipamento, conhecido como CAT Benjamim, foi anunciado no in\u00edcio de mar\u00e7o pela Associa\u00e7\u00e3o [&hellip;]\" \/>\n<meta property=\"og:url\" content=\"https:\/\/www.altominho.tv\/site\/2018\/07\/26\/psd-preocupado-com-futuro-apos-fecho-de-centro-para-criancas-em-risco-de-caminha\/\" \/>\n<meta property=\"og:site_name\" content=\"Altominho.tv\" \/>\n<meta property=\"article:publisher\" content=\"https:\/\/www.facebook.com\/altominhotv\" \/>\n<meta property=\"article:published_time\" content=\"2018-07-26T09:21:22+00:00\" \/>\n<meta property=\"article:modified_time\" content=\"2018-07-26T09:25:27+00:00\" \/>\n<meta property=\"og:image\" content=\"https:\/\/www.altominho.tv\/site\/wp-content\/uploads\/2018\/07\/Centro-1.jpg\" \/>\n\t<meta property=\"og:image:width\" content=\"650\" \/>\n\t<meta property=\"og:image:height\" content=\"432\" \/>\n\t<meta property=\"og:image:type\" content=\"image\/jpeg\" \/>\n<meta name=\"author\" content=\"Andreia Ferreira\" \/>\n<meta name=\"twitter:card\" content=\"summary_large_image\" \/>\n<meta name=\"twitter:creator\" content=\"@altominhoTV\" \/>\n<meta name=\"twitter:site\" content=\"@altominhoTV\" \/>\n<meta name=\"twitter:label1\" content=\"Escrito por\" \/>\n\t<meta name=\"twitter:data1\" content=\"Andreia Ferreira\" \/>\n\t<meta name=\"twitter:label2\" content=\"Tempo estimado de leitura\" \/>\n\t<meta name=\"twitter:data2\" content=\"4 minutos\" \/>\n<script type=\"application\/ld+json\" class=\"yoast-schema-graph\">{\"@context\":\"https:\\\/\\\/schema.org\",\"@graph\":[{\"@type\":\"Article\",\"@id\":\"https:\\\/\\\/www.altominho.tv\\\/site\\\/2018\\\/07\\\/26\\\/psd-preocupado-com-futuro-apos-fecho-de-centro-para-criancas-em-risco-de-caminha\\\/#article\",\"isPartOf\":{\"@id\":\"https:\\\/\\\/www.altominho.tv\\\/site\\\/2018\\\/07\\\/26\\\/psd-preocupado-com-futuro-apos-fecho-de-centro-para-criancas-em-risco-de-caminha\\\/\"},\"author\":{\"name\":\"Andreia Ferreira\",\"@id\":\"https:\\\/\\\/www.altominho.tv\\\/site\\\/#\\\/schema\\\/person\\\/d9be4265364723f14ea8e0d56a1d38cd\"},\"headline\":\"PSD preocupado com futuro ap\u00f3s fecho de centro para crian\u00e7as em risco de Caminha\",\"datePublished\":\"2018-07-26T09:21:22+00:00\",\"dateModified\":\"2018-07-26T09:25:27+00:00\",\"mainEntityOfPage\":{\"@id\":\"https:\\\/\\\/www.altominho.tv\\\/site\\\/2018\\\/07\\\/26\\\/psd-preocupado-com-futuro-apos-fecho-de-centro-para-criancas-em-risco-de-caminha\\\/\"},\"wordCount\":824,\"image\":{\"@id\":\"https:\\\/\\\/www.altominho.tv\\\/site\\\/2018\\\/07\\\/26\\\/psd-preocupado-com-futuro-apos-fecho-de-centro-para-criancas-em-risco-de-caminha\\\/#primaryimage\"},\"thumbnailUrl\":\"https:\\\/\\\/www.altominho.tv\\\/site\\\/wp-content\\\/uploads\\\/2018\\\/07\\\/Centro-1.jpg\",\"keywords\":[\"Sociedade\"],\"articleSection\":[\"Caminha\"],\"inLanguage\":\"pt-PT\",\"copyrightYear\":\"2018\",\"copyrightHolder\":{\"@id\":\"https:\\\/\\\/www.altominho.tv\\\/site\\\/#organization\"}},{\"@type\":\"WebPage\",\"@id\":\"https:\\\/\\\/www.altominho.tv\\\/site\\\/2018\\\/07\\\/26\\\/psd-preocupado-com-futuro-apos-fecho-de-centro-para-criancas-em-risco-de-caminha\\\/\",\"url\":\"https:\\\/\\\/www.altominho.tv\\\/site\\\/2018\\\/07\\\/26\\\/psd-preocupado-com-futuro-apos-fecho-de-centro-para-criancas-em-risco-de-caminha\\\/\",\"name\":\"PSD preocupado com futuro ap\u00f3s fecho de centro para crian\u00e7as em risco de Caminha\",\"isPartOf\":{\"@id\":\"https:\\\/\\\/www.altominho.tv\\\/site\\\/#website\"},\"primaryImageOfPage\":{\"@id\":\"https:\\\/\\\/www.altominho.tv\\\/site\\\/2018\\\/07\\\/26\\\/psd-preocupado-com-futuro-apos-fecho-de-centro-para-criancas-em-risco-de-caminha\\\/#primaryimage\"},\"image\":{\"@id\":\"https:\\\/\\\/www.altominho.tv\\\/site\\\/2018\\\/07\\\/26\\\/psd-preocupado-com-futuro-apos-fecho-de-centro-para-criancas-em-risco-de-caminha\\\/#primaryimage\"},\"thumbnailUrl\":\"https:\\\/\\\/www.altominho.tv\\\/site\\\/wp-content\\\/uploads\\\/2018\\\/07\\\/Centro-1.jpg\",\"datePublished\":\"2018-07-26T09:21:22+00:00\",\"dateModified\":\"2018-07-26T09:25:27+00:00\",\"author\":{\"@id\":\"https:\\\/\\\/www.altominho.tv\\\/site\\\/#\\\/schema\\\/person\\\/d9be4265364723f14ea8e0d56a1d38cd\"},\"breadcrumb\":{\"@id\":\"https:\\\/\\\/www.altominho.tv\\\/site\\\/2018\\\/07\\\/26\\\/psd-preocupado-com-futuro-apos-fecho-de-centro-para-criancas-em-risco-de-caminha\\\/#breadcrumb\"},\"inLanguage\":\"pt-PT\",\"potentialAction\":[{\"@type\":\"ReadAction\",\"target\":[\"https:\\\/\\\/www.altominho.tv\\\/site\\\/2018\\\/07\\\/26\\\/psd-preocupado-com-futuro-apos-fecho-de-centro-para-criancas-em-risco-de-caminha\\\/\"]}]},{\"@type\":\"ImageObject\",\"inLanguage\":\"pt-PT\",\"@id\":\"https:\\\/\\\/www.altominho.tv\\\/site\\\/2018\\\/07\\\/26\\\/psd-preocupado-com-futuro-apos-fecho-de-centro-para-criancas-em-risco-de-caminha\\\/#primaryimage\",\"url\":\"https:\\\/\\\/www.altominho.tv\\\/site\\\/wp-content\\\/uploads\\\/2018\\\/07\\\/Centro-1.jpg\",\"contentUrl\":\"https:\\\/\\\/www.altominho.tv\\\/site\\\/wp-content\\\/uploads\\\/2018\\\/07\\\/Centro-1.jpg\",\"width\":650,\"height\":432},{\"@type\":\"BreadcrumbList\",\"@id\":\"https:\\\/\\\/www.altominho.tv\\\/site\\\/2018\\\/07\\\/26\\\/psd-preocupado-com-futuro-apos-fecho-de-centro-para-criancas-em-risco-de-caminha\\\/#breadcrumb\",\"itemListElement\":[{\"@type\":\"ListItem\",\"position\":1,\"name\":\"In\u00edcio\",\"item\":\"https:\\\/\\\/www.altominho.tv\\\/site\\\/\"},{\"@type\":\"ListItem\",\"position\":2,\"name\":\"PSD preocupado com futuro ap\u00f3s fecho de centro para crian\u00e7as em risco de Caminha\"}]},{\"@type\":\"WebSite\",\"@id\":\"https:\\\/\\\/www.altominho.tv\\\/site\\\/#website\",\"url\":\"https:\\\/\\\/www.altominho.tv\\\/site\\\/\",\"name\":\"Altominho.tv\",\"description\":\"A sua regi\u00e3o \u00e0 dist\u00e2ncia de um clique...\",\"potentialAction\":[{\"@type\":\"SearchAction\",\"target\":{\"@type\":\"EntryPoint\",\"urlTemplate\":\"https:\\\/\\\/www.altominho.tv\\\/site\\\/?s={search_term_string}\"},\"query-input\":{\"@type\":\"PropertyValueSpecification\",\"valueRequired\":true,\"valueName\":\"search_term_string\"}}],\"inLanguage\":\"pt-PT\"},{\"@type\":\"Person\",\"@id\":\"https:\\\/\\\/www.altominho.tv\\\/site\\\/#\\\/schema\\\/person\\\/d9be4265364723f14ea8e0d56a1d38cd\",\"name\":\"Andreia Ferreira\",\"image\":{\"@type\":\"ImageObject\",\"inLanguage\":\"pt-PT\",\"@id\":\"https:\\\/\\\/www.altominho.tv\\\/site\\\/wp-content\\\/uploads\\\/2021\\\/01\\\/AndreiaFerreira-150x150.jpg\",\"url\":\"https:\\\/\\\/www.altominho.tv\\\/site\\\/wp-content\\\/uploads\\\/2021\\\/01\\\/AndreiaFerreira-150x150.jpg\",\"contentUrl\":\"https:\\\/\\\/www.altominho.tv\\\/site\\\/wp-content\\\/uploads\\\/2021\\\/01\\\/AndreiaFerreira-150x150.jpg\",\"caption\":\"Andreia Ferreira\"},\"url\":\"https:\\\/\\\/www.altominho.tv\\\/site\\\/author\\\/andreiaferreira\\\/\"}]}<\/script>\n<!-- \/ Yoast SEO Premium plugin. -->","yoast_head_json":{"title":"PSD preocupado com futuro ap\u00f3s fecho de centro para crian\u00e7as em risco de Caminha","robots":{"index":"index","follow":"follow","max-snippet":"max-snippet:-1","max-image-preview":"max-image-preview:large","max-video-preview":"max-video-preview:-1"},"canonical":"https:\/\/www.altominho.tv\/site\/2018\/07\/26\/psd-preocupado-com-futuro-apos-fecho-de-centro-para-criancas-em-risco-de-caminha\/","og_locale":"pt_PT","og_type":"article","og_title":"PSD preocupado com futuro ap\u00f3s fecho de centro para crian\u00e7as em risco de Caminha","og_description":"Os vereadores do PSD na C\u00e2mara de Caminha manifestaram-se, esta quarta-feira, &#8220;preocupados&#8221; com a solu\u00e7\u00e3o encontrada para um utente do Centro de Acolhimento Tempor\u00e1rio (CAT) para crian\u00e7as e jovens em risco de Seixas, que encerra no final do m\u00eas. O encerramento daquele equipamento, conhecido como CAT Benjamim, foi anunciado no in\u00edcio de mar\u00e7o pela Associa\u00e7\u00e3o [&hellip;]","og_url":"https:\/\/www.altominho.tv\/site\/2018\/07\/26\/psd-preocupado-com-futuro-apos-fecho-de-centro-para-criancas-em-risco-de-caminha\/","og_site_name":"Altominho.tv","article_publisher":"https:\/\/www.facebook.com\/altominhotv","article_published_time":"2018-07-26T09:21:22+00:00","article_modified_time":"2018-07-26T09:25:27+00:00","og_image":[{"width":650,"height":432,"url":"https:\/\/www.altominho.tv\/site\/wp-content\/uploads\/2018\/07\/Centro-1.jpg","type":"image\/jpeg"}],"author":"Andreia Ferreira","twitter_card":"summary_large_image","twitter_creator":"@altominhoTV","twitter_site":"@altominhoTV","twitter_misc":{"Escrito por":"Andreia Ferreira","Tempo estimado de leitura":"4 minutos"},"schema":{"@context":"https:\/\/schema.org","@graph":[{"@type":"Article","@id":"https:\/\/www.altominho.tv\/site\/2018\/07\/26\/psd-preocupado-com-futuro-apos-fecho-de-centro-para-criancas-em-risco-de-caminha\/#article","isPartOf":{"@id":"https:\/\/www.altominho.tv\/site\/2018\/07\/26\/psd-preocupado-com-futuro-apos-fecho-de-centro-para-criancas-em-risco-de-caminha\/"},"author":{"name":"Andreia Ferreira","@id":"https:\/\/www.altominho.tv\/site\/#\/schema\/person\/d9be4265364723f14ea8e0d56a1d38cd"},"headline":"PSD preocupado com futuro ap\u00f3s fecho de centro para crian\u00e7as em risco de Caminha","datePublished":"2018-07-26T09:21:22+00:00","dateModified":"2018-07-26T09:25:27+00:00","mainEntityOfPage":{"@id":"https:\/\/www.altominho.tv\/site\/2018\/07\/26\/psd-preocupado-com-futuro-apos-fecho-de-centro-para-criancas-em-risco-de-caminha\/"},"wordCount":824,"image":{"@id":"https:\/\/www.altominho.tv\/site\/2018\/07\/26\/psd-preocupado-com-futuro-apos-fecho-de-centro-para-criancas-em-risco-de-caminha\/#primaryimage"},"thumbnailUrl":"https:\/\/www.altominho.tv\/site\/wp-content\/uploads\/2018\/07\/Centro-1.jpg","keywords":["Sociedade"],"articleSection":["Caminha"],"inLanguage":"pt-PT","copyrightYear":"2018","copyrightHolder":{"@id":"https:\/\/www.altominho.tv\/site\/#organization"}},{"@type":"WebPage","@id":"https:\/\/www.altominho.tv\/site\/2018\/07\/26\/psd-preocupado-com-futuro-apos-fecho-de-centro-para-criancas-em-risco-de-caminha\/","url":"https:\/\/www.altominho.tv\/site\/2018\/07\/26\/psd-preocupado-com-futuro-apos-fecho-de-centro-para-criancas-em-risco-de-caminha\/","name":"PSD preocupado com futuro ap\u00f3s fecho de centro para crian\u00e7as em risco de Caminha","isPartOf":{"@id":"https:\/\/www.altominho.tv\/site\/#website"},"primaryImageOfPage":{"@id":"https:\/\/www.altominho.tv\/site\/2018\/07\/26\/psd-preocupado-com-futuro-apos-fecho-de-centro-para-criancas-em-risco-de-caminha\/#primaryimage"},"image":{"@id":"https:\/\/www.altominho.tv\/site\/2018\/07\/26\/psd-preocupado-com-futuro-apos-fecho-de-centro-para-criancas-em-risco-de-caminha\/#primaryimage"},"thumbnailUrl":"https:\/\/www.altominho.tv\/site\/wp-content\/uploads\/2018\/07\/Centro-1.jpg","datePublished":"2018-07-26T09:21:22+00:00","dateModified":"2018-07-26T09:25:27+00:00","author":{"@id":"https:\/\/www.altominho.tv\/site\/#\/schema\/person\/d9be4265364723f14ea8e0d56a1d38cd"},"breadcrumb":{"@id":"https:\/\/www.altominho.tv\/site\/2018\/07\/26\/psd-preocupado-com-futuro-apos-fecho-de-centro-para-criancas-em-risco-de-caminha\/#breadcrumb"},"inLanguage":"pt-PT","potentialAction":[{"@type":"ReadAction","target":["https:\/\/www.altominho.tv\/site\/2018\/07\/26\/psd-preocupado-com-futuro-apos-fecho-de-centro-para-criancas-em-risco-de-caminha\/"]}]},{"@type":"ImageObject","inLanguage":"pt-PT","@id":"https:\/\/www.altominho.tv\/site\/2018\/07\/26\/psd-preocupado-com-futuro-apos-fecho-de-centro-para-criancas-em-risco-de-caminha\/#primaryimage","url":"https:\/\/www.altominho.tv\/site\/wp-content\/uploads\/2018\/07\/Centro-1.jpg","contentUrl":"https:\/\/www.altominho.tv\/site\/wp-content\/uploads\/2018\/07\/Centro-1.jpg","width":650,"height":432},{"@type":"BreadcrumbList","@id":"https:\/\/www.altominho.tv\/site\/2018\/07\/26\/psd-preocupado-com-futuro-apos-fecho-de-centro-para-criancas-em-risco-de-caminha\/#breadcrumb","itemListElement":[{"@type":"ListItem","position":1,"name":"In\u00edcio","item":"https:\/\/www.altominho.tv\/site\/"},{"@type":"ListItem","position":2,"name":"PSD preocupado com futuro ap\u00f3s fecho de centro para crian\u00e7as em risco de Caminha"}]},{"@type":"WebSite","@id":"https:\/\/www.altominho.tv\/site\/#website","url":"https:\/\/www.altominho.tv\/site\/","name":"Altominho.tv","description":"A sua regi\u00e3o \u00e0 dist\u00e2ncia de um clique...","potentialAction":[{"@type":"SearchAction","target":{"@type":"EntryPoint","urlTemplate":"https:\/\/www.altominho.tv\/site\/?s={search_term_string}"},"query-input":{"@type":"PropertyValueSpecification","valueRequired":true,"valueName":"search_term_string"}}],"inLanguage":"pt-PT"},{"@type":"Person","@id":"https:\/\/www.altominho.tv\/site\/#\/schema\/person\/d9be4265364723f14ea8e0d56a1d38cd","name":"Andreia Ferreira","image":{"@type":"ImageObject","inLanguage":"pt-PT","@id":"https:\/\/www.altominho.tv\/site\/wp-content\/uploads\/2021\/01\/AndreiaFerreira-150x150.jpg","url":"https:\/\/www.altominho.tv\/site\/wp-content\/uploads\/2021\/01\/AndreiaFerreira-150x150.jpg","contentUrl":"https:\/\/www.altominho.tv\/site\/wp-content\/uploads\/2021\/01\/AndreiaFerreira-150x150.jpg","caption":"Andreia Ferreira"},"url":"https:\/\/www.altominho.tv\/site\/author\/andreiaferreira\/"}]}},"_links":{"self":[{"href":"https:\/\/www.altominho.tv\/site\/wp-json\/wp\/v2\/posts\/16879","targetHints":{"allow":["GET"]}}],"collection":[{"href":"https:\/\/www.altominho.tv\/site\/wp-json\/wp\/v2\/posts"}],"about":[{"href":"https:\/\/www.altominho.tv\/site\/wp-json\/wp\/v2\/types\/post"}],"author":[{"embeddable":true,"href":"https:\/\/www.altominho.tv\/site\/wp-json\/wp\/v2\/users\/12"}],"replies":[{"embeddable":true,"href":"https:\/\/www.altominho.tv\/site\/wp-json\/wp\/v2\/comments?post=16879"}],"version-history":[{"count":0,"href":"https:\/\/www.altominho.tv\/site\/wp-json\/wp\/v2\/posts\/16879\/revisions"}],"wp:featuredmedia":[{"embeddable":true,"href":"https:\/\/www.altominho.tv\/site\/wp-json\/wp\/v2\/media\/16885"}],"wp:attachment":[{"href":"https:\/\/www.altominho.tv\/site\/wp-json\/wp\/v2\/media?parent=16879"}],"wp:term":[{"taxonomy":"category","embeddable":true,"href":"https:\/\/www.altominho.tv\/site\/wp-json\/wp\/v2\/categories?post=16879"},{"taxonomy":"post_tag","embeddable":true,"href":"https:\/\/www.altominho.tv\/site\/wp-json\/wp\/v2\/tags?post=16879"}],"curies":[{"name":"wp","href":"https:\/\/api.w.org\/{rel}","templated":true}]}}