{"id":16821,"date":"2018-07-24T15:28:28","date_gmt":"2018-07-24T14:28:28","guid":{"rendered":"http:\/\/www.altominho.tv\/site\/?p=16821"},"modified":"2018-07-24T15:28:28","modified_gmt":"2018-07-24T14:28:28","slug":"mais-de-150-artesaos-recriam-epoca-medieval-em-caminha","status":"publish","type":"post","link":"https:\/\/www.altominho.tv\/site\/2018\/07\/24\/mais-de-150-artesaos-recriam-epoca-medieval-em-caminha\/","title":{"rendered":"Mais de 150 artes\u00e3os recriam \u00e9poca medieval em Caminha"},"content":{"rendered":"<p>Mais de 150 artes\u00e3os, mercadores e taberneiros de Portugal, Espanha e Marrocos v\u00e3o animar a 15.\u00aa edi\u00e7\u00e3o da Feira Medieval de Caminha que vai decorrer entre quarta-feira e domingo naquela vila do Alto Minho, informou hoje a C\u00e2mara local.<\/p>\n<p>Com o tema &#8220;Camina, Ars Nautica et Ejus Officia &#8211; Caminha, a Navega\u00e7\u00e3o e seus Of\u00edcios'&#8221;, o evento, promovido pelo munic\u00edpio, inclui o espet\u00e1culo &#8220;Per Agrus Monstrum: As Tormentas do Encontro&#8221;, trabalhos de carpintaria naval, uma exposi\u00e7\u00e3o intitulada &#8220;Ars Nautica et Ars Piscatus&#8221;.<\/p>\n<p>Durante os cinco dias do evento, os visitantes poder\u00e3o ainda visitar &#8220;uma mostra de aves de rapina, ver espet\u00e1culos equestres, um torneio medieval, um acampamento medieval, teatro de rua&#8221;, entre outras atividades.<\/p>\n<p>A feira medieval de Caminha, que abre na quarta-feira, pelas 18h00, conta com a participa\u00e7\u00e3o das Juntas de Freguesia, associa\u00e7\u00f5es e grupos do concelho.<\/p>\n<p>A exposi\u00e7\u00e3o &#8220;Ars Nautica et Ars Piscatus&#8221; integra v\u00e1rios pain\u00e9is sobre constru\u00e7\u00e3o naval, embarca\u00e7\u00f5es, cartografia, o medo do desconhecido, of\u00edcios ligados \u00e0 constru\u00e7\u00e3o naval, pesca de rio e artes de pesca.<\/p>\n<p>A acompanhar os pain\u00e9is, &#8220;a mostra vai exibir objetos e materiais utilizados na constru\u00e7\u00e3o naval, como por exemplo o cavername de uma nau antiga, ferramentas de carpintaria naval, redes, artes de pesca (pesqueiras, fisgas, botir\u00e3o e cabaceiro), formas utilizadas para construir os objetos, entre outros.<\/p>\n<p>Os materiais foram cedidos pelo Aquamuseu do Rio Minho, Centro de Mem\u00f3ria de Vila do Conde e Estaleiros Navais de Vila do Conde.<\/p>\n<p>A exposi\u00e7\u00e3o estar\u00e1 patente nas Arcadas dos Pa\u00e7os do Concelho.<\/p>\n<p>J\u00e1 a encena\u00e7\u00e3o intitulada &#8220;Per Agrus Monstrum: As Tormentas do Encontro&#8221;, a cargo da Associa\u00e7\u00e3o Cultural Kris\u00e1lida, &#8220;vai juntar as associa\u00e7\u00f5es locais e atores amadores, retratando a luta imemorial entre o Bem e o Mal onde se misturam os ideais franciscanos e o monstro marinho da Insua que provoca mares tormentosos, confrontando as gentes nas suas fragilidades humanas&#8221;.<\/p>\n<p>Petiscos medievais, produtos arom\u00e1ticos, bijuteria, artesanato, couro, bras\u00f5es de fam\u00edlia, brinquedos medievais, s\u00e3o alguns dos artigos que v\u00e3o estar \u00e0 venda nos mais de 150 expositores distribu\u00eddos por v\u00e1rias art\u00e9rias do centro hist\u00f3rico que ser\u00e3o animadas por &#8220;alquimistas duendes, saltimbancos, bufons e trovadores, m\u00fasica medieval, oficina de caligrafia medieval, espet\u00e1culos de fogo, entre outras propostas&#8221;.<\/p>\n","protected":false},"excerpt":{"rendered":"<p>Mais de 150 artes\u00e3os, mercadores e taberneiros de Portugal, Espanha e Marrocos v\u00e3o animar a 15.\u00aa edi\u00e7\u00e3o da Feira Medieval de Caminha que vai decorrer entre quarta-feira e domingo naquela vila do Alto Minho, informou hoje a C\u00e2mara local. Com o tema &#8220;Camina, Ars Nautica et Ejus Officia &#8211; Caminha, a Navega\u00e7\u00e3o e seus Of\u00edcios&#8217;&#8221;, [&hellip;]<\/p>\n","protected":false},"author":7,"featured_media":16822,"comment_status":"closed","ping_status":"closed","sticky":false,"template":"","format":"standard","meta":{"_exactmetrics_skip_tracking":false,"_exactmetrics_sitenote_active":false,"_exactmetrics_sitenote_note":"","_exactmetrics_sitenote_category":0,"footnotes":""},"categories":[7],"tags":[24,27],"class_list":["post-16821","post","type-post","status-publish","format-standard","has-post-thumbnail","hentry","category-caminha","tag-lazer","tag-sociedade"],"yoast_head":"<!-- This site is optimized with the Yoast SEO Premium plugin v27.5 (Yoast SEO v27.5) - https:\/\/yoast.com\/product\/yoast-seo-premium-wordpress\/ -->\n<title>Mais de 150 artes\u00e3os recriam \u00e9poca medieval em Caminha<\/title>\n<meta name=\"robots\" content=\"index, follow, max-snippet:-1, max-image-preview:large, max-video-preview:-1\" \/>\n<link rel=\"canonical\" href=\"https:\/\/www.altominho.tv\/site\/2018\/07\/24\/mais-de-150-artesaos-recriam-epoca-medieval-em-caminha\/\" \/>\n<meta property=\"og:locale\" content=\"pt_PT\" \/>\n<meta property=\"og:type\" content=\"article\" \/>\n<meta property=\"og:title\" content=\"Mais de 150 artes\u00e3os recriam \u00e9poca medieval em Caminha\" \/>\n<meta property=\"og:description\" content=\"Mais de 150 artes\u00e3os, mercadores e taberneiros de Portugal, Espanha e Marrocos v\u00e3o animar a 15.\u00aa edi\u00e7\u00e3o da Feira Medieval de Caminha que vai decorrer entre quarta-feira e domingo naquela vila do Alto Minho, informou hoje a C\u00e2mara local. Com o tema &#8220;Camina, Ars Nautica et Ejus Officia &#8211; Caminha, a Navega\u00e7\u00e3o e seus Of\u00edcios&#039;&#8221;, [&hellip;]\" \/>\n<meta property=\"og:url\" content=\"https:\/\/www.altominho.tv\/site\/2018\/07\/24\/mais-de-150-artesaos-recriam-epoca-medieval-em-caminha\/\" \/>\n<meta property=\"og:site_name\" content=\"Altominho.tv\" \/>\n<meta property=\"article:publisher\" content=\"https:\/\/www.facebook.com\/altominhotv\" \/>\n<meta property=\"article:published_time\" content=\"2018-07-24T14:28:28+00:00\" \/>\n<meta property=\"og:image\" content=\"https:\/\/www.altominho.tv\/site\/wp-content\/uploads\/2018\/07\/feiramedieval.jpg\" \/>\n\t<meta property=\"og:image:width\" content=\"1200\" \/>\n\t<meta property=\"og:image:height\" content=\"800\" \/>\n\t<meta property=\"og:image:type\" content=\"image\/jpeg\" \/>\n<meta name=\"author\" content=\"Andreia Cunha\" \/>\n<meta name=\"twitter:card\" content=\"summary_large_image\" \/>\n<meta name=\"twitter:creator\" content=\"@altominhoTV\" \/>\n<meta name=\"twitter:site\" content=\"@altominhoTV\" \/>\n<meta name=\"twitter:label1\" content=\"Escrito por\" \/>\n\t<meta name=\"twitter:data1\" content=\"Andreia Cunha\" \/>\n\t<meta name=\"twitter:label2\" content=\"Tempo estimado de leitura\" \/>\n\t<meta name=\"twitter:data2\" content=\"2 minutos\" \/>\n<script type=\"application\/ld+json\" class=\"yoast-schema-graph\">{\"@context\":\"https:\\\/\\\/schema.org\",\"@graph\":[{\"@type\":\"Article\",\"@id\":\"https:\\\/\\\/www.altominho.tv\\\/site\\\/2018\\\/07\\\/24\\\/mais-de-150-artesaos-recriam-epoca-medieval-em-caminha\\\/#article\",\"isPartOf\":{\"@id\":\"https:\\\/\\\/www.altominho.tv\\\/site\\\/2018\\\/07\\\/24\\\/mais-de-150-artesaos-recriam-epoca-medieval-em-caminha\\\/\"},\"author\":{\"name\":\"Andreia Cunha\",\"@id\":\"https:\\\/\\\/www.altominho.tv\\\/site\\\/#\\\/schema\\\/person\\\/a0e4ef6d041f98ca284393d8f1d97153\"},\"headline\":\"Mais de 150 artes\u00e3os recriam \u00e9poca medieval em Caminha\",\"datePublished\":\"2018-07-24T14:28:28+00:00\",\"mainEntityOfPage\":{\"@id\":\"https:\\\/\\\/www.altominho.tv\\\/site\\\/2018\\\/07\\\/24\\\/mais-de-150-artesaos-recriam-epoca-medieval-em-caminha\\\/\"},\"wordCount\":406,\"image\":{\"@id\":\"https:\\\/\\\/www.altominho.tv\\\/site\\\/2018\\\/07\\\/24\\\/mais-de-150-artesaos-recriam-epoca-medieval-em-caminha\\\/#primaryimage\"},\"thumbnailUrl\":\"https:\\\/\\\/www.altominho.tv\\\/site\\\/wp-content\\\/uploads\\\/2018\\\/07\\\/feiramedieval.jpg\",\"keywords\":[\"Lazer\",\"Sociedade\"],\"articleSection\":[\"Caminha\"],\"inLanguage\":\"pt-PT\",\"copyrightYear\":\"2018\",\"copyrightHolder\":{\"@id\":\"https:\\\/\\\/www.altominho.tv\\\/site\\\/#organization\"}},{\"@type\":\"WebPage\",\"@id\":\"https:\\\/\\\/www.altominho.tv\\\/site\\\/2018\\\/07\\\/24\\\/mais-de-150-artesaos-recriam-epoca-medieval-em-caminha\\\/\",\"url\":\"https:\\\/\\\/www.altominho.tv\\\/site\\\/2018\\\/07\\\/24\\\/mais-de-150-artesaos-recriam-epoca-medieval-em-caminha\\\/\",\"name\":\"Mais de 150 artes\u00e3os recriam \u00e9poca medieval em Caminha\",\"isPartOf\":{\"@id\":\"https:\\\/\\\/www.altominho.tv\\\/site\\\/#website\"},\"primaryImageOfPage\":{\"@id\":\"https:\\\/\\\/www.altominho.tv\\\/site\\\/2018\\\/07\\\/24\\\/mais-de-150-artesaos-recriam-epoca-medieval-em-caminha\\\/#primaryimage\"},\"image\":{\"@id\":\"https:\\\/\\\/www.altominho.tv\\\/site\\\/2018\\\/07\\\/24\\\/mais-de-150-artesaos-recriam-epoca-medieval-em-caminha\\\/#primaryimage\"},\"thumbnailUrl\":\"https:\\\/\\\/www.altominho.tv\\\/site\\\/wp-content\\\/uploads\\\/2018\\\/07\\\/feiramedieval.jpg\",\"datePublished\":\"2018-07-24T14:28:28+00:00\",\"author\":{\"@id\":\"https:\\\/\\\/www.altominho.tv\\\/site\\\/#\\\/schema\\\/person\\\/a0e4ef6d041f98ca284393d8f1d97153\"},\"breadcrumb\":{\"@id\":\"https:\\\/\\\/www.altominho.tv\\\/site\\\/2018\\\/07\\\/24\\\/mais-de-150-artesaos-recriam-epoca-medieval-em-caminha\\\/#breadcrumb\"},\"inLanguage\":\"pt-PT\",\"potentialAction\":[{\"@type\":\"ReadAction\",\"target\":[\"https:\\\/\\\/www.altominho.tv\\\/site\\\/2018\\\/07\\\/24\\\/mais-de-150-artesaos-recriam-epoca-medieval-em-caminha\\\/\"]}]},{\"@type\":\"ImageObject\",\"inLanguage\":\"pt-PT\",\"@id\":\"https:\\\/\\\/www.altominho.tv\\\/site\\\/2018\\\/07\\\/24\\\/mais-de-150-artesaos-recriam-epoca-medieval-em-caminha\\\/#primaryimage\",\"url\":\"https:\\\/\\\/www.altominho.tv\\\/site\\\/wp-content\\\/uploads\\\/2018\\\/07\\\/feiramedieval.jpg\",\"contentUrl\":\"https:\\\/\\\/www.altominho.tv\\\/site\\\/wp-content\\\/uploads\\\/2018\\\/07\\\/feiramedieval.jpg\",\"width\":1200,\"height\":800},{\"@type\":\"BreadcrumbList\",\"@id\":\"https:\\\/\\\/www.altominho.tv\\\/site\\\/2018\\\/07\\\/24\\\/mais-de-150-artesaos-recriam-epoca-medieval-em-caminha\\\/#breadcrumb\",\"itemListElement\":[{\"@type\":\"ListItem\",\"position\":1,\"name\":\"In\u00edcio\",\"item\":\"https:\\\/\\\/www.altominho.tv\\\/site\\\/\"},{\"@type\":\"ListItem\",\"position\":2,\"name\":\"Mais de 150 artes\u00e3os recriam \u00e9poca medieval em Caminha\"}]},{\"@type\":\"WebSite\",\"@id\":\"https:\\\/\\\/www.altominho.tv\\\/site\\\/#website\",\"url\":\"https:\\\/\\\/www.altominho.tv\\\/site\\\/\",\"name\":\"Altominho.tv\",\"description\":\"A sua regi\u00e3o \u00e0 dist\u00e2ncia de um clique...\",\"potentialAction\":[{\"@type\":\"SearchAction\",\"target\":{\"@type\":\"EntryPoint\",\"urlTemplate\":\"https:\\\/\\\/www.altominho.tv\\\/site\\\/?s={search_term_string}\"},\"query-input\":{\"@type\":\"PropertyValueSpecification\",\"valueRequired\":true,\"valueName\":\"search_term_string\"}}],\"inLanguage\":\"pt-PT\"},{\"@type\":\"Person\",\"@id\":\"https:\\\/\\\/www.altominho.tv\\\/site\\\/#\\\/schema\\\/person\\\/a0e4ef6d041f98ca284393d8f1d97153\",\"name\":\"Andreia Cunha\",\"image\":{\"@type\":\"ImageObject\",\"inLanguage\":\"pt-PT\",\"@id\":\"https:\\\/\\\/www.altominho.tv\\\/site\\\/wp-content\\\/uploads\\\/2017\\\/11\\\/Andreia_Cunha-1-150x150.jpg\",\"url\":\"https:\\\/\\\/www.altominho.tv\\\/site\\\/wp-content\\\/uploads\\\/2017\\\/11\\\/Andreia_Cunha-1-150x150.jpg\",\"contentUrl\":\"https:\\\/\\\/www.altominho.tv\\\/site\\\/wp-content\\\/uploads\\\/2017\\\/11\\\/Andreia_Cunha-1-150x150.jpg\",\"caption\":\"Andreia Cunha\"},\"url\":\"https:\\\/\\\/www.altominho.tv\\\/site\\\/author\\\/andreiacunha\\\/\"}]}<\/script>\n<!-- \/ Yoast SEO Premium plugin. -->","yoast_head_json":{"title":"Mais de 150 artes\u00e3os recriam \u00e9poca medieval em Caminha","robots":{"index":"index","follow":"follow","max-snippet":"max-snippet:-1","max-image-preview":"max-image-preview:large","max-video-preview":"max-video-preview:-1"},"canonical":"https:\/\/www.altominho.tv\/site\/2018\/07\/24\/mais-de-150-artesaos-recriam-epoca-medieval-em-caminha\/","og_locale":"pt_PT","og_type":"article","og_title":"Mais de 150 artes\u00e3os recriam \u00e9poca medieval em Caminha","og_description":"Mais de 150 artes\u00e3os, mercadores e taberneiros de Portugal, Espanha e Marrocos v\u00e3o animar a 15.\u00aa edi\u00e7\u00e3o da Feira Medieval de Caminha que vai decorrer entre quarta-feira e domingo naquela vila do Alto Minho, informou hoje a C\u00e2mara local. Com o tema &#8220;Camina, Ars Nautica et Ejus Officia &#8211; Caminha, a Navega\u00e7\u00e3o e seus Of\u00edcios'&#8221;, [&hellip;]","og_url":"https:\/\/www.altominho.tv\/site\/2018\/07\/24\/mais-de-150-artesaos-recriam-epoca-medieval-em-caminha\/","og_site_name":"Altominho.tv","article_publisher":"https:\/\/www.facebook.com\/altominhotv","article_published_time":"2018-07-24T14:28:28+00:00","og_image":[{"width":1200,"height":800,"url":"https:\/\/www.altominho.tv\/site\/wp-content\/uploads\/2018\/07\/feiramedieval.jpg","type":"image\/jpeg"}],"author":"Andreia Cunha","twitter_card":"summary_large_image","twitter_creator":"@altominhoTV","twitter_site":"@altominhoTV","twitter_misc":{"Escrito por":"Andreia Cunha","Tempo estimado de leitura":"2 minutos"},"schema":{"@context":"https:\/\/schema.org","@graph":[{"@type":"Article","@id":"https:\/\/www.altominho.tv\/site\/2018\/07\/24\/mais-de-150-artesaos-recriam-epoca-medieval-em-caminha\/#article","isPartOf":{"@id":"https:\/\/www.altominho.tv\/site\/2018\/07\/24\/mais-de-150-artesaos-recriam-epoca-medieval-em-caminha\/"},"author":{"name":"Andreia Cunha","@id":"https:\/\/www.altominho.tv\/site\/#\/schema\/person\/a0e4ef6d041f98ca284393d8f1d97153"},"headline":"Mais de 150 artes\u00e3os recriam \u00e9poca medieval em Caminha","datePublished":"2018-07-24T14:28:28+00:00","mainEntityOfPage":{"@id":"https:\/\/www.altominho.tv\/site\/2018\/07\/24\/mais-de-150-artesaos-recriam-epoca-medieval-em-caminha\/"},"wordCount":406,"image":{"@id":"https:\/\/www.altominho.tv\/site\/2018\/07\/24\/mais-de-150-artesaos-recriam-epoca-medieval-em-caminha\/#primaryimage"},"thumbnailUrl":"https:\/\/www.altominho.tv\/site\/wp-content\/uploads\/2018\/07\/feiramedieval.jpg","keywords":["Lazer","Sociedade"],"articleSection":["Caminha"],"inLanguage":"pt-PT","copyrightYear":"2018","copyrightHolder":{"@id":"https:\/\/www.altominho.tv\/site\/#organization"}},{"@type":"WebPage","@id":"https:\/\/www.altominho.tv\/site\/2018\/07\/24\/mais-de-150-artesaos-recriam-epoca-medieval-em-caminha\/","url":"https:\/\/www.altominho.tv\/site\/2018\/07\/24\/mais-de-150-artesaos-recriam-epoca-medieval-em-caminha\/","name":"Mais de 150 artes\u00e3os recriam \u00e9poca medieval em Caminha","isPartOf":{"@id":"https:\/\/www.altominho.tv\/site\/#website"},"primaryImageOfPage":{"@id":"https:\/\/www.altominho.tv\/site\/2018\/07\/24\/mais-de-150-artesaos-recriam-epoca-medieval-em-caminha\/#primaryimage"},"image":{"@id":"https:\/\/www.altominho.tv\/site\/2018\/07\/24\/mais-de-150-artesaos-recriam-epoca-medieval-em-caminha\/#primaryimage"},"thumbnailUrl":"https:\/\/www.altominho.tv\/site\/wp-content\/uploads\/2018\/07\/feiramedieval.jpg","datePublished":"2018-07-24T14:28:28+00:00","author":{"@id":"https:\/\/www.altominho.tv\/site\/#\/schema\/person\/a0e4ef6d041f98ca284393d8f1d97153"},"breadcrumb":{"@id":"https:\/\/www.altominho.tv\/site\/2018\/07\/24\/mais-de-150-artesaos-recriam-epoca-medieval-em-caminha\/#breadcrumb"},"inLanguage":"pt-PT","potentialAction":[{"@type":"ReadAction","target":["https:\/\/www.altominho.tv\/site\/2018\/07\/24\/mais-de-150-artesaos-recriam-epoca-medieval-em-caminha\/"]}]},{"@type":"ImageObject","inLanguage":"pt-PT","@id":"https:\/\/www.altominho.tv\/site\/2018\/07\/24\/mais-de-150-artesaos-recriam-epoca-medieval-em-caminha\/#primaryimage","url":"https:\/\/www.altominho.tv\/site\/wp-content\/uploads\/2018\/07\/feiramedieval.jpg","contentUrl":"https:\/\/www.altominho.tv\/site\/wp-content\/uploads\/2018\/07\/feiramedieval.jpg","width":1200,"height":800},{"@type":"BreadcrumbList","@id":"https:\/\/www.altominho.tv\/site\/2018\/07\/24\/mais-de-150-artesaos-recriam-epoca-medieval-em-caminha\/#breadcrumb","itemListElement":[{"@type":"ListItem","position":1,"name":"In\u00edcio","item":"https:\/\/www.altominho.tv\/site\/"},{"@type":"ListItem","position":2,"name":"Mais de 150 artes\u00e3os recriam \u00e9poca medieval em Caminha"}]},{"@type":"WebSite","@id":"https:\/\/www.altominho.tv\/site\/#website","url":"https:\/\/www.altominho.tv\/site\/","name":"Altominho.tv","description":"A sua regi\u00e3o \u00e0 dist\u00e2ncia de um clique...","potentialAction":[{"@type":"SearchAction","target":{"@type":"EntryPoint","urlTemplate":"https:\/\/www.altominho.tv\/site\/?s={search_term_string}"},"query-input":{"@type":"PropertyValueSpecification","valueRequired":true,"valueName":"search_term_string"}}],"inLanguage":"pt-PT"},{"@type":"Person","@id":"https:\/\/www.altominho.tv\/site\/#\/schema\/person\/a0e4ef6d041f98ca284393d8f1d97153","name":"Andreia Cunha","image":{"@type":"ImageObject","inLanguage":"pt-PT","@id":"https:\/\/www.altominho.tv\/site\/wp-content\/uploads\/2017\/11\/Andreia_Cunha-1-150x150.jpg","url":"https:\/\/www.altominho.tv\/site\/wp-content\/uploads\/2017\/11\/Andreia_Cunha-1-150x150.jpg","contentUrl":"https:\/\/www.altominho.tv\/site\/wp-content\/uploads\/2017\/11\/Andreia_Cunha-1-150x150.jpg","caption":"Andreia Cunha"},"url":"https:\/\/www.altominho.tv\/site\/author\/andreiacunha\/"}]}},"_links":{"self":[{"href":"https:\/\/www.altominho.tv\/site\/wp-json\/wp\/v2\/posts\/16821","targetHints":{"allow":["GET"]}}],"collection":[{"href":"https:\/\/www.altominho.tv\/site\/wp-json\/wp\/v2\/posts"}],"about":[{"href":"https:\/\/www.altominho.tv\/site\/wp-json\/wp\/v2\/types\/post"}],"author":[{"embeddable":true,"href":"https:\/\/www.altominho.tv\/site\/wp-json\/wp\/v2\/users\/7"}],"replies":[{"embeddable":true,"href":"https:\/\/www.altominho.tv\/site\/wp-json\/wp\/v2\/comments?post=16821"}],"version-history":[{"count":0,"href":"https:\/\/www.altominho.tv\/site\/wp-json\/wp\/v2\/posts\/16821\/revisions"}],"wp:featuredmedia":[{"embeddable":true,"href":"https:\/\/www.altominho.tv\/site\/wp-json\/wp\/v2\/media\/16822"}],"wp:attachment":[{"href":"https:\/\/www.altominho.tv\/site\/wp-json\/wp\/v2\/media?parent=16821"}],"wp:term":[{"taxonomy":"category","embeddable":true,"href":"https:\/\/www.altominho.tv\/site\/wp-json\/wp\/v2\/categories?post=16821"},{"taxonomy":"post_tag","embeddable":true,"href":"https:\/\/www.altominho.tv\/site\/wp-json\/wp\/v2\/tags?post=16821"}],"curies":[{"name":"wp","href":"https:\/\/api.w.org\/{rel}","templated":true}]}}