{"id":16818,"date":"2018-07-24T14:18:39","date_gmt":"2018-07-24T13:18:39","guid":{"rendered":"http:\/\/www.altominho.tv\/site\/?p=16818"},"modified":"2018-07-24T14:18:39","modified_gmt":"2018-07-24T13:18:39","slug":"psd-aprova-uma-candidatura-a-junta-de-viana-do-castelo-e-formaliza-outra","status":"publish","type":"post","link":"https:\/\/www.altominho.tv\/site\/2018\/07\/24\/psd-aprova-uma-candidatura-a-junta-de-viana-do-castelo-e-formaliza-outra\/","title":{"rendered":"PSD aprova uma candidatura a junta de Viana do Castelo e formaliza outra"},"content":{"rendered":"<p>O vice-presidente do PSD de Viana do Castelo disse hoje que o partido aprovou Elisabete Maciel como cabe\u00e7a de lista \u00e0s elei\u00e7\u00f5es de Darque mas, como a Lusa confirmou na lista afixada no tribunal, formalizou o de Helena Marques.<\/p>\n<p>&#8220;O plen\u00e1rio realizado na sexta-feira \u00e0 noite aprovou, por unanimidade e aclama\u00e7\u00e3o, o nome de Elisabete Maciel como cabe\u00e7a de lista do partido \u00e0s elei\u00e7\u00f5es intercalares de Darque&#8221;, afirmou Viana da Rocha \u00e0 ag\u00eancia Lusa.<\/p>\n<p>O vice-presidente da concelhia do PSD de Viana do Castelo, estrutura liderada por Eduardo Teixeira, que a Lusa tentou contactar mas ainda sem sucesso, disse &#8220;desconhecer raz\u00f5es da altera\u00e7\u00e3o da candidatura&#8221;.<\/p>\n<p>Na lista formalizada junto do tribunal e hoje afixada no \u00e1trio daquele edif\u00edcio, o nome de Elisabete Maciel, de 38 anos, t\u00e9cnica de a\u00e7\u00e3o social, surge no segundo lugar da candidatura social-democrata. A lista afixada \u00e9 liderada pela economista Helena Marques, de 40 anos, que j\u00e1 tinha sido cabe\u00e7a de lista do partido nas elei\u00e7\u00f5es de outubro de 2017 \u00e0quela freguesia da margem esquerda do rio Lima.<\/p>\n<p>A Lusa tentou mas n\u00e3o conseguiu contactar as duas candidatas.<\/p>\n<p>A realiza\u00e7\u00e3o de elei\u00e7\u00f5es antecipadas na freguesia de Darque, na sequ\u00eancia da ren\u00fancia ao mandato dos eleitos da CDU e do PSD, est\u00e1 marcada para dia 02 de setembro.<\/p>\n<p>Na sexta-feira, ap\u00f3s o plen\u00e1rio do PSD, o l\u00edder da concelhia, Eduardo Teixeira, anunciou, atrav\u00e9s das redes sociais a aprova\u00e7\u00e3o, &#8220;por unanimidade e aclama\u00e7\u00e3o&#8221;, o nome de Elisabete Maciel como cabe\u00e7a de lista do partido \u00e0quela freguesia.<\/p>\n<p>Na p\u00e1gina pessoal do Facebook escreveu ainda que &#8220;a lista ter\u00e1 tamb\u00e9m como mandat\u00e1ria pol\u00edtica da candidatura, a economista Helena Marques e da Lista, a advogada B\u00e1rbara Barreiros\u201d.<\/p>\n<p>&#8220;Integram tamb\u00e9m entre v\u00e1rios outros nomes a apresentar, na segunda-feira, o militante Helder Amorim. A presidir \u00e0 Comiss\u00e3o de Honra estar\u00e1 um ex-presidente de Junta do PSD&#8221;, escreveu naquela publica\u00e7\u00e3o, entretanto retirada.<\/p>\n<p>Em abril, os eleitos da CDU e do PSD na Assembleia de Freguesia de Darque renunciaram ao mandato, provocando elei\u00e7\u00f5es antecipadas depois de um impasse de sete meses na instala\u00e7\u00e3o do executivo liderado pelo PS.<\/p>\n<p>A oposi\u00e7\u00e3o exige estar representada na Assembleia Municipal de Darque, freguesia onde o PS venceu as \u00faltimas aut\u00e1rquicas, com 37,64% dos votos.<\/p>\n<p>Nas elei\u00e7\u00f5es de 2017, a CDU alcan\u00e7ou 28,09% dos votos, o PSD 22,41% e o CDS-PP 6,36% dos votos.<\/p>\n<p>A vila de Darque, situada na margem esquerda do rio Lima, est\u00e1, desde ent\u00e3o, a ser gerida por uma comiss\u00e3o administrativa, liderada pelo ex-presidente da Junta de Freguesia de Darque Fernando Garcez.<\/p>\n<p>O socialista foi o primeiro a anunciar a recandidatura ao cargo, seguido por Pedro Meira, do CDS-PP, e por Augusto Silva, da CDU.<\/p>\n","protected":false},"excerpt":{"rendered":"<p>O vice-presidente do PSD de Viana do Castelo disse hoje que o partido aprovou Elisabete Maciel como cabe\u00e7a de lista \u00e0s elei\u00e7\u00f5es de Darque mas, como a Lusa confirmou na lista afixada no tribunal, formalizou o de Helena Marques. &#8220;O plen\u00e1rio realizado na sexta-feira \u00e0 noite aprovou, por unanimidade e aclama\u00e7\u00e3o, o nome de Elisabete [&hellip;]<\/p>\n","protected":false},"author":7,"featured_media":16819,"comment_status":"closed","ping_status":"closed","sticky":false,"template":"","format":"standard","meta":{"_exactmetrics_skip_tracking":false,"_exactmetrics_sitenote_active":false,"_exactmetrics_sitenote_note":"","_exactmetrics_sitenote_category":0,"footnotes":""},"categories":[14],"tags":[27],"class_list":["post-16818","post","type-post","status-publish","format-standard","has-post-thumbnail","hentry","category-viana-do-castelo","tag-sociedade"],"yoast_head":"<!-- This site is optimized with the Yoast SEO Premium plugin v27.5 (Yoast SEO v27.5) - https:\/\/yoast.com\/product\/yoast-seo-premium-wordpress\/ -->\n<title>PSD aprova uma candidatura a junta de Viana do Castelo e formaliza outra<\/title>\n<meta name=\"robots\" content=\"index, follow, max-snippet:-1, max-image-preview:large, max-video-preview:-1\" \/>\n<link rel=\"canonical\" href=\"https:\/\/www.altominho.tv\/site\/2018\/07\/24\/psd-aprova-uma-candidatura-a-junta-de-viana-do-castelo-e-formaliza-outra\/\" \/>\n<meta property=\"og:locale\" content=\"pt_PT\" \/>\n<meta property=\"og:type\" content=\"article\" \/>\n<meta property=\"og:title\" content=\"PSD aprova uma candidatura a junta de Viana do Castelo e formaliza outra\" \/>\n<meta property=\"og:description\" content=\"O vice-presidente do PSD de Viana do Castelo disse hoje que o partido aprovou Elisabete Maciel como cabe\u00e7a de lista \u00e0s elei\u00e7\u00f5es de Darque mas, como a Lusa confirmou na lista afixada no tribunal, formalizou o de Helena Marques. &#8220;O plen\u00e1rio realizado na sexta-feira \u00e0 noite aprovou, por unanimidade e aclama\u00e7\u00e3o, o nome de Elisabete [&hellip;]\" \/>\n<meta property=\"og:url\" content=\"https:\/\/www.altominho.tv\/site\/2018\/07\/24\/psd-aprova-uma-candidatura-a-junta-de-viana-do-castelo-e-formaliza-outra\/\" \/>\n<meta property=\"og:site_name\" content=\"Altominho.tv\" \/>\n<meta property=\"article:publisher\" content=\"https:\/\/www.facebook.com\/altominhotv\" \/>\n<meta property=\"article:published_time\" content=\"2018-07-24T13:18:39+00:00\" \/>\n<meta property=\"og:image\" content=\"https:\/\/www.altominho.tv\/site\/wp-content\/uploads\/2018\/07\/psd.jpg\" \/>\n\t<meta property=\"og:image:width\" content=\"2000\" \/>\n\t<meta property=\"og:image:height\" content=\"1231\" \/>\n\t<meta property=\"og:image:type\" content=\"image\/jpeg\" \/>\n<meta name=\"author\" content=\"Andreia Cunha\" \/>\n<meta name=\"twitter:card\" content=\"summary_large_image\" \/>\n<meta name=\"twitter:creator\" content=\"@altominhoTV\" \/>\n<meta name=\"twitter:site\" content=\"@altominhoTV\" \/>\n<meta name=\"twitter:label1\" content=\"Escrito por\" \/>\n\t<meta name=\"twitter:data1\" content=\"Andreia Cunha\" \/>\n\t<meta name=\"twitter:label2\" content=\"Tempo estimado de leitura\" \/>\n\t<meta name=\"twitter:data2\" content=\"2 minutos\" \/>\n<script type=\"application\/ld+json\" class=\"yoast-schema-graph\">{\"@context\":\"https:\\\/\\\/schema.org\",\"@graph\":[{\"@type\":\"Article\",\"@id\":\"https:\\\/\\\/www.altominho.tv\\\/site\\\/2018\\\/07\\\/24\\\/psd-aprova-uma-candidatura-a-junta-de-viana-do-castelo-e-formaliza-outra\\\/#article\",\"isPartOf\":{\"@id\":\"https:\\\/\\\/www.altominho.tv\\\/site\\\/2018\\\/07\\\/24\\\/psd-aprova-uma-candidatura-a-junta-de-viana-do-castelo-e-formaliza-outra\\\/\"},\"author\":{\"name\":\"Andreia Cunha\",\"@id\":\"https:\\\/\\\/www.altominho.tv\\\/site\\\/#\\\/schema\\\/person\\\/a0e4ef6d041f98ca284393d8f1d97153\"},\"headline\":\"PSD aprova uma candidatura a junta de Viana do Castelo e formaliza outra\",\"datePublished\":\"2018-07-24T13:18:39+00:00\",\"mainEntityOfPage\":{\"@id\":\"https:\\\/\\\/www.altominho.tv\\\/site\\\/2018\\\/07\\\/24\\\/psd-aprova-uma-candidatura-a-junta-de-viana-do-castelo-e-formaliza-outra\\\/\"},\"wordCount\":482,\"image\":{\"@id\":\"https:\\\/\\\/www.altominho.tv\\\/site\\\/2018\\\/07\\\/24\\\/psd-aprova-uma-candidatura-a-junta-de-viana-do-castelo-e-formaliza-outra\\\/#primaryimage\"},\"thumbnailUrl\":\"https:\\\/\\\/www.altominho.tv\\\/site\\\/wp-content\\\/uploads\\\/2018\\\/07\\\/psd.jpg\",\"keywords\":[\"Sociedade\"],\"articleSection\":[\"Viana do Castelo\"],\"inLanguage\":\"pt-PT\",\"copyrightYear\":\"2018\",\"copyrightHolder\":{\"@id\":\"https:\\\/\\\/www.altominho.tv\\\/site\\\/#organization\"}},{\"@type\":\"WebPage\",\"@id\":\"https:\\\/\\\/www.altominho.tv\\\/site\\\/2018\\\/07\\\/24\\\/psd-aprova-uma-candidatura-a-junta-de-viana-do-castelo-e-formaliza-outra\\\/\",\"url\":\"https:\\\/\\\/www.altominho.tv\\\/site\\\/2018\\\/07\\\/24\\\/psd-aprova-uma-candidatura-a-junta-de-viana-do-castelo-e-formaliza-outra\\\/\",\"name\":\"PSD aprova uma candidatura a junta de Viana do Castelo e formaliza outra\",\"isPartOf\":{\"@id\":\"https:\\\/\\\/www.altominho.tv\\\/site\\\/#website\"},\"primaryImageOfPage\":{\"@id\":\"https:\\\/\\\/www.altominho.tv\\\/site\\\/2018\\\/07\\\/24\\\/psd-aprova-uma-candidatura-a-junta-de-viana-do-castelo-e-formaliza-outra\\\/#primaryimage\"},\"image\":{\"@id\":\"https:\\\/\\\/www.altominho.tv\\\/site\\\/2018\\\/07\\\/24\\\/psd-aprova-uma-candidatura-a-junta-de-viana-do-castelo-e-formaliza-outra\\\/#primaryimage\"},\"thumbnailUrl\":\"https:\\\/\\\/www.altominho.tv\\\/site\\\/wp-content\\\/uploads\\\/2018\\\/07\\\/psd.jpg\",\"datePublished\":\"2018-07-24T13:18:39+00:00\",\"author\":{\"@id\":\"https:\\\/\\\/www.altominho.tv\\\/site\\\/#\\\/schema\\\/person\\\/a0e4ef6d041f98ca284393d8f1d97153\"},\"breadcrumb\":{\"@id\":\"https:\\\/\\\/www.altominho.tv\\\/site\\\/2018\\\/07\\\/24\\\/psd-aprova-uma-candidatura-a-junta-de-viana-do-castelo-e-formaliza-outra\\\/#breadcrumb\"},\"inLanguage\":\"pt-PT\",\"potentialAction\":[{\"@type\":\"ReadAction\",\"target\":[\"https:\\\/\\\/www.altominho.tv\\\/site\\\/2018\\\/07\\\/24\\\/psd-aprova-uma-candidatura-a-junta-de-viana-do-castelo-e-formaliza-outra\\\/\"]}]},{\"@type\":\"ImageObject\",\"inLanguage\":\"pt-PT\",\"@id\":\"https:\\\/\\\/www.altominho.tv\\\/site\\\/2018\\\/07\\\/24\\\/psd-aprova-uma-candidatura-a-junta-de-viana-do-castelo-e-formaliza-outra\\\/#primaryimage\",\"url\":\"https:\\\/\\\/www.altominho.tv\\\/site\\\/wp-content\\\/uploads\\\/2018\\\/07\\\/psd.jpg\",\"contentUrl\":\"https:\\\/\\\/www.altominho.tv\\\/site\\\/wp-content\\\/uploads\\\/2018\\\/07\\\/psd.jpg\",\"width\":2000,\"height\":1231},{\"@type\":\"BreadcrumbList\",\"@id\":\"https:\\\/\\\/www.altominho.tv\\\/site\\\/2018\\\/07\\\/24\\\/psd-aprova-uma-candidatura-a-junta-de-viana-do-castelo-e-formaliza-outra\\\/#breadcrumb\",\"itemListElement\":[{\"@type\":\"ListItem\",\"position\":1,\"name\":\"In\u00edcio\",\"item\":\"https:\\\/\\\/www.altominho.tv\\\/site\\\/\"},{\"@type\":\"ListItem\",\"position\":2,\"name\":\"PSD aprova uma candidatura a junta de Viana do Castelo e formaliza outra\"}]},{\"@type\":\"WebSite\",\"@id\":\"https:\\\/\\\/www.altominho.tv\\\/site\\\/#website\",\"url\":\"https:\\\/\\\/www.altominho.tv\\\/site\\\/\",\"name\":\"Altominho.tv\",\"description\":\"A sua regi\u00e3o \u00e0 dist\u00e2ncia de um clique...\",\"potentialAction\":[{\"@type\":\"SearchAction\",\"target\":{\"@type\":\"EntryPoint\",\"urlTemplate\":\"https:\\\/\\\/www.altominho.tv\\\/site\\\/?s={search_term_string}\"},\"query-input\":{\"@type\":\"PropertyValueSpecification\",\"valueRequired\":true,\"valueName\":\"search_term_string\"}}],\"inLanguage\":\"pt-PT\"},{\"@type\":\"Person\",\"@id\":\"https:\\\/\\\/www.altominho.tv\\\/site\\\/#\\\/schema\\\/person\\\/a0e4ef6d041f98ca284393d8f1d97153\",\"name\":\"Andreia Cunha\",\"image\":{\"@type\":\"ImageObject\",\"inLanguage\":\"pt-PT\",\"@id\":\"https:\\\/\\\/www.altominho.tv\\\/site\\\/wp-content\\\/uploads\\\/2017\\\/11\\\/Andreia_Cunha-1-150x150.jpg\",\"url\":\"https:\\\/\\\/www.altominho.tv\\\/site\\\/wp-content\\\/uploads\\\/2017\\\/11\\\/Andreia_Cunha-1-150x150.jpg\",\"contentUrl\":\"https:\\\/\\\/www.altominho.tv\\\/site\\\/wp-content\\\/uploads\\\/2017\\\/11\\\/Andreia_Cunha-1-150x150.jpg\",\"caption\":\"Andreia Cunha\"},\"url\":\"https:\\\/\\\/www.altominho.tv\\\/site\\\/author\\\/andreiacunha\\\/\"}]}<\/script>\n<!-- \/ Yoast SEO Premium plugin. -->","yoast_head_json":{"title":"PSD aprova uma candidatura a junta de Viana do Castelo e formaliza outra","robots":{"index":"index","follow":"follow","max-snippet":"max-snippet:-1","max-image-preview":"max-image-preview:large","max-video-preview":"max-video-preview:-1"},"canonical":"https:\/\/www.altominho.tv\/site\/2018\/07\/24\/psd-aprova-uma-candidatura-a-junta-de-viana-do-castelo-e-formaliza-outra\/","og_locale":"pt_PT","og_type":"article","og_title":"PSD aprova uma candidatura a junta de Viana do Castelo e formaliza outra","og_description":"O vice-presidente do PSD de Viana do Castelo disse hoje que o partido aprovou Elisabete Maciel como cabe\u00e7a de lista \u00e0s elei\u00e7\u00f5es de Darque mas, como a Lusa confirmou na lista afixada no tribunal, formalizou o de Helena Marques. &#8220;O plen\u00e1rio realizado na sexta-feira \u00e0 noite aprovou, por unanimidade e aclama\u00e7\u00e3o, o nome de Elisabete [&hellip;]","og_url":"https:\/\/www.altominho.tv\/site\/2018\/07\/24\/psd-aprova-uma-candidatura-a-junta-de-viana-do-castelo-e-formaliza-outra\/","og_site_name":"Altominho.tv","article_publisher":"https:\/\/www.facebook.com\/altominhotv","article_published_time":"2018-07-24T13:18:39+00:00","og_image":[{"width":2000,"height":1231,"url":"https:\/\/www.altominho.tv\/site\/wp-content\/uploads\/2018\/07\/psd.jpg","type":"image\/jpeg"}],"author":"Andreia Cunha","twitter_card":"summary_large_image","twitter_creator":"@altominhoTV","twitter_site":"@altominhoTV","twitter_misc":{"Escrito por":"Andreia Cunha","Tempo estimado de leitura":"2 minutos"},"schema":{"@context":"https:\/\/schema.org","@graph":[{"@type":"Article","@id":"https:\/\/www.altominho.tv\/site\/2018\/07\/24\/psd-aprova-uma-candidatura-a-junta-de-viana-do-castelo-e-formaliza-outra\/#article","isPartOf":{"@id":"https:\/\/www.altominho.tv\/site\/2018\/07\/24\/psd-aprova-uma-candidatura-a-junta-de-viana-do-castelo-e-formaliza-outra\/"},"author":{"name":"Andreia Cunha","@id":"https:\/\/www.altominho.tv\/site\/#\/schema\/person\/a0e4ef6d041f98ca284393d8f1d97153"},"headline":"PSD aprova uma candidatura a junta de Viana do Castelo e formaliza outra","datePublished":"2018-07-24T13:18:39+00:00","mainEntityOfPage":{"@id":"https:\/\/www.altominho.tv\/site\/2018\/07\/24\/psd-aprova-uma-candidatura-a-junta-de-viana-do-castelo-e-formaliza-outra\/"},"wordCount":482,"image":{"@id":"https:\/\/www.altominho.tv\/site\/2018\/07\/24\/psd-aprova-uma-candidatura-a-junta-de-viana-do-castelo-e-formaliza-outra\/#primaryimage"},"thumbnailUrl":"https:\/\/www.altominho.tv\/site\/wp-content\/uploads\/2018\/07\/psd.jpg","keywords":["Sociedade"],"articleSection":["Viana do Castelo"],"inLanguage":"pt-PT","copyrightYear":"2018","copyrightHolder":{"@id":"https:\/\/www.altominho.tv\/site\/#organization"}},{"@type":"WebPage","@id":"https:\/\/www.altominho.tv\/site\/2018\/07\/24\/psd-aprova-uma-candidatura-a-junta-de-viana-do-castelo-e-formaliza-outra\/","url":"https:\/\/www.altominho.tv\/site\/2018\/07\/24\/psd-aprova-uma-candidatura-a-junta-de-viana-do-castelo-e-formaliza-outra\/","name":"PSD aprova uma candidatura a junta de Viana do Castelo e formaliza outra","isPartOf":{"@id":"https:\/\/www.altominho.tv\/site\/#website"},"primaryImageOfPage":{"@id":"https:\/\/www.altominho.tv\/site\/2018\/07\/24\/psd-aprova-uma-candidatura-a-junta-de-viana-do-castelo-e-formaliza-outra\/#primaryimage"},"image":{"@id":"https:\/\/www.altominho.tv\/site\/2018\/07\/24\/psd-aprova-uma-candidatura-a-junta-de-viana-do-castelo-e-formaliza-outra\/#primaryimage"},"thumbnailUrl":"https:\/\/www.altominho.tv\/site\/wp-content\/uploads\/2018\/07\/psd.jpg","datePublished":"2018-07-24T13:18:39+00:00","author":{"@id":"https:\/\/www.altominho.tv\/site\/#\/schema\/person\/a0e4ef6d041f98ca284393d8f1d97153"},"breadcrumb":{"@id":"https:\/\/www.altominho.tv\/site\/2018\/07\/24\/psd-aprova-uma-candidatura-a-junta-de-viana-do-castelo-e-formaliza-outra\/#breadcrumb"},"inLanguage":"pt-PT","potentialAction":[{"@type":"ReadAction","target":["https:\/\/www.altominho.tv\/site\/2018\/07\/24\/psd-aprova-uma-candidatura-a-junta-de-viana-do-castelo-e-formaliza-outra\/"]}]},{"@type":"ImageObject","inLanguage":"pt-PT","@id":"https:\/\/www.altominho.tv\/site\/2018\/07\/24\/psd-aprova-uma-candidatura-a-junta-de-viana-do-castelo-e-formaliza-outra\/#primaryimage","url":"https:\/\/www.altominho.tv\/site\/wp-content\/uploads\/2018\/07\/psd.jpg","contentUrl":"https:\/\/www.altominho.tv\/site\/wp-content\/uploads\/2018\/07\/psd.jpg","width":2000,"height":1231},{"@type":"BreadcrumbList","@id":"https:\/\/www.altominho.tv\/site\/2018\/07\/24\/psd-aprova-uma-candidatura-a-junta-de-viana-do-castelo-e-formaliza-outra\/#breadcrumb","itemListElement":[{"@type":"ListItem","position":1,"name":"In\u00edcio","item":"https:\/\/www.altominho.tv\/site\/"},{"@type":"ListItem","position":2,"name":"PSD aprova uma candidatura a junta de Viana do Castelo e formaliza outra"}]},{"@type":"WebSite","@id":"https:\/\/www.altominho.tv\/site\/#website","url":"https:\/\/www.altominho.tv\/site\/","name":"Altominho.tv","description":"A sua regi\u00e3o \u00e0 dist\u00e2ncia de um clique...","potentialAction":[{"@type":"SearchAction","target":{"@type":"EntryPoint","urlTemplate":"https:\/\/www.altominho.tv\/site\/?s={search_term_string}"},"query-input":{"@type":"PropertyValueSpecification","valueRequired":true,"valueName":"search_term_string"}}],"inLanguage":"pt-PT"},{"@type":"Person","@id":"https:\/\/www.altominho.tv\/site\/#\/schema\/person\/a0e4ef6d041f98ca284393d8f1d97153","name":"Andreia Cunha","image":{"@type":"ImageObject","inLanguage":"pt-PT","@id":"https:\/\/www.altominho.tv\/site\/wp-content\/uploads\/2017\/11\/Andreia_Cunha-1-150x150.jpg","url":"https:\/\/www.altominho.tv\/site\/wp-content\/uploads\/2017\/11\/Andreia_Cunha-1-150x150.jpg","contentUrl":"https:\/\/www.altominho.tv\/site\/wp-content\/uploads\/2017\/11\/Andreia_Cunha-1-150x150.jpg","caption":"Andreia Cunha"},"url":"https:\/\/www.altominho.tv\/site\/author\/andreiacunha\/"}]}},"_links":{"self":[{"href":"https:\/\/www.altominho.tv\/site\/wp-json\/wp\/v2\/posts\/16818","targetHints":{"allow":["GET"]}}],"collection":[{"href":"https:\/\/www.altominho.tv\/site\/wp-json\/wp\/v2\/posts"}],"about":[{"href":"https:\/\/www.altominho.tv\/site\/wp-json\/wp\/v2\/types\/post"}],"author":[{"embeddable":true,"href":"https:\/\/www.altominho.tv\/site\/wp-json\/wp\/v2\/users\/7"}],"replies":[{"embeddable":true,"href":"https:\/\/www.altominho.tv\/site\/wp-json\/wp\/v2\/comments?post=16818"}],"version-history":[{"count":0,"href":"https:\/\/www.altominho.tv\/site\/wp-json\/wp\/v2\/posts\/16818\/revisions"}],"wp:featuredmedia":[{"embeddable":true,"href":"https:\/\/www.altominho.tv\/site\/wp-json\/wp\/v2\/media\/16819"}],"wp:attachment":[{"href":"https:\/\/www.altominho.tv\/site\/wp-json\/wp\/v2\/media?parent=16818"}],"wp:term":[{"taxonomy":"category","embeddable":true,"href":"https:\/\/www.altominho.tv\/site\/wp-json\/wp\/v2\/categories?post=16818"},{"taxonomy":"post_tag","embeddable":true,"href":"https:\/\/www.altominho.tv\/site\/wp-json\/wp\/v2\/tags?post=16818"}],"curies":[{"name":"wp","href":"https:\/\/api.w.org\/{rel}","templated":true}]}}