{"id":16795,"date":"2018-07-24T09:14:16","date_gmt":"2018-07-24T08:14:16","guid":{"rendered":"http:\/\/www.altominho.tv\/site\/?p=16795"},"modified":"2018-07-24T09:14:16","modified_gmt":"2018-07-24T08:14:16","slug":"viana-do-castelo-com-risco-elevado-de-exposicao-aos-uv","status":"publish","type":"post","link":"https:\/\/www.altominho.tv\/site\/2018\/07\/24\/viana-do-castelo-com-risco-elevado-de-exposicao-aos-uv\/","title":{"rendered":"Viana do Castelo com risco elevado de exposi\u00e7\u00e3o aos UV"},"content":{"rendered":"<p>Os distritos de \u00c9vora e Beja e a ilha do Porto Santo apresentam hoje risco extremo de exposi\u00e7\u00e3o \u00e0 radia\u00e7\u00e3o ultravioleta (UV), segundo o Instituto Portugu\u00eas do Mar e da Atmosfera (IPMA).<\/p>\n<p>Por causa do risco extremo previsto para \u00c9vora, Beja e Porto Santo, o IPMA recomenda que se evite o mais poss\u00edvel a exposi\u00e7\u00e3o ao sol.<\/p>\n<p>O IPMA colocou tamb\u00e9m em risco muito elevado de exposi\u00e7\u00e3o aos UV os distritos do Porto, Vila Real, Bragan\u00e7a, Viseu, Guarda, Castelo Branco, Santar\u00e9m, Portalegre, Lisboa, Set\u00fabal e Faro, a ilha da Madeira e Flores, Faial, Terceira e S\u00e3o Miguel, nos A\u00e7ores.<\/p>\n<p>Em risco elevado est\u00e3o os distritos de Viana do Castelo, Braga, Aveiro, Coimbra e Leiria.<\/p>\n<p>Para as regi\u00f5es com risco muito elevado e elevado, o IPMA recomenda o uso de \u00f3culos de sol com filtro UV, chap\u00e9u, \u2018t-shirt\u2019, guarda-sol e protetor solar, al\u00e9m de desaconselhar a exposi\u00e7\u00e3o das crian\u00e7as ao sol.<\/p>\n<p>Os \u00edndices UV variam entre 1 e 2, em que o risco de exposi\u00e7\u00e3o \u00e0 radia\u00e7\u00e3o UV \u00e9 baixo, 3 a 5 (moderado), 6 a 7 (elevado), 8 a 10 (muito elevado) e superior a 11 (extremo).<\/p>\n<p>O IPMA prev\u00ea para hoje no continente c\u00e9u pouco nublado ou limpo, apresentando-se geralmente muito nublado no litoral oeste e no interior do Alentejo at\u00e9 final da manh\u00e3, nebulosidade que pode persistir no litoral Norte e Centro ao longo do dia.<\/p>\n<p>Est\u00e1 tamb\u00e9m prevista a possibilidade de ocorr\u00eancia de per\u00edodos de chuva fraca ou chuvisco no litoral Norte e Centro at\u00e9 ao fim da manh\u00e3 e vento em geral fraco do quadrante oeste, soprando moderado no litoral oeste e nas terras altas durante a tarde.<\/p>\n<p>A previs\u00e3o aponta ainda para neblina ou nevoeiro matinal em alguns locais e pequena descida da temperatura m\u00e1xima nas regi\u00f5es do interior.<\/p>\n<p>As temperaturas m\u00ednimas no continente v\u00e3o oscilar entre os 12 graus celsius (na Guarda) e os 19 (em Aveiro) e as m\u00e1ximas entre os 23 (no Porto e em Viana do Castelo) e os 30 (em \u00c9vora, Beja, Castelo Branco e Bragan\u00e7a).<\/p>\n<p>Para a Madeira prev\u00ea-se per\u00edodos de c\u00e9u muito nublado, possibilidade de ocorr\u00eancia de aguaceiros fracos nas vertentes norte e terras altas e vento em geral fraco do quadrante norte.<\/p>\n<p>No Funchal as temperaturas v\u00e3o variar entre os 20 e os 25 graus Celsius.<\/p>\n<p>O IPMA prev\u00ea para as ilhas das Flores e Corvo (grupo ocidental dos A\u00e7ores) c\u00e9u muito nublado com boas abertas e vento oeste bonan\u00e7oso, tornando-se moderado.<\/p>\n<p>Para as ilhas Graciosa, S. Jorge, Terceira, Faial e Pico (grupo central) a previs\u00e3o aponta para per\u00edodos de c\u00e9u muito nublado com boas abertas, aguaceiros fracos na madrugada e in\u00edcio da manh\u00e3 e vento norte fraco a bonan\u00e7oso, rodando para oeste.<\/p>\n<p>Para as ilhas de S. Miguel e Santa Maria (grupo oriental) prev\u00ea-se c\u00e9u muito nublado com boas abertas, aguaceiros fracos e vento fraco.<\/p>\n<p>Em Santa Cruz das Flores as temperaturas v\u00e3o oscilar entre os 20 e os 27 graus, na Horta entre os 19 e os 26 e em Angra do Hero\u00edsmo e Ponta Delgada entre os 19 e os 25.<\/p>\n","protected":false},"excerpt":{"rendered":"<p>Os distritos de \u00c9vora e Beja e a ilha do Porto Santo apresentam hoje risco extremo de exposi\u00e7\u00e3o \u00e0 radia\u00e7\u00e3o ultravioleta (UV), segundo o Instituto Portugu\u00eas do Mar e da Atmosfera (IPMA). Por causa do risco extremo previsto para \u00c9vora, Beja e Porto Santo, o IPMA recomenda que se evite o mais poss\u00edvel a exposi\u00e7\u00e3o [&hellip;]<\/p>\n","protected":false},"author":7,"featured_media":16796,"comment_status":"closed","ping_status":"closed","sticky":false,"template":"","format":"standard","meta":{"_exactmetrics_skip_tracking":false,"_exactmetrics_sitenote_active":false,"_exactmetrics_sitenote_note":"","_exactmetrics_sitenote_category":0,"footnotes":""},"categories":[14],"tags":[27],"class_list":["post-16795","post","type-post","status-publish","format-standard","has-post-thumbnail","hentry","category-viana-do-castelo","tag-sociedade"],"yoast_head":"<!-- This site is optimized with the Yoast SEO Premium plugin v27.5 (Yoast SEO v27.5) - https:\/\/yoast.com\/product\/yoast-seo-premium-wordpress\/ -->\n<title>Viana do Castelo com risco elevado de exposi\u00e7\u00e3o aos UV<\/title>\n<meta name=\"robots\" content=\"index, follow, max-snippet:-1, max-image-preview:large, max-video-preview:-1\" \/>\n<link rel=\"canonical\" href=\"https:\/\/www.altominho.tv\/site\/2018\/07\/24\/viana-do-castelo-com-risco-elevado-de-exposicao-aos-uv\/\" \/>\n<meta property=\"og:locale\" content=\"pt_PT\" \/>\n<meta property=\"og:type\" content=\"article\" \/>\n<meta property=\"og:title\" content=\"Viana do Castelo com risco elevado de exposi\u00e7\u00e3o aos UV\" \/>\n<meta property=\"og:description\" content=\"Os distritos de \u00c9vora e Beja e a ilha do Porto Santo apresentam hoje risco extremo de exposi\u00e7\u00e3o \u00e0 radia\u00e7\u00e3o ultravioleta (UV), segundo o Instituto Portugu\u00eas do Mar e da Atmosfera (IPMA). Por causa do risco extremo previsto para \u00c9vora, Beja e Porto Santo, o IPMA recomenda que se evite o mais poss\u00edvel a exposi\u00e7\u00e3o [&hellip;]\" \/>\n<meta property=\"og:url\" content=\"https:\/\/www.altominho.tv\/site\/2018\/07\/24\/viana-do-castelo-com-risco-elevado-de-exposicao-aos-uv\/\" \/>\n<meta property=\"og:site_name\" content=\"Altominho.tv\" \/>\n<meta property=\"article:publisher\" content=\"https:\/\/www.facebook.com\/altominhotv\" \/>\n<meta property=\"article:published_time\" content=\"2018-07-24T08:14:16+00:00\" \/>\n<meta property=\"og:image\" content=\"https:\/\/www.altominho.tv\/site\/wp-content\/uploads\/2018\/07\/tempoi-4.jpg\" \/>\n\t<meta property=\"og:image:width\" content=\"1920\" \/>\n\t<meta property=\"og:image:height\" content=\"1080\" \/>\n\t<meta property=\"og:image:type\" content=\"image\/jpeg\" \/>\n<meta name=\"author\" content=\"Andreia Cunha\" \/>\n<meta name=\"twitter:card\" content=\"summary_large_image\" \/>\n<meta name=\"twitter:creator\" content=\"@altominhoTV\" \/>\n<meta name=\"twitter:site\" content=\"@altominhoTV\" \/>\n<meta name=\"twitter:label1\" content=\"Escrito por\" \/>\n\t<meta name=\"twitter:data1\" content=\"Andreia Cunha\" \/>\n\t<meta name=\"twitter:label2\" content=\"Tempo estimado de leitura\" \/>\n\t<meta name=\"twitter:data2\" content=\"3 minutos\" \/>\n<script type=\"application\/ld+json\" class=\"yoast-schema-graph\">{\"@context\":\"https:\\\/\\\/schema.org\",\"@graph\":[{\"@type\":\"Article\",\"@id\":\"https:\\\/\\\/www.altominho.tv\\\/site\\\/2018\\\/07\\\/24\\\/viana-do-castelo-com-risco-elevado-de-exposicao-aos-uv\\\/#article\",\"isPartOf\":{\"@id\":\"https:\\\/\\\/www.altominho.tv\\\/site\\\/2018\\\/07\\\/24\\\/viana-do-castelo-com-risco-elevado-de-exposicao-aos-uv\\\/\"},\"author\":{\"name\":\"Andreia Cunha\",\"@id\":\"https:\\\/\\\/www.altominho.tv\\\/site\\\/#\\\/schema\\\/person\\\/a0e4ef6d041f98ca284393d8f1d97153\"},\"headline\":\"Viana do Castelo com risco elevado de exposi\u00e7\u00e3o aos UV\",\"datePublished\":\"2018-07-24T08:14:16+00:00\",\"mainEntityOfPage\":{\"@id\":\"https:\\\/\\\/www.altominho.tv\\\/site\\\/2018\\\/07\\\/24\\\/viana-do-castelo-com-risco-elevado-de-exposicao-aos-uv\\\/\"},\"wordCount\":542,\"image\":{\"@id\":\"https:\\\/\\\/www.altominho.tv\\\/site\\\/2018\\\/07\\\/24\\\/viana-do-castelo-com-risco-elevado-de-exposicao-aos-uv\\\/#primaryimage\"},\"thumbnailUrl\":\"https:\\\/\\\/www.altominho.tv\\\/site\\\/wp-content\\\/uploads\\\/2018\\\/07\\\/tempoi-4.jpg\",\"keywords\":[\"Sociedade\"],\"articleSection\":[\"Viana do Castelo\"],\"inLanguage\":\"pt-PT\",\"copyrightYear\":\"2018\",\"copyrightHolder\":{\"@id\":\"https:\\\/\\\/www.altominho.tv\\\/site\\\/#organization\"}},{\"@type\":\"WebPage\",\"@id\":\"https:\\\/\\\/www.altominho.tv\\\/site\\\/2018\\\/07\\\/24\\\/viana-do-castelo-com-risco-elevado-de-exposicao-aos-uv\\\/\",\"url\":\"https:\\\/\\\/www.altominho.tv\\\/site\\\/2018\\\/07\\\/24\\\/viana-do-castelo-com-risco-elevado-de-exposicao-aos-uv\\\/\",\"name\":\"Viana do Castelo com risco elevado de exposi\u00e7\u00e3o aos UV\",\"isPartOf\":{\"@id\":\"https:\\\/\\\/www.altominho.tv\\\/site\\\/#website\"},\"primaryImageOfPage\":{\"@id\":\"https:\\\/\\\/www.altominho.tv\\\/site\\\/2018\\\/07\\\/24\\\/viana-do-castelo-com-risco-elevado-de-exposicao-aos-uv\\\/#primaryimage\"},\"image\":{\"@id\":\"https:\\\/\\\/www.altominho.tv\\\/site\\\/2018\\\/07\\\/24\\\/viana-do-castelo-com-risco-elevado-de-exposicao-aos-uv\\\/#primaryimage\"},\"thumbnailUrl\":\"https:\\\/\\\/www.altominho.tv\\\/site\\\/wp-content\\\/uploads\\\/2018\\\/07\\\/tempoi-4.jpg\",\"datePublished\":\"2018-07-24T08:14:16+00:00\",\"author\":{\"@id\":\"https:\\\/\\\/www.altominho.tv\\\/site\\\/#\\\/schema\\\/person\\\/a0e4ef6d041f98ca284393d8f1d97153\"},\"breadcrumb\":{\"@id\":\"https:\\\/\\\/www.altominho.tv\\\/site\\\/2018\\\/07\\\/24\\\/viana-do-castelo-com-risco-elevado-de-exposicao-aos-uv\\\/#breadcrumb\"},\"inLanguage\":\"pt-PT\",\"potentialAction\":[{\"@type\":\"ReadAction\",\"target\":[\"https:\\\/\\\/www.altominho.tv\\\/site\\\/2018\\\/07\\\/24\\\/viana-do-castelo-com-risco-elevado-de-exposicao-aos-uv\\\/\"]}]},{\"@type\":\"ImageObject\",\"inLanguage\":\"pt-PT\",\"@id\":\"https:\\\/\\\/www.altominho.tv\\\/site\\\/2018\\\/07\\\/24\\\/viana-do-castelo-com-risco-elevado-de-exposicao-aos-uv\\\/#primaryimage\",\"url\":\"https:\\\/\\\/www.altominho.tv\\\/site\\\/wp-content\\\/uploads\\\/2018\\\/07\\\/tempoi-4.jpg\",\"contentUrl\":\"https:\\\/\\\/www.altominho.tv\\\/site\\\/wp-content\\\/uploads\\\/2018\\\/07\\\/tempoi-4.jpg\",\"width\":1920,\"height\":1080},{\"@type\":\"BreadcrumbList\",\"@id\":\"https:\\\/\\\/www.altominho.tv\\\/site\\\/2018\\\/07\\\/24\\\/viana-do-castelo-com-risco-elevado-de-exposicao-aos-uv\\\/#breadcrumb\",\"itemListElement\":[{\"@type\":\"ListItem\",\"position\":1,\"name\":\"In\u00edcio\",\"item\":\"https:\\\/\\\/www.altominho.tv\\\/site\\\/\"},{\"@type\":\"ListItem\",\"position\":2,\"name\":\"Viana do Castelo com risco elevado de exposi\u00e7\u00e3o aos UV\"}]},{\"@type\":\"WebSite\",\"@id\":\"https:\\\/\\\/www.altominho.tv\\\/site\\\/#website\",\"url\":\"https:\\\/\\\/www.altominho.tv\\\/site\\\/\",\"name\":\"Altominho.tv\",\"description\":\"A sua regi\u00e3o \u00e0 dist\u00e2ncia de um clique...\",\"potentialAction\":[{\"@type\":\"SearchAction\",\"target\":{\"@type\":\"EntryPoint\",\"urlTemplate\":\"https:\\\/\\\/www.altominho.tv\\\/site\\\/?s={search_term_string}\"},\"query-input\":{\"@type\":\"PropertyValueSpecification\",\"valueRequired\":true,\"valueName\":\"search_term_string\"}}],\"inLanguage\":\"pt-PT\"},{\"@type\":\"Person\",\"@id\":\"https:\\\/\\\/www.altominho.tv\\\/site\\\/#\\\/schema\\\/person\\\/a0e4ef6d041f98ca284393d8f1d97153\",\"name\":\"Andreia Cunha\",\"image\":{\"@type\":\"ImageObject\",\"inLanguage\":\"pt-PT\",\"@id\":\"https:\\\/\\\/www.altominho.tv\\\/site\\\/wp-content\\\/uploads\\\/2017\\\/11\\\/Andreia_Cunha-1-150x150.jpg\",\"url\":\"https:\\\/\\\/www.altominho.tv\\\/site\\\/wp-content\\\/uploads\\\/2017\\\/11\\\/Andreia_Cunha-1-150x150.jpg\",\"contentUrl\":\"https:\\\/\\\/www.altominho.tv\\\/site\\\/wp-content\\\/uploads\\\/2017\\\/11\\\/Andreia_Cunha-1-150x150.jpg\",\"caption\":\"Andreia Cunha\"},\"url\":\"https:\\\/\\\/www.altominho.tv\\\/site\\\/author\\\/andreiacunha\\\/\"}]}<\/script>\n<!-- \/ Yoast SEO Premium plugin. -->","yoast_head_json":{"title":"Viana do Castelo com risco elevado de exposi\u00e7\u00e3o aos UV","robots":{"index":"index","follow":"follow","max-snippet":"max-snippet:-1","max-image-preview":"max-image-preview:large","max-video-preview":"max-video-preview:-1"},"canonical":"https:\/\/www.altominho.tv\/site\/2018\/07\/24\/viana-do-castelo-com-risco-elevado-de-exposicao-aos-uv\/","og_locale":"pt_PT","og_type":"article","og_title":"Viana do Castelo com risco elevado de exposi\u00e7\u00e3o aos UV","og_description":"Os distritos de \u00c9vora e Beja e a ilha do Porto Santo apresentam hoje risco extremo de exposi\u00e7\u00e3o \u00e0 radia\u00e7\u00e3o ultravioleta (UV), segundo o Instituto Portugu\u00eas do Mar e da Atmosfera (IPMA). Por causa do risco extremo previsto para \u00c9vora, Beja e Porto Santo, o IPMA recomenda que se evite o mais poss\u00edvel a exposi\u00e7\u00e3o [&hellip;]","og_url":"https:\/\/www.altominho.tv\/site\/2018\/07\/24\/viana-do-castelo-com-risco-elevado-de-exposicao-aos-uv\/","og_site_name":"Altominho.tv","article_publisher":"https:\/\/www.facebook.com\/altominhotv","article_published_time":"2018-07-24T08:14:16+00:00","og_image":[{"width":1920,"height":1080,"url":"https:\/\/www.altominho.tv\/site\/wp-content\/uploads\/2018\/07\/tempoi-4.jpg","type":"image\/jpeg"}],"author":"Andreia Cunha","twitter_card":"summary_large_image","twitter_creator":"@altominhoTV","twitter_site":"@altominhoTV","twitter_misc":{"Escrito por":"Andreia Cunha","Tempo estimado de leitura":"3 minutos"},"schema":{"@context":"https:\/\/schema.org","@graph":[{"@type":"Article","@id":"https:\/\/www.altominho.tv\/site\/2018\/07\/24\/viana-do-castelo-com-risco-elevado-de-exposicao-aos-uv\/#article","isPartOf":{"@id":"https:\/\/www.altominho.tv\/site\/2018\/07\/24\/viana-do-castelo-com-risco-elevado-de-exposicao-aos-uv\/"},"author":{"name":"Andreia Cunha","@id":"https:\/\/www.altominho.tv\/site\/#\/schema\/person\/a0e4ef6d041f98ca284393d8f1d97153"},"headline":"Viana do Castelo com risco elevado de exposi\u00e7\u00e3o aos UV","datePublished":"2018-07-24T08:14:16+00:00","mainEntityOfPage":{"@id":"https:\/\/www.altominho.tv\/site\/2018\/07\/24\/viana-do-castelo-com-risco-elevado-de-exposicao-aos-uv\/"},"wordCount":542,"image":{"@id":"https:\/\/www.altominho.tv\/site\/2018\/07\/24\/viana-do-castelo-com-risco-elevado-de-exposicao-aos-uv\/#primaryimage"},"thumbnailUrl":"https:\/\/www.altominho.tv\/site\/wp-content\/uploads\/2018\/07\/tempoi-4.jpg","keywords":["Sociedade"],"articleSection":["Viana do Castelo"],"inLanguage":"pt-PT","copyrightYear":"2018","copyrightHolder":{"@id":"https:\/\/www.altominho.tv\/site\/#organization"}},{"@type":"WebPage","@id":"https:\/\/www.altominho.tv\/site\/2018\/07\/24\/viana-do-castelo-com-risco-elevado-de-exposicao-aos-uv\/","url":"https:\/\/www.altominho.tv\/site\/2018\/07\/24\/viana-do-castelo-com-risco-elevado-de-exposicao-aos-uv\/","name":"Viana do Castelo com risco elevado de exposi\u00e7\u00e3o aos UV","isPartOf":{"@id":"https:\/\/www.altominho.tv\/site\/#website"},"primaryImageOfPage":{"@id":"https:\/\/www.altominho.tv\/site\/2018\/07\/24\/viana-do-castelo-com-risco-elevado-de-exposicao-aos-uv\/#primaryimage"},"image":{"@id":"https:\/\/www.altominho.tv\/site\/2018\/07\/24\/viana-do-castelo-com-risco-elevado-de-exposicao-aos-uv\/#primaryimage"},"thumbnailUrl":"https:\/\/www.altominho.tv\/site\/wp-content\/uploads\/2018\/07\/tempoi-4.jpg","datePublished":"2018-07-24T08:14:16+00:00","author":{"@id":"https:\/\/www.altominho.tv\/site\/#\/schema\/person\/a0e4ef6d041f98ca284393d8f1d97153"},"breadcrumb":{"@id":"https:\/\/www.altominho.tv\/site\/2018\/07\/24\/viana-do-castelo-com-risco-elevado-de-exposicao-aos-uv\/#breadcrumb"},"inLanguage":"pt-PT","potentialAction":[{"@type":"ReadAction","target":["https:\/\/www.altominho.tv\/site\/2018\/07\/24\/viana-do-castelo-com-risco-elevado-de-exposicao-aos-uv\/"]}]},{"@type":"ImageObject","inLanguage":"pt-PT","@id":"https:\/\/www.altominho.tv\/site\/2018\/07\/24\/viana-do-castelo-com-risco-elevado-de-exposicao-aos-uv\/#primaryimage","url":"https:\/\/www.altominho.tv\/site\/wp-content\/uploads\/2018\/07\/tempoi-4.jpg","contentUrl":"https:\/\/www.altominho.tv\/site\/wp-content\/uploads\/2018\/07\/tempoi-4.jpg","width":1920,"height":1080},{"@type":"BreadcrumbList","@id":"https:\/\/www.altominho.tv\/site\/2018\/07\/24\/viana-do-castelo-com-risco-elevado-de-exposicao-aos-uv\/#breadcrumb","itemListElement":[{"@type":"ListItem","position":1,"name":"In\u00edcio","item":"https:\/\/www.altominho.tv\/site\/"},{"@type":"ListItem","position":2,"name":"Viana do Castelo com risco elevado de exposi\u00e7\u00e3o aos UV"}]},{"@type":"WebSite","@id":"https:\/\/www.altominho.tv\/site\/#website","url":"https:\/\/www.altominho.tv\/site\/","name":"Altominho.tv","description":"A sua regi\u00e3o \u00e0 dist\u00e2ncia de um clique...","potentialAction":[{"@type":"SearchAction","target":{"@type":"EntryPoint","urlTemplate":"https:\/\/www.altominho.tv\/site\/?s={search_term_string}"},"query-input":{"@type":"PropertyValueSpecification","valueRequired":true,"valueName":"search_term_string"}}],"inLanguage":"pt-PT"},{"@type":"Person","@id":"https:\/\/www.altominho.tv\/site\/#\/schema\/person\/a0e4ef6d041f98ca284393d8f1d97153","name":"Andreia Cunha","image":{"@type":"ImageObject","inLanguage":"pt-PT","@id":"https:\/\/www.altominho.tv\/site\/wp-content\/uploads\/2017\/11\/Andreia_Cunha-1-150x150.jpg","url":"https:\/\/www.altominho.tv\/site\/wp-content\/uploads\/2017\/11\/Andreia_Cunha-1-150x150.jpg","contentUrl":"https:\/\/www.altominho.tv\/site\/wp-content\/uploads\/2017\/11\/Andreia_Cunha-1-150x150.jpg","caption":"Andreia Cunha"},"url":"https:\/\/www.altominho.tv\/site\/author\/andreiacunha\/"}]}},"_links":{"self":[{"href":"https:\/\/www.altominho.tv\/site\/wp-json\/wp\/v2\/posts\/16795","targetHints":{"allow":["GET"]}}],"collection":[{"href":"https:\/\/www.altominho.tv\/site\/wp-json\/wp\/v2\/posts"}],"about":[{"href":"https:\/\/www.altominho.tv\/site\/wp-json\/wp\/v2\/types\/post"}],"author":[{"embeddable":true,"href":"https:\/\/www.altominho.tv\/site\/wp-json\/wp\/v2\/users\/7"}],"replies":[{"embeddable":true,"href":"https:\/\/www.altominho.tv\/site\/wp-json\/wp\/v2\/comments?post=16795"}],"version-history":[{"count":0,"href":"https:\/\/www.altominho.tv\/site\/wp-json\/wp\/v2\/posts\/16795\/revisions"}],"wp:featuredmedia":[{"embeddable":true,"href":"https:\/\/www.altominho.tv\/site\/wp-json\/wp\/v2\/media\/16796"}],"wp:attachment":[{"href":"https:\/\/www.altominho.tv\/site\/wp-json\/wp\/v2\/media?parent=16795"}],"wp:term":[{"taxonomy":"category","embeddable":true,"href":"https:\/\/www.altominho.tv\/site\/wp-json\/wp\/v2\/categories?post=16795"},{"taxonomy":"post_tag","embeddable":true,"href":"https:\/\/www.altominho.tv\/site\/wp-json\/wp\/v2\/tags?post=16795"}],"curies":[{"name":"wp","href":"https:\/\/api.w.org\/{rel}","templated":true}]}}