{"id":16763,"date":"2018-07-23T16:11:01","date_gmt":"2018-07-23T15:11:01","guid":{"rendered":"http:\/\/www.altominho.tv\/site\/?p=16763"},"modified":"2018-07-23T16:11:01","modified_gmt":"2018-07-23T15:11:01","slug":"campanha-para-alertar-para-rastreio-da-hepatite-chega-a-viana-atraves-do-facebook","status":"publish","type":"post","link":"https:\/\/www.altominho.tv\/site\/2018\/07\/23\/campanha-para-alertar-para-rastreio-da-hepatite-chega-a-viana-atraves-do-facebook\/","title":{"rendered":"Campanha para &#8220;alertar&#8221; para rastreio da hepatite chega a Viana atrav\u00e9s do Facebook"},"content":{"rendered":"<p>Perto de assinalar mais um Dia Mundial contra as Hepatites, a 28 de julho, o Gabinete de Atendimento \u00e0 Fam\u00edlia (GAF) lan\u00e7ou uma campanha em Viana do Castelo atrav\u00e9s do Facebook. Objetivo: alertar para a\u00a0import\u00e2ncia de aumentar o diagn\u00f3stico e o tratamento desta doen\u00e7a.<\/p>\n<p>&#8220;Queremos contribuir\u00a0para afastar esta problem\u00e1tica de popula\u00e7\u00f5es espec\u00edficas e alertar para a import\u00e2ncia de se fazer o rastreio gratuito&#8221;, sublinham os promotores da iniciativa. Esta surge integrada na campanha mundial <em>Find Missing Millions<\/em>\u00a0da <a href=\"http:\/\/www.worldhepatitisalliance.org\/world-hepatitis-day\/supporters\"><em>World Hepatitis Allience<\/em><\/a>\u00a0que visa &#8220;promover a consciencializa\u00e7\u00e3o&#8221; e &#8220;sensibilizar para a necessidade da comunidade geral aumentar a literacia sobre as hepatites virais&#8221;.<\/p>\n<p>Para chegar ao maior n\u00famero de pessoas, a organiza\u00e7\u00e3o pretende tamb\u00e9m colocar um\u00a0<i>outdoor<\/i>\u00a0no jardim do Hospital de Santa Luzia, em Viana do Castelo, com o intuito de &#8220;alertar a comunidade local e os visitantes para a necessidade de fazer rastreio \u00e0 hepatite B e C o mais precocemente poss\u00edvel&#8221;.<\/p>\n<figure id=\"attachment_16768\" aria-describedby=\"caption-attachment-16768\" style=\"width: 770px\" class=\"wp-caption alignnone\"><img loading=\"lazy\" decoding=\"async\" class=\"wp-image-16768 size-large\" src=\"http:\/\/www.altominho.tv\/site\/wp-content\/uploads\/2018\/07\/37399509_10155521064447483_6274276976924557312_o-1024x680.png\" alt=\"\" width=\"770\" height=\"511\" srcset=\"https:\/\/www.altominho.tv\/site\/wp-content\/uploads\/2018\/07\/37399509_10155521064447483_6274276976924557312_o-1024x680.png 1024w, https:\/\/www.altominho.tv\/site\/wp-content\/uploads\/2018\/07\/37399509_10155521064447483_6274276976924557312_o-300x199.png 300w, https:\/\/www.altominho.tv\/site\/wp-content\/uploads\/2018\/07\/37399509_10155521064447483_6274276976924557312_o-768x510.png 768w, https:\/\/www.altominho.tv\/site\/wp-content\/uploads\/2018\/07\/37399509_10155521064447483_6274276976924557312_o-370x246.png 370w, https:\/\/www.altominho.tv\/site\/wp-content\/uploads\/2018\/07\/37399509_10155521064447483_6274276976924557312_o-270x179.png 270w, https:\/\/www.altominho.tv\/site\/wp-content\/uploads\/2018\/07\/37399509_10155521064447483_6274276976924557312_o-740x491.png 740w, https:\/\/www.altominho.tv\/site\/wp-content\/uploads\/2018\/07\/37399509_10155521064447483_6274276976924557312_o-800x531.png 800w, https:\/\/www.altominho.tv\/site\/wp-content\/uploads\/2018\/07\/37399509_10155521064447483_6274276976924557312_o-600x398.png 600w, https:\/\/www.altominho.tv\/site\/wp-content\/uploads\/2018\/07\/37399509_10155521064447483_6274276976924557312_o.png 1984w\" sizes=\"auto, (max-width: 770px) 100vw, 770px\" \/><figcaption id=\"caption-attachment-16768\" class=\"wp-caption-text\">DR<\/figcaption><\/figure>\n<p>Segundo dados avan\u00e7ados pelo GAF na sua <a href=\"https:\/\/www.facebook.com\/gabineteatendimentofamilia\/\">p\u00e1gina<\/a> de Facebook, &#8220;dos 352 milh\u00f5es de pessoas no mundo que convivem com hepatite viral, 300 milh\u00f5es ainda n\u00e3o sabem disso&#8221;. E em Portugal, &#8220;no ano de 2017, mais de 25 mil pessoas descobriram ter hepatites virais&#8221;.<\/p>\n","protected":false},"excerpt":{"rendered":"<p>Perto de assinalar mais um Dia Mundial contra as Hepatites, a 28 de julho, o Gabinete de Atendimento \u00e0 Fam\u00edlia (GAF) lan\u00e7ou uma campanha em Viana do Castelo atrav\u00e9s do Facebook. Objetivo: alertar para a\u00a0import\u00e2ncia de aumentar o diagn\u00f3stico e o tratamento desta doen\u00e7a. &#8220;Queremos contribuir\u00a0para afastar esta problem\u00e1tica de popula\u00e7\u00f5es espec\u00edficas e alertar para [&hellip;]<\/p>\n","protected":false},"author":12,"featured_media":16775,"comment_status":"closed","ping_status":"closed","sticky":false,"template":"","format":"standard","meta":{"_exactmetrics_skip_tracking":false,"_exactmetrics_sitenote_active":false,"_exactmetrics_sitenote_note":"","_exactmetrics_sitenote_category":0,"footnotes":""},"categories":[14],"tags":[26,27],"class_list":["post-16763","post","type-post","status-publish","format-standard","has-post-thumbnail","hentry","category-viana-do-castelo","tag-saude","tag-sociedade"],"yoast_head":"<!-- This site is optimized with the Yoast SEO Premium plugin v27.5 (Yoast SEO v27.5) - https:\/\/yoast.com\/product\/yoast-seo-premium-wordpress\/ -->\n<title>Campanha para &quot;alertar&quot; para rastreio da hepatite chega a Viana atrav\u00e9s do Facebook<\/title>\n<meta name=\"robots\" content=\"index, follow, max-snippet:-1, max-image-preview:large, max-video-preview:-1\" \/>\n<link rel=\"canonical\" href=\"https:\/\/www.altominho.tv\/site\/2018\/07\/23\/campanha-para-alertar-para-rastreio-da-hepatite-chega-a-viana-atraves-do-facebook\/\" \/>\n<meta property=\"og:locale\" content=\"pt_PT\" \/>\n<meta property=\"og:type\" content=\"article\" \/>\n<meta property=\"og:title\" content=\"Campanha para &quot;alertar&quot; para rastreio da hepatite chega a Viana atrav\u00e9s do Facebook\" \/>\n<meta property=\"og:description\" content=\"Perto de assinalar mais um Dia Mundial contra as Hepatites, a 28 de julho, o Gabinete de Atendimento \u00e0 Fam\u00edlia (GAF) lan\u00e7ou uma campanha em Viana do Castelo atrav\u00e9s do Facebook. Objetivo: alertar para a\u00a0import\u00e2ncia de aumentar o diagn\u00f3stico e o tratamento desta doen\u00e7a. &#8220;Queremos contribuir\u00a0para afastar esta problem\u00e1tica de popula\u00e7\u00f5es espec\u00edficas e alertar para [&hellip;]\" \/>\n<meta property=\"og:url\" content=\"https:\/\/www.altominho.tv\/site\/2018\/07\/23\/campanha-para-alertar-para-rastreio-da-hepatite-chega-a-viana-atraves-do-facebook\/\" \/>\n<meta property=\"og:site_name\" content=\"Altominho.tv\" \/>\n<meta property=\"article:publisher\" content=\"https:\/\/www.facebook.com\/altominhotv\" \/>\n<meta property=\"article:published_time\" content=\"2018-07-23T15:11:01+00:00\" \/>\n<meta property=\"og:image\" content=\"https:\/\/www.altominho.tv\/site\/wp-content\/uploads\/2018\/07\/campanha.jpg\" \/>\n\t<meta property=\"og:image:width\" content=\"1984\" \/>\n\t<meta property=\"og:image:height\" content=\"1152\" \/>\n\t<meta property=\"og:image:type\" content=\"image\/jpeg\" \/>\n<meta name=\"author\" content=\"Andreia Ferreira\" \/>\n<meta name=\"twitter:card\" content=\"summary_large_image\" \/>\n<meta name=\"twitter:creator\" content=\"@altominhoTV\" \/>\n<meta name=\"twitter:site\" content=\"@altominhoTV\" \/>\n<meta name=\"twitter:label1\" content=\"Escrito por\" \/>\n\t<meta name=\"twitter:data1\" content=\"Andreia Ferreira\" \/>\n\t<meta name=\"twitter:label2\" content=\"Tempo estimado de leitura\" \/>\n\t<meta name=\"twitter:data2\" content=\"1 minuto\" \/>\n<script type=\"application\/ld+json\" class=\"yoast-schema-graph\">{\"@context\":\"https:\\\/\\\/schema.org\",\"@graph\":[{\"@type\":\"Article\",\"@id\":\"https:\\\/\\\/www.altominho.tv\\\/site\\\/2018\\\/07\\\/23\\\/campanha-para-alertar-para-rastreio-da-hepatite-chega-a-viana-atraves-do-facebook\\\/#article\",\"isPartOf\":{\"@id\":\"https:\\\/\\\/www.altominho.tv\\\/site\\\/2018\\\/07\\\/23\\\/campanha-para-alertar-para-rastreio-da-hepatite-chega-a-viana-atraves-do-facebook\\\/\"},\"author\":{\"name\":\"Andreia Ferreira\",\"@id\":\"https:\\\/\\\/www.altominho.tv\\\/site\\\/#\\\/schema\\\/person\\\/d9be4265364723f14ea8e0d56a1d38cd\"},\"headline\":\"Campanha para &#8220;alertar&#8221; para rastreio da hepatite chega a Viana atrav\u00e9s do Facebook\",\"datePublished\":\"2018-07-23T15:11:01+00:00\",\"mainEntityOfPage\":{\"@id\":\"https:\\\/\\\/www.altominho.tv\\\/site\\\/2018\\\/07\\\/23\\\/campanha-para-alertar-para-rastreio-da-hepatite-chega-a-viana-atraves-do-facebook\\\/\"},\"wordCount\":233,\"image\":{\"@id\":\"https:\\\/\\\/www.altominho.tv\\\/site\\\/2018\\\/07\\\/23\\\/campanha-para-alertar-para-rastreio-da-hepatite-chega-a-viana-atraves-do-facebook\\\/#primaryimage\"},\"thumbnailUrl\":\"https:\\\/\\\/www.altominho.tv\\\/site\\\/wp-content\\\/uploads\\\/2018\\\/07\\\/campanha.jpg\",\"keywords\":[\"Sa\u00fade\",\"Sociedade\"],\"articleSection\":[\"Viana do Castelo\"],\"inLanguage\":\"pt-PT\",\"copyrightYear\":\"2018\",\"copyrightHolder\":{\"@id\":\"https:\\\/\\\/www.altominho.tv\\\/site\\\/#organization\"}},{\"@type\":\"WebPage\",\"@id\":\"https:\\\/\\\/www.altominho.tv\\\/site\\\/2018\\\/07\\\/23\\\/campanha-para-alertar-para-rastreio-da-hepatite-chega-a-viana-atraves-do-facebook\\\/\",\"url\":\"https:\\\/\\\/www.altominho.tv\\\/site\\\/2018\\\/07\\\/23\\\/campanha-para-alertar-para-rastreio-da-hepatite-chega-a-viana-atraves-do-facebook\\\/\",\"name\":\"Campanha para \\\"alertar\\\" para rastreio da hepatite chega a Viana atrav\u00e9s do Facebook\",\"isPartOf\":{\"@id\":\"https:\\\/\\\/www.altominho.tv\\\/site\\\/#website\"},\"primaryImageOfPage\":{\"@id\":\"https:\\\/\\\/www.altominho.tv\\\/site\\\/2018\\\/07\\\/23\\\/campanha-para-alertar-para-rastreio-da-hepatite-chega-a-viana-atraves-do-facebook\\\/#primaryimage\"},\"image\":{\"@id\":\"https:\\\/\\\/www.altominho.tv\\\/site\\\/2018\\\/07\\\/23\\\/campanha-para-alertar-para-rastreio-da-hepatite-chega-a-viana-atraves-do-facebook\\\/#primaryimage\"},\"thumbnailUrl\":\"https:\\\/\\\/www.altominho.tv\\\/site\\\/wp-content\\\/uploads\\\/2018\\\/07\\\/campanha.jpg\",\"datePublished\":\"2018-07-23T15:11:01+00:00\",\"author\":{\"@id\":\"https:\\\/\\\/www.altominho.tv\\\/site\\\/#\\\/schema\\\/person\\\/d9be4265364723f14ea8e0d56a1d38cd\"},\"breadcrumb\":{\"@id\":\"https:\\\/\\\/www.altominho.tv\\\/site\\\/2018\\\/07\\\/23\\\/campanha-para-alertar-para-rastreio-da-hepatite-chega-a-viana-atraves-do-facebook\\\/#breadcrumb\"},\"inLanguage\":\"pt-PT\",\"potentialAction\":[{\"@type\":\"ReadAction\",\"target\":[\"https:\\\/\\\/www.altominho.tv\\\/site\\\/2018\\\/07\\\/23\\\/campanha-para-alertar-para-rastreio-da-hepatite-chega-a-viana-atraves-do-facebook\\\/\"]}]},{\"@type\":\"ImageObject\",\"inLanguage\":\"pt-PT\",\"@id\":\"https:\\\/\\\/www.altominho.tv\\\/site\\\/2018\\\/07\\\/23\\\/campanha-para-alertar-para-rastreio-da-hepatite-chega-a-viana-atraves-do-facebook\\\/#primaryimage\",\"url\":\"https:\\\/\\\/www.altominho.tv\\\/site\\\/wp-content\\\/uploads\\\/2018\\\/07\\\/campanha.jpg\",\"contentUrl\":\"https:\\\/\\\/www.altominho.tv\\\/site\\\/wp-content\\\/uploads\\\/2018\\\/07\\\/campanha.jpg\",\"width\":1984,\"height\":1152,\"caption\":\"DR\"},{\"@type\":\"BreadcrumbList\",\"@id\":\"https:\\\/\\\/www.altominho.tv\\\/site\\\/2018\\\/07\\\/23\\\/campanha-para-alertar-para-rastreio-da-hepatite-chega-a-viana-atraves-do-facebook\\\/#breadcrumb\",\"itemListElement\":[{\"@type\":\"ListItem\",\"position\":1,\"name\":\"In\u00edcio\",\"item\":\"https:\\\/\\\/www.altominho.tv\\\/site\\\/\"},{\"@type\":\"ListItem\",\"position\":2,\"name\":\"Campanha para &#8220;alertar&#8221; para rastreio da hepatite chega a Viana atrav\u00e9s do Facebook\"}]},{\"@type\":\"WebSite\",\"@id\":\"https:\\\/\\\/www.altominho.tv\\\/site\\\/#website\",\"url\":\"https:\\\/\\\/www.altominho.tv\\\/site\\\/\",\"name\":\"Altominho.tv\",\"description\":\"A sua regi\u00e3o \u00e0 dist\u00e2ncia de um clique...\",\"potentialAction\":[{\"@type\":\"SearchAction\",\"target\":{\"@type\":\"EntryPoint\",\"urlTemplate\":\"https:\\\/\\\/www.altominho.tv\\\/site\\\/?s={search_term_string}\"},\"query-input\":{\"@type\":\"PropertyValueSpecification\",\"valueRequired\":true,\"valueName\":\"search_term_string\"}}],\"inLanguage\":\"pt-PT\"},{\"@type\":\"Person\",\"@id\":\"https:\\\/\\\/www.altominho.tv\\\/site\\\/#\\\/schema\\\/person\\\/d9be4265364723f14ea8e0d56a1d38cd\",\"name\":\"Andreia Ferreira\",\"image\":{\"@type\":\"ImageObject\",\"inLanguage\":\"pt-PT\",\"@id\":\"https:\\\/\\\/www.altominho.tv\\\/site\\\/wp-content\\\/uploads\\\/2021\\\/01\\\/AndreiaFerreira-150x150.jpg\",\"url\":\"https:\\\/\\\/www.altominho.tv\\\/site\\\/wp-content\\\/uploads\\\/2021\\\/01\\\/AndreiaFerreira-150x150.jpg\",\"contentUrl\":\"https:\\\/\\\/www.altominho.tv\\\/site\\\/wp-content\\\/uploads\\\/2021\\\/01\\\/AndreiaFerreira-150x150.jpg\",\"caption\":\"Andreia Ferreira\"},\"url\":\"https:\\\/\\\/www.altominho.tv\\\/site\\\/author\\\/andreiaferreira\\\/\"}]}<\/script>\n<!-- \/ Yoast SEO Premium plugin. -->","yoast_head_json":{"title":"Campanha para \"alertar\" para rastreio da hepatite chega a Viana atrav\u00e9s do Facebook","robots":{"index":"index","follow":"follow","max-snippet":"max-snippet:-1","max-image-preview":"max-image-preview:large","max-video-preview":"max-video-preview:-1"},"canonical":"https:\/\/www.altominho.tv\/site\/2018\/07\/23\/campanha-para-alertar-para-rastreio-da-hepatite-chega-a-viana-atraves-do-facebook\/","og_locale":"pt_PT","og_type":"article","og_title":"Campanha para \"alertar\" para rastreio da hepatite chega a Viana atrav\u00e9s do Facebook","og_description":"Perto de assinalar mais um Dia Mundial contra as Hepatites, a 28 de julho, o Gabinete de Atendimento \u00e0 Fam\u00edlia (GAF) lan\u00e7ou uma campanha em Viana do Castelo atrav\u00e9s do Facebook. Objetivo: alertar para a\u00a0import\u00e2ncia de aumentar o diagn\u00f3stico e o tratamento desta doen\u00e7a. &#8220;Queremos contribuir\u00a0para afastar esta problem\u00e1tica de popula\u00e7\u00f5es espec\u00edficas e alertar para [&hellip;]","og_url":"https:\/\/www.altominho.tv\/site\/2018\/07\/23\/campanha-para-alertar-para-rastreio-da-hepatite-chega-a-viana-atraves-do-facebook\/","og_site_name":"Altominho.tv","article_publisher":"https:\/\/www.facebook.com\/altominhotv","article_published_time":"2018-07-23T15:11:01+00:00","og_image":[{"width":1984,"height":1152,"url":"https:\/\/www.altominho.tv\/site\/wp-content\/uploads\/2018\/07\/campanha.jpg","type":"image\/jpeg"}],"author":"Andreia Ferreira","twitter_card":"summary_large_image","twitter_creator":"@altominhoTV","twitter_site":"@altominhoTV","twitter_misc":{"Escrito por":"Andreia Ferreira","Tempo estimado de leitura":"1 minuto"},"schema":{"@context":"https:\/\/schema.org","@graph":[{"@type":"Article","@id":"https:\/\/www.altominho.tv\/site\/2018\/07\/23\/campanha-para-alertar-para-rastreio-da-hepatite-chega-a-viana-atraves-do-facebook\/#article","isPartOf":{"@id":"https:\/\/www.altominho.tv\/site\/2018\/07\/23\/campanha-para-alertar-para-rastreio-da-hepatite-chega-a-viana-atraves-do-facebook\/"},"author":{"name":"Andreia Ferreira","@id":"https:\/\/www.altominho.tv\/site\/#\/schema\/person\/d9be4265364723f14ea8e0d56a1d38cd"},"headline":"Campanha para &#8220;alertar&#8221; para rastreio da hepatite chega a Viana atrav\u00e9s do Facebook","datePublished":"2018-07-23T15:11:01+00:00","mainEntityOfPage":{"@id":"https:\/\/www.altominho.tv\/site\/2018\/07\/23\/campanha-para-alertar-para-rastreio-da-hepatite-chega-a-viana-atraves-do-facebook\/"},"wordCount":233,"image":{"@id":"https:\/\/www.altominho.tv\/site\/2018\/07\/23\/campanha-para-alertar-para-rastreio-da-hepatite-chega-a-viana-atraves-do-facebook\/#primaryimage"},"thumbnailUrl":"https:\/\/www.altominho.tv\/site\/wp-content\/uploads\/2018\/07\/campanha.jpg","keywords":["Sa\u00fade","Sociedade"],"articleSection":["Viana do Castelo"],"inLanguage":"pt-PT","copyrightYear":"2018","copyrightHolder":{"@id":"https:\/\/www.altominho.tv\/site\/#organization"}},{"@type":"WebPage","@id":"https:\/\/www.altominho.tv\/site\/2018\/07\/23\/campanha-para-alertar-para-rastreio-da-hepatite-chega-a-viana-atraves-do-facebook\/","url":"https:\/\/www.altominho.tv\/site\/2018\/07\/23\/campanha-para-alertar-para-rastreio-da-hepatite-chega-a-viana-atraves-do-facebook\/","name":"Campanha para \"alertar\" para rastreio da hepatite chega a Viana atrav\u00e9s do Facebook","isPartOf":{"@id":"https:\/\/www.altominho.tv\/site\/#website"},"primaryImageOfPage":{"@id":"https:\/\/www.altominho.tv\/site\/2018\/07\/23\/campanha-para-alertar-para-rastreio-da-hepatite-chega-a-viana-atraves-do-facebook\/#primaryimage"},"image":{"@id":"https:\/\/www.altominho.tv\/site\/2018\/07\/23\/campanha-para-alertar-para-rastreio-da-hepatite-chega-a-viana-atraves-do-facebook\/#primaryimage"},"thumbnailUrl":"https:\/\/www.altominho.tv\/site\/wp-content\/uploads\/2018\/07\/campanha.jpg","datePublished":"2018-07-23T15:11:01+00:00","author":{"@id":"https:\/\/www.altominho.tv\/site\/#\/schema\/person\/d9be4265364723f14ea8e0d56a1d38cd"},"breadcrumb":{"@id":"https:\/\/www.altominho.tv\/site\/2018\/07\/23\/campanha-para-alertar-para-rastreio-da-hepatite-chega-a-viana-atraves-do-facebook\/#breadcrumb"},"inLanguage":"pt-PT","potentialAction":[{"@type":"ReadAction","target":["https:\/\/www.altominho.tv\/site\/2018\/07\/23\/campanha-para-alertar-para-rastreio-da-hepatite-chega-a-viana-atraves-do-facebook\/"]}]},{"@type":"ImageObject","inLanguage":"pt-PT","@id":"https:\/\/www.altominho.tv\/site\/2018\/07\/23\/campanha-para-alertar-para-rastreio-da-hepatite-chega-a-viana-atraves-do-facebook\/#primaryimage","url":"https:\/\/www.altominho.tv\/site\/wp-content\/uploads\/2018\/07\/campanha.jpg","contentUrl":"https:\/\/www.altominho.tv\/site\/wp-content\/uploads\/2018\/07\/campanha.jpg","width":1984,"height":1152,"caption":"DR"},{"@type":"BreadcrumbList","@id":"https:\/\/www.altominho.tv\/site\/2018\/07\/23\/campanha-para-alertar-para-rastreio-da-hepatite-chega-a-viana-atraves-do-facebook\/#breadcrumb","itemListElement":[{"@type":"ListItem","position":1,"name":"In\u00edcio","item":"https:\/\/www.altominho.tv\/site\/"},{"@type":"ListItem","position":2,"name":"Campanha para &#8220;alertar&#8221; para rastreio da hepatite chega a Viana atrav\u00e9s do Facebook"}]},{"@type":"WebSite","@id":"https:\/\/www.altominho.tv\/site\/#website","url":"https:\/\/www.altominho.tv\/site\/","name":"Altominho.tv","description":"A sua regi\u00e3o \u00e0 dist\u00e2ncia de um clique...","potentialAction":[{"@type":"SearchAction","target":{"@type":"EntryPoint","urlTemplate":"https:\/\/www.altominho.tv\/site\/?s={search_term_string}"},"query-input":{"@type":"PropertyValueSpecification","valueRequired":true,"valueName":"search_term_string"}}],"inLanguage":"pt-PT"},{"@type":"Person","@id":"https:\/\/www.altominho.tv\/site\/#\/schema\/person\/d9be4265364723f14ea8e0d56a1d38cd","name":"Andreia Ferreira","image":{"@type":"ImageObject","inLanguage":"pt-PT","@id":"https:\/\/www.altominho.tv\/site\/wp-content\/uploads\/2021\/01\/AndreiaFerreira-150x150.jpg","url":"https:\/\/www.altominho.tv\/site\/wp-content\/uploads\/2021\/01\/AndreiaFerreira-150x150.jpg","contentUrl":"https:\/\/www.altominho.tv\/site\/wp-content\/uploads\/2021\/01\/AndreiaFerreira-150x150.jpg","caption":"Andreia Ferreira"},"url":"https:\/\/www.altominho.tv\/site\/author\/andreiaferreira\/"}]}},"_links":{"self":[{"href":"https:\/\/www.altominho.tv\/site\/wp-json\/wp\/v2\/posts\/16763","targetHints":{"allow":["GET"]}}],"collection":[{"href":"https:\/\/www.altominho.tv\/site\/wp-json\/wp\/v2\/posts"}],"about":[{"href":"https:\/\/www.altominho.tv\/site\/wp-json\/wp\/v2\/types\/post"}],"author":[{"embeddable":true,"href":"https:\/\/www.altominho.tv\/site\/wp-json\/wp\/v2\/users\/12"}],"replies":[{"embeddable":true,"href":"https:\/\/www.altominho.tv\/site\/wp-json\/wp\/v2\/comments?post=16763"}],"version-history":[{"count":0,"href":"https:\/\/www.altominho.tv\/site\/wp-json\/wp\/v2\/posts\/16763\/revisions"}],"wp:featuredmedia":[{"embeddable":true,"href":"https:\/\/www.altominho.tv\/site\/wp-json\/wp\/v2\/media\/16775"}],"wp:attachment":[{"href":"https:\/\/www.altominho.tv\/site\/wp-json\/wp\/v2\/media?parent=16763"}],"wp:term":[{"taxonomy":"category","embeddable":true,"href":"https:\/\/www.altominho.tv\/site\/wp-json\/wp\/v2\/categories?post=16763"},{"taxonomy":"post_tag","embeddable":true,"href":"https:\/\/www.altominho.tv\/site\/wp-json\/wp\/v2\/tags?post=16763"}],"curies":[{"name":"wp","href":"https:\/\/api.w.org\/{rel}","templated":true}]}}