{"id":16744,"date":"2018-07-23T10:11:39","date_gmt":"2018-07-23T09:11:39","guid":{"rendered":"http:\/\/www.altominho.tv\/site\/?p=16744"},"modified":"2018-07-23T10:11:39","modified_gmt":"2018-07-23T09:11:39","slug":"viana-do-castelo-quer-estar-no-top-ten-das-exportacoes-portuguesas-ate-2020","status":"publish","type":"post","link":"https:\/\/www.altominho.tv\/site\/2018\/07\/23\/viana-do-castelo-quer-estar-no-top-ten-das-exportacoes-portuguesas-ate-2020\/","title":{"rendered":"Viana do Castelo &#8220;quer estar no &#8216;top ten&#8217; das exporta\u00e7\u00f5es portuguesas&#8221; at\u00e9 2020"},"content":{"rendered":"<p>O presidente da C\u00e2mara de Viana do Castelo disse que o concelho &#8220;quer estar, at\u00e9 2020, no &#8216;top ten&#8217; das exporta\u00e7\u00f5es portuguesas, ultrapassando os concelhos de Porto e Matosinhos\u201d e atingindo os mil milh\u00f5es de euros.<\/p>\n<p>\u201cViana do Castelo, em 2017, de acordo com dados do Instituto Nacional de Estat\u00edstica (INE) \u00e9 o 16.\u00ba concelho de pa\u00eds com mais exporta\u00e7\u00f5es. Contribu\u00edmos com 831 milh\u00f5es de euros de exporta\u00e7\u00f5es (&#8230;) Esperamos, em 2020, ultrapassar os mil milh\u00f5es de euros e ultrapassar a cidade do Porto e a cidade de Matosinhos. Queremos estar no &#8216;top ten&#8217; das exporta\u00e7\u00f5es. \u00c9 para isso que estamos a trabalhar&#8221;, afirmou Jos\u00e9 Maria Costa.<\/p>\n<p>O autarca, que falava durante a inaugura\u00e7\u00e3o da amplia\u00e7\u00e3o da f\u00e1brica da multinacional francesa Eurostyle Systems, no parque empresarial de Lanheses, na presen\u00e7a do primeiro-ministro Ant\u00f3nio Costa, especificou que aquela meta ser\u00e1 suportada pela produ\u00e7\u00e3o dos setores e\u00f3lico (30%), papel (30%) e autom\u00f3vel (60%).<\/p>\n<p>&#8220;O munic\u00edpio investiu em 2017 e 2018 cerca de 9,1 milh\u00f5es de euros em aquisi\u00e7\u00e3o de terrenos e obras de infraestrutura\u00e7\u00e3o de \u00e1reas empresariais para acolher novas empresas ao concelho&#8221;, sustentou.<\/p>\n<p>Segundo o autarca, &#8220;o investimento em curso, em nove novas ind\u00fastrias, em Viana do Castelo, \u00e9 de 230 milh\u00f5es de euros, no setor autom\u00f3vel 132 milh\u00f5es de euros, prevendo-se at\u00e9 final de 2019 a cria\u00e7\u00e3o de 1.600 empregos&#8221;.<\/p>\n<p>&#8220;Perante estes n\u00fameros podemos dizer ao senhor primeiro-ministro que est\u00e1 no Plastique Valley de Portugal. \u00c9 aqui, em Viana do Castelo, onde temos o maior n\u00famero de empresas do setor pl\u00e1stico que produz componentes para autom\u00f3veis&#8221;, sustentou.<\/p>\n<p>O primeiro-ministro, Ant\u00f3nio Costa disse que &#8220;a qualidade dos recursos humanos e o investimento na qualifica\u00e7\u00e3o desses recursos tem sido a chave da atra\u00e7\u00e3o de investimento direto estrangeiro&#8221; e apontou o distrito de Viana do Castelo como um exemplo nacional.<\/p>\n<p>&#8220;\u00c9 muito importante o trabalho que tem vindo a ser feito nesta regi\u00e3o e, em particular, nesta Comunidade Intermunicipal (CIM) do Alto Minho para a forma\u00e7\u00e3o e qualifica\u00e7\u00e3o de recursos humanos. N\u00f3s sabemos bem que, nesta regi\u00e3o, j\u00e1 temos, neste momento, dificuldades em encontrar m\u00e3o-de-obra para a oferta de emprego que vai surgindo&#8221;, referiu.<\/p>\n<p>Outras das condi\u00e7\u00f5es para a atra\u00e7\u00e3o de investimento, disse Ant\u00f3nio Costa, \u00e9 &#8220;ter um territ\u00f3rio preparado para acolher e valorizar esse investimento&#8221;.<\/p>\n<p>&#8220;A C\u00e2mara de Viana do Castelo tem sido absolutamente exemplar no trabalho que tem vindo a desenvolver com a cria\u00e7\u00e3o de um conjunto muito significativo de zonas industriais&#8221;, frisou.<\/p>\n<p>A amplia\u00e7\u00e3o da f\u00e1brica da multinacional francesa Eurostyle Systems, hoje inaugurada por Ant\u00f3nio Costa, representou um investimento de 27 milh\u00f5es de euros e a <a href=\"http:\/\/www.altominho.tv\/site\/2018\/07\/19\/ampliacao-em-fabrica-de-viana-do-castelo-gera-350-postos-de-trabalho\/\">cria\u00e7\u00e3o de 350 postos de trabalho<\/a>.<\/p>\n<p>Com esta amplia\u00e7\u00e3o, a f\u00e1brica instalada no parque empresarial de Lanheses &#8220;garante a duplica\u00e7\u00e3o da capacidade de produ\u00e7\u00e3o, passando a faturar cerca de 50 milh\u00f5es de euros&#8221;.<\/p>\n<p>A primeira fase do empreendimento industrial da multinacional francesa do setor autom\u00f3vel, que produz essencialmente pe\u00e7as injetadas de pl\u00e1stico para componentes da ind\u00fastria autom\u00f3vel, foi ampliada em 12,7 mil metros quadrados, pelo que a unidade passa a totalizar uma \u00e1rea produtiva e de armazenagem de 18,8 mil metros quadrados&#8221;.<\/p>\n<p>Criado em 1986, o grupo est\u00e1 hoje espalhado por v\u00e1rios pa\u00edses, desde Fran\u00e7a, Eslov\u00e1quia, R\u00fassia, Marrocos e Portugal, e emprega cerca de 1.500 pessoas, trabalhando para as principais marcas autom\u00f3veis.<\/p>\n<p>O grupo tem f\u00e1bricas em Viana do Castelo, Arcos de Valdevez e Estarreja e, segundo anunciou a administra\u00e7\u00e3o, prepara-se para avan\u00e7ar com a quarta f\u00e1brica em Portugal.<\/p>\n","protected":false},"excerpt":{"rendered":"<p>O presidente da C\u00e2mara de Viana do Castelo disse que o concelho &#8220;quer estar, at\u00e9 2020, no &#8216;top ten&#8217; das exporta\u00e7\u00f5es portuguesas, ultrapassando os concelhos de Porto e Matosinhos\u201d e atingindo os mil milh\u00f5es de euros. \u201cViana do Castelo, em 2017, de acordo com dados do Instituto Nacional de Estat\u00edstica (INE) \u00e9 o 16.\u00ba concelho [&hellip;]<\/p>\n","protected":false},"author":12,"featured_media":11694,"comment_status":"closed","ping_status":"closed","sticky":false,"template":"","format":"standard","meta":{"_exactmetrics_skip_tracking":false,"_exactmetrics_sitenote_active":false,"_exactmetrics_sitenote_note":"","_exactmetrics_sitenote_category":0,"footnotes":""},"categories":[14],"tags":[27],"class_list":["post-16744","post","type-post","status-publish","format-standard","has-post-thumbnail","hentry","category-viana-do-castelo","tag-sociedade"],"yoast_head":"<!-- This site is optimized with the Yoast SEO Premium plugin v27.5 (Yoast SEO v27.5) - https:\/\/yoast.com\/product\/yoast-seo-premium-wordpress\/ -->\n<title>Viana do Castelo &quot;quer estar no &#039;top ten&#039; das exporta\u00e7\u00f5es portuguesas&quot; at\u00e9 2020<\/title>\n<meta name=\"robots\" content=\"index, follow, max-snippet:-1, max-image-preview:large, max-video-preview:-1\" \/>\n<link rel=\"canonical\" href=\"https:\/\/www.altominho.tv\/site\/2018\/07\/23\/viana-do-castelo-quer-estar-no-top-ten-das-exportacoes-portuguesas-ate-2020\/\" \/>\n<meta property=\"og:locale\" content=\"pt_PT\" \/>\n<meta property=\"og:type\" content=\"article\" \/>\n<meta property=\"og:title\" content=\"Viana do Castelo &quot;quer estar no &#039;top ten&#039; das exporta\u00e7\u00f5es portuguesas&quot; at\u00e9 2020\" \/>\n<meta property=\"og:description\" content=\"O presidente da C\u00e2mara de Viana do Castelo disse que o concelho &#8220;quer estar, at\u00e9 2020, no &#8216;top ten&#8217; das exporta\u00e7\u00f5es portuguesas, ultrapassando os concelhos de Porto e Matosinhos\u201d e atingindo os mil milh\u00f5es de euros. \u201cViana do Castelo, em 2017, de acordo com dados do Instituto Nacional de Estat\u00edstica (INE) \u00e9 o 16.\u00ba concelho [&hellip;]\" \/>\n<meta property=\"og:url\" content=\"https:\/\/www.altominho.tv\/site\/2018\/07\/23\/viana-do-castelo-quer-estar-no-top-ten-das-exportacoes-portuguesas-ate-2020\/\" \/>\n<meta property=\"og:site_name\" content=\"Altominho.tv\" \/>\n<meta property=\"article:publisher\" content=\"https:\/\/www.facebook.com\/altominhotv\" \/>\n<meta property=\"article:published_time\" content=\"2018-07-23T09:11:39+00:00\" \/>\n<meta property=\"og:image\" content=\"https:\/\/www.altominho.tv\/site\/wp-content\/uploads\/2018\/04\/VianadoCastelo.jpg\" \/>\n\t<meta property=\"og:image:width\" content=\"2000\" \/>\n\t<meta property=\"og:image:height\" content=\"1243\" \/>\n\t<meta property=\"og:image:type\" content=\"image\/jpeg\" \/>\n<meta name=\"author\" content=\"Andreia Ferreira\" \/>\n<meta name=\"twitter:card\" content=\"summary_large_image\" \/>\n<meta name=\"twitter:creator\" content=\"@altominhoTV\" \/>\n<meta name=\"twitter:site\" content=\"@altominhoTV\" \/>\n<meta name=\"twitter:label1\" content=\"Escrito por\" \/>\n\t<meta name=\"twitter:data1\" content=\"Andreia Ferreira\" \/>\n\t<meta name=\"twitter:label2\" content=\"Tempo estimado de leitura\" \/>\n\t<meta name=\"twitter:data2\" content=\"3 minutos\" \/>\n<script type=\"application\/ld+json\" class=\"yoast-schema-graph\">{\"@context\":\"https:\\\/\\\/schema.org\",\"@graph\":[{\"@type\":\"Article\",\"@id\":\"https:\\\/\\\/www.altominho.tv\\\/site\\\/2018\\\/07\\\/23\\\/viana-do-castelo-quer-estar-no-top-ten-das-exportacoes-portuguesas-ate-2020\\\/#article\",\"isPartOf\":{\"@id\":\"https:\\\/\\\/www.altominho.tv\\\/site\\\/2018\\\/07\\\/23\\\/viana-do-castelo-quer-estar-no-top-ten-das-exportacoes-portuguesas-ate-2020\\\/\"},\"author\":{\"name\":\"Andreia Ferreira\",\"@id\":\"https:\\\/\\\/www.altominho.tv\\\/site\\\/#\\\/schema\\\/person\\\/d9be4265364723f14ea8e0d56a1d38cd\"},\"headline\":\"Viana do Castelo &#8220;quer estar no &#8216;top ten&#8217; das exporta\u00e7\u00f5es portuguesas&#8221; at\u00e9 2020\",\"datePublished\":\"2018-07-23T09:11:39+00:00\",\"mainEntityOfPage\":{\"@id\":\"https:\\\/\\\/www.altominho.tv\\\/site\\\/2018\\\/07\\\/23\\\/viana-do-castelo-quer-estar-no-top-ten-das-exportacoes-portuguesas-ate-2020\\\/\"},\"wordCount\":621,\"image\":{\"@id\":\"https:\\\/\\\/www.altominho.tv\\\/site\\\/2018\\\/07\\\/23\\\/viana-do-castelo-quer-estar-no-top-ten-das-exportacoes-portuguesas-ate-2020\\\/#primaryimage\"},\"thumbnailUrl\":\"https:\\\/\\\/www.altominho.tv\\\/site\\\/wp-content\\\/uploads\\\/2018\\\/04\\\/VianadoCastelo.jpg\",\"keywords\":[\"Sociedade\"],\"articleSection\":[\"Viana do Castelo\"],\"inLanguage\":\"pt-PT\",\"copyrightYear\":\"2018\",\"copyrightHolder\":{\"@id\":\"https:\\\/\\\/www.altominho.tv\\\/site\\\/#organization\"}},{\"@type\":\"WebPage\",\"@id\":\"https:\\\/\\\/www.altominho.tv\\\/site\\\/2018\\\/07\\\/23\\\/viana-do-castelo-quer-estar-no-top-ten-das-exportacoes-portuguesas-ate-2020\\\/\",\"url\":\"https:\\\/\\\/www.altominho.tv\\\/site\\\/2018\\\/07\\\/23\\\/viana-do-castelo-quer-estar-no-top-ten-das-exportacoes-portuguesas-ate-2020\\\/\",\"name\":\"Viana do Castelo \\\"quer estar no 'top ten' das exporta\u00e7\u00f5es portuguesas\\\" at\u00e9 2020\",\"isPartOf\":{\"@id\":\"https:\\\/\\\/www.altominho.tv\\\/site\\\/#website\"},\"primaryImageOfPage\":{\"@id\":\"https:\\\/\\\/www.altominho.tv\\\/site\\\/2018\\\/07\\\/23\\\/viana-do-castelo-quer-estar-no-top-ten-das-exportacoes-portuguesas-ate-2020\\\/#primaryimage\"},\"image\":{\"@id\":\"https:\\\/\\\/www.altominho.tv\\\/site\\\/2018\\\/07\\\/23\\\/viana-do-castelo-quer-estar-no-top-ten-das-exportacoes-portuguesas-ate-2020\\\/#primaryimage\"},\"thumbnailUrl\":\"https:\\\/\\\/www.altominho.tv\\\/site\\\/wp-content\\\/uploads\\\/2018\\\/04\\\/VianadoCastelo.jpg\",\"datePublished\":\"2018-07-23T09:11:39+00:00\",\"author\":{\"@id\":\"https:\\\/\\\/www.altominho.tv\\\/site\\\/#\\\/schema\\\/person\\\/d9be4265364723f14ea8e0d56a1d38cd\"},\"breadcrumb\":{\"@id\":\"https:\\\/\\\/www.altominho.tv\\\/site\\\/2018\\\/07\\\/23\\\/viana-do-castelo-quer-estar-no-top-ten-das-exportacoes-portuguesas-ate-2020\\\/#breadcrumb\"},\"inLanguage\":\"pt-PT\",\"potentialAction\":[{\"@type\":\"ReadAction\",\"target\":[\"https:\\\/\\\/www.altominho.tv\\\/site\\\/2018\\\/07\\\/23\\\/viana-do-castelo-quer-estar-no-top-ten-das-exportacoes-portuguesas-ate-2020\\\/\"]}]},{\"@type\":\"ImageObject\",\"inLanguage\":\"pt-PT\",\"@id\":\"https:\\\/\\\/www.altominho.tv\\\/site\\\/2018\\\/07\\\/23\\\/viana-do-castelo-quer-estar-no-top-ten-das-exportacoes-portuguesas-ate-2020\\\/#primaryimage\",\"url\":\"https:\\\/\\\/www.altominho.tv\\\/site\\\/wp-content\\\/uploads\\\/2018\\\/04\\\/VianadoCastelo.jpg\",\"contentUrl\":\"https:\\\/\\\/www.altominho.tv\\\/site\\\/wp-content\\\/uploads\\\/2018\\\/04\\\/VianadoCastelo.jpg\",\"width\":2000,\"height\":1243},{\"@type\":\"BreadcrumbList\",\"@id\":\"https:\\\/\\\/www.altominho.tv\\\/site\\\/2018\\\/07\\\/23\\\/viana-do-castelo-quer-estar-no-top-ten-das-exportacoes-portuguesas-ate-2020\\\/#breadcrumb\",\"itemListElement\":[{\"@type\":\"ListItem\",\"position\":1,\"name\":\"In\u00edcio\",\"item\":\"https:\\\/\\\/www.altominho.tv\\\/site\\\/\"},{\"@type\":\"ListItem\",\"position\":2,\"name\":\"Viana do Castelo &#8220;quer estar no &#8216;top ten&#8217; das exporta\u00e7\u00f5es portuguesas&#8221; at\u00e9 2020\"}]},{\"@type\":\"WebSite\",\"@id\":\"https:\\\/\\\/www.altominho.tv\\\/site\\\/#website\",\"url\":\"https:\\\/\\\/www.altominho.tv\\\/site\\\/\",\"name\":\"Altominho.tv\",\"description\":\"A sua regi\u00e3o \u00e0 dist\u00e2ncia de um clique...\",\"potentialAction\":[{\"@type\":\"SearchAction\",\"target\":{\"@type\":\"EntryPoint\",\"urlTemplate\":\"https:\\\/\\\/www.altominho.tv\\\/site\\\/?s={search_term_string}\"},\"query-input\":{\"@type\":\"PropertyValueSpecification\",\"valueRequired\":true,\"valueName\":\"search_term_string\"}}],\"inLanguage\":\"pt-PT\"},{\"@type\":\"Person\",\"@id\":\"https:\\\/\\\/www.altominho.tv\\\/site\\\/#\\\/schema\\\/person\\\/d9be4265364723f14ea8e0d56a1d38cd\",\"name\":\"Andreia Ferreira\",\"image\":{\"@type\":\"ImageObject\",\"inLanguage\":\"pt-PT\",\"@id\":\"https:\\\/\\\/www.altominho.tv\\\/site\\\/wp-content\\\/uploads\\\/2021\\\/01\\\/AndreiaFerreira-150x150.jpg\",\"url\":\"https:\\\/\\\/www.altominho.tv\\\/site\\\/wp-content\\\/uploads\\\/2021\\\/01\\\/AndreiaFerreira-150x150.jpg\",\"contentUrl\":\"https:\\\/\\\/www.altominho.tv\\\/site\\\/wp-content\\\/uploads\\\/2021\\\/01\\\/AndreiaFerreira-150x150.jpg\",\"caption\":\"Andreia Ferreira\"},\"url\":\"https:\\\/\\\/www.altominho.tv\\\/site\\\/author\\\/andreiaferreira\\\/\"}]}<\/script>\n<!-- \/ Yoast SEO Premium plugin. -->","yoast_head_json":{"title":"Viana do Castelo \"quer estar no 'top ten' das exporta\u00e7\u00f5es portuguesas\" at\u00e9 2020","robots":{"index":"index","follow":"follow","max-snippet":"max-snippet:-1","max-image-preview":"max-image-preview:large","max-video-preview":"max-video-preview:-1"},"canonical":"https:\/\/www.altominho.tv\/site\/2018\/07\/23\/viana-do-castelo-quer-estar-no-top-ten-das-exportacoes-portuguesas-ate-2020\/","og_locale":"pt_PT","og_type":"article","og_title":"Viana do Castelo \"quer estar no 'top ten' das exporta\u00e7\u00f5es portuguesas\" at\u00e9 2020","og_description":"O presidente da C\u00e2mara de Viana do Castelo disse que o concelho &#8220;quer estar, at\u00e9 2020, no &#8216;top ten&#8217; das exporta\u00e7\u00f5es portuguesas, ultrapassando os concelhos de Porto e Matosinhos\u201d e atingindo os mil milh\u00f5es de euros. \u201cViana do Castelo, em 2017, de acordo com dados do Instituto Nacional de Estat\u00edstica (INE) \u00e9 o 16.\u00ba concelho [&hellip;]","og_url":"https:\/\/www.altominho.tv\/site\/2018\/07\/23\/viana-do-castelo-quer-estar-no-top-ten-das-exportacoes-portuguesas-ate-2020\/","og_site_name":"Altominho.tv","article_publisher":"https:\/\/www.facebook.com\/altominhotv","article_published_time":"2018-07-23T09:11:39+00:00","og_image":[{"width":2000,"height":1243,"url":"https:\/\/www.altominho.tv\/site\/wp-content\/uploads\/2018\/04\/VianadoCastelo.jpg","type":"image\/jpeg"}],"author":"Andreia Ferreira","twitter_card":"summary_large_image","twitter_creator":"@altominhoTV","twitter_site":"@altominhoTV","twitter_misc":{"Escrito por":"Andreia Ferreira","Tempo estimado de leitura":"3 minutos"},"schema":{"@context":"https:\/\/schema.org","@graph":[{"@type":"Article","@id":"https:\/\/www.altominho.tv\/site\/2018\/07\/23\/viana-do-castelo-quer-estar-no-top-ten-das-exportacoes-portuguesas-ate-2020\/#article","isPartOf":{"@id":"https:\/\/www.altominho.tv\/site\/2018\/07\/23\/viana-do-castelo-quer-estar-no-top-ten-das-exportacoes-portuguesas-ate-2020\/"},"author":{"name":"Andreia Ferreira","@id":"https:\/\/www.altominho.tv\/site\/#\/schema\/person\/d9be4265364723f14ea8e0d56a1d38cd"},"headline":"Viana do Castelo &#8220;quer estar no &#8216;top ten&#8217; das exporta\u00e7\u00f5es portuguesas&#8221; at\u00e9 2020","datePublished":"2018-07-23T09:11:39+00:00","mainEntityOfPage":{"@id":"https:\/\/www.altominho.tv\/site\/2018\/07\/23\/viana-do-castelo-quer-estar-no-top-ten-das-exportacoes-portuguesas-ate-2020\/"},"wordCount":621,"image":{"@id":"https:\/\/www.altominho.tv\/site\/2018\/07\/23\/viana-do-castelo-quer-estar-no-top-ten-das-exportacoes-portuguesas-ate-2020\/#primaryimage"},"thumbnailUrl":"https:\/\/www.altominho.tv\/site\/wp-content\/uploads\/2018\/04\/VianadoCastelo.jpg","keywords":["Sociedade"],"articleSection":["Viana do Castelo"],"inLanguage":"pt-PT","copyrightYear":"2018","copyrightHolder":{"@id":"https:\/\/www.altominho.tv\/site\/#organization"}},{"@type":"WebPage","@id":"https:\/\/www.altominho.tv\/site\/2018\/07\/23\/viana-do-castelo-quer-estar-no-top-ten-das-exportacoes-portuguesas-ate-2020\/","url":"https:\/\/www.altominho.tv\/site\/2018\/07\/23\/viana-do-castelo-quer-estar-no-top-ten-das-exportacoes-portuguesas-ate-2020\/","name":"Viana do Castelo \"quer estar no 'top ten' das exporta\u00e7\u00f5es portuguesas\" at\u00e9 2020","isPartOf":{"@id":"https:\/\/www.altominho.tv\/site\/#website"},"primaryImageOfPage":{"@id":"https:\/\/www.altominho.tv\/site\/2018\/07\/23\/viana-do-castelo-quer-estar-no-top-ten-das-exportacoes-portuguesas-ate-2020\/#primaryimage"},"image":{"@id":"https:\/\/www.altominho.tv\/site\/2018\/07\/23\/viana-do-castelo-quer-estar-no-top-ten-das-exportacoes-portuguesas-ate-2020\/#primaryimage"},"thumbnailUrl":"https:\/\/www.altominho.tv\/site\/wp-content\/uploads\/2018\/04\/VianadoCastelo.jpg","datePublished":"2018-07-23T09:11:39+00:00","author":{"@id":"https:\/\/www.altominho.tv\/site\/#\/schema\/person\/d9be4265364723f14ea8e0d56a1d38cd"},"breadcrumb":{"@id":"https:\/\/www.altominho.tv\/site\/2018\/07\/23\/viana-do-castelo-quer-estar-no-top-ten-das-exportacoes-portuguesas-ate-2020\/#breadcrumb"},"inLanguage":"pt-PT","potentialAction":[{"@type":"ReadAction","target":["https:\/\/www.altominho.tv\/site\/2018\/07\/23\/viana-do-castelo-quer-estar-no-top-ten-das-exportacoes-portuguesas-ate-2020\/"]}]},{"@type":"ImageObject","inLanguage":"pt-PT","@id":"https:\/\/www.altominho.tv\/site\/2018\/07\/23\/viana-do-castelo-quer-estar-no-top-ten-das-exportacoes-portuguesas-ate-2020\/#primaryimage","url":"https:\/\/www.altominho.tv\/site\/wp-content\/uploads\/2018\/04\/VianadoCastelo.jpg","contentUrl":"https:\/\/www.altominho.tv\/site\/wp-content\/uploads\/2018\/04\/VianadoCastelo.jpg","width":2000,"height":1243},{"@type":"BreadcrumbList","@id":"https:\/\/www.altominho.tv\/site\/2018\/07\/23\/viana-do-castelo-quer-estar-no-top-ten-das-exportacoes-portuguesas-ate-2020\/#breadcrumb","itemListElement":[{"@type":"ListItem","position":1,"name":"In\u00edcio","item":"https:\/\/www.altominho.tv\/site\/"},{"@type":"ListItem","position":2,"name":"Viana do Castelo &#8220;quer estar no &#8216;top ten&#8217; das exporta\u00e7\u00f5es portuguesas&#8221; at\u00e9 2020"}]},{"@type":"WebSite","@id":"https:\/\/www.altominho.tv\/site\/#website","url":"https:\/\/www.altominho.tv\/site\/","name":"Altominho.tv","description":"A sua regi\u00e3o \u00e0 dist\u00e2ncia de um clique...","potentialAction":[{"@type":"SearchAction","target":{"@type":"EntryPoint","urlTemplate":"https:\/\/www.altominho.tv\/site\/?s={search_term_string}"},"query-input":{"@type":"PropertyValueSpecification","valueRequired":true,"valueName":"search_term_string"}}],"inLanguage":"pt-PT"},{"@type":"Person","@id":"https:\/\/www.altominho.tv\/site\/#\/schema\/person\/d9be4265364723f14ea8e0d56a1d38cd","name":"Andreia Ferreira","image":{"@type":"ImageObject","inLanguage":"pt-PT","@id":"https:\/\/www.altominho.tv\/site\/wp-content\/uploads\/2021\/01\/AndreiaFerreira-150x150.jpg","url":"https:\/\/www.altominho.tv\/site\/wp-content\/uploads\/2021\/01\/AndreiaFerreira-150x150.jpg","contentUrl":"https:\/\/www.altominho.tv\/site\/wp-content\/uploads\/2021\/01\/AndreiaFerreira-150x150.jpg","caption":"Andreia Ferreira"},"url":"https:\/\/www.altominho.tv\/site\/author\/andreiaferreira\/"}]}},"_links":{"self":[{"href":"https:\/\/www.altominho.tv\/site\/wp-json\/wp\/v2\/posts\/16744","targetHints":{"allow":["GET"]}}],"collection":[{"href":"https:\/\/www.altominho.tv\/site\/wp-json\/wp\/v2\/posts"}],"about":[{"href":"https:\/\/www.altominho.tv\/site\/wp-json\/wp\/v2\/types\/post"}],"author":[{"embeddable":true,"href":"https:\/\/www.altominho.tv\/site\/wp-json\/wp\/v2\/users\/12"}],"replies":[{"embeddable":true,"href":"https:\/\/www.altominho.tv\/site\/wp-json\/wp\/v2\/comments?post=16744"}],"version-history":[{"count":0,"href":"https:\/\/www.altominho.tv\/site\/wp-json\/wp\/v2\/posts\/16744\/revisions"}],"wp:featuredmedia":[{"embeddable":true,"href":"https:\/\/www.altominho.tv\/site\/wp-json\/wp\/v2\/media\/11694"}],"wp:attachment":[{"href":"https:\/\/www.altominho.tv\/site\/wp-json\/wp\/v2\/media?parent=16744"}],"wp:term":[{"taxonomy":"category","embeddable":true,"href":"https:\/\/www.altominho.tv\/site\/wp-json\/wp\/v2\/categories?post=16744"},{"taxonomy":"post_tag","embeddable":true,"href":"https:\/\/www.altominho.tv\/site\/wp-json\/wp\/v2\/tags?post=16744"}],"curies":[{"name":"wp","href":"https:\/\/api.w.org\/{rel}","templated":true}]}}