{"id":16676,"date":"2018-07-20T10:22:18","date_gmt":"2018-07-20T09:22:18","guid":{"rendered":"http:\/\/www.altominho.tv\/site\/?p=16676"},"modified":"2018-07-20T10:22:18","modified_gmt":"2018-07-20T09:22:18","slug":"serralves-expoe-obras-de-angelo-de-sousa-em-caminha","status":"publish","type":"post","link":"https:\/\/www.altominho.tv\/site\/2018\/07\/20\/serralves-expoe-obras-de-angelo-de-sousa-em-caminha\/","title":{"rendered":"Serralves exp\u00f5e obras de \u00c2ngelo de Sousa em Caminha"},"content":{"rendered":"<p>\u00c2NGELO DE SOUSA: QUASE TUDO O QUE SOU CAPAZ \u00e9 uma exposi\u00e7\u00e3o realizada a partir de obras da Cole\u00e7\u00e3o de Serralves e vai ser apresentada no Museu Municipal de Caminha, na pr\u00f3xima ter\u00e7a-feira, dia 24 de julho.<\/p>\n<p>A cerim\u00f3nia de inaugura\u00e7\u00e3o decorrer\u00e1 pelas 18h00, com a presen\u00e7a da presidente da Funda\u00e7\u00e3o de Serralves, Ana Pinho, e do diretor do Museu de Serralves, Jo\u00e3o Ribas.<\/p>\n<p>Esta iniciativa integra-se num programa de exposi\u00e7\u00f5es e apresenta\u00e7\u00e3o de obras da Cole\u00e7\u00e3o de Serralves especificamente selecionadas para os locais de exposi\u00e7\u00e3o, com o objetivo de tornar o acervo acess\u00edvel a p\u00fablicos diversificados de todas as regi\u00f5es do pa\u00eds.<\/p>\n<p>\u00c2ngelo de Sousa (Louren\u00e7o Marques, Mo\u00e7ambique, 1938 &#8211; 2011, Porto), al\u00e9m de ser uma das figuras mais influentes da arte portuguesa da segunda metade do s\u00e9culo XX, \u00e9 um dos artistas melhor representados na cole\u00e7\u00e3o de Serralves, com trabalhos realizados entre os anos 1960 e 2010, e que abarcam todos os meios art\u00edsticos a que ele se dedicou ao longo da sua prol\u00edfica carreira: desenho, pintura, escultura, instala\u00e7\u00e3o, filme e fotografia.<\/p>\n<p>\u201c\u00c2ngelo de Sousa: Quase tudo o que sou capaz\u201d junta uma parcela muito consider\u00e1vel destas obras &#8211; a quase totalidade dos desenhos, pinturas e esculturas &#8211; com o objetivo de sublinhar a import\u00e2ncia da contamina\u00e7\u00e3o entre aquelas disciplinas para a evolu\u00e7\u00e3o da sua pr\u00e1tica art\u00edstica.<\/p>\n<p>Ao reunir cerca de 26 obras de v\u00e1rios per\u00edodos da sua carreira, esta exposi\u00e7\u00e3o combate a imagem dominante do pintor \u00c2ngelo, mostrando que o desenho e a escultura s\u00e3o n\u00e3o apenas facetas fundamentais da sua obra como aquelas em que porventura \u00e9 mais evidente o esp\u00edrito experimentalista da sua obra.<\/p>\n<p>Caracterizados por uma aparente simplicidade \u2014 o artista tenta obter, nas suas palavras, \u201co m\u00e1ximo de efeitos com o m\u00ednimo de recursos, o m\u00e1ximo de efic\u00e1cia com o m\u00ednimo de esfor\u00e7o, e o m\u00e1ximo de presen\u00e7a com o m\u00ednimo de gritos\u201d \u2014, os desenhos, pinturas e esculturas de \u00c2ngelo de Sousa n\u00e3o ilustram conceitos, nunca partem de ideias, mas da \u00e2nsia de fazer e pensar com as m\u00e3os. A exposi\u00e7\u00e3o sublinha esta vontade de trabalhar com elementos simples, ao apresentar as primeiras obras de \u00c2ngelo de Sousa, ainda figurativas, mas apontando j\u00e1 para a depura\u00e7\u00e3o que viria a caracterizar o artista, lado a lado com os exerc\u00edcios abstrato-geom\u00e9tricos \u2014 nomeadamente desenhos, telas e esculturas \u2014 que o impuseram como um dos maiores estudiosos da cor e da luz.<\/p>\n<p>A curadoria \u00e9 da responsabilidade de Paula Fernandes e a produ\u00e7\u00e3o da Funda\u00e7\u00e3o de Serralves \u2014 Museu de Arte Contempor\u00e2nea, Porto,\u00a0sendo resultado da parceria estabelecida para integra\u00e7\u00e3o do munic\u00edpio de Caminha como Fundador de Serralves.<\/p>\n","protected":false},"excerpt":{"rendered":"<p>\u00c2NGELO DE SOUSA: QUASE TUDO O QUE SOU CAPAZ \u00e9 uma exposi\u00e7\u00e3o realizada a partir de obras da Cole\u00e7\u00e3o de Serralves e vai ser apresentada no Museu Municipal de Caminha, na pr\u00f3xima ter\u00e7a-feira, dia 24 de julho. A cerim\u00f3nia de inaugura\u00e7\u00e3o decorrer\u00e1 pelas 18h00, com a presen\u00e7a da presidente da Funda\u00e7\u00e3o de Serralves, Ana Pinho, [&hellip;]<\/p>\n","protected":false},"author":12,"featured_media":16677,"comment_status":"closed","ping_status":"closed","sticky":false,"template":"","format":"standard","meta":{"_exactmetrics_skip_tracking":false,"_exactmetrics_sitenote_active":false,"_exactmetrics_sitenote_note":"","_exactmetrics_sitenote_category":0,"footnotes":""},"categories":[7],"tags":[19],"class_list":["post-16676","post","type-post","status-publish","format-standard","has-post-thumbnail","hentry","category-caminha","tag-cultura"],"yoast_head":"<!-- This site is optimized with the Yoast SEO Premium plugin v27.5 (Yoast SEO v27.5) - https:\/\/yoast.com\/product\/yoast-seo-premium-wordpress\/ -->\n<title>Serralves exp\u00f5e obras de \u00c2ngelo de Sousa em Caminha<\/title>\n<meta name=\"robots\" content=\"index, follow, max-snippet:-1, max-image-preview:large, max-video-preview:-1\" \/>\n<link rel=\"canonical\" href=\"https:\/\/www.altominho.tv\/site\/2018\/07\/20\/serralves-expoe-obras-de-angelo-de-sousa-em-caminha\/\" \/>\n<meta property=\"og:locale\" content=\"pt_PT\" \/>\n<meta property=\"og:type\" content=\"article\" \/>\n<meta property=\"og:title\" content=\"Serralves exp\u00f5e obras de \u00c2ngelo de Sousa em Caminha\" \/>\n<meta property=\"og:description\" content=\"\u00c2NGELO DE SOUSA: QUASE TUDO O QUE SOU CAPAZ \u00e9 uma exposi\u00e7\u00e3o realizada a partir de obras da Cole\u00e7\u00e3o de Serralves e vai ser apresentada no Museu Municipal de Caminha, na pr\u00f3xima ter\u00e7a-feira, dia 24 de julho. A cerim\u00f3nia de inaugura\u00e7\u00e3o decorrer\u00e1 pelas 18h00, com a presen\u00e7a da presidente da Funda\u00e7\u00e3o de Serralves, Ana Pinho, [&hellip;]\" \/>\n<meta property=\"og:url\" content=\"https:\/\/www.altominho.tv\/site\/2018\/07\/20\/serralves-expoe-obras-de-angelo-de-sousa-em-caminha\/\" \/>\n<meta property=\"og:site_name\" content=\"Altominho.tv\" \/>\n<meta property=\"article:publisher\" content=\"https:\/\/www.facebook.com\/altominhotv\" \/>\n<meta property=\"article:published_time\" content=\"2018-07-20T09:22:18+00:00\" \/>\n<meta property=\"og:image\" content=\"https:\/\/www.altominho.tv\/site\/wp-content\/uploads\/2018\/07\/27.jpg\" \/>\n\t<meta property=\"og:image:width\" content=\"1000\" \/>\n\t<meta property=\"og:image:height\" content=\"667\" \/>\n\t<meta property=\"og:image:type\" content=\"image\/jpeg\" \/>\n<meta name=\"author\" content=\"Andreia Ferreira\" \/>\n<meta name=\"twitter:card\" content=\"summary_large_image\" \/>\n<meta name=\"twitter:creator\" content=\"@altominhoTV\" \/>\n<meta name=\"twitter:site\" content=\"@altominhoTV\" \/>\n<meta name=\"twitter:label1\" content=\"Escrito por\" \/>\n\t<meta name=\"twitter:data1\" content=\"Andreia Ferreira\" \/>\n\t<meta name=\"twitter:label2\" content=\"Tempo estimado de leitura\" \/>\n\t<meta name=\"twitter:data2\" content=\"2 minutos\" \/>\n<script type=\"application\/ld+json\" class=\"yoast-schema-graph\">{\"@context\":\"https:\\\/\\\/schema.org\",\"@graph\":[{\"@type\":\"Article\",\"@id\":\"https:\\\/\\\/www.altominho.tv\\\/site\\\/2018\\\/07\\\/20\\\/serralves-expoe-obras-de-angelo-de-sousa-em-caminha\\\/#article\",\"isPartOf\":{\"@id\":\"https:\\\/\\\/www.altominho.tv\\\/site\\\/2018\\\/07\\\/20\\\/serralves-expoe-obras-de-angelo-de-sousa-em-caminha\\\/\"},\"author\":{\"name\":\"Andreia Ferreira\",\"@id\":\"https:\\\/\\\/www.altominho.tv\\\/site\\\/#\\\/schema\\\/person\\\/d9be4265364723f14ea8e0d56a1d38cd\"},\"headline\":\"Serralves exp\u00f5e obras de \u00c2ngelo de Sousa em Caminha\",\"datePublished\":\"2018-07-20T09:22:18+00:00\",\"mainEntityOfPage\":{\"@id\":\"https:\\\/\\\/www.altominho.tv\\\/site\\\/2018\\\/07\\\/20\\\/serralves-expoe-obras-de-angelo-de-sousa-em-caminha\\\/\"},\"wordCount\":485,\"image\":{\"@id\":\"https:\\\/\\\/www.altominho.tv\\\/site\\\/2018\\\/07\\\/20\\\/serralves-expoe-obras-de-angelo-de-sousa-em-caminha\\\/#primaryimage\"},\"thumbnailUrl\":\"https:\\\/\\\/www.altominho.tv\\\/site\\\/wp-content\\\/uploads\\\/2018\\\/07\\\/27.jpg\",\"keywords\":[\"Cultura\"],\"articleSection\":[\"Caminha\"],\"inLanguage\":\"pt-PT\",\"copyrightYear\":\"2018\",\"copyrightHolder\":{\"@id\":\"https:\\\/\\\/www.altominho.tv\\\/site\\\/#organization\"}},{\"@type\":\"WebPage\",\"@id\":\"https:\\\/\\\/www.altominho.tv\\\/site\\\/2018\\\/07\\\/20\\\/serralves-expoe-obras-de-angelo-de-sousa-em-caminha\\\/\",\"url\":\"https:\\\/\\\/www.altominho.tv\\\/site\\\/2018\\\/07\\\/20\\\/serralves-expoe-obras-de-angelo-de-sousa-em-caminha\\\/\",\"name\":\"Serralves exp\u00f5e obras de \u00c2ngelo de Sousa em Caminha\",\"isPartOf\":{\"@id\":\"https:\\\/\\\/www.altominho.tv\\\/site\\\/#website\"},\"primaryImageOfPage\":{\"@id\":\"https:\\\/\\\/www.altominho.tv\\\/site\\\/2018\\\/07\\\/20\\\/serralves-expoe-obras-de-angelo-de-sousa-em-caminha\\\/#primaryimage\"},\"image\":{\"@id\":\"https:\\\/\\\/www.altominho.tv\\\/site\\\/2018\\\/07\\\/20\\\/serralves-expoe-obras-de-angelo-de-sousa-em-caminha\\\/#primaryimage\"},\"thumbnailUrl\":\"https:\\\/\\\/www.altominho.tv\\\/site\\\/wp-content\\\/uploads\\\/2018\\\/07\\\/27.jpg\",\"datePublished\":\"2018-07-20T09:22:18+00:00\",\"author\":{\"@id\":\"https:\\\/\\\/www.altominho.tv\\\/site\\\/#\\\/schema\\\/person\\\/d9be4265364723f14ea8e0d56a1d38cd\"},\"breadcrumb\":{\"@id\":\"https:\\\/\\\/www.altominho.tv\\\/site\\\/2018\\\/07\\\/20\\\/serralves-expoe-obras-de-angelo-de-sousa-em-caminha\\\/#breadcrumb\"},\"inLanguage\":\"pt-PT\",\"potentialAction\":[{\"@type\":\"ReadAction\",\"target\":[\"https:\\\/\\\/www.altominho.tv\\\/site\\\/2018\\\/07\\\/20\\\/serralves-expoe-obras-de-angelo-de-sousa-em-caminha\\\/\"]}]},{\"@type\":\"ImageObject\",\"inLanguage\":\"pt-PT\",\"@id\":\"https:\\\/\\\/www.altominho.tv\\\/site\\\/2018\\\/07\\\/20\\\/serralves-expoe-obras-de-angelo-de-sousa-em-caminha\\\/#primaryimage\",\"url\":\"https:\\\/\\\/www.altominho.tv\\\/site\\\/wp-content\\\/uploads\\\/2018\\\/07\\\/27.jpg\",\"contentUrl\":\"https:\\\/\\\/www.altominho.tv\\\/site\\\/wp-content\\\/uploads\\\/2018\\\/07\\\/27.jpg\",\"width\":1000,\"height\":667},{\"@type\":\"BreadcrumbList\",\"@id\":\"https:\\\/\\\/www.altominho.tv\\\/site\\\/2018\\\/07\\\/20\\\/serralves-expoe-obras-de-angelo-de-sousa-em-caminha\\\/#breadcrumb\",\"itemListElement\":[{\"@type\":\"ListItem\",\"position\":1,\"name\":\"In\u00edcio\",\"item\":\"https:\\\/\\\/www.altominho.tv\\\/site\\\/\"},{\"@type\":\"ListItem\",\"position\":2,\"name\":\"Serralves exp\u00f5e obras de \u00c2ngelo de Sousa em Caminha\"}]},{\"@type\":\"WebSite\",\"@id\":\"https:\\\/\\\/www.altominho.tv\\\/site\\\/#website\",\"url\":\"https:\\\/\\\/www.altominho.tv\\\/site\\\/\",\"name\":\"Altominho.tv\",\"description\":\"A sua regi\u00e3o \u00e0 dist\u00e2ncia de um clique...\",\"potentialAction\":[{\"@type\":\"SearchAction\",\"target\":{\"@type\":\"EntryPoint\",\"urlTemplate\":\"https:\\\/\\\/www.altominho.tv\\\/site\\\/?s={search_term_string}\"},\"query-input\":{\"@type\":\"PropertyValueSpecification\",\"valueRequired\":true,\"valueName\":\"search_term_string\"}}],\"inLanguage\":\"pt-PT\"},{\"@type\":\"Person\",\"@id\":\"https:\\\/\\\/www.altominho.tv\\\/site\\\/#\\\/schema\\\/person\\\/d9be4265364723f14ea8e0d56a1d38cd\",\"name\":\"Andreia Ferreira\",\"image\":{\"@type\":\"ImageObject\",\"inLanguage\":\"pt-PT\",\"@id\":\"https:\\\/\\\/www.altominho.tv\\\/site\\\/wp-content\\\/uploads\\\/2021\\\/01\\\/AndreiaFerreira-150x150.jpg\",\"url\":\"https:\\\/\\\/www.altominho.tv\\\/site\\\/wp-content\\\/uploads\\\/2021\\\/01\\\/AndreiaFerreira-150x150.jpg\",\"contentUrl\":\"https:\\\/\\\/www.altominho.tv\\\/site\\\/wp-content\\\/uploads\\\/2021\\\/01\\\/AndreiaFerreira-150x150.jpg\",\"caption\":\"Andreia Ferreira\"},\"url\":\"https:\\\/\\\/www.altominho.tv\\\/site\\\/author\\\/andreiaferreira\\\/\"}]}<\/script>\n<!-- \/ Yoast SEO Premium plugin. -->","yoast_head_json":{"title":"Serralves exp\u00f5e obras de \u00c2ngelo de Sousa em Caminha","robots":{"index":"index","follow":"follow","max-snippet":"max-snippet:-1","max-image-preview":"max-image-preview:large","max-video-preview":"max-video-preview:-1"},"canonical":"https:\/\/www.altominho.tv\/site\/2018\/07\/20\/serralves-expoe-obras-de-angelo-de-sousa-em-caminha\/","og_locale":"pt_PT","og_type":"article","og_title":"Serralves exp\u00f5e obras de \u00c2ngelo de Sousa em Caminha","og_description":"\u00c2NGELO DE SOUSA: QUASE TUDO O QUE SOU CAPAZ \u00e9 uma exposi\u00e7\u00e3o realizada a partir de obras da Cole\u00e7\u00e3o de Serralves e vai ser apresentada no Museu Municipal de Caminha, na pr\u00f3xima ter\u00e7a-feira, dia 24 de julho. A cerim\u00f3nia de inaugura\u00e7\u00e3o decorrer\u00e1 pelas 18h00, com a presen\u00e7a da presidente da Funda\u00e7\u00e3o de Serralves, Ana Pinho, [&hellip;]","og_url":"https:\/\/www.altominho.tv\/site\/2018\/07\/20\/serralves-expoe-obras-de-angelo-de-sousa-em-caminha\/","og_site_name":"Altominho.tv","article_publisher":"https:\/\/www.facebook.com\/altominhotv","article_published_time":"2018-07-20T09:22:18+00:00","og_image":[{"width":1000,"height":667,"url":"https:\/\/www.altominho.tv\/site\/wp-content\/uploads\/2018\/07\/27.jpg","type":"image\/jpeg"}],"author":"Andreia Ferreira","twitter_card":"summary_large_image","twitter_creator":"@altominhoTV","twitter_site":"@altominhoTV","twitter_misc":{"Escrito por":"Andreia Ferreira","Tempo estimado de leitura":"2 minutos"},"schema":{"@context":"https:\/\/schema.org","@graph":[{"@type":"Article","@id":"https:\/\/www.altominho.tv\/site\/2018\/07\/20\/serralves-expoe-obras-de-angelo-de-sousa-em-caminha\/#article","isPartOf":{"@id":"https:\/\/www.altominho.tv\/site\/2018\/07\/20\/serralves-expoe-obras-de-angelo-de-sousa-em-caminha\/"},"author":{"name":"Andreia Ferreira","@id":"https:\/\/www.altominho.tv\/site\/#\/schema\/person\/d9be4265364723f14ea8e0d56a1d38cd"},"headline":"Serralves exp\u00f5e obras de \u00c2ngelo de Sousa em Caminha","datePublished":"2018-07-20T09:22:18+00:00","mainEntityOfPage":{"@id":"https:\/\/www.altominho.tv\/site\/2018\/07\/20\/serralves-expoe-obras-de-angelo-de-sousa-em-caminha\/"},"wordCount":485,"image":{"@id":"https:\/\/www.altominho.tv\/site\/2018\/07\/20\/serralves-expoe-obras-de-angelo-de-sousa-em-caminha\/#primaryimage"},"thumbnailUrl":"https:\/\/www.altominho.tv\/site\/wp-content\/uploads\/2018\/07\/27.jpg","keywords":["Cultura"],"articleSection":["Caminha"],"inLanguage":"pt-PT","copyrightYear":"2018","copyrightHolder":{"@id":"https:\/\/www.altominho.tv\/site\/#organization"}},{"@type":"WebPage","@id":"https:\/\/www.altominho.tv\/site\/2018\/07\/20\/serralves-expoe-obras-de-angelo-de-sousa-em-caminha\/","url":"https:\/\/www.altominho.tv\/site\/2018\/07\/20\/serralves-expoe-obras-de-angelo-de-sousa-em-caminha\/","name":"Serralves exp\u00f5e obras de \u00c2ngelo de Sousa em Caminha","isPartOf":{"@id":"https:\/\/www.altominho.tv\/site\/#website"},"primaryImageOfPage":{"@id":"https:\/\/www.altominho.tv\/site\/2018\/07\/20\/serralves-expoe-obras-de-angelo-de-sousa-em-caminha\/#primaryimage"},"image":{"@id":"https:\/\/www.altominho.tv\/site\/2018\/07\/20\/serralves-expoe-obras-de-angelo-de-sousa-em-caminha\/#primaryimage"},"thumbnailUrl":"https:\/\/www.altominho.tv\/site\/wp-content\/uploads\/2018\/07\/27.jpg","datePublished":"2018-07-20T09:22:18+00:00","author":{"@id":"https:\/\/www.altominho.tv\/site\/#\/schema\/person\/d9be4265364723f14ea8e0d56a1d38cd"},"breadcrumb":{"@id":"https:\/\/www.altominho.tv\/site\/2018\/07\/20\/serralves-expoe-obras-de-angelo-de-sousa-em-caminha\/#breadcrumb"},"inLanguage":"pt-PT","potentialAction":[{"@type":"ReadAction","target":["https:\/\/www.altominho.tv\/site\/2018\/07\/20\/serralves-expoe-obras-de-angelo-de-sousa-em-caminha\/"]}]},{"@type":"ImageObject","inLanguage":"pt-PT","@id":"https:\/\/www.altominho.tv\/site\/2018\/07\/20\/serralves-expoe-obras-de-angelo-de-sousa-em-caminha\/#primaryimage","url":"https:\/\/www.altominho.tv\/site\/wp-content\/uploads\/2018\/07\/27.jpg","contentUrl":"https:\/\/www.altominho.tv\/site\/wp-content\/uploads\/2018\/07\/27.jpg","width":1000,"height":667},{"@type":"BreadcrumbList","@id":"https:\/\/www.altominho.tv\/site\/2018\/07\/20\/serralves-expoe-obras-de-angelo-de-sousa-em-caminha\/#breadcrumb","itemListElement":[{"@type":"ListItem","position":1,"name":"In\u00edcio","item":"https:\/\/www.altominho.tv\/site\/"},{"@type":"ListItem","position":2,"name":"Serralves exp\u00f5e obras de \u00c2ngelo de Sousa em Caminha"}]},{"@type":"WebSite","@id":"https:\/\/www.altominho.tv\/site\/#website","url":"https:\/\/www.altominho.tv\/site\/","name":"Altominho.tv","description":"A sua regi\u00e3o \u00e0 dist\u00e2ncia de um clique...","potentialAction":[{"@type":"SearchAction","target":{"@type":"EntryPoint","urlTemplate":"https:\/\/www.altominho.tv\/site\/?s={search_term_string}"},"query-input":{"@type":"PropertyValueSpecification","valueRequired":true,"valueName":"search_term_string"}}],"inLanguage":"pt-PT"},{"@type":"Person","@id":"https:\/\/www.altominho.tv\/site\/#\/schema\/person\/d9be4265364723f14ea8e0d56a1d38cd","name":"Andreia Ferreira","image":{"@type":"ImageObject","inLanguage":"pt-PT","@id":"https:\/\/www.altominho.tv\/site\/wp-content\/uploads\/2021\/01\/AndreiaFerreira-150x150.jpg","url":"https:\/\/www.altominho.tv\/site\/wp-content\/uploads\/2021\/01\/AndreiaFerreira-150x150.jpg","contentUrl":"https:\/\/www.altominho.tv\/site\/wp-content\/uploads\/2021\/01\/AndreiaFerreira-150x150.jpg","caption":"Andreia Ferreira"},"url":"https:\/\/www.altominho.tv\/site\/author\/andreiaferreira\/"}]}},"_links":{"self":[{"href":"https:\/\/www.altominho.tv\/site\/wp-json\/wp\/v2\/posts\/16676","targetHints":{"allow":["GET"]}}],"collection":[{"href":"https:\/\/www.altominho.tv\/site\/wp-json\/wp\/v2\/posts"}],"about":[{"href":"https:\/\/www.altominho.tv\/site\/wp-json\/wp\/v2\/types\/post"}],"author":[{"embeddable":true,"href":"https:\/\/www.altominho.tv\/site\/wp-json\/wp\/v2\/users\/12"}],"replies":[{"embeddable":true,"href":"https:\/\/www.altominho.tv\/site\/wp-json\/wp\/v2\/comments?post=16676"}],"version-history":[{"count":0,"href":"https:\/\/www.altominho.tv\/site\/wp-json\/wp\/v2\/posts\/16676\/revisions"}],"wp:featuredmedia":[{"embeddable":true,"href":"https:\/\/www.altominho.tv\/site\/wp-json\/wp\/v2\/media\/16677"}],"wp:attachment":[{"href":"https:\/\/www.altominho.tv\/site\/wp-json\/wp\/v2\/media?parent=16676"}],"wp:term":[{"taxonomy":"category","embeddable":true,"href":"https:\/\/www.altominho.tv\/site\/wp-json\/wp\/v2\/categories?post=16676"},{"taxonomy":"post_tag","embeddable":true,"href":"https:\/\/www.altominho.tv\/site\/wp-json\/wp\/v2\/tags?post=16676"}],"curies":[{"name":"wp","href":"https:\/\/api.w.org\/{rel}","templated":true}]}}