{"id":16651,"date":"2018-07-20T09:05:16","date_gmt":"2018-07-20T08:05:16","guid":{"rendered":"http:\/\/www.altominho.tv\/site\/?p=16651"},"modified":"2018-07-20T09:05:16","modified_gmt":"2018-07-20T08:05:16","slug":"viana-do-castelo-recebe-hoje-antonio-costa","status":"publish","type":"post","link":"https:\/\/www.altominho.tv\/site\/2018\/07\/20\/viana-do-castelo-recebe-hoje-antonio-costa\/","title":{"rendered":"Viana do Castelo recebe hoje Ant\u00f3nio Costa"},"content":{"rendered":"<p>O primeiro-ministro Ant\u00f3nio Costa preside hoje, pelas 10h00, nos estaleiros da WestSea, em Viana do Castelo, \u00e0 cerim\u00f3nia de batismo do Navio Patrulha Oce\u00e2nico (NPO) Sines da Marinha portuguesa.<\/p>\n<p>A cerim\u00f3nia contar\u00e1 com as presen\u00e7as dos ministros da Defesa Nacional, Jos\u00e9 Azeredo Lopes, e do Mar, Ana Paula Vitorino, do Chefe do Estado-Maior da Armada, Almirante Ant\u00f3nio Mendes Calado, entre outras entidades.<\/p>\n<p>Segundo fonte da Marinha, o NPO Sines, que ter\u00e1 como madrinha Fernanda Gon\u00e7alves Tadeu,\u00a0 mulher do primeiro-ministro, \u00e9 o primeiro de dois navios em constru\u00e7\u00e3o nos estaleiros da WestSea, sub-concession\u00e1ria dos extintos Estaleiros Navais de Viana do Castelo (ENVC).<\/p>\n<p>O <a href=\"http:\/\/www.altominho.tv\/site\/2018\/07\/19\/novo-navio-da-marinha-batizado-na-sexta-feira-em-viana-do-castelo\/\">NPO Sines<\/a> integra o efetivo dos navios da Marinha , desde 06 de julho, e \u00e9 o terceiro navio da classe Viana do Castelo, todos constru\u00eddos em Portugal.\u00a0&#8220;O NRP Sines junta-se assim ao NRP Viana do Castelo e NRP Figueira da Foz, atualmente no ativo&#8221;, adiantou a fonte.<\/p>\n<p>O navio \u00e9 comandado pela capit\u00e3o-tenente M\u00f3nica Martins e tem uma guarni\u00e7\u00e3o de 44 elementos.<\/p>\n<p>O primeio-ministro vai ainda presidir, \u00e0s 11h30, \u00e0 inaugura\u00e7\u00e3o da segunda fase da f\u00e1brica da multinacional francesa Eurostyle Systems, um investimento de 27 milh\u00f5es de euros que criar\u00e1 <a href=\"http:\/\/www.altominho.tv\/site\/2018\/07\/19\/ampliacao-em-fabrica-de-viana-do-castelo-gera-350-postos-de-trabalho\/\">350 postos de trabalho<\/a> em Viana do Castelo.<\/p>\n<p>De acordo com a C\u00e2mara de Viana do Castelo, com esta amplia\u00e7\u00e3o, a f\u00e1brica instalada no parque empresarial de Lanheses,&#8221;garante a duplica\u00e7\u00e3o da capacidade de produ\u00e7\u00e3o, passando a faturar cerca de 50 milh\u00f5es de euros&#8221;.<\/p>\n<p>Segundo a autarquia, &#8220;a primeira fase do empreendimento industrial da multinacional francesa do setor autom\u00f3vel, que produz essencialmente pe\u00e7as injetadas de pl\u00e1stico para componentes da ind\u00fastria autom\u00f3vel, foi assim ampliada em 12,7 mil metros quadrados, pelo que a unidade passa a totalizar uma \u00e1rea produtiva e de armazenagem de 18,8 mil metros quadrados&#8221;.<\/p>\n<p>Criado em 1986, o grupo est\u00e1 hoje espalhado por v\u00e1rios pa\u00edses, desde Fran\u00e7a, Eslov\u00e1quia, R\u00fassia, Marrocos e Portugal, e emprega cerca de 1.500 pessoas, trabalhando para as principais marcas autom\u00f3veis.<\/p>\n","protected":false},"excerpt":{"rendered":"<p>O primeiro-ministro Ant\u00f3nio Costa preside hoje, pelas 10h00, nos estaleiros da WestSea, em Viana do Castelo, \u00e0 cerim\u00f3nia de batismo do Navio Patrulha Oce\u00e2nico (NPO) Sines da Marinha portuguesa. A cerim\u00f3nia contar\u00e1 com as presen\u00e7as dos ministros da Defesa Nacional, Jos\u00e9 Azeredo Lopes, e do Mar, Ana Paula Vitorino, do Chefe do Estado-Maior da Armada, [&hellip;]<\/p>\n","protected":false},"author":12,"featured_media":16652,"comment_status":"closed","ping_status":"closed","sticky":false,"template":"","format":"standard","meta":{"_exactmetrics_skip_tracking":false,"_exactmetrics_sitenote_active":false,"_exactmetrics_sitenote_note":"","_exactmetrics_sitenote_category":0,"footnotes":""},"categories":[14],"tags":[27],"class_list":["post-16651","post","type-post","status-publish","format-standard","has-post-thumbnail","hentry","category-viana-do-castelo","tag-sociedade"],"yoast_head":"<!-- This site is optimized with the Yoast SEO Premium plugin v27.5 (Yoast SEO v27.5) - https:\/\/yoast.com\/product\/yoast-seo-premium-wordpress\/ -->\n<title>Viana do Castelo recebe hoje Ant\u00f3nio Costa<\/title>\n<meta name=\"robots\" content=\"index, follow, max-snippet:-1, max-image-preview:large, max-video-preview:-1\" \/>\n<link rel=\"canonical\" href=\"https:\/\/www.altominho.tv\/site\/2018\/07\/20\/viana-do-castelo-recebe-hoje-antonio-costa\/\" \/>\n<meta property=\"og:locale\" content=\"pt_PT\" \/>\n<meta property=\"og:type\" content=\"article\" \/>\n<meta property=\"og:title\" content=\"Viana do Castelo recebe hoje Ant\u00f3nio Costa\" \/>\n<meta property=\"og:description\" content=\"O primeiro-ministro Ant\u00f3nio Costa preside hoje, pelas 10h00, nos estaleiros da WestSea, em Viana do Castelo, \u00e0 cerim\u00f3nia de batismo do Navio Patrulha Oce\u00e2nico (NPO) Sines da Marinha portuguesa. A cerim\u00f3nia contar\u00e1 com as presen\u00e7as dos ministros da Defesa Nacional, Jos\u00e9 Azeredo Lopes, e do Mar, Ana Paula Vitorino, do Chefe do Estado-Maior da Armada, [&hellip;]\" \/>\n<meta property=\"og:url\" content=\"https:\/\/www.altominho.tv\/site\/2018\/07\/20\/viana-do-castelo-recebe-hoje-antonio-costa\/\" \/>\n<meta property=\"og:site_name\" content=\"Altominho.tv\" \/>\n<meta property=\"article:publisher\" content=\"https:\/\/www.facebook.com\/altominhotv\" \/>\n<meta property=\"article:published_time\" content=\"2018-07-20T08:05:16+00:00\" \/>\n<meta property=\"og:image\" content=\"https:\/\/www.altominho.tv\/site\/wp-content\/uploads\/2018\/07\/AC.jpg\" \/>\n\t<meta property=\"og:image:width\" content=\"763\" \/>\n\t<meta property=\"og:image:height\" content=\"365\" \/>\n\t<meta property=\"og:image:type\" content=\"image\/jpeg\" \/>\n<meta name=\"author\" content=\"Andreia Ferreira\" \/>\n<meta name=\"twitter:card\" content=\"summary_large_image\" \/>\n<meta name=\"twitter:creator\" content=\"@altominhoTV\" \/>\n<meta name=\"twitter:site\" content=\"@altominhoTV\" \/>\n<meta name=\"twitter:label1\" content=\"Escrito por\" \/>\n\t<meta name=\"twitter:data1\" content=\"Andreia Ferreira\" \/>\n\t<meta name=\"twitter:label2\" content=\"Tempo estimado de leitura\" \/>\n\t<meta name=\"twitter:data2\" content=\"2 minutos\" \/>\n<script type=\"application\/ld+json\" class=\"yoast-schema-graph\">{\"@context\":\"https:\\\/\\\/schema.org\",\"@graph\":[{\"@type\":\"Article\",\"@id\":\"https:\\\/\\\/www.altominho.tv\\\/site\\\/2018\\\/07\\\/20\\\/viana-do-castelo-recebe-hoje-antonio-costa\\\/#article\",\"isPartOf\":{\"@id\":\"https:\\\/\\\/www.altominho.tv\\\/site\\\/2018\\\/07\\\/20\\\/viana-do-castelo-recebe-hoje-antonio-costa\\\/\"},\"author\":{\"name\":\"Andreia Ferreira\",\"@id\":\"https:\\\/\\\/www.altominho.tv\\\/site\\\/#\\\/schema\\\/person\\\/d9be4265364723f14ea8e0d56a1d38cd\"},\"headline\":\"Viana do Castelo recebe hoje Ant\u00f3nio Costa\",\"datePublished\":\"2018-07-20T08:05:16+00:00\",\"mainEntityOfPage\":{\"@id\":\"https:\\\/\\\/www.altominho.tv\\\/site\\\/2018\\\/07\\\/20\\\/viana-do-castelo-recebe-hoje-antonio-costa\\\/\"},\"wordCount\":347,\"image\":{\"@id\":\"https:\\\/\\\/www.altominho.tv\\\/site\\\/2018\\\/07\\\/20\\\/viana-do-castelo-recebe-hoje-antonio-costa\\\/#primaryimage\"},\"thumbnailUrl\":\"https:\\\/\\\/www.altominho.tv\\\/site\\\/wp-content\\\/uploads\\\/2018\\\/07\\\/AC.jpg\",\"keywords\":[\"Sociedade\"],\"articleSection\":[\"Viana do Castelo\"],\"inLanguage\":\"pt-PT\",\"copyrightYear\":\"2018\",\"copyrightHolder\":{\"@id\":\"https:\\\/\\\/www.altominho.tv\\\/site\\\/#organization\"}},{\"@type\":\"WebPage\",\"@id\":\"https:\\\/\\\/www.altominho.tv\\\/site\\\/2018\\\/07\\\/20\\\/viana-do-castelo-recebe-hoje-antonio-costa\\\/\",\"url\":\"https:\\\/\\\/www.altominho.tv\\\/site\\\/2018\\\/07\\\/20\\\/viana-do-castelo-recebe-hoje-antonio-costa\\\/\",\"name\":\"Viana do Castelo recebe hoje Ant\u00f3nio Costa\",\"isPartOf\":{\"@id\":\"https:\\\/\\\/www.altominho.tv\\\/site\\\/#website\"},\"primaryImageOfPage\":{\"@id\":\"https:\\\/\\\/www.altominho.tv\\\/site\\\/2018\\\/07\\\/20\\\/viana-do-castelo-recebe-hoje-antonio-costa\\\/#primaryimage\"},\"image\":{\"@id\":\"https:\\\/\\\/www.altominho.tv\\\/site\\\/2018\\\/07\\\/20\\\/viana-do-castelo-recebe-hoje-antonio-costa\\\/#primaryimage\"},\"thumbnailUrl\":\"https:\\\/\\\/www.altominho.tv\\\/site\\\/wp-content\\\/uploads\\\/2018\\\/07\\\/AC.jpg\",\"datePublished\":\"2018-07-20T08:05:16+00:00\",\"author\":{\"@id\":\"https:\\\/\\\/www.altominho.tv\\\/site\\\/#\\\/schema\\\/person\\\/d9be4265364723f14ea8e0d56a1d38cd\"},\"breadcrumb\":{\"@id\":\"https:\\\/\\\/www.altominho.tv\\\/site\\\/2018\\\/07\\\/20\\\/viana-do-castelo-recebe-hoje-antonio-costa\\\/#breadcrumb\"},\"inLanguage\":\"pt-PT\",\"potentialAction\":[{\"@type\":\"ReadAction\",\"target\":[\"https:\\\/\\\/www.altominho.tv\\\/site\\\/2018\\\/07\\\/20\\\/viana-do-castelo-recebe-hoje-antonio-costa\\\/\"]}]},{\"@type\":\"ImageObject\",\"inLanguage\":\"pt-PT\",\"@id\":\"https:\\\/\\\/www.altominho.tv\\\/site\\\/2018\\\/07\\\/20\\\/viana-do-castelo-recebe-hoje-antonio-costa\\\/#primaryimage\",\"url\":\"https:\\\/\\\/www.altominho.tv\\\/site\\\/wp-content\\\/uploads\\\/2018\\\/07\\\/AC.jpg\",\"contentUrl\":\"https:\\\/\\\/www.altominho.tv\\\/site\\\/wp-content\\\/uploads\\\/2018\\\/07\\\/AC.jpg\",\"width\":763,\"height\":365},{\"@type\":\"BreadcrumbList\",\"@id\":\"https:\\\/\\\/www.altominho.tv\\\/site\\\/2018\\\/07\\\/20\\\/viana-do-castelo-recebe-hoje-antonio-costa\\\/#breadcrumb\",\"itemListElement\":[{\"@type\":\"ListItem\",\"position\":1,\"name\":\"In\u00edcio\",\"item\":\"https:\\\/\\\/www.altominho.tv\\\/site\\\/\"},{\"@type\":\"ListItem\",\"position\":2,\"name\":\"Viana do Castelo recebe hoje Ant\u00f3nio Costa\"}]},{\"@type\":\"WebSite\",\"@id\":\"https:\\\/\\\/www.altominho.tv\\\/site\\\/#website\",\"url\":\"https:\\\/\\\/www.altominho.tv\\\/site\\\/\",\"name\":\"Altominho.tv\",\"description\":\"A sua regi\u00e3o \u00e0 dist\u00e2ncia de um clique...\",\"potentialAction\":[{\"@type\":\"SearchAction\",\"target\":{\"@type\":\"EntryPoint\",\"urlTemplate\":\"https:\\\/\\\/www.altominho.tv\\\/site\\\/?s={search_term_string}\"},\"query-input\":{\"@type\":\"PropertyValueSpecification\",\"valueRequired\":true,\"valueName\":\"search_term_string\"}}],\"inLanguage\":\"pt-PT\"},{\"@type\":\"Person\",\"@id\":\"https:\\\/\\\/www.altominho.tv\\\/site\\\/#\\\/schema\\\/person\\\/d9be4265364723f14ea8e0d56a1d38cd\",\"name\":\"Andreia Ferreira\",\"image\":{\"@type\":\"ImageObject\",\"inLanguage\":\"pt-PT\",\"@id\":\"https:\\\/\\\/www.altominho.tv\\\/site\\\/wp-content\\\/uploads\\\/2021\\\/01\\\/AndreiaFerreira-150x150.jpg\",\"url\":\"https:\\\/\\\/www.altominho.tv\\\/site\\\/wp-content\\\/uploads\\\/2021\\\/01\\\/AndreiaFerreira-150x150.jpg\",\"contentUrl\":\"https:\\\/\\\/www.altominho.tv\\\/site\\\/wp-content\\\/uploads\\\/2021\\\/01\\\/AndreiaFerreira-150x150.jpg\",\"caption\":\"Andreia Ferreira\"},\"url\":\"https:\\\/\\\/www.altominho.tv\\\/site\\\/author\\\/andreiaferreira\\\/\"}]}<\/script>\n<!-- \/ Yoast SEO Premium plugin. -->","yoast_head_json":{"title":"Viana do Castelo recebe hoje Ant\u00f3nio Costa","robots":{"index":"index","follow":"follow","max-snippet":"max-snippet:-1","max-image-preview":"max-image-preview:large","max-video-preview":"max-video-preview:-1"},"canonical":"https:\/\/www.altominho.tv\/site\/2018\/07\/20\/viana-do-castelo-recebe-hoje-antonio-costa\/","og_locale":"pt_PT","og_type":"article","og_title":"Viana do Castelo recebe hoje Ant\u00f3nio Costa","og_description":"O primeiro-ministro Ant\u00f3nio Costa preside hoje, pelas 10h00, nos estaleiros da WestSea, em Viana do Castelo, \u00e0 cerim\u00f3nia de batismo do Navio Patrulha Oce\u00e2nico (NPO) Sines da Marinha portuguesa. A cerim\u00f3nia contar\u00e1 com as presen\u00e7as dos ministros da Defesa Nacional, Jos\u00e9 Azeredo Lopes, e do Mar, Ana Paula Vitorino, do Chefe do Estado-Maior da Armada, [&hellip;]","og_url":"https:\/\/www.altominho.tv\/site\/2018\/07\/20\/viana-do-castelo-recebe-hoje-antonio-costa\/","og_site_name":"Altominho.tv","article_publisher":"https:\/\/www.facebook.com\/altominhotv","article_published_time":"2018-07-20T08:05:16+00:00","og_image":[{"width":763,"height":365,"url":"https:\/\/www.altominho.tv\/site\/wp-content\/uploads\/2018\/07\/AC.jpg","type":"image\/jpeg"}],"author":"Andreia Ferreira","twitter_card":"summary_large_image","twitter_creator":"@altominhoTV","twitter_site":"@altominhoTV","twitter_misc":{"Escrito por":"Andreia Ferreira","Tempo estimado de leitura":"2 minutos"},"schema":{"@context":"https:\/\/schema.org","@graph":[{"@type":"Article","@id":"https:\/\/www.altominho.tv\/site\/2018\/07\/20\/viana-do-castelo-recebe-hoje-antonio-costa\/#article","isPartOf":{"@id":"https:\/\/www.altominho.tv\/site\/2018\/07\/20\/viana-do-castelo-recebe-hoje-antonio-costa\/"},"author":{"name":"Andreia Ferreira","@id":"https:\/\/www.altominho.tv\/site\/#\/schema\/person\/d9be4265364723f14ea8e0d56a1d38cd"},"headline":"Viana do Castelo recebe hoje Ant\u00f3nio Costa","datePublished":"2018-07-20T08:05:16+00:00","mainEntityOfPage":{"@id":"https:\/\/www.altominho.tv\/site\/2018\/07\/20\/viana-do-castelo-recebe-hoje-antonio-costa\/"},"wordCount":347,"image":{"@id":"https:\/\/www.altominho.tv\/site\/2018\/07\/20\/viana-do-castelo-recebe-hoje-antonio-costa\/#primaryimage"},"thumbnailUrl":"https:\/\/www.altominho.tv\/site\/wp-content\/uploads\/2018\/07\/AC.jpg","keywords":["Sociedade"],"articleSection":["Viana do Castelo"],"inLanguage":"pt-PT","copyrightYear":"2018","copyrightHolder":{"@id":"https:\/\/www.altominho.tv\/site\/#organization"}},{"@type":"WebPage","@id":"https:\/\/www.altominho.tv\/site\/2018\/07\/20\/viana-do-castelo-recebe-hoje-antonio-costa\/","url":"https:\/\/www.altominho.tv\/site\/2018\/07\/20\/viana-do-castelo-recebe-hoje-antonio-costa\/","name":"Viana do Castelo recebe hoje Ant\u00f3nio Costa","isPartOf":{"@id":"https:\/\/www.altominho.tv\/site\/#website"},"primaryImageOfPage":{"@id":"https:\/\/www.altominho.tv\/site\/2018\/07\/20\/viana-do-castelo-recebe-hoje-antonio-costa\/#primaryimage"},"image":{"@id":"https:\/\/www.altominho.tv\/site\/2018\/07\/20\/viana-do-castelo-recebe-hoje-antonio-costa\/#primaryimage"},"thumbnailUrl":"https:\/\/www.altominho.tv\/site\/wp-content\/uploads\/2018\/07\/AC.jpg","datePublished":"2018-07-20T08:05:16+00:00","author":{"@id":"https:\/\/www.altominho.tv\/site\/#\/schema\/person\/d9be4265364723f14ea8e0d56a1d38cd"},"breadcrumb":{"@id":"https:\/\/www.altominho.tv\/site\/2018\/07\/20\/viana-do-castelo-recebe-hoje-antonio-costa\/#breadcrumb"},"inLanguage":"pt-PT","potentialAction":[{"@type":"ReadAction","target":["https:\/\/www.altominho.tv\/site\/2018\/07\/20\/viana-do-castelo-recebe-hoje-antonio-costa\/"]}]},{"@type":"ImageObject","inLanguage":"pt-PT","@id":"https:\/\/www.altominho.tv\/site\/2018\/07\/20\/viana-do-castelo-recebe-hoje-antonio-costa\/#primaryimage","url":"https:\/\/www.altominho.tv\/site\/wp-content\/uploads\/2018\/07\/AC.jpg","contentUrl":"https:\/\/www.altominho.tv\/site\/wp-content\/uploads\/2018\/07\/AC.jpg","width":763,"height":365},{"@type":"BreadcrumbList","@id":"https:\/\/www.altominho.tv\/site\/2018\/07\/20\/viana-do-castelo-recebe-hoje-antonio-costa\/#breadcrumb","itemListElement":[{"@type":"ListItem","position":1,"name":"In\u00edcio","item":"https:\/\/www.altominho.tv\/site\/"},{"@type":"ListItem","position":2,"name":"Viana do Castelo recebe hoje Ant\u00f3nio Costa"}]},{"@type":"WebSite","@id":"https:\/\/www.altominho.tv\/site\/#website","url":"https:\/\/www.altominho.tv\/site\/","name":"Altominho.tv","description":"A sua regi\u00e3o \u00e0 dist\u00e2ncia de um clique...","potentialAction":[{"@type":"SearchAction","target":{"@type":"EntryPoint","urlTemplate":"https:\/\/www.altominho.tv\/site\/?s={search_term_string}"},"query-input":{"@type":"PropertyValueSpecification","valueRequired":true,"valueName":"search_term_string"}}],"inLanguage":"pt-PT"},{"@type":"Person","@id":"https:\/\/www.altominho.tv\/site\/#\/schema\/person\/d9be4265364723f14ea8e0d56a1d38cd","name":"Andreia Ferreira","image":{"@type":"ImageObject","inLanguage":"pt-PT","@id":"https:\/\/www.altominho.tv\/site\/wp-content\/uploads\/2021\/01\/AndreiaFerreira-150x150.jpg","url":"https:\/\/www.altominho.tv\/site\/wp-content\/uploads\/2021\/01\/AndreiaFerreira-150x150.jpg","contentUrl":"https:\/\/www.altominho.tv\/site\/wp-content\/uploads\/2021\/01\/AndreiaFerreira-150x150.jpg","caption":"Andreia Ferreira"},"url":"https:\/\/www.altominho.tv\/site\/author\/andreiaferreira\/"}]}},"_links":{"self":[{"href":"https:\/\/www.altominho.tv\/site\/wp-json\/wp\/v2\/posts\/16651","targetHints":{"allow":["GET"]}}],"collection":[{"href":"https:\/\/www.altominho.tv\/site\/wp-json\/wp\/v2\/posts"}],"about":[{"href":"https:\/\/www.altominho.tv\/site\/wp-json\/wp\/v2\/types\/post"}],"author":[{"embeddable":true,"href":"https:\/\/www.altominho.tv\/site\/wp-json\/wp\/v2\/users\/12"}],"replies":[{"embeddable":true,"href":"https:\/\/www.altominho.tv\/site\/wp-json\/wp\/v2\/comments?post=16651"}],"version-history":[{"count":0,"href":"https:\/\/www.altominho.tv\/site\/wp-json\/wp\/v2\/posts\/16651\/revisions"}],"wp:featuredmedia":[{"embeddable":true,"href":"https:\/\/www.altominho.tv\/site\/wp-json\/wp\/v2\/media\/16652"}],"wp:attachment":[{"href":"https:\/\/www.altominho.tv\/site\/wp-json\/wp\/v2\/media?parent=16651"}],"wp:term":[{"taxonomy":"category","embeddable":true,"href":"https:\/\/www.altominho.tv\/site\/wp-json\/wp\/v2\/categories?post=16651"},{"taxonomy":"post_tag","embeddable":true,"href":"https:\/\/www.altominho.tv\/site\/wp-json\/wp\/v2\/tags?post=16651"}],"curies":[{"name":"wp","href":"https:\/\/api.w.org\/{rel}","templated":true}]}}