{"id":16620,"date":"2018-07-19T10:23:47","date_gmt":"2018-07-19T09:23:47","guid":{"rendered":"http:\/\/www.altominho.tv\/site\/?p=16620"},"modified":"2018-07-19T10:23:47","modified_gmt":"2018-07-19T09:23:47","slug":"pianista-julio-resende-na-abertura-do-international-keyboard-festival","status":"publish","type":"post","link":"https:\/\/www.altominho.tv\/site\/2018\/07\/19\/pianista-julio-resende-na-abertura-do-international-keyboard-festival\/","title":{"rendered":"Pianista J\u00falio Resende na abertura do International Keyboard Festival"},"content":{"rendered":"<p>A abertura da 6.\u00aa edi\u00e7\u00e3o do International Keyboard Festival &amp; Masterclass, na sexta-feira, vai contar com o pianista J\u00falio Resende, que apresenta o espet\u00e1culo \u201cAm\u00e1lia, Fado &amp; Further\u201d, no Passeio Fluvial de Tui, junto \u00e0s margens do rio Minho.<\/p>\n<p>O festival vai decorrer durante cinco dias, at\u00e9 ter\u00e7a-feira, 24 de julho, na &#8220;Eurocidade Valen\u00e7a-Tui&#8221;, sob o tema \u201cWomen Sound\u201d, com o objetivo de dar mais visibilidade \u00e0s compositoras e \u00e0s mulheres-int\u00e9rpretes.<\/p>\n<p>Este evento vai contar com mais de 20 propostas culturais e de lazer, e quatro int\u00e9rpretes portugueses, como Ant\u00f3nio Oliveira, Maria Ana Bobone e Fernando Miguel Jal\u00f4to.<\/p>\n<p>O primeiro dia do International Keyboard Festival &amp; Masterclass (IKFEM) conta igualmente com as atua\u00e7\u00f5es de Najla Shami com \u201cLatitudes\u201d, de Andrea Gonz\u00e1lez, diretora do festival, que vai interpretar repert\u00f3rio de Ludovico Einaudi, e com o grupo de m\u00fasica eletr\u00f3nica e art-pop, Ghost Beast, que vai estrear o seu \u00e1lbum \u201cWinter\u2019s Horas\u201d.<\/p>\n<p>Na abertura do festival ser\u00e1 feita uma homenagem \u00e0s v\u00edtimas da <a href=\"http:\/\/www.altominho.tv\/site\/2018\/05\/23\/um-morto-mais-de-20-feridos-e-casas-destruidas-na-explosao-de-tui\/\">explos\u00e3o<\/a> na f\u00e1brica de material pirot\u00e9cnico em Tui, em maio.<\/p>\n<p>No s\u00e1bado, dia 21, o IKFEM, muda a localiza\u00e7\u00e3o para a Fortaleza de Valen\u00e7a do Minho e ter\u00e1 atua\u00e7\u00f5es do pianista Ant\u00f3nio Oliveira, com \u201cDi\u00e1logos de G\u00e9nero\u201d, da fadista Maria Ana Bobone, que apresenta \u201cPiano &amp; Fado\u201d, do D\u00fao Xistra, com um repert\u00f3rio para flauta e ac\u00f3rd\u00e3o, e, por \u00faltimo, com os contadores de hist\u00f3rias musicais Touporroutou.<\/p>\n<p>No domingo, mant\u00e9m-se a localiza\u00e7\u00e3o na margem portuguesa do rio Minho, e destaca-se a homenagem a Eugenia Osterberger, pela pianista Beatriz L\u00f3pez-Suevos, que, com a soprano Susana de Lorenzo e a investigadora Rosario Mart\u00ednez, d\u00e1 a conhecer a obra da compositora e pianista galega, num concerto comentado.<\/p>\n<p>Ainda no dia 22, domingo, vai haver um concerto de piano a quatro m\u00e3os, denominado \u201cLas Danzas de la Vida\u201d, por Andrea Gonz\u00e1lez e Daniel Pereira, e a atua\u00e7\u00e3o da Orquestra de C\u00e2mara Lira.<\/p>\n<p>Nos dois restantes dias, o festival regressa a Tui. Na segunda-feira, dia 23, vai atuar Fernando Miguel Jal\u00f4to, na Catedral, com um programa dedicado ao \u201cConcerto de M\u00fasica Barroca para \u00d3rg\u00e3o no Feminino\u201d.<\/p>\n<p>Na ter\u00e7a-feira, 24 de julho, a pianista Rosa Torres-Pardo, a cantora Roc\u00edo M\u00e1rquez e a atriz Clara Mu\u00f1iz encerram o festival com o recital \u201cDesconcierto\u201d, no Tatro Municipal de Tui.<\/p>\n<p>No \u00faltimo dia tamb\u00e9m haver\u00e1 um encontro aberto com a gaiteira e a pianista Cristina Pato, \u201cTrascendiendo Disciplinas: El Artista Sostenible del siglo XXI\u201d, na sede da Universidade Nacional de Educa\u00e7\u00e3o \u00e0 Dist\u00e2ncia.<\/p>\n<p>Todas as atividades do festival t\u00eam entrada gratuita \u00e0 exce\u00e7\u00e3o do concerto de encerramento, cujo ingresso ter\u00e1 um valor de quatro euros. Os bilhetes para este concerto podem ser adquiridos uma hora antes do in\u00edcio, no Teatro de Tui.\u00a0A organiza\u00e7\u00e3o do IKFEM vai disponibilizar transporte entre os palcos de Valen\u00e7a e Tui.<\/p>\n<p>O IKFEM tem um car\u00e1ter transfronteiri\u00e7o e oferece v\u00e1rias propostas culturais, com uma programa\u00e7\u00e3o organizada a partir da m\u00fasica para instrumentos de tecla, entre concertos e &#8216;masterclasses&#8217;. A programa\u00e7\u00e3o alia-se igualmente \u00e0 descoberta do patrim\u00f3nio cultural das duas margens do Rio Minho, entre o sudoeste da Galiza e o norte de Portugal.<\/p>\n<p>O festival foi criado em 2013 pela pianista Andrea Gonz\u00e1lez, atrav\u00e9s da Associa\u00e7\u00e3o Xuventudes Musicais de Tui, com o objetivo de criar um espa\u00e7o de enriquecimento cultural e promo\u00e7\u00e3o de novos talentos.<\/p>\n","protected":false},"excerpt":{"rendered":"<p>A abertura da 6.\u00aa edi\u00e7\u00e3o do International Keyboard Festival &amp; Masterclass, na sexta-feira, vai contar com o pianista J\u00falio Resende, que apresenta o espet\u00e1culo \u201cAm\u00e1lia, Fado &amp; Further\u201d, no Passeio Fluvial de Tui, junto \u00e0s margens do rio Minho. O festival vai decorrer durante cinco dias, at\u00e9 ter\u00e7a-feira, 24 de julho, na &#8220;Eurocidade Valen\u00e7a-Tui&#8221;, sob [&hellip;]<\/p>\n","protected":false},"author":12,"featured_media":16621,"comment_status":"closed","ping_status":"closed","sticky":false,"template":"","format":"standard","meta":{"_exactmetrics_skip_tracking":false,"_exactmetrics_sitenote_active":false,"_exactmetrics_sitenote_note":"","_exactmetrics_sitenote_category":0,"footnotes":""},"categories":[13],"tags":[19],"class_list":["post-16620","post","type-post","status-publish","format-standard","has-post-thumbnail","hentry","category-valenca","tag-cultura"],"yoast_head":"<!-- This site is optimized with the Yoast SEO Premium plugin v27.5 (Yoast SEO v27.5) - https:\/\/yoast.com\/product\/yoast-seo-premium-wordpress\/ -->\n<title>Pianista J\u00falio Resende na abertura do International Keyboard Festival<\/title>\n<meta name=\"robots\" content=\"index, follow, max-snippet:-1, max-image-preview:large, max-video-preview:-1\" \/>\n<link rel=\"canonical\" href=\"https:\/\/www.altominho.tv\/site\/2018\/07\/19\/pianista-julio-resende-na-abertura-do-international-keyboard-festival\/\" \/>\n<meta property=\"og:locale\" content=\"pt_PT\" \/>\n<meta property=\"og:type\" content=\"article\" \/>\n<meta property=\"og:title\" content=\"Pianista J\u00falio Resende na abertura do International Keyboard Festival\" \/>\n<meta property=\"og:description\" content=\"A abertura da 6.\u00aa edi\u00e7\u00e3o do International Keyboard Festival &amp; Masterclass, na sexta-feira, vai contar com o pianista J\u00falio Resende, que apresenta o espet\u00e1culo \u201cAm\u00e1lia, Fado &amp; Further\u201d, no Passeio Fluvial de Tui, junto \u00e0s margens do rio Minho. O festival vai decorrer durante cinco dias, at\u00e9 ter\u00e7a-feira, 24 de julho, na &#8220;Eurocidade Valen\u00e7a-Tui&#8221;, sob [&hellip;]\" \/>\n<meta property=\"og:url\" content=\"https:\/\/www.altominho.tv\/site\/2018\/07\/19\/pianista-julio-resende-na-abertura-do-international-keyboard-festival\/\" \/>\n<meta property=\"og:site_name\" content=\"Altominho.tv\" \/>\n<meta property=\"article:publisher\" content=\"https:\/\/www.facebook.com\/altominhotv\" \/>\n<meta property=\"article:published_time\" content=\"2018-07-19T09:23:47+00:00\" \/>\n<meta property=\"og:image\" content=\"https:\/\/www.altominho.tv\/site\/wp-content\/uploads\/2018\/07\/julioresende.jpg\" \/>\n\t<meta property=\"og:image:width\" content=\"1241\" \/>\n\t<meta property=\"og:image:height\" content=\"827\" \/>\n\t<meta property=\"og:image:type\" content=\"image\/jpeg\" \/>\n<meta name=\"author\" content=\"Andreia Ferreira\" \/>\n<meta name=\"twitter:card\" content=\"summary_large_image\" \/>\n<meta name=\"twitter:creator\" content=\"@altominhoTV\" \/>\n<meta name=\"twitter:site\" content=\"@altominhoTV\" \/>\n<meta name=\"twitter:label1\" content=\"Escrito por\" \/>\n\t<meta name=\"twitter:data1\" content=\"Andreia Ferreira\" \/>\n\t<meta name=\"twitter:label2\" content=\"Tempo estimado de leitura\" \/>\n\t<meta name=\"twitter:data2\" content=\"3 minutos\" \/>\n<script type=\"application\/ld+json\" class=\"yoast-schema-graph\">{\"@context\":\"https:\\\/\\\/schema.org\",\"@graph\":[{\"@type\":\"Article\",\"@id\":\"https:\\\/\\\/www.altominho.tv\\\/site\\\/2018\\\/07\\\/19\\\/pianista-julio-resende-na-abertura-do-international-keyboard-festival\\\/#article\",\"isPartOf\":{\"@id\":\"https:\\\/\\\/www.altominho.tv\\\/site\\\/2018\\\/07\\\/19\\\/pianista-julio-resende-na-abertura-do-international-keyboard-festival\\\/\"},\"author\":{\"name\":\"Andreia Ferreira\",\"@id\":\"https:\\\/\\\/www.altominho.tv\\\/site\\\/#\\\/schema\\\/person\\\/d9be4265364723f14ea8e0d56a1d38cd\"},\"headline\":\"Pianista J\u00falio Resende na abertura do International Keyboard Festival\",\"datePublished\":\"2018-07-19T09:23:47+00:00\",\"mainEntityOfPage\":{\"@id\":\"https:\\\/\\\/www.altominho.tv\\\/site\\\/2018\\\/07\\\/19\\\/pianista-julio-resende-na-abertura-do-international-keyboard-festival\\\/\"},\"wordCount\":608,\"image\":{\"@id\":\"https:\\\/\\\/www.altominho.tv\\\/site\\\/2018\\\/07\\\/19\\\/pianista-julio-resende-na-abertura-do-international-keyboard-festival\\\/#primaryimage\"},\"thumbnailUrl\":\"https:\\\/\\\/www.altominho.tv\\\/site\\\/wp-content\\\/uploads\\\/2018\\\/07\\\/julioresende.jpg\",\"keywords\":[\"Cultura\"],\"articleSection\":[\"Valen\u00e7a\"],\"inLanguage\":\"pt-PT\",\"copyrightYear\":\"2018\",\"copyrightHolder\":{\"@id\":\"https:\\\/\\\/www.altominho.tv\\\/site\\\/#organization\"}},{\"@type\":\"WebPage\",\"@id\":\"https:\\\/\\\/www.altominho.tv\\\/site\\\/2018\\\/07\\\/19\\\/pianista-julio-resende-na-abertura-do-international-keyboard-festival\\\/\",\"url\":\"https:\\\/\\\/www.altominho.tv\\\/site\\\/2018\\\/07\\\/19\\\/pianista-julio-resende-na-abertura-do-international-keyboard-festival\\\/\",\"name\":\"Pianista J\u00falio Resende na abertura do International Keyboard Festival\",\"isPartOf\":{\"@id\":\"https:\\\/\\\/www.altominho.tv\\\/site\\\/#website\"},\"primaryImageOfPage\":{\"@id\":\"https:\\\/\\\/www.altominho.tv\\\/site\\\/2018\\\/07\\\/19\\\/pianista-julio-resende-na-abertura-do-international-keyboard-festival\\\/#primaryimage\"},\"image\":{\"@id\":\"https:\\\/\\\/www.altominho.tv\\\/site\\\/2018\\\/07\\\/19\\\/pianista-julio-resende-na-abertura-do-international-keyboard-festival\\\/#primaryimage\"},\"thumbnailUrl\":\"https:\\\/\\\/www.altominho.tv\\\/site\\\/wp-content\\\/uploads\\\/2018\\\/07\\\/julioresende.jpg\",\"datePublished\":\"2018-07-19T09:23:47+00:00\",\"author\":{\"@id\":\"https:\\\/\\\/www.altominho.tv\\\/site\\\/#\\\/schema\\\/person\\\/d9be4265364723f14ea8e0d56a1d38cd\"},\"breadcrumb\":{\"@id\":\"https:\\\/\\\/www.altominho.tv\\\/site\\\/2018\\\/07\\\/19\\\/pianista-julio-resende-na-abertura-do-international-keyboard-festival\\\/#breadcrumb\"},\"inLanguage\":\"pt-PT\",\"potentialAction\":[{\"@type\":\"ReadAction\",\"target\":[\"https:\\\/\\\/www.altominho.tv\\\/site\\\/2018\\\/07\\\/19\\\/pianista-julio-resende-na-abertura-do-international-keyboard-festival\\\/\"]}]},{\"@type\":\"ImageObject\",\"inLanguage\":\"pt-PT\",\"@id\":\"https:\\\/\\\/www.altominho.tv\\\/site\\\/2018\\\/07\\\/19\\\/pianista-julio-resende-na-abertura-do-international-keyboard-festival\\\/#primaryimage\",\"url\":\"https:\\\/\\\/www.altominho.tv\\\/site\\\/wp-content\\\/uploads\\\/2018\\\/07\\\/julioresende.jpg\",\"contentUrl\":\"https:\\\/\\\/www.altominho.tv\\\/site\\\/wp-content\\\/uploads\\\/2018\\\/07\\\/julioresende.jpg\",\"width\":1241,\"height\":827},{\"@type\":\"BreadcrumbList\",\"@id\":\"https:\\\/\\\/www.altominho.tv\\\/site\\\/2018\\\/07\\\/19\\\/pianista-julio-resende-na-abertura-do-international-keyboard-festival\\\/#breadcrumb\",\"itemListElement\":[{\"@type\":\"ListItem\",\"position\":1,\"name\":\"In\u00edcio\",\"item\":\"https:\\\/\\\/www.altominho.tv\\\/site\\\/\"},{\"@type\":\"ListItem\",\"position\":2,\"name\":\"Pianista J\u00falio Resende na abertura do International Keyboard Festival\"}]},{\"@type\":\"WebSite\",\"@id\":\"https:\\\/\\\/www.altominho.tv\\\/site\\\/#website\",\"url\":\"https:\\\/\\\/www.altominho.tv\\\/site\\\/\",\"name\":\"Altominho.tv\",\"description\":\"A sua regi\u00e3o \u00e0 dist\u00e2ncia de um clique...\",\"potentialAction\":[{\"@type\":\"SearchAction\",\"target\":{\"@type\":\"EntryPoint\",\"urlTemplate\":\"https:\\\/\\\/www.altominho.tv\\\/site\\\/?s={search_term_string}\"},\"query-input\":{\"@type\":\"PropertyValueSpecification\",\"valueRequired\":true,\"valueName\":\"search_term_string\"}}],\"inLanguage\":\"pt-PT\"},{\"@type\":\"Person\",\"@id\":\"https:\\\/\\\/www.altominho.tv\\\/site\\\/#\\\/schema\\\/person\\\/d9be4265364723f14ea8e0d56a1d38cd\",\"name\":\"Andreia Ferreira\",\"image\":{\"@type\":\"ImageObject\",\"inLanguage\":\"pt-PT\",\"@id\":\"https:\\\/\\\/www.altominho.tv\\\/site\\\/wp-content\\\/uploads\\\/2021\\\/01\\\/AndreiaFerreira-150x150.jpg\",\"url\":\"https:\\\/\\\/www.altominho.tv\\\/site\\\/wp-content\\\/uploads\\\/2021\\\/01\\\/AndreiaFerreira-150x150.jpg\",\"contentUrl\":\"https:\\\/\\\/www.altominho.tv\\\/site\\\/wp-content\\\/uploads\\\/2021\\\/01\\\/AndreiaFerreira-150x150.jpg\",\"caption\":\"Andreia Ferreira\"},\"url\":\"https:\\\/\\\/www.altominho.tv\\\/site\\\/author\\\/andreiaferreira\\\/\"}]}<\/script>\n<!-- \/ Yoast SEO Premium plugin. -->","yoast_head_json":{"title":"Pianista J\u00falio Resende na abertura do International Keyboard Festival","robots":{"index":"index","follow":"follow","max-snippet":"max-snippet:-1","max-image-preview":"max-image-preview:large","max-video-preview":"max-video-preview:-1"},"canonical":"https:\/\/www.altominho.tv\/site\/2018\/07\/19\/pianista-julio-resende-na-abertura-do-international-keyboard-festival\/","og_locale":"pt_PT","og_type":"article","og_title":"Pianista J\u00falio Resende na abertura do International Keyboard Festival","og_description":"A abertura da 6.\u00aa edi\u00e7\u00e3o do International Keyboard Festival &amp; Masterclass, na sexta-feira, vai contar com o pianista J\u00falio Resende, que apresenta o espet\u00e1culo \u201cAm\u00e1lia, Fado &amp; Further\u201d, no Passeio Fluvial de Tui, junto \u00e0s margens do rio Minho. O festival vai decorrer durante cinco dias, at\u00e9 ter\u00e7a-feira, 24 de julho, na &#8220;Eurocidade Valen\u00e7a-Tui&#8221;, sob [&hellip;]","og_url":"https:\/\/www.altominho.tv\/site\/2018\/07\/19\/pianista-julio-resende-na-abertura-do-international-keyboard-festival\/","og_site_name":"Altominho.tv","article_publisher":"https:\/\/www.facebook.com\/altominhotv","article_published_time":"2018-07-19T09:23:47+00:00","og_image":[{"width":1241,"height":827,"url":"https:\/\/www.altominho.tv\/site\/wp-content\/uploads\/2018\/07\/julioresende.jpg","type":"image\/jpeg"}],"author":"Andreia Ferreira","twitter_card":"summary_large_image","twitter_creator":"@altominhoTV","twitter_site":"@altominhoTV","twitter_misc":{"Escrito por":"Andreia Ferreira","Tempo estimado de leitura":"3 minutos"},"schema":{"@context":"https:\/\/schema.org","@graph":[{"@type":"Article","@id":"https:\/\/www.altominho.tv\/site\/2018\/07\/19\/pianista-julio-resende-na-abertura-do-international-keyboard-festival\/#article","isPartOf":{"@id":"https:\/\/www.altominho.tv\/site\/2018\/07\/19\/pianista-julio-resende-na-abertura-do-international-keyboard-festival\/"},"author":{"name":"Andreia Ferreira","@id":"https:\/\/www.altominho.tv\/site\/#\/schema\/person\/d9be4265364723f14ea8e0d56a1d38cd"},"headline":"Pianista J\u00falio Resende na abertura do International Keyboard Festival","datePublished":"2018-07-19T09:23:47+00:00","mainEntityOfPage":{"@id":"https:\/\/www.altominho.tv\/site\/2018\/07\/19\/pianista-julio-resende-na-abertura-do-international-keyboard-festival\/"},"wordCount":608,"image":{"@id":"https:\/\/www.altominho.tv\/site\/2018\/07\/19\/pianista-julio-resende-na-abertura-do-international-keyboard-festival\/#primaryimage"},"thumbnailUrl":"https:\/\/www.altominho.tv\/site\/wp-content\/uploads\/2018\/07\/julioresende.jpg","keywords":["Cultura"],"articleSection":["Valen\u00e7a"],"inLanguage":"pt-PT","copyrightYear":"2018","copyrightHolder":{"@id":"https:\/\/www.altominho.tv\/site\/#organization"}},{"@type":"WebPage","@id":"https:\/\/www.altominho.tv\/site\/2018\/07\/19\/pianista-julio-resende-na-abertura-do-international-keyboard-festival\/","url":"https:\/\/www.altominho.tv\/site\/2018\/07\/19\/pianista-julio-resende-na-abertura-do-international-keyboard-festival\/","name":"Pianista J\u00falio Resende na abertura do International Keyboard Festival","isPartOf":{"@id":"https:\/\/www.altominho.tv\/site\/#website"},"primaryImageOfPage":{"@id":"https:\/\/www.altominho.tv\/site\/2018\/07\/19\/pianista-julio-resende-na-abertura-do-international-keyboard-festival\/#primaryimage"},"image":{"@id":"https:\/\/www.altominho.tv\/site\/2018\/07\/19\/pianista-julio-resende-na-abertura-do-international-keyboard-festival\/#primaryimage"},"thumbnailUrl":"https:\/\/www.altominho.tv\/site\/wp-content\/uploads\/2018\/07\/julioresende.jpg","datePublished":"2018-07-19T09:23:47+00:00","author":{"@id":"https:\/\/www.altominho.tv\/site\/#\/schema\/person\/d9be4265364723f14ea8e0d56a1d38cd"},"breadcrumb":{"@id":"https:\/\/www.altominho.tv\/site\/2018\/07\/19\/pianista-julio-resende-na-abertura-do-international-keyboard-festival\/#breadcrumb"},"inLanguage":"pt-PT","potentialAction":[{"@type":"ReadAction","target":["https:\/\/www.altominho.tv\/site\/2018\/07\/19\/pianista-julio-resende-na-abertura-do-international-keyboard-festival\/"]}]},{"@type":"ImageObject","inLanguage":"pt-PT","@id":"https:\/\/www.altominho.tv\/site\/2018\/07\/19\/pianista-julio-resende-na-abertura-do-international-keyboard-festival\/#primaryimage","url":"https:\/\/www.altominho.tv\/site\/wp-content\/uploads\/2018\/07\/julioresende.jpg","contentUrl":"https:\/\/www.altominho.tv\/site\/wp-content\/uploads\/2018\/07\/julioresende.jpg","width":1241,"height":827},{"@type":"BreadcrumbList","@id":"https:\/\/www.altominho.tv\/site\/2018\/07\/19\/pianista-julio-resende-na-abertura-do-international-keyboard-festival\/#breadcrumb","itemListElement":[{"@type":"ListItem","position":1,"name":"In\u00edcio","item":"https:\/\/www.altominho.tv\/site\/"},{"@type":"ListItem","position":2,"name":"Pianista J\u00falio Resende na abertura do International Keyboard Festival"}]},{"@type":"WebSite","@id":"https:\/\/www.altominho.tv\/site\/#website","url":"https:\/\/www.altominho.tv\/site\/","name":"Altominho.tv","description":"A sua regi\u00e3o \u00e0 dist\u00e2ncia de um clique...","potentialAction":[{"@type":"SearchAction","target":{"@type":"EntryPoint","urlTemplate":"https:\/\/www.altominho.tv\/site\/?s={search_term_string}"},"query-input":{"@type":"PropertyValueSpecification","valueRequired":true,"valueName":"search_term_string"}}],"inLanguage":"pt-PT"},{"@type":"Person","@id":"https:\/\/www.altominho.tv\/site\/#\/schema\/person\/d9be4265364723f14ea8e0d56a1d38cd","name":"Andreia Ferreira","image":{"@type":"ImageObject","inLanguage":"pt-PT","@id":"https:\/\/www.altominho.tv\/site\/wp-content\/uploads\/2021\/01\/AndreiaFerreira-150x150.jpg","url":"https:\/\/www.altominho.tv\/site\/wp-content\/uploads\/2021\/01\/AndreiaFerreira-150x150.jpg","contentUrl":"https:\/\/www.altominho.tv\/site\/wp-content\/uploads\/2021\/01\/AndreiaFerreira-150x150.jpg","caption":"Andreia Ferreira"},"url":"https:\/\/www.altominho.tv\/site\/author\/andreiaferreira\/"}]}},"_links":{"self":[{"href":"https:\/\/www.altominho.tv\/site\/wp-json\/wp\/v2\/posts\/16620","targetHints":{"allow":["GET"]}}],"collection":[{"href":"https:\/\/www.altominho.tv\/site\/wp-json\/wp\/v2\/posts"}],"about":[{"href":"https:\/\/www.altominho.tv\/site\/wp-json\/wp\/v2\/types\/post"}],"author":[{"embeddable":true,"href":"https:\/\/www.altominho.tv\/site\/wp-json\/wp\/v2\/users\/12"}],"replies":[{"embeddable":true,"href":"https:\/\/www.altominho.tv\/site\/wp-json\/wp\/v2\/comments?post=16620"}],"version-history":[{"count":0,"href":"https:\/\/www.altominho.tv\/site\/wp-json\/wp\/v2\/posts\/16620\/revisions"}],"wp:featuredmedia":[{"embeddable":true,"href":"https:\/\/www.altominho.tv\/site\/wp-json\/wp\/v2\/media\/16621"}],"wp:attachment":[{"href":"https:\/\/www.altominho.tv\/site\/wp-json\/wp\/v2\/media?parent=16620"}],"wp:term":[{"taxonomy":"category","embeddable":true,"href":"https:\/\/www.altominho.tv\/site\/wp-json\/wp\/v2\/categories?post=16620"},{"taxonomy":"post_tag","embeddable":true,"href":"https:\/\/www.altominho.tv\/site\/wp-json\/wp\/v2\/tags?post=16620"}],"curies":[{"name":"wp","href":"https:\/\/api.w.org\/{rel}","templated":true}]}}