{"id":16412,"date":"2018-07-16T10:54:44","date_gmt":"2018-07-16T09:54:44","guid":{"rendered":"http:\/\/www.altominho.tv\/site\/?p=16412"},"modified":"2018-07-16T10:54:44","modified_gmt":"2018-07-16T09:54:44","slug":"festival-sonic-blast-encerra-cartaz-com-cinco-nomes-prestes-a-esgotar-passes-gerais","status":"publish","type":"post","link":"https:\/\/www.altominho.tv\/site\/2018\/07\/16\/festival-sonic-blast-encerra-cartaz-com-cinco-nomes-prestes-a-esgotar-passes-gerais\/","title":{"rendered":"Festival Sonic Blast encerra cartaz com cinco nomes prestes a esgotar passes gerais"},"content":{"rendered":"<p>O Festival Sonic Blast, que vai ter, entre 10 e 11 de agosto, a sua oitava edi\u00e7\u00e3o, anunciou hoje os \u00faltimos nomes do cartaz, estando prestes a esgotar os passes gerais, segundo a organiza\u00e7\u00e3o.<\/p>\n<p>O evento, que se volta a realizar em Moledo, no concelho de Caminha, distrito de Viana do Castelo, junta assim, ao cartaz, Electric Octopus, The Wizards, Astrodome, Talea Jacta e Desert&#8217;smoke.<\/p>\n<p>Os cinco nomes juntam-se a um alinhamento que j\u00e1 contava com artistas de rock psicad\u00e9lico como Earthless, Kadavar, Causa Sui, Nebula, Mantar, Ufomammut, Naxatras, Conan e Atomic Bitchwax, entre outros.<\/p>\n<p>\u201cPenso que vai ser uma edi\u00e7\u00e3o \u00e9pica aqui em Moledo, conseguimos reunir alguns dos nomes mais importantes da cena stoner rock ou psicad\u00e9lica\u201d, afirmou \u00e0 Lusa o organizador Ricardo Rio.<\/p>\n<p>Segundo a organiza\u00e7\u00e3o, dos 2.500 passes para o evento, sobram perto de 200.<\/p>\n<p>Sobre o crescimento do rock psicad\u00e9lico enquanto g\u00e9nero musical, Ricardo Rio reconhece que sente um \u201cinteresse enorme por parte do p\u00fablico\u201d e um aumento do n\u00famero de bandas e editoras.<\/p>\n<p>\u201c\u00c9 um movimento em crescendo, a ver se n\u00e3o se estraga, \u00e0s vezes quando as coisas se tornam muito moda pode-se estragar um bocado\u201d, afirmou, entre risos.<\/p>\n<p>Em rela\u00e7\u00e3o \u00e0s perspetivas para o futuro do festival, Ricardo Rio real\u00e7ou que o objetivo \u00e9 \u201ccrescer devagar, melhorar desde a log\u00edstica at\u00e9 ao recinto, a qualidade e quantidade de bandas, mas sempre a tentar melhorar de edi\u00e7\u00e3o para edi\u00e7\u00e3o\u201d.<\/p>\n<p>O recinto do Sonic Blast volta a distribuir-se pelo Centro Cultural de Moledo, com dois palcos.<\/p>\n<p>No dia 09 de agosto, h\u00e1 uma sess\u00e3o de \u201caquecimento\u201d, de entrada livre, na praia de Moledo, com cartaz ainda por anunciar.<\/p>\n","protected":false},"excerpt":{"rendered":"<p>O Festival Sonic Blast, que vai ter, entre 10 e 11 de agosto, a sua oitava edi\u00e7\u00e3o, anunciou hoje os \u00faltimos nomes do cartaz, estando prestes a esgotar os passes gerais, segundo a organiza\u00e7\u00e3o. O evento, que se volta a realizar em Moledo, no concelho de Caminha, distrito de Viana do Castelo, junta assim, ao [&hellip;]<\/p>\n","protected":false},"author":7,"featured_media":16413,"comment_status":"closed","ping_status":"closed","sticky":false,"template":"","format":"standard","meta":{"_exactmetrics_skip_tracking":false,"_exactmetrics_sitenote_active":false,"_exactmetrics_sitenote_note":"","_exactmetrics_sitenote_category":0,"footnotes":""},"categories":[7],"tags":[19,24],"class_list":["post-16412","post","type-post","status-publish","format-standard","has-post-thumbnail","hentry","category-caminha","tag-cultura","tag-lazer"],"yoast_head":"<!-- This site is optimized with the Yoast SEO Premium plugin v27.5 (Yoast SEO v27.5) - https:\/\/yoast.com\/product\/yoast-seo-premium-wordpress\/ -->\n<title>Festival Sonic Blast encerra cartaz com cinco nomes prestes a esgotar passes gerais<\/title>\n<meta name=\"robots\" content=\"index, follow, max-snippet:-1, max-image-preview:large, max-video-preview:-1\" \/>\n<link rel=\"canonical\" href=\"https:\/\/www.altominho.tv\/site\/2018\/07\/16\/festival-sonic-blast-encerra-cartaz-com-cinco-nomes-prestes-a-esgotar-passes-gerais\/\" \/>\n<meta property=\"og:locale\" content=\"pt_PT\" \/>\n<meta property=\"og:type\" content=\"article\" \/>\n<meta property=\"og:title\" content=\"Festival Sonic Blast encerra cartaz com cinco nomes prestes a esgotar passes gerais\" \/>\n<meta property=\"og:description\" content=\"O Festival Sonic Blast, que vai ter, entre 10 e 11 de agosto, a sua oitava edi\u00e7\u00e3o, anunciou hoje os \u00faltimos nomes do cartaz, estando prestes a esgotar os passes gerais, segundo a organiza\u00e7\u00e3o. O evento, que se volta a realizar em Moledo, no concelho de Caminha, distrito de Viana do Castelo, junta assim, ao [&hellip;]\" \/>\n<meta property=\"og:url\" content=\"https:\/\/www.altominho.tv\/site\/2018\/07\/16\/festival-sonic-blast-encerra-cartaz-com-cinco-nomes-prestes-a-esgotar-passes-gerais\/\" \/>\n<meta property=\"og:site_name\" content=\"Altominho.tv\" \/>\n<meta property=\"article:publisher\" content=\"https:\/\/www.facebook.com\/altominhotv\" \/>\n<meta property=\"article:published_time\" content=\"2018-07-16T09:54:44+00:00\" \/>\n<meta property=\"og:image\" content=\"https:\/\/www.altominho.tv\/site\/wp-content\/uploads\/2018\/07\/sonic.jpg\" \/>\n\t<meta property=\"og:image:width\" content=\"750\" \/>\n\t<meta property=\"og:image:height\" content=\"258\" \/>\n\t<meta property=\"og:image:type\" content=\"image\/jpeg\" \/>\n<meta name=\"author\" content=\"Andreia Cunha\" \/>\n<meta name=\"twitter:card\" content=\"summary_large_image\" \/>\n<meta name=\"twitter:creator\" content=\"@altominhoTV\" \/>\n<meta name=\"twitter:site\" content=\"@altominhoTV\" \/>\n<meta name=\"twitter:label1\" content=\"Escrito por\" \/>\n\t<meta name=\"twitter:data1\" content=\"Andreia Cunha\" \/>\n\t<meta name=\"twitter:label2\" content=\"Tempo estimado de leitura\" \/>\n\t<meta name=\"twitter:data2\" content=\"1 minuto\" \/>\n<script type=\"application\/ld+json\" class=\"yoast-schema-graph\">{\"@context\":\"https:\\\/\\\/schema.org\",\"@graph\":[{\"@type\":\"Article\",\"@id\":\"https:\\\/\\\/www.altominho.tv\\\/site\\\/2018\\\/07\\\/16\\\/festival-sonic-blast-encerra-cartaz-com-cinco-nomes-prestes-a-esgotar-passes-gerais\\\/#article\",\"isPartOf\":{\"@id\":\"https:\\\/\\\/www.altominho.tv\\\/site\\\/2018\\\/07\\\/16\\\/festival-sonic-blast-encerra-cartaz-com-cinco-nomes-prestes-a-esgotar-passes-gerais\\\/\"},\"author\":{\"name\":\"Andreia Cunha\",\"@id\":\"https:\\\/\\\/www.altominho.tv\\\/site\\\/#\\\/schema\\\/person\\\/a0e4ef6d041f98ca284393d8f1d97153\"},\"headline\":\"Festival Sonic Blast encerra cartaz com cinco nomes prestes a esgotar passes gerais\",\"datePublished\":\"2018-07-16T09:54:44+00:00\",\"mainEntityOfPage\":{\"@id\":\"https:\\\/\\\/www.altominho.tv\\\/site\\\/2018\\\/07\\\/16\\\/festival-sonic-blast-encerra-cartaz-com-cinco-nomes-prestes-a-esgotar-passes-gerais\\\/\"},\"wordCount\":295,\"image\":{\"@id\":\"https:\\\/\\\/www.altominho.tv\\\/site\\\/2018\\\/07\\\/16\\\/festival-sonic-blast-encerra-cartaz-com-cinco-nomes-prestes-a-esgotar-passes-gerais\\\/#primaryimage\"},\"thumbnailUrl\":\"https:\\\/\\\/www.altominho.tv\\\/site\\\/wp-content\\\/uploads\\\/2018\\\/07\\\/sonic.jpg\",\"keywords\":[\"Cultura\",\"Lazer\"],\"articleSection\":[\"Caminha\"],\"inLanguage\":\"pt-PT\",\"copyrightYear\":\"2018\",\"copyrightHolder\":{\"@id\":\"https:\\\/\\\/www.altominho.tv\\\/site\\\/#organization\"}},{\"@type\":\"WebPage\",\"@id\":\"https:\\\/\\\/www.altominho.tv\\\/site\\\/2018\\\/07\\\/16\\\/festival-sonic-blast-encerra-cartaz-com-cinco-nomes-prestes-a-esgotar-passes-gerais\\\/\",\"url\":\"https:\\\/\\\/www.altominho.tv\\\/site\\\/2018\\\/07\\\/16\\\/festival-sonic-blast-encerra-cartaz-com-cinco-nomes-prestes-a-esgotar-passes-gerais\\\/\",\"name\":\"Festival Sonic Blast encerra cartaz com cinco nomes prestes a esgotar passes gerais\",\"isPartOf\":{\"@id\":\"https:\\\/\\\/www.altominho.tv\\\/site\\\/#website\"},\"primaryImageOfPage\":{\"@id\":\"https:\\\/\\\/www.altominho.tv\\\/site\\\/2018\\\/07\\\/16\\\/festival-sonic-blast-encerra-cartaz-com-cinco-nomes-prestes-a-esgotar-passes-gerais\\\/#primaryimage\"},\"image\":{\"@id\":\"https:\\\/\\\/www.altominho.tv\\\/site\\\/2018\\\/07\\\/16\\\/festival-sonic-blast-encerra-cartaz-com-cinco-nomes-prestes-a-esgotar-passes-gerais\\\/#primaryimage\"},\"thumbnailUrl\":\"https:\\\/\\\/www.altominho.tv\\\/site\\\/wp-content\\\/uploads\\\/2018\\\/07\\\/sonic.jpg\",\"datePublished\":\"2018-07-16T09:54:44+00:00\",\"author\":{\"@id\":\"https:\\\/\\\/www.altominho.tv\\\/site\\\/#\\\/schema\\\/person\\\/a0e4ef6d041f98ca284393d8f1d97153\"},\"breadcrumb\":{\"@id\":\"https:\\\/\\\/www.altominho.tv\\\/site\\\/2018\\\/07\\\/16\\\/festival-sonic-blast-encerra-cartaz-com-cinco-nomes-prestes-a-esgotar-passes-gerais\\\/#breadcrumb\"},\"inLanguage\":\"pt-PT\",\"potentialAction\":[{\"@type\":\"ReadAction\",\"target\":[\"https:\\\/\\\/www.altominho.tv\\\/site\\\/2018\\\/07\\\/16\\\/festival-sonic-blast-encerra-cartaz-com-cinco-nomes-prestes-a-esgotar-passes-gerais\\\/\"]}]},{\"@type\":\"ImageObject\",\"inLanguage\":\"pt-PT\",\"@id\":\"https:\\\/\\\/www.altominho.tv\\\/site\\\/2018\\\/07\\\/16\\\/festival-sonic-blast-encerra-cartaz-com-cinco-nomes-prestes-a-esgotar-passes-gerais\\\/#primaryimage\",\"url\":\"https:\\\/\\\/www.altominho.tv\\\/site\\\/wp-content\\\/uploads\\\/2018\\\/07\\\/sonic.jpg\",\"contentUrl\":\"https:\\\/\\\/www.altominho.tv\\\/site\\\/wp-content\\\/uploads\\\/2018\\\/07\\\/sonic.jpg\",\"width\":750,\"height\":258},{\"@type\":\"BreadcrumbList\",\"@id\":\"https:\\\/\\\/www.altominho.tv\\\/site\\\/2018\\\/07\\\/16\\\/festival-sonic-blast-encerra-cartaz-com-cinco-nomes-prestes-a-esgotar-passes-gerais\\\/#breadcrumb\",\"itemListElement\":[{\"@type\":\"ListItem\",\"position\":1,\"name\":\"In\u00edcio\",\"item\":\"https:\\\/\\\/www.altominho.tv\\\/site\\\/\"},{\"@type\":\"ListItem\",\"position\":2,\"name\":\"Festival Sonic Blast encerra cartaz com cinco nomes prestes a esgotar passes gerais\"}]},{\"@type\":\"WebSite\",\"@id\":\"https:\\\/\\\/www.altominho.tv\\\/site\\\/#website\",\"url\":\"https:\\\/\\\/www.altominho.tv\\\/site\\\/\",\"name\":\"Altominho.tv\",\"description\":\"A sua regi\u00e3o \u00e0 dist\u00e2ncia de um clique...\",\"potentialAction\":[{\"@type\":\"SearchAction\",\"target\":{\"@type\":\"EntryPoint\",\"urlTemplate\":\"https:\\\/\\\/www.altominho.tv\\\/site\\\/?s={search_term_string}\"},\"query-input\":{\"@type\":\"PropertyValueSpecification\",\"valueRequired\":true,\"valueName\":\"search_term_string\"}}],\"inLanguage\":\"pt-PT\"},{\"@type\":\"Person\",\"@id\":\"https:\\\/\\\/www.altominho.tv\\\/site\\\/#\\\/schema\\\/person\\\/a0e4ef6d041f98ca284393d8f1d97153\",\"name\":\"Andreia Cunha\",\"image\":{\"@type\":\"ImageObject\",\"inLanguage\":\"pt-PT\",\"@id\":\"https:\\\/\\\/www.altominho.tv\\\/site\\\/wp-content\\\/uploads\\\/2017\\\/11\\\/Andreia_Cunha-1-150x150.jpg\",\"url\":\"https:\\\/\\\/www.altominho.tv\\\/site\\\/wp-content\\\/uploads\\\/2017\\\/11\\\/Andreia_Cunha-1-150x150.jpg\",\"contentUrl\":\"https:\\\/\\\/www.altominho.tv\\\/site\\\/wp-content\\\/uploads\\\/2017\\\/11\\\/Andreia_Cunha-1-150x150.jpg\",\"caption\":\"Andreia Cunha\"},\"url\":\"https:\\\/\\\/www.altominho.tv\\\/site\\\/author\\\/andreiacunha\\\/\"}]}<\/script>\n<!-- \/ Yoast SEO Premium plugin. -->","yoast_head_json":{"title":"Festival Sonic Blast encerra cartaz com cinco nomes prestes a esgotar passes gerais","robots":{"index":"index","follow":"follow","max-snippet":"max-snippet:-1","max-image-preview":"max-image-preview:large","max-video-preview":"max-video-preview:-1"},"canonical":"https:\/\/www.altominho.tv\/site\/2018\/07\/16\/festival-sonic-blast-encerra-cartaz-com-cinco-nomes-prestes-a-esgotar-passes-gerais\/","og_locale":"pt_PT","og_type":"article","og_title":"Festival Sonic Blast encerra cartaz com cinco nomes prestes a esgotar passes gerais","og_description":"O Festival Sonic Blast, que vai ter, entre 10 e 11 de agosto, a sua oitava edi\u00e7\u00e3o, anunciou hoje os \u00faltimos nomes do cartaz, estando prestes a esgotar os passes gerais, segundo a organiza\u00e7\u00e3o. O evento, que se volta a realizar em Moledo, no concelho de Caminha, distrito de Viana do Castelo, junta assim, ao [&hellip;]","og_url":"https:\/\/www.altominho.tv\/site\/2018\/07\/16\/festival-sonic-blast-encerra-cartaz-com-cinco-nomes-prestes-a-esgotar-passes-gerais\/","og_site_name":"Altominho.tv","article_publisher":"https:\/\/www.facebook.com\/altominhotv","article_published_time":"2018-07-16T09:54:44+00:00","og_image":[{"width":750,"height":258,"url":"https:\/\/www.altominho.tv\/site\/wp-content\/uploads\/2018\/07\/sonic.jpg","type":"image\/jpeg"}],"author":"Andreia Cunha","twitter_card":"summary_large_image","twitter_creator":"@altominhoTV","twitter_site":"@altominhoTV","twitter_misc":{"Escrito por":"Andreia Cunha","Tempo estimado de leitura":"1 minuto"},"schema":{"@context":"https:\/\/schema.org","@graph":[{"@type":"Article","@id":"https:\/\/www.altominho.tv\/site\/2018\/07\/16\/festival-sonic-blast-encerra-cartaz-com-cinco-nomes-prestes-a-esgotar-passes-gerais\/#article","isPartOf":{"@id":"https:\/\/www.altominho.tv\/site\/2018\/07\/16\/festival-sonic-blast-encerra-cartaz-com-cinco-nomes-prestes-a-esgotar-passes-gerais\/"},"author":{"name":"Andreia Cunha","@id":"https:\/\/www.altominho.tv\/site\/#\/schema\/person\/a0e4ef6d041f98ca284393d8f1d97153"},"headline":"Festival Sonic Blast encerra cartaz com cinco nomes prestes a esgotar passes gerais","datePublished":"2018-07-16T09:54:44+00:00","mainEntityOfPage":{"@id":"https:\/\/www.altominho.tv\/site\/2018\/07\/16\/festival-sonic-blast-encerra-cartaz-com-cinco-nomes-prestes-a-esgotar-passes-gerais\/"},"wordCount":295,"image":{"@id":"https:\/\/www.altominho.tv\/site\/2018\/07\/16\/festival-sonic-blast-encerra-cartaz-com-cinco-nomes-prestes-a-esgotar-passes-gerais\/#primaryimage"},"thumbnailUrl":"https:\/\/www.altominho.tv\/site\/wp-content\/uploads\/2018\/07\/sonic.jpg","keywords":["Cultura","Lazer"],"articleSection":["Caminha"],"inLanguage":"pt-PT","copyrightYear":"2018","copyrightHolder":{"@id":"https:\/\/www.altominho.tv\/site\/#organization"}},{"@type":"WebPage","@id":"https:\/\/www.altominho.tv\/site\/2018\/07\/16\/festival-sonic-blast-encerra-cartaz-com-cinco-nomes-prestes-a-esgotar-passes-gerais\/","url":"https:\/\/www.altominho.tv\/site\/2018\/07\/16\/festival-sonic-blast-encerra-cartaz-com-cinco-nomes-prestes-a-esgotar-passes-gerais\/","name":"Festival Sonic Blast encerra cartaz com cinco nomes prestes a esgotar passes gerais","isPartOf":{"@id":"https:\/\/www.altominho.tv\/site\/#website"},"primaryImageOfPage":{"@id":"https:\/\/www.altominho.tv\/site\/2018\/07\/16\/festival-sonic-blast-encerra-cartaz-com-cinco-nomes-prestes-a-esgotar-passes-gerais\/#primaryimage"},"image":{"@id":"https:\/\/www.altominho.tv\/site\/2018\/07\/16\/festival-sonic-blast-encerra-cartaz-com-cinco-nomes-prestes-a-esgotar-passes-gerais\/#primaryimage"},"thumbnailUrl":"https:\/\/www.altominho.tv\/site\/wp-content\/uploads\/2018\/07\/sonic.jpg","datePublished":"2018-07-16T09:54:44+00:00","author":{"@id":"https:\/\/www.altominho.tv\/site\/#\/schema\/person\/a0e4ef6d041f98ca284393d8f1d97153"},"breadcrumb":{"@id":"https:\/\/www.altominho.tv\/site\/2018\/07\/16\/festival-sonic-blast-encerra-cartaz-com-cinco-nomes-prestes-a-esgotar-passes-gerais\/#breadcrumb"},"inLanguage":"pt-PT","potentialAction":[{"@type":"ReadAction","target":["https:\/\/www.altominho.tv\/site\/2018\/07\/16\/festival-sonic-blast-encerra-cartaz-com-cinco-nomes-prestes-a-esgotar-passes-gerais\/"]}]},{"@type":"ImageObject","inLanguage":"pt-PT","@id":"https:\/\/www.altominho.tv\/site\/2018\/07\/16\/festival-sonic-blast-encerra-cartaz-com-cinco-nomes-prestes-a-esgotar-passes-gerais\/#primaryimage","url":"https:\/\/www.altominho.tv\/site\/wp-content\/uploads\/2018\/07\/sonic.jpg","contentUrl":"https:\/\/www.altominho.tv\/site\/wp-content\/uploads\/2018\/07\/sonic.jpg","width":750,"height":258},{"@type":"BreadcrumbList","@id":"https:\/\/www.altominho.tv\/site\/2018\/07\/16\/festival-sonic-blast-encerra-cartaz-com-cinco-nomes-prestes-a-esgotar-passes-gerais\/#breadcrumb","itemListElement":[{"@type":"ListItem","position":1,"name":"In\u00edcio","item":"https:\/\/www.altominho.tv\/site\/"},{"@type":"ListItem","position":2,"name":"Festival Sonic Blast encerra cartaz com cinco nomes prestes a esgotar passes gerais"}]},{"@type":"WebSite","@id":"https:\/\/www.altominho.tv\/site\/#website","url":"https:\/\/www.altominho.tv\/site\/","name":"Altominho.tv","description":"A sua regi\u00e3o \u00e0 dist\u00e2ncia de um clique...","potentialAction":[{"@type":"SearchAction","target":{"@type":"EntryPoint","urlTemplate":"https:\/\/www.altominho.tv\/site\/?s={search_term_string}"},"query-input":{"@type":"PropertyValueSpecification","valueRequired":true,"valueName":"search_term_string"}}],"inLanguage":"pt-PT"},{"@type":"Person","@id":"https:\/\/www.altominho.tv\/site\/#\/schema\/person\/a0e4ef6d041f98ca284393d8f1d97153","name":"Andreia Cunha","image":{"@type":"ImageObject","inLanguage":"pt-PT","@id":"https:\/\/www.altominho.tv\/site\/wp-content\/uploads\/2017\/11\/Andreia_Cunha-1-150x150.jpg","url":"https:\/\/www.altominho.tv\/site\/wp-content\/uploads\/2017\/11\/Andreia_Cunha-1-150x150.jpg","contentUrl":"https:\/\/www.altominho.tv\/site\/wp-content\/uploads\/2017\/11\/Andreia_Cunha-1-150x150.jpg","caption":"Andreia Cunha"},"url":"https:\/\/www.altominho.tv\/site\/author\/andreiacunha\/"}]}},"_links":{"self":[{"href":"https:\/\/www.altominho.tv\/site\/wp-json\/wp\/v2\/posts\/16412","targetHints":{"allow":["GET"]}}],"collection":[{"href":"https:\/\/www.altominho.tv\/site\/wp-json\/wp\/v2\/posts"}],"about":[{"href":"https:\/\/www.altominho.tv\/site\/wp-json\/wp\/v2\/types\/post"}],"author":[{"embeddable":true,"href":"https:\/\/www.altominho.tv\/site\/wp-json\/wp\/v2\/users\/7"}],"replies":[{"embeddable":true,"href":"https:\/\/www.altominho.tv\/site\/wp-json\/wp\/v2\/comments?post=16412"}],"version-history":[{"count":0,"href":"https:\/\/www.altominho.tv\/site\/wp-json\/wp\/v2\/posts\/16412\/revisions"}],"wp:featuredmedia":[{"embeddable":true,"href":"https:\/\/www.altominho.tv\/site\/wp-json\/wp\/v2\/media\/16413"}],"wp:attachment":[{"href":"https:\/\/www.altominho.tv\/site\/wp-json\/wp\/v2\/media?parent=16412"}],"wp:term":[{"taxonomy":"category","embeddable":true,"href":"https:\/\/www.altominho.tv\/site\/wp-json\/wp\/v2\/categories?post=16412"},{"taxonomy":"post_tag","embeddable":true,"href":"https:\/\/www.altominho.tv\/site\/wp-json\/wp\/v2\/tags?post=16412"}],"curies":[{"name":"wp","href":"https:\/\/api.w.org\/{rel}","templated":true}]}}