{"id":16380,"date":"2018-07-13T15:33:51","date_gmt":"2018-07-13T14:33:51","guid":{"rendered":"http:\/\/www.altominho.tv\/site\/?p=16380"},"modified":"2018-07-13T15:33:51","modified_gmt":"2018-07-13T14:33:51","slug":"xx-edicao-da-arte-na-leira-abre-amanha-e-homenageia-vilarinho-de-covas","status":"publish","type":"post","link":"https:\/\/www.altominho.tv\/site\/2018\/07\/13\/xx-edicao-da-arte-na-leira-abre-amanha-e-homenageia-vilarinho-de-covas\/","title":{"rendered":"XX edi\u00e7\u00e3o da arte na leira abre amanh\u00e3 e homenageia \u201cVilarinho de Covas\u201d"},"content":{"rendered":"<p>Um painel de azulejos, de grandes dimens\u00f5es e em alto relevo, foi a forma escolhida pelo pintor M\u00e1rio Rocha como homenagem a um velho amigo, um ex\u00edmio tocador de concertina, conhecido como o \u201cVilarinho de Covas\u201d. A obra pode ser admirada, ao lado de v\u00e1rios outros exemplares de m\u00faltiplas disciplinas art\u00edsticas, na Arte na Leira, a partir de amanh\u00e3. Esta \u00e9 a XX edi\u00e7\u00e3o de um evento que juntou, pela primeira vez h\u00e1 duas d\u00e9cadas, no cora\u00e7\u00e3o da Serra d\u2019Arga, mundos de coexist\u00eancia improv\u00e1vel: a ruralidade mais vincada e agreste e a arte moderna. O sucesso foi imediato e as sucessivas edi\u00e7\u00f5es, sempre acarinhadas por numeroso p\u00fablico, s\u00e3o prova disso mesmo.<\/p>\n<p>Pintura, escultura, cer\u00e2mica, desenho, joalharia s\u00e3o, entre outras, as \u00e1reas art\u00edsticas representadas nesta XX edi\u00e7\u00e3o da Arte na Leira, que se realiza de 14 de julho a 19 de agosto. O certame \u00e9 inaugurado este s\u00e1bado, pelas 18h30, na Casa do Marco, em Arga de Baixo, Caminha. O programa de abertura, al\u00e9m da visita \u00e0s zonas de exposi\u00e7\u00e3o, inclui um conjunto de atividades de anima\u00e7\u00e3o e fogo de artif\u00edcio. A mostra \u00e9 da responsabilidade da Funda\u00e7\u00e3o M\u00e1rio Rocha e conta com o apoio da C\u00e2mara de Caminha.<\/p>\n<p>Uma das pe\u00e7as que certamente atrair\u00e1 a aten\u00e7\u00e3o dos visitantes \u00e9 a que presta homenagem ao m\u00fasico Nelson Vilarinho (Vilarinho de Covas). Estar\u00e1 patente na parte exterior da Casa do Marco, sendo composta por v\u00e1rias dezenas de azulejos, em alto relevo, pintados pelo pr\u00f3prio M\u00e1rio Rocha.<\/p>\n<p>\u201cVilarinho de Covas\u201d era um homem da regi\u00e3o, sendo considerado um dos melhores tocadores de concertina do Alto Minho. Amigo de Pedro Homem de Melo, acompanhou o poeta por diversas vezes e levou o som da sua concertina al\u00e9m-fronteiras.<\/p>\n<p>Mas a pr\u00f3pria Arte na Leira est\u00e1 tamb\u00e9m de parab\u00e9ns, completando 20 anos de mostras ininterruptas. Um sucesso que se explica pelas carater\u00edsticas do seu promotor e pela qualidade que sempre imprimiu ao evento. \u201cH\u00e1 20 anos, a ideia de levar a arte moderna para o cora\u00e7\u00e3o da Serra d\u2019Arga era algo que s\u00f3 podia ocorrer aos artistas! Absurdo, disparatado, exc\u00eantrico &#8211; ter\u00e3o pensado alguns. Estes descrentes \u2013 e n\u00e3o ter\u00e3o sido poucos \u2013 se minimamente conhecedores da Serra d\u2019Arga, sabiam que estava em causa (como ainda est\u00e1) um territ\u00f3rio rude, fortemente marcado pela ruralidade, inexplorado pelo que a \u2018dita\u00b4 civiliza\u00e7\u00e3o tem de pior, onde as gentes vivem em comunidade, conhecem todos os vizinhos, conservam h\u00e1bitos ancestrais, cultivando a terra ou criando o gado\u201d, refere Miguel Alves. O presidente acrescenta: \u201cN\u00e3o posso condenar os cr\u00edticos, mas tenho de enaltecer a vis\u00e3o estrat\u00e9gica de quem teve a ideia e a conseguiu concretizar. Foi um artista, \u00e9 verdade que sim, o pintor M\u00e1rio Rocha. Vinte anos depois, a Arte na Leira continua, cada vez melhor, cada vez mais forte, e j\u00e1 ningu\u00e9m duvida da sua continuidade, nem questiona a pertin\u00eancia de uma tal mistura improv\u00e1vel\u201d.<\/p>\n<p>Na opini\u00e3o do presidente da C\u00e2mara de Caminha, o segredo do sucesso do evento deve-se, em boa parte, \u00e0 qualidade que teve, desde o in\u00edcio, atraindo artistas de renome, que partilharam a Leira da Casa do Marco com outros menos conhecidos, com escolas. Uma f\u00f3rmula vencedora, despida de preconceitos, onde a arrog\u00e2ncia de certas elites culturais n\u00e3o encontrou eco e at\u00e9 conseguiu derrubar barreiras. \u201c\u00c9 minha convic\u00e7\u00e3o, por\u00e9m, que n\u00e3o estar\u00edamos hoje a contar a hist\u00f3ria da Arte da Leira, pelo menos como ela acabou por acontecer, se a popula\u00e7\u00e3o local n\u00e3o tivesse acarinhado o evento desde a primeira hora\u201d.<\/p>\n<p>Ao assinalar duas d\u00e9cadas, conclui Miguel Alves, \u201co projeto Arte na Leira est\u00e1 hoje completamente consolidado, tem condi\u00e7\u00f5es para crescer e o seu mentor, M\u00e1rio Rocha, saber\u00e1 abrir novos caminhos. O concelho orgulha-se deste evento, um evento que prestigia a nossa oferta cultural, que alegra a popula\u00e7\u00e3o serrana e que faz da nossa Serra d\u2019Arga uma montra ainda mais preciosa\u201d.<\/p>\n<p>&nbsp;<\/p>\n","protected":false},"excerpt":{"rendered":"<p>Um painel de azulejos, de grandes dimens\u00f5es e em alto relevo, foi a forma escolhida pelo pintor M\u00e1rio Rocha como homenagem a um velho amigo, um ex\u00edmio tocador de concertina, conhecido como o \u201cVilarinho de Covas\u201d. A obra pode ser admirada, ao lado de v\u00e1rios outros exemplares de m\u00faltiplas disciplinas art\u00edsticas, na Arte na Leira, [&hellip;]<\/p>\n","protected":false},"author":11,"featured_media":16381,"comment_status":"closed","ping_status":"closed","sticky":false,"template":"","format":"standard","meta":{"_exactmetrics_skip_tracking":false,"_exactmetrics_sitenote_active":false,"_exactmetrics_sitenote_note":"","_exactmetrics_sitenote_category":0,"footnotes":""},"categories":[7],"tags":[27],"class_list":["post-16380","post","type-post","status-publish","format-standard","has-post-thumbnail","hentry","category-caminha","tag-sociedade"],"yoast_head":"<!-- This site is optimized with the Yoast SEO Premium plugin v27.5 (Yoast SEO v27.5) - https:\/\/yoast.com\/product\/yoast-seo-premium-wordpress\/ -->\n<title>XX edi\u00e7\u00e3o da arte na leira abre amanh\u00e3 e homenageia \u201cVilarinho de Covas\u201d<\/title>\n<meta name=\"robots\" content=\"index, follow, max-snippet:-1, max-image-preview:large, max-video-preview:-1\" \/>\n<link rel=\"canonical\" href=\"https:\/\/www.altominho.tv\/site\/2018\/07\/13\/xx-edicao-da-arte-na-leira-abre-amanha-e-homenageia-vilarinho-de-covas\/\" \/>\n<meta property=\"og:locale\" content=\"pt_PT\" \/>\n<meta property=\"og:type\" content=\"article\" \/>\n<meta property=\"og:title\" content=\"XX edi\u00e7\u00e3o da arte na leira abre amanh\u00e3 e homenageia \u201cVilarinho de Covas\u201d\" \/>\n<meta property=\"og:description\" content=\"Um painel de azulejos, de grandes dimens\u00f5es e em alto relevo, foi a forma escolhida pelo pintor M\u00e1rio Rocha como homenagem a um velho amigo, um ex\u00edmio tocador de concertina, conhecido como o \u201cVilarinho de Covas\u201d. A obra pode ser admirada, ao lado de v\u00e1rios outros exemplares de m\u00faltiplas disciplinas art\u00edsticas, na Arte na Leira, [&hellip;]\" \/>\n<meta property=\"og:url\" content=\"https:\/\/www.altominho.tv\/site\/2018\/07\/13\/xx-edicao-da-arte-na-leira-abre-amanha-e-homenageia-vilarinho-de-covas\/\" \/>\n<meta property=\"og:site_name\" content=\"Altominho.tv\" \/>\n<meta property=\"article:publisher\" content=\"https:\/\/www.facebook.com\/altominhotv\" \/>\n<meta property=\"article:published_time\" content=\"2018-07-13T14:33:51+00:00\" \/>\n<meta property=\"og:image\" content=\"https:\/\/www.altominho.tv\/site\/wp-content\/uploads\/2018\/07\/Arte-na-Leira-1.jpg\" \/>\n\t<meta property=\"og:image:width\" content=\"960\" \/>\n\t<meta property=\"og:image:height\" content=\"640\" \/>\n\t<meta property=\"og:image:type\" content=\"image\/jpeg\" \/>\n<meta name=\"author\" content=\"M\u00e1rcio Ferreira\" \/>\n<meta name=\"twitter:card\" content=\"summary_large_image\" \/>\n<meta name=\"twitter:creator\" content=\"@altominhoTV\" \/>\n<meta name=\"twitter:site\" content=\"@altominhoTV\" \/>\n<meta name=\"twitter:label1\" content=\"Escrito por\" \/>\n\t<meta name=\"twitter:data1\" content=\"M\u00e1rcio Ferreira\" \/>\n\t<meta name=\"twitter:label2\" content=\"Tempo estimado de leitura\" \/>\n\t<meta name=\"twitter:data2\" content=\"3 minutos\" \/>\n<script type=\"application\/ld+json\" class=\"yoast-schema-graph\">{\"@context\":\"https:\\\/\\\/schema.org\",\"@graph\":[{\"@type\":\"Article\",\"@id\":\"https:\\\/\\\/www.altominho.tv\\\/site\\\/2018\\\/07\\\/13\\\/xx-edicao-da-arte-na-leira-abre-amanha-e-homenageia-vilarinho-de-covas\\\/#article\",\"isPartOf\":{\"@id\":\"https:\\\/\\\/www.altominho.tv\\\/site\\\/2018\\\/07\\\/13\\\/xx-edicao-da-arte-na-leira-abre-amanha-e-homenageia-vilarinho-de-covas\\\/\"},\"author\":{\"name\":\"M\u00e1rcio Ferreira\",\"@id\":\"https:\\\/\\\/www.altominho.tv\\\/site\\\/#\\\/schema\\\/person\\\/f836e37082b5dabe9144f3eb724ed5a7\"},\"headline\":\"XX edi\u00e7\u00e3o da arte na leira abre amanh\u00e3 e homenageia \u201cVilarinho de Covas\u201d\",\"datePublished\":\"2018-07-13T14:33:51+00:00\",\"mainEntityOfPage\":{\"@id\":\"https:\\\/\\\/www.altominho.tv\\\/site\\\/2018\\\/07\\\/13\\\/xx-edicao-da-arte-na-leira-abre-amanha-e-homenageia-vilarinho-de-covas\\\/\"},\"wordCount\":713,\"image\":{\"@id\":\"https:\\\/\\\/www.altominho.tv\\\/site\\\/2018\\\/07\\\/13\\\/xx-edicao-da-arte-na-leira-abre-amanha-e-homenageia-vilarinho-de-covas\\\/#primaryimage\"},\"thumbnailUrl\":\"https:\\\/\\\/www.altominho.tv\\\/site\\\/wp-content\\\/uploads\\\/2018\\\/07\\\/Arte-na-Leira-1.jpg\",\"keywords\":[\"Sociedade\"],\"articleSection\":[\"Caminha\"],\"inLanguage\":\"pt-PT\",\"copyrightYear\":\"2018\",\"copyrightHolder\":{\"@id\":\"https:\\\/\\\/www.altominho.tv\\\/site\\\/#organization\"}},{\"@type\":\"WebPage\",\"@id\":\"https:\\\/\\\/www.altominho.tv\\\/site\\\/2018\\\/07\\\/13\\\/xx-edicao-da-arte-na-leira-abre-amanha-e-homenageia-vilarinho-de-covas\\\/\",\"url\":\"https:\\\/\\\/www.altominho.tv\\\/site\\\/2018\\\/07\\\/13\\\/xx-edicao-da-arte-na-leira-abre-amanha-e-homenageia-vilarinho-de-covas\\\/\",\"name\":\"XX edi\u00e7\u00e3o da arte na leira abre amanh\u00e3 e homenageia \u201cVilarinho de Covas\u201d\",\"isPartOf\":{\"@id\":\"https:\\\/\\\/www.altominho.tv\\\/site\\\/#website\"},\"primaryImageOfPage\":{\"@id\":\"https:\\\/\\\/www.altominho.tv\\\/site\\\/2018\\\/07\\\/13\\\/xx-edicao-da-arte-na-leira-abre-amanha-e-homenageia-vilarinho-de-covas\\\/#primaryimage\"},\"image\":{\"@id\":\"https:\\\/\\\/www.altominho.tv\\\/site\\\/2018\\\/07\\\/13\\\/xx-edicao-da-arte-na-leira-abre-amanha-e-homenageia-vilarinho-de-covas\\\/#primaryimage\"},\"thumbnailUrl\":\"https:\\\/\\\/www.altominho.tv\\\/site\\\/wp-content\\\/uploads\\\/2018\\\/07\\\/Arte-na-Leira-1.jpg\",\"datePublished\":\"2018-07-13T14:33:51+00:00\",\"author\":{\"@id\":\"https:\\\/\\\/www.altominho.tv\\\/site\\\/#\\\/schema\\\/person\\\/f836e37082b5dabe9144f3eb724ed5a7\"},\"breadcrumb\":{\"@id\":\"https:\\\/\\\/www.altominho.tv\\\/site\\\/2018\\\/07\\\/13\\\/xx-edicao-da-arte-na-leira-abre-amanha-e-homenageia-vilarinho-de-covas\\\/#breadcrumb\"},\"inLanguage\":\"pt-PT\",\"potentialAction\":[{\"@type\":\"ReadAction\",\"target\":[\"https:\\\/\\\/www.altominho.tv\\\/site\\\/2018\\\/07\\\/13\\\/xx-edicao-da-arte-na-leira-abre-amanha-e-homenageia-vilarinho-de-covas\\\/\"]}]},{\"@type\":\"ImageObject\",\"inLanguage\":\"pt-PT\",\"@id\":\"https:\\\/\\\/www.altominho.tv\\\/site\\\/2018\\\/07\\\/13\\\/xx-edicao-da-arte-na-leira-abre-amanha-e-homenageia-vilarinho-de-covas\\\/#primaryimage\",\"url\":\"https:\\\/\\\/www.altominho.tv\\\/site\\\/wp-content\\\/uploads\\\/2018\\\/07\\\/Arte-na-Leira-1.jpg\",\"contentUrl\":\"https:\\\/\\\/www.altominho.tv\\\/site\\\/wp-content\\\/uploads\\\/2018\\\/07\\\/Arte-na-Leira-1.jpg\",\"width\":960,\"height\":640},{\"@type\":\"BreadcrumbList\",\"@id\":\"https:\\\/\\\/www.altominho.tv\\\/site\\\/2018\\\/07\\\/13\\\/xx-edicao-da-arte-na-leira-abre-amanha-e-homenageia-vilarinho-de-covas\\\/#breadcrumb\",\"itemListElement\":[{\"@type\":\"ListItem\",\"position\":1,\"name\":\"In\u00edcio\",\"item\":\"https:\\\/\\\/www.altominho.tv\\\/site\\\/\"},{\"@type\":\"ListItem\",\"position\":2,\"name\":\"XX edi\u00e7\u00e3o da arte na leira abre amanh\u00e3 e homenageia \u201cVilarinho de Covas\u201d\"}]},{\"@type\":\"WebSite\",\"@id\":\"https:\\\/\\\/www.altominho.tv\\\/site\\\/#website\",\"url\":\"https:\\\/\\\/www.altominho.tv\\\/site\\\/\",\"name\":\"Altominho.tv\",\"description\":\"A sua regi\u00e3o \u00e0 dist\u00e2ncia de um clique...\",\"potentialAction\":[{\"@type\":\"SearchAction\",\"target\":{\"@type\":\"EntryPoint\",\"urlTemplate\":\"https:\\\/\\\/www.altominho.tv\\\/site\\\/?s={search_term_string}\"},\"query-input\":{\"@type\":\"PropertyValueSpecification\",\"valueRequired\":true,\"valueName\":\"search_term_string\"}}],\"inLanguage\":\"pt-PT\"},{\"@type\":\"Person\",\"@id\":\"https:\\\/\\\/www.altominho.tv\\\/site\\\/#\\\/schema\\\/person\\\/f836e37082b5dabe9144f3eb724ed5a7\",\"name\":\"M\u00e1rcio Ferreira\",\"image\":{\"@type\":\"ImageObject\",\"inLanguage\":\"pt-PT\",\"@id\":\"https:\\\/\\\/www.altominho.tv\\\/site\\\/wp-content\\\/uploads\\\/2017\\\/11\\\/Marcio-150x150.jpg\",\"url\":\"https:\\\/\\\/www.altominho.tv\\\/site\\\/wp-content\\\/uploads\\\/2017\\\/11\\\/Marcio-150x150.jpg\",\"contentUrl\":\"https:\\\/\\\/www.altominho.tv\\\/site\\\/wp-content\\\/uploads\\\/2017\\\/11\\\/Marcio-150x150.jpg\",\"caption\":\"M\u00e1rcio Ferreira\"},\"url\":\"https:\\\/\\\/www.altominho.tv\\\/site\\\/author\\\/marcioferreira\\\/\"}]}<\/script>\n<!-- \/ Yoast SEO Premium plugin. -->","yoast_head_json":{"title":"XX edi\u00e7\u00e3o da arte na leira abre amanh\u00e3 e homenageia \u201cVilarinho de Covas\u201d","robots":{"index":"index","follow":"follow","max-snippet":"max-snippet:-1","max-image-preview":"max-image-preview:large","max-video-preview":"max-video-preview:-1"},"canonical":"https:\/\/www.altominho.tv\/site\/2018\/07\/13\/xx-edicao-da-arte-na-leira-abre-amanha-e-homenageia-vilarinho-de-covas\/","og_locale":"pt_PT","og_type":"article","og_title":"XX edi\u00e7\u00e3o da arte na leira abre amanh\u00e3 e homenageia \u201cVilarinho de Covas\u201d","og_description":"Um painel de azulejos, de grandes dimens\u00f5es e em alto relevo, foi a forma escolhida pelo pintor M\u00e1rio Rocha como homenagem a um velho amigo, um ex\u00edmio tocador de concertina, conhecido como o \u201cVilarinho de Covas\u201d. A obra pode ser admirada, ao lado de v\u00e1rios outros exemplares de m\u00faltiplas disciplinas art\u00edsticas, na Arte na Leira, [&hellip;]","og_url":"https:\/\/www.altominho.tv\/site\/2018\/07\/13\/xx-edicao-da-arte-na-leira-abre-amanha-e-homenageia-vilarinho-de-covas\/","og_site_name":"Altominho.tv","article_publisher":"https:\/\/www.facebook.com\/altominhotv","article_published_time":"2018-07-13T14:33:51+00:00","og_image":[{"width":960,"height":640,"url":"https:\/\/www.altominho.tv\/site\/wp-content\/uploads\/2018\/07\/Arte-na-Leira-1.jpg","type":"image\/jpeg"}],"author":"M\u00e1rcio Ferreira","twitter_card":"summary_large_image","twitter_creator":"@altominhoTV","twitter_site":"@altominhoTV","twitter_misc":{"Escrito por":"M\u00e1rcio Ferreira","Tempo estimado de leitura":"3 minutos"},"schema":{"@context":"https:\/\/schema.org","@graph":[{"@type":"Article","@id":"https:\/\/www.altominho.tv\/site\/2018\/07\/13\/xx-edicao-da-arte-na-leira-abre-amanha-e-homenageia-vilarinho-de-covas\/#article","isPartOf":{"@id":"https:\/\/www.altominho.tv\/site\/2018\/07\/13\/xx-edicao-da-arte-na-leira-abre-amanha-e-homenageia-vilarinho-de-covas\/"},"author":{"name":"M\u00e1rcio Ferreira","@id":"https:\/\/www.altominho.tv\/site\/#\/schema\/person\/f836e37082b5dabe9144f3eb724ed5a7"},"headline":"XX edi\u00e7\u00e3o da arte na leira abre amanh\u00e3 e homenageia \u201cVilarinho de Covas\u201d","datePublished":"2018-07-13T14:33:51+00:00","mainEntityOfPage":{"@id":"https:\/\/www.altominho.tv\/site\/2018\/07\/13\/xx-edicao-da-arte-na-leira-abre-amanha-e-homenageia-vilarinho-de-covas\/"},"wordCount":713,"image":{"@id":"https:\/\/www.altominho.tv\/site\/2018\/07\/13\/xx-edicao-da-arte-na-leira-abre-amanha-e-homenageia-vilarinho-de-covas\/#primaryimage"},"thumbnailUrl":"https:\/\/www.altominho.tv\/site\/wp-content\/uploads\/2018\/07\/Arte-na-Leira-1.jpg","keywords":["Sociedade"],"articleSection":["Caminha"],"inLanguage":"pt-PT","copyrightYear":"2018","copyrightHolder":{"@id":"https:\/\/www.altominho.tv\/site\/#organization"}},{"@type":"WebPage","@id":"https:\/\/www.altominho.tv\/site\/2018\/07\/13\/xx-edicao-da-arte-na-leira-abre-amanha-e-homenageia-vilarinho-de-covas\/","url":"https:\/\/www.altominho.tv\/site\/2018\/07\/13\/xx-edicao-da-arte-na-leira-abre-amanha-e-homenageia-vilarinho-de-covas\/","name":"XX edi\u00e7\u00e3o da arte na leira abre amanh\u00e3 e homenageia \u201cVilarinho de Covas\u201d","isPartOf":{"@id":"https:\/\/www.altominho.tv\/site\/#website"},"primaryImageOfPage":{"@id":"https:\/\/www.altominho.tv\/site\/2018\/07\/13\/xx-edicao-da-arte-na-leira-abre-amanha-e-homenageia-vilarinho-de-covas\/#primaryimage"},"image":{"@id":"https:\/\/www.altominho.tv\/site\/2018\/07\/13\/xx-edicao-da-arte-na-leira-abre-amanha-e-homenageia-vilarinho-de-covas\/#primaryimage"},"thumbnailUrl":"https:\/\/www.altominho.tv\/site\/wp-content\/uploads\/2018\/07\/Arte-na-Leira-1.jpg","datePublished":"2018-07-13T14:33:51+00:00","author":{"@id":"https:\/\/www.altominho.tv\/site\/#\/schema\/person\/f836e37082b5dabe9144f3eb724ed5a7"},"breadcrumb":{"@id":"https:\/\/www.altominho.tv\/site\/2018\/07\/13\/xx-edicao-da-arte-na-leira-abre-amanha-e-homenageia-vilarinho-de-covas\/#breadcrumb"},"inLanguage":"pt-PT","potentialAction":[{"@type":"ReadAction","target":["https:\/\/www.altominho.tv\/site\/2018\/07\/13\/xx-edicao-da-arte-na-leira-abre-amanha-e-homenageia-vilarinho-de-covas\/"]}]},{"@type":"ImageObject","inLanguage":"pt-PT","@id":"https:\/\/www.altominho.tv\/site\/2018\/07\/13\/xx-edicao-da-arte-na-leira-abre-amanha-e-homenageia-vilarinho-de-covas\/#primaryimage","url":"https:\/\/www.altominho.tv\/site\/wp-content\/uploads\/2018\/07\/Arte-na-Leira-1.jpg","contentUrl":"https:\/\/www.altominho.tv\/site\/wp-content\/uploads\/2018\/07\/Arte-na-Leira-1.jpg","width":960,"height":640},{"@type":"BreadcrumbList","@id":"https:\/\/www.altominho.tv\/site\/2018\/07\/13\/xx-edicao-da-arte-na-leira-abre-amanha-e-homenageia-vilarinho-de-covas\/#breadcrumb","itemListElement":[{"@type":"ListItem","position":1,"name":"In\u00edcio","item":"https:\/\/www.altominho.tv\/site\/"},{"@type":"ListItem","position":2,"name":"XX edi\u00e7\u00e3o da arte na leira abre amanh\u00e3 e homenageia \u201cVilarinho de Covas\u201d"}]},{"@type":"WebSite","@id":"https:\/\/www.altominho.tv\/site\/#website","url":"https:\/\/www.altominho.tv\/site\/","name":"Altominho.tv","description":"A sua regi\u00e3o \u00e0 dist\u00e2ncia de um clique...","potentialAction":[{"@type":"SearchAction","target":{"@type":"EntryPoint","urlTemplate":"https:\/\/www.altominho.tv\/site\/?s={search_term_string}"},"query-input":{"@type":"PropertyValueSpecification","valueRequired":true,"valueName":"search_term_string"}}],"inLanguage":"pt-PT"},{"@type":"Person","@id":"https:\/\/www.altominho.tv\/site\/#\/schema\/person\/f836e37082b5dabe9144f3eb724ed5a7","name":"M\u00e1rcio Ferreira","image":{"@type":"ImageObject","inLanguage":"pt-PT","@id":"https:\/\/www.altominho.tv\/site\/wp-content\/uploads\/2017\/11\/Marcio-150x150.jpg","url":"https:\/\/www.altominho.tv\/site\/wp-content\/uploads\/2017\/11\/Marcio-150x150.jpg","contentUrl":"https:\/\/www.altominho.tv\/site\/wp-content\/uploads\/2017\/11\/Marcio-150x150.jpg","caption":"M\u00e1rcio Ferreira"},"url":"https:\/\/www.altominho.tv\/site\/author\/marcioferreira\/"}]}},"_links":{"self":[{"href":"https:\/\/www.altominho.tv\/site\/wp-json\/wp\/v2\/posts\/16380","targetHints":{"allow":["GET"]}}],"collection":[{"href":"https:\/\/www.altominho.tv\/site\/wp-json\/wp\/v2\/posts"}],"about":[{"href":"https:\/\/www.altominho.tv\/site\/wp-json\/wp\/v2\/types\/post"}],"author":[{"embeddable":true,"href":"https:\/\/www.altominho.tv\/site\/wp-json\/wp\/v2\/users\/11"}],"replies":[{"embeddable":true,"href":"https:\/\/www.altominho.tv\/site\/wp-json\/wp\/v2\/comments?post=16380"}],"version-history":[{"count":0,"href":"https:\/\/www.altominho.tv\/site\/wp-json\/wp\/v2\/posts\/16380\/revisions"}],"wp:featuredmedia":[{"embeddable":true,"href":"https:\/\/www.altominho.tv\/site\/wp-json\/wp\/v2\/media\/16381"}],"wp:attachment":[{"href":"https:\/\/www.altominho.tv\/site\/wp-json\/wp\/v2\/media?parent=16380"}],"wp:term":[{"taxonomy":"category","embeddable":true,"href":"https:\/\/www.altominho.tv\/site\/wp-json\/wp\/v2\/categories?post=16380"},{"taxonomy":"post_tag","embeddable":true,"href":"https:\/\/www.altominho.tv\/site\/wp-json\/wp\/v2\/tags?post=16380"}],"curies":[{"name":"wp","href":"https:\/\/api.w.org\/{rel}","templated":true}]}}