{"id":16367,"date":"2018-07-13T10:08:19","date_gmt":"2018-07-13T09:08:19","guid":{"rendered":"http:\/\/www.altominho.tv\/site\/?p=16367"},"modified":"2018-07-13T10:08:19","modified_gmt":"2018-07-13T09:08:19","slug":"mais-de-20-instituicoes-de-ensino-superior-portuguesas-e-estrangeiras-vao-participar-na-bienal-de-cerveira","status":"publish","type":"post","link":"https:\/\/www.altominho.tv\/site\/2018\/07\/13\/mais-de-20-instituicoes-de-ensino-superior-portuguesas-e-estrangeiras-vao-participar-na-bienal-de-cerveira\/","title":{"rendered":"Mais de 20 institui\u00e7\u00f5es de ensino superior portuguesas e estrangeiras v\u00e3o participar na bienal de Cerveira"},"content":{"rendered":"<p>Com o intuito de aproximar os conceitos cient\u00edficos da pr\u00e1tica art\u00edstica e promover a reflex\u00e3o entre alunos, professores e artistas, foram convidados a participar na XX Bienal Internacional de Arte de Cerveira faculdades, institutos e escolas superiores da \u00e1rea das artes. No total, s\u00e3o 21 as institui\u00e7\u00f5es que aceitam este desafio e que v\u00e3o expor na bienal de arte mais antiga do pa\u00eds e da Pen\u00ednsula Ib\u00e9rica.<\/p>\n<p><strong>\u00a0<\/strong>\u201cAs Bienais Internacionais de Arte de Cerveira s\u00e3o desde 1978 um local de encontro, debate e investiga\u00e7\u00e3o de Arte Contempor\u00e2nea, pelo que a presen\u00e7a destas entidades contribuir\u00e1, certamente, para uma reflex\u00e3o conjunta.\u00a0 A novidade este ano \u00e9 a participa\u00e7\u00e3o de entidades estrangeiras de pa\u00edses como a R\u00fassia, Per\u00fa e Col\u00f4mbia\u201d, explica o presidente da Funda\u00e7\u00e3o Bienal de Arte de Cerveira, Fernando Nogueira.<\/p>\n<p>A Factory VNC (antigo quartel dos Bombeiros Volunt\u00e1rios de Vila Nova de Cerveira) vai acolher, nesta edi\u00e7\u00e3o, as seguintes institui\u00e7\u00f5es de ensino superior portuguesas: a Escola Superior de Artes e Design de Matosinhos, a Escola Superior de Artes e Design das Caldas da Rainha do Polit\u00e9cnico de Leiria, a Escola Superior Art\u00edstica do Porto, a Escola Superior de Educa\u00e7\u00e3o do Instituto Polit\u00e9cnico de Viana do Castelo, a Escola Superior de Educa\u00e7\u00e3o do Instituto Polit\u00e9cnico do Porto (IPP), a Escola Superior Gallaecia, a Escola Superior de M\u00e9dia Artes e Design do IPP, a Escola Superior de M\u00fasica e Artes do Espet\u00e1culo do IPP, a Faculdade de Belas-Artes da Universidade de Lisboa, a Faculdade de Belas-Artes da Universidade do Porto, a Escola Superior de Educa\u00e7\u00e3o do Instituto Polit\u00e9cnico de Bragan\u00e7a, o Instituto Polit\u00e9cnico de Tomar, a Universidade Aberta, a Universidade do Algarve, Col\u00e9gio das Artes da Universidade de Coimbra, a Escola de Artes da Universidade de \u00c9vora, Departamento de Artes Visuais e Design, e a Universidade de Tr\u00e1s-os-Montes e Alto Douro.<\/p>\n","protected":false},"excerpt":{"rendered":"<p>Com o intuito de aproximar os conceitos cient\u00edficos da pr\u00e1tica art\u00edstica e promover a reflex\u00e3o entre alunos, professores e artistas, foram convidados a participar na XX Bienal Internacional de Arte de Cerveira faculdades, institutos e escolas superiores da \u00e1rea das artes. No total, s\u00e3o 21 as institui\u00e7\u00f5es que aceitam este desafio e que v\u00e3o expor [&hellip;]<\/p>\n","protected":false},"author":11,"featured_media":16368,"comment_status":"closed","ping_status":"closed","sticky":false,"template":"","format":"standard","meta":{"_exactmetrics_skip_tracking":false,"_exactmetrics_sitenote_active":false,"_exactmetrics_sitenote_note":"","_exactmetrics_sitenote_category":0,"footnotes":""},"categories":[15],"tags":[27],"class_list":["post-16367","post","type-post","status-publish","format-standard","has-post-thumbnail","hentry","category-vila-nova-de-cerveira","tag-sociedade"],"yoast_head":"<!-- This site is optimized with the Yoast SEO Premium plugin v27.4 (Yoast SEO v27.4) - https:\/\/yoast.com\/product\/yoast-seo-premium-wordpress\/ -->\n<title>Mais de 20 institui\u00e7\u00f5es de ensino superior portuguesas e estrangeiras v\u00e3o participar na bienal de Cerveira<\/title>\n<meta name=\"robots\" content=\"index, follow, max-snippet:-1, max-image-preview:large, max-video-preview:-1\" \/>\n<link rel=\"canonical\" href=\"https:\/\/www.altominho.tv\/site\/2018\/07\/13\/mais-de-20-instituicoes-de-ensino-superior-portuguesas-e-estrangeiras-vao-participar-na-bienal-de-cerveira\/\" \/>\n<meta property=\"og:locale\" content=\"pt_PT\" \/>\n<meta property=\"og:type\" content=\"article\" \/>\n<meta property=\"og:title\" content=\"Mais de 20 institui\u00e7\u00f5es de ensino superior portuguesas e estrangeiras v\u00e3o participar na bienal de Cerveira\" \/>\n<meta property=\"og:description\" content=\"Com o intuito de aproximar os conceitos cient\u00edficos da pr\u00e1tica art\u00edstica e promover a reflex\u00e3o entre alunos, professores e artistas, foram convidados a participar na XX Bienal Internacional de Arte de Cerveira faculdades, institutos e escolas superiores da \u00e1rea das artes. No total, s\u00e3o 21 as institui\u00e7\u00f5es que aceitam este desafio e que v\u00e3o expor [&hellip;]\" \/>\n<meta property=\"og:url\" content=\"https:\/\/www.altominho.tv\/site\/2018\/07\/13\/mais-de-20-instituicoes-de-ensino-superior-portuguesas-e-estrangeiras-vao-participar-na-bienal-de-cerveira\/\" \/>\n<meta property=\"og:site_name\" content=\"Altominho.tv\" \/>\n<meta property=\"article:publisher\" content=\"https:\/\/www.facebook.com\/altominhotv\" \/>\n<meta property=\"article:published_time\" content=\"2018-07-13T09:08:19+00:00\" \/>\n<meta property=\"og:image\" content=\"https:\/\/www.altominho.tv\/site\/wp-content\/uploads\/2018\/07\/image001-2.png\" \/>\n\t<meta property=\"og:image:width\" content=\"310\" \/>\n\t<meta property=\"og:image:height\" content=\"207\" \/>\n\t<meta property=\"og:image:type\" content=\"image\/png\" \/>\n<meta name=\"author\" content=\"M\u00e1rcio Ferreira\" \/>\n<meta name=\"twitter:card\" content=\"summary_large_image\" \/>\n<meta name=\"twitter:creator\" content=\"@altominhoTV\" \/>\n<meta name=\"twitter:site\" content=\"@altominhoTV\" \/>\n<meta name=\"twitter:label1\" content=\"Escrito por\" \/>\n\t<meta name=\"twitter:data1\" content=\"M\u00e1rcio Ferreira\" \/>\n\t<meta name=\"twitter:label2\" content=\"Tempo estimado de leitura\" \/>\n\t<meta name=\"twitter:data2\" content=\"2 minutos\" \/>\n<script type=\"application\/ld+json\" class=\"yoast-schema-graph\">{\"@context\":\"https:\\\/\\\/schema.org\",\"@graph\":[{\"@type\":\"Article\",\"@id\":\"https:\\\/\\\/www.altominho.tv\\\/site\\\/2018\\\/07\\\/13\\\/mais-de-20-instituicoes-de-ensino-superior-portuguesas-e-estrangeiras-vao-participar-na-bienal-de-cerveira\\\/#article\",\"isPartOf\":{\"@id\":\"https:\\\/\\\/www.altominho.tv\\\/site\\\/2018\\\/07\\\/13\\\/mais-de-20-instituicoes-de-ensino-superior-portuguesas-e-estrangeiras-vao-participar-na-bienal-de-cerveira\\\/\"},\"author\":{\"name\":\"M\u00e1rcio Ferreira\",\"@id\":\"https:\\\/\\\/www.altominho.tv\\\/site\\\/#\\\/schema\\\/person\\\/f836e37082b5dabe9144f3eb724ed5a7\"},\"headline\":\"Mais de 20 institui\u00e7\u00f5es de ensino superior portuguesas e estrangeiras v\u00e3o participar na bienal de Cerveira\",\"datePublished\":\"2018-07-13T09:08:19+00:00\",\"mainEntityOfPage\":{\"@id\":\"https:\\\/\\\/www.altominho.tv\\\/site\\\/2018\\\/07\\\/13\\\/mais-de-20-instituicoes-de-ensino-superior-portuguesas-e-estrangeiras-vao-participar-na-bienal-de-cerveira\\\/\"},\"wordCount\":350,\"image\":{\"@id\":\"https:\\\/\\\/www.altominho.tv\\\/site\\\/2018\\\/07\\\/13\\\/mais-de-20-instituicoes-de-ensino-superior-portuguesas-e-estrangeiras-vao-participar-na-bienal-de-cerveira\\\/#primaryimage\"},\"thumbnailUrl\":\"https:\\\/\\\/www.altominho.tv\\\/site\\\/wp-content\\\/uploads\\\/2018\\\/07\\\/image001-2.png\",\"keywords\":[\"Sociedade\"],\"articleSection\":[\"Vila Nova de Cerveira\"],\"inLanguage\":\"pt-PT\",\"copyrightYear\":\"2018\",\"copyrightHolder\":{\"@id\":\"https:\\\/\\\/www.altominho.tv\\\/site\\\/#organization\"}},{\"@type\":\"WebPage\",\"@id\":\"https:\\\/\\\/www.altominho.tv\\\/site\\\/2018\\\/07\\\/13\\\/mais-de-20-instituicoes-de-ensino-superior-portuguesas-e-estrangeiras-vao-participar-na-bienal-de-cerveira\\\/\",\"url\":\"https:\\\/\\\/www.altominho.tv\\\/site\\\/2018\\\/07\\\/13\\\/mais-de-20-instituicoes-de-ensino-superior-portuguesas-e-estrangeiras-vao-participar-na-bienal-de-cerveira\\\/\",\"name\":\"Mais de 20 institui\u00e7\u00f5es de ensino superior portuguesas e estrangeiras v\u00e3o participar na bienal de Cerveira\",\"isPartOf\":{\"@id\":\"https:\\\/\\\/www.altominho.tv\\\/site\\\/#website\"},\"primaryImageOfPage\":{\"@id\":\"https:\\\/\\\/www.altominho.tv\\\/site\\\/2018\\\/07\\\/13\\\/mais-de-20-instituicoes-de-ensino-superior-portuguesas-e-estrangeiras-vao-participar-na-bienal-de-cerveira\\\/#primaryimage\"},\"image\":{\"@id\":\"https:\\\/\\\/www.altominho.tv\\\/site\\\/2018\\\/07\\\/13\\\/mais-de-20-instituicoes-de-ensino-superior-portuguesas-e-estrangeiras-vao-participar-na-bienal-de-cerveira\\\/#primaryimage\"},\"thumbnailUrl\":\"https:\\\/\\\/www.altominho.tv\\\/site\\\/wp-content\\\/uploads\\\/2018\\\/07\\\/image001-2.png\",\"datePublished\":\"2018-07-13T09:08:19+00:00\",\"author\":{\"@id\":\"https:\\\/\\\/www.altominho.tv\\\/site\\\/#\\\/schema\\\/person\\\/f836e37082b5dabe9144f3eb724ed5a7\"},\"breadcrumb\":{\"@id\":\"https:\\\/\\\/www.altominho.tv\\\/site\\\/2018\\\/07\\\/13\\\/mais-de-20-instituicoes-de-ensino-superior-portuguesas-e-estrangeiras-vao-participar-na-bienal-de-cerveira\\\/#breadcrumb\"},\"inLanguage\":\"pt-PT\",\"potentialAction\":[{\"@type\":\"ReadAction\",\"target\":[\"https:\\\/\\\/www.altominho.tv\\\/site\\\/2018\\\/07\\\/13\\\/mais-de-20-instituicoes-de-ensino-superior-portuguesas-e-estrangeiras-vao-participar-na-bienal-de-cerveira\\\/\"]}]},{\"@type\":\"ImageObject\",\"inLanguage\":\"pt-PT\",\"@id\":\"https:\\\/\\\/www.altominho.tv\\\/site\\\/2018\\\/07\\\/13\\\/mais-de-20-instituicoes-de-ensino-superior-portuguesas-e-estrangeiras-vao-participar-na-bienal-de-cerveira\\\/#primaryimage\",\"url\":\"https:\\\/\\\/www.altominho.tv\\\/site\\\/wp-content\\\/uploads\\\/2018\\\/07\\\/image001-2.png\",\"contentUrl\":\"https:\\\/\\\/www.altominho.tv\\\/site\\\/wp-content\\\/uploads\\\/2018\\\/07\\\/image001-2.png\",\"width\":310,\"height\":207},{\"@type\":\"BreadcrumbList\",\"@id\":\"https:\\\/\\\/www.altominho.tv\\\/site\\\/2018\\\/07\\\/13\\\/mais-de-20-instituicoes-de-ensino-superior-portuguesas-e-estrangeiras-vao-participar-na-bienal-de-cerveira\\\/#breadcrumb\",\"itemListElement\":[{\"@type\":\"ListItem\",\"position\":1,\"name\":\"In\u00edcio\",\"item\":\"https:\\\/\\\/www.altominho.tv\\\/site\\\/\"},{\"@type\":\"ListItem\",\"position\":2,\"name\":\"Mais de 20 institui\u00e7\u00f5es de ensino superior portuguesas e estrangeiras v\u00e3o participar na bienal de Cerveira\"}]},{\"@type\":\"WebSite\",\"@id\":\"https:\\\/\\\/www.altominho.tv\\\/site\\\/#website\",\"url\":\"https:\\\/\\\/www.altominho.tv\\\/site\\\/\",\"name\":\"Altominho.tv\",\"description\":\"A sua regi\u00e3o \u00e0 dist\u00e2ncia de um clique...\",\"potentialAction\":[{\"@type\":\"SearchAction\",\"target\":{\"@type\":\"EntryPoint\",\"urlTemplate\":\"https:\\\/\\\/www.altominho.tv\\\/site\\\/?s={search_term_string}\"},\"query-input\":{\"@type\":\"PropertyValueSpecification\",\"valueRequired\":true,\"valueName\":\"search_term_string\"}}],\"inLanguage\":\"pt-PT\"},{\"@type\":\"Person\",\"@id\":\"https:\\\/\\\/www.altominho.tv\\\/site\\\/#\\\/schema\\\/person\\\/f836e37082b5dabe9144f3eb724ed5a7\",\"name\":\"M\u00e1rcio Ferreira\",\"image\":{\"@type\":\"ImageObject\",\"inLanguage\":\"pt-PT\",\"@id\":\"https:\\\/\\\/www.altominho.tv\\\/site\\\/wp-content\\\/uploads\\\/2017\\\/11\\\/Marcio-150x150.jpg\",\"url\":\"https:\\\/\\\/www.altominho.tv\\\/site\\\/wp-content\\\/uploads\\\/2017\\\/11\\\/Marcio-150x150.jpg\",\"contentUrl\":\"https:\\\/\\\/www.altominho.tv\\\/site\\\/wp-content\\\/uploads\\\/2017\\\/11\\\/Marcio-150x150.jpg\",\"caption\":\"M\u00e1rcio Ferreira\"},\"url\":\"https:\\\/\\\/www.altominho.tv\\\/site\\\/author\\\/marcioferreira\\\/\"}]}<\/script>\n<!-- \/ Yoast SEO Premium plugin. -->","yoast_head_json":{"title":"Mais de 20 institui\u00e7\u00f5es de ensino superior portuguesas e estrangeiras v\u00e3o participar na bienal de Cerveira","robots":{"index":"index","follow":"follow","max-snippet":"max-snippet:-1","max-image-preview":"max-image-preview:large","max-video-preview":"max-video-preview:-1"},"canonical":"https:\/\/www.altominho.tv\/site\/2018\/07\/13\/mais-de-20-instituicoes-de-ensino-superior-portuguesas-e-estrangeiras-vao-participar-na-bienal-de-cerveira\/","og_locale":"pt_PT","og_type":"article","og_title":"Mais de 20 institui\u00e7\u00f5es de ensino superior portuguesas e estrangeiras v\u00e3o participar na bienal de Cerveira","og_description":"Com o intuito de aproximar os conceitos cient\u00edficos da pr\u00e1tica art\u00edstica e promover a reflex\u00e3o entre alunos, professores e artistas, foram convidados a participar na XX Bienal Internacional de Arte de Cerveira faculdades, institutos e escolas superiores da \u00e1rea das artes. No total, s\u00e3o 21 as institui\u00e7\u00f5es que aceitam este desafio e que v\u00e3o expor [&hellip;]","og_url":"https:\/\/www.altominho.tv\/site\/2018\/07\/13\/mais-de-20-instituicoes-de-ensino-superior-portuguesas-e-estrangeiras-vao-participar-na-bienal-de-cerveira\/","og_site_name":"Altominho.tv","article_publisher":"https:\/\/www.facebook.com\/altominhotv","article_published_time":"2018-07-13T09:08:19+00:00","og_image":[{"width":310,"height":207,"url":"https:\/\/www.altominho.tv\/site\/wp-content\/uploads\/2018\/07\/image001-2.png","type":"image\/png"}],"author":"M\u00e1rcio Ferreira","twitter_card":"summary_large_image","twitter_creator":"@altominhoTV","twitter_site":"@altominhoTV","twitter_misc":{"Escrito por":"M\u00e1rcio Ferreira","Tempo estimado de leitura":"2 minutos"},"schema":{"@context":"https:\/\/schema.org","@graph":[{"@type":"Article","@id":"https:\/\/www.altominho.tv\/site\/2018\/07\/13\/mais-de-20-instituicoes-de-ensino-superior-portuguesas-e-estrangeiras-vao-participar-na-bienal-de-cerveira\/#article","isPartOf":{"@id":"https:\/\/www.altominho.tv\/site\/2018\/07\/13\/mais-de-20-instituicoes-de-ensino-superior-portuguesas-e-estrangeiras-vao-participar-na-bienal-de-cerveira\/"},"author":{"name":"M\u00e1rcio Ferreira","@id":"https:\/\/www.altominho.tv\/site\/#\/schema\/person\/f836e37082b5dabe9144f3eb724ed5a7"},"headline":"Mais de 20 institui\u00e7\u00f5es de ensino superior portuguesas e estrangeiras v\u00e3o participar na bienal de Cerveira","datePublished":"2018-07-13T09:08:19+00:00","mainEntityOfPage":{"@id":"https:\/\/www.altominho.tv\/site\/2018\/07\/13\/mais-de-20-instituicoes-de-ensino-superior-portuguesas-e-estrangeiras-vao-participar-na-bienal-de-cerveira\/"},"wordCount":350,"image":{"@id":"https:\/\/www.altominho.tv\/site\/2018\/07\/13\/mais-de-20-instituicoes-de-ensino-superior-portuguesas-e-estrangeiras-vao-participar-na-bienal-de-cerveira\/#primaryimage"},"thumbnailUrl":"https:\/\/www.altominho.tv\/site\/wp-content\/uploads\/2018\/07\/image001-2.png","keywords":["Sociedade"],"articleSection":["Vila Nova de Cerveira"],"inLanguage":"pt-PT","copyrightYear":"2018","copyrightHolder":{"@id":"https:\/\/www.altominho.tv\/site\/#organization"}},{"@type":"WebPage","@id":"https:\/\/www.altominho.tv\/site\/2018\/07\/13\/mais-de-20-instituicoes-de-ensino-superior-portuguesas-e-estrangeiras-vao-participar-na-bienal-de-cerveira\/","url":"https:\/\/www.altominho.tv\/site\/2018\/07\/13\/mais-de-20-instituicoes-de-ensino-superior-portuguesas-e-estrangeiras-vao-participar-na-bienal-de-cerveira\/","name":"Mais de 20 institui\u00e7\u00f5es de ensino superior portuguesas e estrangeiras v\u00e3o participar na bienal de Cerveira","isPartOf":{"@id":"https:\/\/www.altominho.tv\/site\/#website"},"primaryImageOfPage":{"@id":"https:\/\/www.altominho.tv\/site\/2018\/07\/13\/mais-de-20-instituicoes-de-ensino-superior-portuguesas-e-estrangeiras-vao-participar-na-bienal-de-cerveira\/#primaryimage"},"image":{"@id":"https:\/\/www.altominho.tv\/site\/2018\/07\/13\/mais-de-20-instituicoes-de-ensino-superior-portuguesas-e-estrangeiras-vao-participar-na-bienal-de-cerveira\/#primaryimage"},"thumbnailUrl":"https:\/\/www.altominho.tv\/site\/wp-content\/uploads\/2018\/07\/image001-2.png","datePublished":"2018-07-13T09:08:19+00:00","author":{"@id":"https:\/\/www.altominho.tv\/site\/#\/schema\/person\/f836e37082b5dabe9144f3eb724ed5a7"},"breadcrumb":{"@id":"https:\/\/www.altominho.tv\/site\/2018\/07\/13\/mais-de-20-instituicoes-de-ensino-superior-portuguesas-e-estrangeiras-vao-participar-na-bienal-de-cerveira\/#breadcrumb"},"inLanguage":"pt-PT","potentialAction":[{"@type":"ReadAction","target":["https:\/\/www.altominho.tv\/site\/2018\/07\/13\/mais-de-20-instituicoes-de-ensino-superior-portuguesas-e-estrangeiras-vao-participar-na-bienal-de-cerveira\/"]}]},{"@type":"ImageObject","inLanguage":"pt-PT","@id":"https:\/\/www.altominho.tv\/site\/2018\/07\/13\/mais-de-20-instituicoes-de-ensino-superior-portuguesas-e-estrangeiras-vao-participar-na-bienal-de-cerveira\/#primaryimage","url":"https:\/\/www.altominho.tv\/site\/wp-content\/uploads\/2018\/07\/image001-2.png","contentUrl":"https:\/\/www.altominho.tv\/site\/wp-content\/uploads\/2018\/07\/image001-2.png","width":310,"height":207},{"@type":"BreadcrumbList","@id":"https:\/\/www.altominho.tv\/site\/2018\/07\/13\/mais-de-20-instituicoes-de-ensino-superior-portuguesas-e-estrangeiras-vao-participar-na-bienal-de-cerveira\/#breadcrumb","itemListElement":[{"@type":"ListItem","position":1,"name":"In\u00edcio","item":"https:\/\/www.altominho.tv\/site\/"},{"@type":"ListItem","position":2,"name":"Mais de 20 institui\u00e7\u00f5es de ensino superior portuguesas e estrangeiras v\u00e3o participar na bienal de Cerveira"}]},{"@type":"WebSite","@id":"https:\/\/www.altominho.tv\/site\/#website","url":"https:\/\/www.altominho.tv\/site\/","name":"Altominho.tv","description":"A sua regi\u00e3o \u00e0 dist\u00e2ncia de um clique...","potentialAction":[{"@type":"SearchAction","target":{"@type":"EntryPoint","urlTemplate":"https:\/\/www.altominho.tv\/site\/?s={search_term_string}"},"query-input":{"@type":"PropertyValueSpecification","valueRequired":true,"valueName":"search_term_string"}}],"inLanguage":"pt-PT"},{"@type":"Person","@id":"https:\/\/www.altominho.tv\/site\/#\/schema\/person\/f836e37082b5dabe9144f3eb724ed5a7","name":"M\u00e1rcio Ferreira","image":{"@type":"ImageObject","inLanguage":"pt-PT","@id":"https:\/\/www.altominho.tv\/site\/wp-content\/uploads\/2017\/11\/Marcio-150x150.jpg","url":"https:\/\/www.altominho.tv\/site\/wp-content\/uploads\/2017\/11\/Marcio-150x150.jpg","contentUrl":"https:\/\/www.altominho.tv\/site\/wp-content\/uploads\/2017\/11\/Marcio-150x150.jpg","caption":"M\u00e1rcio Ferreira"},"url":"https:\/\/www.altominho.tv\/site\/author\/marcioferreira\/"}]}},"_links":{"self":[{"href":"https:\/\/www.altominho.tv\/site\/wp-json\/wp\/v2\/posts\/16367","targetHints":{"allow":["GET"]}}],"collection":[{"href":"https:\/\/www.altominho.tv\/site\/wp-json\/wp\/v2\/posts"}],"about":[{"href":"https:\/\/www.altominho.tv\/site\/wp-json\/wp\/v2\/types\/post"}],"author":[{"embeddable":true,"href":"https:\/\/www.altominho.tv\/site\/wp-json\/wp\/v2\/users\/11"}],"replies":[{"embeddable":true,"href":"https:\/\/www.altominho.tv\/site\/wp-json\/wp\/v2\/comments?post=16367"}],"version-history":[{"count":0,"href":"https:\/\/www.altominho.tv\/site\/wp-json\/wp\/v2\/posts\/16367\/revisions"}],"wp:featuredmedia":[{"embeddable":true,"href":"https:\/\/www.altominho.tv\/site\/wp-json\/wp\/v2\/media\/16368"}],"wp:attachment":[{"href":"https:\/\/www.altominho.tv\/site\/wp-json\/wp\/v2\/media?parent=16367"}],"wp:term":[{"taxonomy":"category","embeddable":true,"href":"https:\/\/www.altominho.tv\/site\/wp-json\/wp\/v2\/categories?post=16367"},{"taxonomy":"post_tag","embeddable":true,"href":"https:\/\/www.altominho.tv\/site\/wp-json\/wp\/v2\/tags?post=16367"}],"curies":[{"name":"wp","href":"https:\/\/api.w.org\/{rel}","templated":true}]}}