{"id":16351,"date":"2018-07-12T19:02:55","date_gmt":"2018-07-12T18:02:55","guid":{"rendered":"http:\/\/www.altominho.tv\/site\/?p=16351"},"modified":"2018-07-12T19:02:55","modified_gmt":"2018-07-12T18:02:55","slug":"13o-aniversario-do-aquamuseu-celebrado-em-ambiente-familiar","status":"publish","type":"post","link":"https:\/\/www.altominho.tv\/site\/2018\/07\/12\/13o-aniversario-do-aquamuseu-celebrado-em-ambiente-familiar\/","title":{"rendered":"13\u00ba anivers\u00e1rio do Aquamuseu celebrado em ambiente familiar"},"content":{"rendered":"<p>Porque os anivers\u00e1rios devem ser assinalados junto de quem nos acompanha, o Aquamuseu do Rio Minho convida residentes e visitantes para usufruir de dois dias de programa\u00e7\u00e3o dedicados a todas as idades.<\/p>\n<p>Ser\u00e3o promovidas tr\u00eas visitas guiadas gratuitas, no s\u00e1bado (10h30 e 16h00) e no domingo (10h30), sendo que as fam\u00edlias poder\u00e3o ainda participar no atelier \u201cPintar a natureza\u201d que ter\u00e1 lugar no s\u00e1bado (14h30-15h30).<\/p>\n<p>Ano ap\u00f3s ano, a iniciativa \u201cDormir com os peixes\u201d mant\u00e9m-se um sucesso, proporcionando a experi\u00eancia \u00fanica \u00e0s crian\u00e7as de pernoitar num espa\u00e7o totalmente diferente, de ouvir hist\u00f3rias, conhecer e contactar com as esp\u00e9cies. Dirigida a pequenos aventureiros com idades compreendidas entre os 7 e 13 anos, a iniciativa envolve um limite de 30 participantes, sendo que os interessados devem inscrever-se previamente junto do Aquamuseu.<\/p>\n<p>Por sua vez, a tarde de domingo reserva uma festa dos peixes migradores com anima\u00e7\u00e3o infantil, sendo que a entrada no Aquamuseu (entre as 14h00 e as 18h00) \u00e9 gratuita.<\/p>\n<p>De portas abertas desde 13 de julho de 2005, o Aquamuseu do rio Minho \u00e9 um dos maiores polos de atra\u00e7\u00e3o tur\u00edstica de Vila Nova de Cerveira, alcan\u00e7ando uma m\u00e9dia de 25 000 visitantes por ano.<\/p>\n","protected":false},"excerpt":{"rendered":"<p>Porque os anivers\u00e1rios devem ser assinalados junto de quem nos acompanha, o Aquamuseu do Rio Minho convida residentes e visitantes para usufruir de dois dias de programa\u00e7\u00e3o dedicados a todas as idades. Ser\u00e3o promovidas tr\u00eas visitas guiadas gratuitas, no s\u00e1bado (10h30 e 16h00) e no domingo (10h30), sendo que as fam\u00edlias poder\u00e3o ainda participar no [&hellip;]<\/p>\n","protected":false},"author":11,"featured_media":16352,"comment_status":"closed","ping_status":"closed","sticky":false,"template":"","format":"standard","meta":{"_exactmetrics_skip_tracking":false,"_exactmetrics_sitenote_active":false,"_exactmetrics_sitenote_note":"","_exactmetrics_sitenote_category":0,"footnotes":""},"categories":[15],"tags":[27],"class_list":["post-16351","post","type-post","status-publish","format-standard","has-post-thumbnail","hentry","category-vila-nova-de-cerveira","tag-sociedade"],"yoast_head":"<!-- This site is optimized with the Yoast SEO Premium plugin v27.4 (Yoast SEO v27.4) - https:\/\/yoast.com\/product\/yoast-seo-premium-wordpress\/ -->\n<title>13\u00ba anivers\u00e1rio do Aquamuseu celebrado em ambiente familiar<\/title>\n<meta name=\"robots\" content=\"index, follow, max-snippet:-1, max-image-preview:large, max-video-preview:-1\" \/>\n<link rel=\"canonical\" href=\"https:\/\/www.altominho.tv\/site\/2018\/07\/12\/13o-aniversario-do-aquamuseu-celebrado-em-ambiente-familiar\/\" \/>\n<meta property=\"og:locale\" content=\"pt_PT\" \/>\n<meta property=\"og:type\" content=\"article\" \/>\n<meta property=\"og:title\" content=\"13\u00ba anivers\u00e1rio do Aquamuseu celebrado em ambiente familiar\" \/>\n<meta property=\"og:description\" content=\"Porque os anivers\u00e1rios devem ser assinalados junto de quem nos acompanha, o Aquamuseu do Rio Minho convida residentes e visitantes para usufruir de dois dias de programa\u00e7\u00e3o dedicados a todas as idades. Ser\u00e3o promovidas tr\u00eas visitas guiadas gratuitas, no s\u00e1bado (10h30 e 16h00) e no domingo (10h30), sendo que as fam\u00edlias poder\u00e3o ainda participar no [&hellip;]\" \/>\n<meta property=\"og:url\" content=\"https:\/\/www.altominho.tv\/site\/2018\/07\/12\/13o-aniversario-do-aquamuseu-celebrado-em-ambiente-familiar\/\" \/>\n<meta property=\"og:site_name\" content=\"Altominho.tv\" \/>\n<meta property=\"article:publisher\" content=\"https:\/\/www.facebook.com\/altominhotv\" \/>\n<meta property=\"article:published_time\" content=\"2018-07-12T18:02:55+00:00\" \/>\n<meta property=\"og:image\" content=\"https:\/\/www.altominho.tv\/site\/wp-content\/uploads\/2018\/07\/Cartaz-anivers\u00e1rio-Aquamuseu-2018.jpg\" \/>\n\t<meta property=\"og:image:width\" content=\"1008\" \/>\n\t<meta property=\"og:image:height\" content=\"1344\" \/>\n\t<meta property=\"og:image:type\" content=\"image\/jpeg\" \/>\n<meta name=\"author\" content=\"M\u00e1rcio Ferreira\" \/>\n<meta name=\"twitter:card\" content=\"summary_large_image\" \/>\n<meta name=\"twitter:creator\" content=\"@altominhoTV\" \/>\n<meta name=\"twitter:site\" content=\"@altominhoTV\" \/>\n<meta name=\"twitter:label1\" content=\"Escrito por\" \/>\n\t<meta name=\"twitter:data1\" content=\"M\u00e1rcio Ferreira\" \/>\n\t<meta name=\"twitter:label2\" content=\"Tempo estimado de leitura\" \/>\n\t<meta name=\"twitter:data2\" content=\"1 minuto\" \/>\n<script type=\"application\/ld+json\" class=\"yoast-schema-graph\">{\"@context\":\"https:\\\/\\\/schema.org\",\"@graph\":[{\"@type\":\"Article\",\"@id\":\"https:\\\/\\\/www.altominho.tv\\\/site\\\/2018\\\/07\\\/12\\\/13o-aniversario-do-aquamuseu-celebrado-em-ambiente-familiar\\\/#article\",\"isPartOf\":{\"@id\":\"https:\\\/\\\/www.altominho.tv\\\/site\\\/2018\\\/07\\\/12\\\/13o-aniversario-do-aquamuseu-celebrado-em-ambiente-familiar\\\/\"},\"author\":{\"name\":\"M\u00e1rcio Ferreira\",\"@id\":\"https:\\\/\\\/www.altominho.tv\\\/site\\\/#\\\/schema\\\/person\\\/f836e37082b5dabe9144f3eb724ed5a7\"},\"headline\":\"13\u00ba anivers\u00e1rio do Aquamuseu celebrado em ambiente familiar\",\"datePublished\":\"2018-07-12T18:02:55+00:00\",\"mainEntityOfPage\":{\"@id\":\"https:\\\/\\\/www.altominho.tv\\\/site\\\/2018\\\/07\\\/12\\\/13o-aniversario-do-aquamuseu-celebrado-em-ambiente-familiar\\\/\"},\"wordCount\":216,\"image\":{\"@id\":\"https:\\\/\\\/www.altominho.tv\\\/site\\\/2018\\\/07\\\/12\\\/13o-aniversario-do-aquamuseu-celebrado-em-ambiente-familiar\\\/#primaryimage\"},\"thumbnailUrl\":\"https:\\\/\\\/www.altominho.tv\\\/site\\\/wp-content\\\/uploads\\\/2018\\\/07\\\/Cartaz-anivers\u00e1rio-Aquamuseu-2018.jpg\",\"keywords\":[\"Sociedade\"],\"articleSection\":[\"Vila Nova de Cerveira\"],\"inLanguage\":\"pt-PT\",\"copyrightYear\":\"2018\",\"copyrightHolder\":{\"@id\":\"https:\\\/\\\/www.altominho.tv\\\/site\\\/#organization\"}},{\"@type\":\"WebPage\",\"@id\":\"https:\\\/\\\/www.altominho.tv\\\/site\\\/2018\\\/07\\\/12\\\/13o-aniversario-do-aquamuseu-celebrado-em-ambiente-familiar\\\/\",\"url\":\"https:\\\/\\\/www.altominho.tv\\\/site\\\/2018\\\/07\\\/12\\\/13o-aniversario-do-aquamuseu-celebrado-em-ambiente-familiar\\\/\",\"name\":\"13\u00ba anivers\u00e1rio do Aquamuseu celebrado em ambiente familiar\",\"isPartOf\":{\"@id\":\"https:\\\/\\\/www.altominho.tv\\\/site\\\/#website\"},\"primaryImageOfPage\":{\"@id\":\"https:\\\/\\\/www.altominho.tv\\\/site\\\/2018\\\/07\\\/12\\\/13o-aniversario-do-aquamuseu-celebrado-em-ambiente-familiar\\\/#primaryimage\"},\"image\":{\"@id\":\"https:\\\/\\\/www.altominho.tv\\\/site\\\/2018\\\/07\\\/12\\\/13o-aniversario-do-aquamuseu-celebrado-em-ambiente-familiar\\\/#primaryimage\"},\"thumbnailUrl\":\"https:\\\/\\\/www.altominho.tv\\\/site\\\/wp-content\\\/uploads\\\/2018\\\/07\\\/Cartaz-anivers\u00e1rio-Aquamuseu-2018.jpg\",\"datePublished\":\"2018-07-12T18:02:55+00:00\",\"author\":{\"@id\":\"https:\\\/\\\/www.altominho.tv\\\/site\\\/#\\\/schema\\\/person\\\/f836e37082b5dabe9144f3eb724ed5a7\"},\"breadcrumb\":{\"@id\":\"https:\\\/\\\/www.altominho.tv\\\/site\\\/2018\\\/07\\\/12\\\/13o-aniversario-do-aquamuseu-celebrado-em-ambiente-familiar\\\/#breadcrumb\"},\"inLanguage\":\"pt-PT\",\"potentialAction\":[{\"@type\":\"ReadAction\",\"target\":[\"https:\\\/\\\/www.altominho.tv\\\/site\\\/2018\\\/07\\\/12\\\/13o-aniversario-do-aquamuseu-celebrado-em-ambiente-familiar\\\/\"]}]},{\"@type\":\"ImageObject\",\"inLanguage\":\"pt-PT\",\"@id\":\"https:\\\/\\\/www.altominho.tv\\\/site\\\/2018\\\/07\\\/12\\\/13o-aniversario-do-aquamuseu-celebrado-em-ambiente-familiar\\\/#primaryimage\",\"url\":\"https:\\\/\\\/www.altominho.tv\\\/site\\\/wp-content\\\/uploads\\\/2018\\\/07\\\/Cartaz-anivers\u00e1rio-Aquamuseu-2018.jpg\",\"contentUrl\":\"https:\\\/\\\/www.altominho.tv\\\/site\\\/wp-content\\\/uploads\\\/2018\\\/07\\\/Cartaz-anivers\u00e1rio-Aquamuseu-2018.jpg\",\"width\":1008,\"height\":1344},{\"@type\":\"BreadcrumbList\",\"@id\":\"https:\\\/\\\/www.altominho.tv\\\/site\\\/2018\\\/07\\\/12\\\/13o-aniversario-do-aquamuseu-celebrado-em-ambiente-familiar\\\/#breadcrumb\",\"itemListElement\":[{\"@type\":\"ListItem\",\"position\":1,\"name\":\"In\u00edcio\",\"item\":\"https:\\\/\\\/www.altominho.tv\\\/site\\\/\"},{\"@type\":\"ListItem\",\"position\":2,\"name\":\"13\u00ba anivers\u00e1rio do Aquamuseu celebrado em ambiente familiar\"}]},{\"@type\":\"WebSite\",\"@id\":\"https:\\\/\\\/www.altominho.tv\\\/site\\\/#website\",\"url\":\"https:\\\/\\\/www.altominho.tv\\\/site\\\/\",\"name\":\"Altominho.tv\",\"description\":\"A sua regi\u00e3o \u00e0 dist\u00e2ncia de um clique...\",\"potentialAction\":[{\"@type\":\"SearchAction\",\"target\":{\"@type\":\"EntryPoint\",\"urlTemplate\":\"https:\\\/\\\/www.altominho.tv\\\/site\\\/?s={search_term_string}\"},\"query-input\":{\"@type\":\"PropertyValueSpecification\",\"valueRequired\":true,\"valueName\":\"search_term_string\"}}],\"inLanguage\":\"pt-PT\"},{\"@type\":\"Person\",\"@id\":\"https:\\\/\\\/www.altominho.tv\\\/site\\\/#\\\/schema\\\/person\\\/f836e37082b5dabe9144f3eb724ed5a7\",\"name\":\"M\u00e1rcio Ferreira\",\"image\":{\"@type\":\"ImageObject\",\"inLanguage\":\"pt-PT\",\"@id\":\"https:\\\/\\\/www.altominho.tv\\\/site\\\/wp-content\\\/uploads\\\/2017\\\/11\\\/Marcio-150x150.jpg\",\"url\":\"https:\\\/\\\/www.altominho.tv\\\/site\\\/wp-content\\\/uploads\\\/2017\\\/11\\\/Marcio-150x150.jpg\",\"contentUrl\":\"https:\\\/\\\/www.altominho.tv\\\/site\\\/wp-content\\\/uploads\\\/2017\\\/11\\\/Marcio-150x150.jpg\",\"caption\":\"M\u00e1rcio Ferreira\"},\"url\":\"https:\\\/\\\/www.altominho.tv\\\/site\\\/author\\\/marcioferreira\\\/\"}]}<\/script>\n<!-- \/ Yoast SEO Premium plugin. -->","yoast_head_json":{"title":"13\u00ba anivers\u00e1rio do Aquamuseu celebrado em ambiente familiar","robots":{"index":"index","follow":"follow","max-snippet":"max-snippet:-1","max-image-preview":"max-image-preview:large","max-video-preview":"max-video-preview:-1"},"canonical":"https:\/\/www.altominho.tv\/site\/2018\/07\/12\/13o-aniversario-do-aquamuseu-celebrado-em-ambiente-familiar\/","og_locale":"pt_PT","og_type":"article","og_title":"13\u00ba anivers\u00e1rio do Aquamuseu celebrado em ambiente familiar","og_description":"Porque os anivers\u00e1rios devem ser assinalados junto de quem nos acompanha, o Aquamuseu do Rio Minho convida residentes e visitantes para usufruir de dois dias de programa\u00e7\u00e3o dedicados a todas as idades. Ser\u00e3o promovidas tr\u00eas visitas guiadas gratuitas, no s\u00e1bado (10h30 e 16h00) e no domingo (10h30), sendo que as fam\u00edlias poder\u00e3o ainda participar no [&hellip;]","og_url":"https:\/\/www.altominho.tv\/site\/2018\/07\/12\/13o-aniversario-do-aquamuseu-celebrado-em-ambiente-familiar\/","og_site_name":"Altominho.tv","article_publisher":"https:\/\/www.facebook.com\/altominhotv","article_published_time":"2018-07-12T18:02:55+00:00","og_image":[{"width":1008,"height":1344,"url":"https:\/\/www.altominho.tv\/site\/wp-content\/uploads\/2018\/07\/Cartaz-anivers\u00e1rio-Aquamuseu-2018.jpg","type":"image\/jpeg"}],"author":"M\u00e1rcio Ferreira","twitter_card":"summary_large_image","twitter_creator":"@altominhoTV","twitter_site":"@altominhoTV","twitter_misc":{"Escrito por":"M\u00e1rcio Ferreira","Tempo estimado de leitura":"1 minuto"},"schema":{"@context":"https:\/\/schema.org","@graph":[{"@type":"Article","@id":"https:\/\/www.altominho.tv\/site\/2018\/07\/12\/13o-aniversario-do-aquamuseu-celebrado-em-ambiente-familiar\/#article","isPartOf":{"@id":"https:\/\/www.altominho.tv\/site\/2018\/07\/12\/13o-aniversario-do-aquamuseu-celebrado-em-ambiente-familiar\/"},"author":{"name":"M\u00e1rcio Ferreira","@id":"https:\/\/www.altominho.tv\/site\/#\/schema\/person\/f836e37082b5dabe9144f3eb724ed5a7"},"headline":"13\u00ba anivers\u00e1rio do Aquamuseu celebrado em ambiente familiar","datePublished":"2018-07-12T18:02:55+00:00","mainEntityOfPage":{"@id":"https:\/\/www.altominho.tv\/site\/2018\/07\/12\/13o-aniversario-do-aquamuseu-celebrado-em-ambiente-familiar\/"},"wordCount":216,"image":{"@id":"https:\/\/www.altominho.tv\/site\/2018\/07\/12\/13o-aniversario-do-aquamuseu-celebrado-em-ambiente-familiar\/#primaryimage"},"thumbnailUrl":"https:\/\/www.altominho.tv\/site\/wp-content\/uploads\/2018\/07\/Cartaz-anivers\u00e1rio-Aquamuseu-2018.jpg","keywords":["Sociedade"],"articleSection":["Vila Nova de Cerveira"],"inLanguage":"pt-PT","copyrightYear":"2018","copyrightHolder":{"@id":"https:\/\/www.altominho.tv\/site\/#organization"}},{"@type":"WebPage","@id":"https:\/\/www.altominho.tv\/site\/2018\/07\/12\/13o-aniversario-do-aquamuseu-celebrado-em-ambiente-familiar\/","url":"https:\/\/www.altominho.tv\/site\/2018\/07\/12\/13o-aniversario-do-aquamuseu-celebrado-em-ambiente-familiar\/","name":"13\u00ba anivers\u00e1rio do Aquamuseu celebrado em ambiente familiar","isPartOf":{"@id":"https:\/\/www.altominho.tv\/site\/#website"},"primaryImageOfPage":{"@id":"https:\/\/www.altominho.tv\/site\/2018\/07\/12\/13o-aniversario-do-aquamuseu-celebrado-em-ambiente-familiar\/#primaryimage"},"image":{"@id":"https:\/\/www.altominho.tv\/site\/2018\/07\/12\/13o-aniversario-do-aquamuseu-celebrado-em-ambiente-familiar\/#primaryimage"},"thumbnailUrl":"https:\/\/www.altominho.tv\/site\/wp-content\/uploads\/2018\/07\/Cartaz-anivers\u00e1rio-Aquamuseu-2018.jpg","datePublished":"2018-07-12T18:02:55+00:00","author":{"@id":"https:\/\/www.altominho.tv\/site\/#\/schema\/person\/f836e37082b5dabe9144f3eb724ed5a7"},"breadcrumb":{"@id":"https:\/\/www.altominho.tv\/site\/2018\/07\/12\/13o-aniversario-do-aquamuseu-celebrado-em-ambiente-familiar\/#breadcrumb"},"inLanguage":"pt-PT","potentialAction":[{"@type":"ReadAction","target":["https:\/\/www.altominho.tv\/site\/2018\/07\/12\/13o-aniversario-do-aquamuseu-celebrado-em-ambiente-familiar\/"]}]},{"@type":"ImageObject","inLanguage":"pt-PT","@id":"https:\/\/www.altominho.tv\/site\/2018\/07\/12\/13o-aniversario-do-aquamuseu-celebrado-em-ambiente-familiar\/#primaryimage","url":"https:\/\/www.altominho.tv\/site\/wp-content\/uploads\/2018\/07\/Cartaz-anivers\u00e1rio-Aquamuseu-2018.jpg","contentUrl":"https:\/\/www.altominho.tv\/site\/wp-content\/uploads\/2018\/07\/Cartaz-anivers\u00e1rio-Aquamuseu-2018.jpg","width":1008,"height":1344},{"@type":"BreadcrumbList","@id":"https:\/\/www.altominho.tv\/site\/2018\/07\/12\/13o-aniversario-do-aquamuseu-celebrado-em-ambiente-familiar\/#breadcrumb","itemListElement":[{"@type":"ListItem","position":1,"name":"In\u00edcio","item":"https:\/\/www.altominho.tv\/site\/"},{"@type":"ListItem","position":2,"name":"13\u00ba anivers\u00e1rio do Aquamuseu celebrado em ambiente familiar"}]},{"@type":"WebSite","@id":"https:\/\/www.altominho.tv\/site\/#website","url":"https:\/\/www.altominho.tv\/site\/","name":"Altominho.tv","description":"A sua regi\u00e3o \u00e0 dist\u00e2ncia de um clique...","potentialAction":[{"@type":"SearchAction","target":{"@type":"EntryPoint","urlTemplate":"https:\/\/www.altominho.tv\/site\/?s={search_term_string}"},"query-input":{"@type":"PropertyValueSpecification","valueRequired":true,"valueName":"search_term_string"}}],"inLanguage":"pt-PT"},{"@type":"Person","@id":"https:\/\/www.altominho.tv\/site\/#\/schema\/person\/f836e37082b5dabe9144f3eb724ed5a7","name":"M\u00e1rcio Ferreira","image":{"@type":"ImageObject","inLanguage":"pt-PT","@id":"https:\/\/www.altominho.tv\/site\/wp-content\/uploads\/2017\/11\/Marcio-150x150.jpg","url":"https:\/\/www.altominho.tv\/site\/wp-content\/uploads\/2017\/11\/Marcio-150x150.jpg","contentUrl":"https:\/\/www.altominho.tv\/site\/wp-content\/uploads\/2017\/11\/Marcio-150x150.jpg","caption":"M\u00e1rcio Ferreira"},"url":"https:\/\/www.altominho.tv\/site\/author\/marcioferreira\/"}]}},"_links":{"self":[{"href":"https:\/\/www.altominho.tv\/site\/wp-json\/wp\/v2\/posts\/16351","targetHints":{"allow":["GET"]}}],"collection":[{"href":"https:\/\/www.altominho.tv\/site\/wp-json\/wp\/v2\/posts"}],"about":[{"href":"https:\/\/www.altominho.tv\/site\/wp-json\/wp\/v2\/types\/post"}],"author":[{"embeddable":true,"href":"https:\/\/www.altominho.tv\/site\/wp-json\/wp\/v2\/users\/11"}],"replies":[{"embeddable":true,"href":"https:\/\/www.altominho.tv\/site\/wp-json\/wp\/v2\/comments?post=16351"}],"version-history":[{"count":0,"href":"https:\/\/www.altominho.tv\/site\/wp-json\/wp\/v2\/posts\/16351\/revisions"}],"wp:featuredmedia":[{"embeddable":true,"href":"https:\/\/www.altominho.tv\/site\/wp-json\/wp\/v2\/media\/16352"}],"wp:attachment":[{"href":"https:\/\/www.altominho.tv\/site\/wp-json\/wp\/v2\/media?parent=16351"}],"wp:term":[{"taxonomy":"category","embeddable":true,"href":"https:\/\/www.altominho.tv\/site\/wp-json\/wp\/v2\/categories?post=16351"},{"taxonomy":"post_tag","embeddable":true,"href":"https:\/\/www.altominho.tv\/site\/wp-json\/wp\/v2\/tags?post=16351"}],"curies":[{"name":"wp","href":"https:\/\/api.w.org\/{rel}","templated":true}]}}