{"id":16230,"date":"2018-07-10T16:37:37","date_gmt":"2018-07-10T15:37:37","guid":{"rendered":"http:\/\/www.altominho.tv\/site\/?p=16230"},"modified":"2018-07-10T16:37:37","modified_gmt":"2018-07-10T15:37:37","slug":"criancas-e-jovens-prestam-tributo-aos-xutos-pontapes","status":"publish","type":"post","link":"https:\/\/www.altominho.tv\/site\/2018\/07\/10\/criancas-e-jovens-prestam-tributo-aos-xutos-pontapes\/","title":{"rendered":"Crian\u00e7as e jovens prestam tributo aos Xutos &amp; Pontap\u00e9s"},"content":{"rendered":"<p>Trinta crian\u00e7as e jovens do Coro Infantojuvenil de Vila Nova de Cerveira v\u00e3o prestar tributo, no s\u00e1bado, aos Xutos &amp; Pontap\u00e9s. O espet\u00e1culo tem entrada livre e est\u00e1 marcado para as 21h30, no audit\u00f3rio municipal de Vila Nova de Cerveira.<\/p>\n<p>A homenagem vai incluir a interpreta\u00e7\u00e3o das m\u00fasicas mais conhecidas do grupo portugu\u00eas, sob dire\u00e7\u00e3o musical de C\u00edntia Pereira.<\/p>\n<p>Organizado pela Associa\u00e7\u00e3o Musical de Vila Nova de Cerveira \u2013 Pauta de Caprichos com o apoio do munic\u00edpio, o espet\u00e1culo conta este ano conta com a participa\u00e7\u00e3o da Adeixa \u2013 Associa\u00e7\u00e3o de Dan\u00e7a do Eixo Atl\u00e2ntico.<\/p>\n","protected":false},"excerpt":{"rendered":"<p>Trinta crian\u00e7as e jovens do Coro Infantojuvenil de Vila Nova de Cerveira v\u00e3o prestar tributo, no s\u00e1bado, aos Xutos &amp; Pontap\u00e9s. O espet\u00e1culo tem entrada livre e est\u00e1 marcado para as 21h30, no audit\u00f3rio municipal de Vila Nova de Cerveira. A homenagem vai incluir a interpreta\u00e7\u00e3o das m\u00fasicas mais conhecidas do grupo portugu\u00eas, sob dire\u00e7\u00e3o [&hellip;]<\/p>\n","protected":false},"author":12,"featured_media":16232,"comment_status":"closed","ping_status":"closed","sticky":false,"template":"","format":"standard","meta":{"_exactmetrics_skip_tracking":false,"_exactmetrics_sitenote_active":false,"_exactmetrics_sitenote_note":"","_exactmetrics_sitenote_category":0,"footnotes":""},"categories":[15],"tags":[19],"class_list":["post-16230","post","type-post","status-publish","format-standard","has-post-thumbnail","hentry","category-vila-nova-de-cerveira","tag-cultura"],"yoast_head":"<!-- This site is optimized with the Yoast SEO Premium plugin v27.4 (Yoast SEO v27.4) - https:\/\/yoast.com\/product\/yoast-seo-premium-wordpress\/ -->\n<title>Crian\u00e7as e jovens prestam tributo aos Xutos &amp; Pontap\u00e9s<\/title>\n<meta name=\"robots\" content=\"index, follow, max-snippet:-1, max-image-preview:large, max-video-preview:-1\" \/>\n<link rel=\"canonical\" href=\"https:\/\/www.altominho.tv\/site\/2018\/07\/10\/criancas-e-jovens-prestam-tributo-aos-xutos-pontapes\/\" \/>\n<meta property=\"og:locale\" content=\"pt_PT\" \/>\n<meta property=\"og:type\" content=\"article\" \/>\n<meta property=\"og:title\" content=\"Crian\u00e7as e jovens prestam tributo aos Xutos &amp; Pontap\u00e9s\" \/>\n<meta property=\"og:description\" content=\"Trinta crian\u00e7as e jovens do Coro Infantojuvenil de Vila Nova de Cerveira v\u00e3o prestar tributo, no s\u00e1bado, aos Xutos &amp; Pontap\u00e9s. O espet\u00e1culo tem entrada livre e est\u00e1 marcado para as 21h30, no audit\u00f3rio municipal de Vila Nova de Cerveira. A homenagem vai incluir a interpreta\u00e7\u00e3o das m\u00fasicas mais conhecidas do grupo portugu\u00eas, sob dire\u00e7\u00e3o [&hellip;]\" \/>\n<meta property=\"og:url\" content=\"https:\/\/www.altominho.tv\/site\/2018\/07\/10\/criancas-e-jovens-prestam-tributo-aos-xutos-pontapes\/\" \/>\n<meta property=\"og:site_name\" content=\"Altominho.tv\" \/>\n<meta property=\"article:publisher\" content=\"https:\/\/www.facebook.com\/altominhotv\" \/>\n<meta property=\"article:published_time\" content=\"2018-07-10T15:37:37+00:00\" \/>\n<meta property=\"og:image\" content=\"https:\/\/www.altominho.tv\/site\/wp-content\/uploads\/2018\/07\/Tributo.jpg\" \/>\n\t<meta property=\"og:image:width\" content=\"2000\" \/>\n\t<meta property=\"og:image:height\" content=\"1469\" \/>\n\t<meta property=\"og:image:type\" content=\"image\/jpeg\" \/>\n<meta name=\"author\" content=\"Andreia Ferreira\" \/>\n<meta name=\"twitter:card\" content=\"summary_large_image\" \/>\n<meta name=\"twitter:creator\" content=\"@altominhoTV\" \/>\n<meta name=\"twitter:site\" content=\"@altominhoTV\" \/>\n<meta name=\"twitter:label1\" content=\"Escrito por\" \/>\n\t<meta name=\"twitter:data1\" content=\"Andreia Ferreira\" \/>\n\t<meta name=\"twitter:label2\" content=\"Tempo estimado de leitura\" \/>\n\t<meta name=\"twitter:data2\" content=\"1 minuto\" \/>\n<script type=\"application\/ld+json\" class=\"yoast-schema-graph\">{\"@context\":\"https:\\\/\\\/schema.org\",\"@graph\":[{\"@type\":\"Article\",\"@id\":\"https:\\\/\\\/www.altominho.tv\\\/site\\\/2018\\\/07\\\/10\\\/criancas-e-jovens-prestam-tributo-aos-xutos-pontapes\\\/#article\",\"isPartOf\":{\"@id\":\"https:\\\/\\\/www.altominho.tv\\\/site\\\/2018\\\/07\\\/10\\\/criancas-e-jovens-prestam-tributo-aos-xutos-pontapes\\\/\"},\"author\":{\"name\":\"Andreia Ferreira\",\"@id\":\"https:\\\/\\\/www.altominho.tv\\\/site\\\/#\\\/schema\\\/person\\\/d9be4265364723f14ea8e0d56a1d38cd\"},\"headline\":\"Crian\u00e7as e jovens prestam tributo aos Xutos &amp; Pontap\u00e9s\",\"datePublished\":\"2018-07-10T15:37:37+00:00\",\"mainEntityOfPage\":{\"@id\":\"https:\\\/\\\/www.altominho.tv\\\/site\\\/2018\\\/07\\\/10\\\/criancas-e-jovens-prestam-tributo-aos-xutos-pontapes\\\/\"},\"wordCount\":122,\"image\":{\"@id\":\"https:\\\/\\\/www.altominho.tv\\\/site\\\/2018\\\/07\\\/10\\\/criancas-e-jovens-prestam-tributo-aos-xutos-pontapes\\\/#primaryimage\"},\"thumbnailUrl\":\"https:\\\/\\\/www.altominho.tv\\\/site\\\/wp-content\\\/uploads\\\/2018\\\/07\\\/Tributo.jpg\",\"keywords\":[\"Cultura\"],\"articleSection\":[\"Vila Nova de Cerveira\"],\"inLanguage\":\"pt-PT\",\"copyrightYear\":\"2018\",\"copyrightHolder\":{\"@id\":\"https:\\\/\\\/www.altominho.tv\\\/site\\\/#organization\"}},{\"@type\":\"WebPage\",\"@id\":\"https:\\\/\\\/www.altominho.tv\\\/site\\\/2018\\\/07\\\/10\\\/criancas-e-jovens-prestam-tributo-aos-xutos-pontapes\\\/\",\"url\":\"https:\\\/\\\/www.altominho.tv\\\/site\\\/2018\\\/07\\\/10\\\/criancas-e-jovens-prestam-tributo-aos-xutos-pontapes\\\/\",\"name\":\"Crian\u00e7as e jovens prestam tributo aos Xutos &amp; Pontap\u00e9s\",\"isPartOf\":{\"@id\":\"https:\\\/\\\/www.altominho.tv\\\/site\\\/#website\"},\"primaryImageOfPage\":{\"@id\":\"https:\\\/\\\/www.altominho.tv\\\/site\\\/2018\\\/07\\\/10\\\/criancas-e-jovens-prestam-tributo-aos-xutos-pontapes\\\/#primaryimage\"},\"image\":{\"@id\":\"https:\\\/\\\/www.altominho.tv\\\/site\\\/2018\\\/07\\\/10\\\/criancas-e-jovens-prestam-tributo-aos-xutos-pontapes\\\/#primaryimage\"},\"thumbnailUrl\":\"https:\\\/\\\/www.altominho.tv\\\/site\\\/wp-content\\\/uploads\\\/2018\\\/07\\\/Tributo.jpg\",\"datePublished\":\"2018-07-10T15:37:37+00:00\",\"author\":{\"@id\":\"https:\\\/\\\/www.altominho.tv\\\/site\\\/#\\\/schema\\\/person\\\/d9be4265364723f14ea8e0d56a1d38cd\"},\"breadcrumb\":{\"@id\":\"https:\\\/\\\/www.altominho.tv\\\/site\\\/2018\\\/07\\\/10\\\/criancas-e-jovens-prestam-tributo-aos-xutos-pontapes\\\/#breadcrumb\"},\"inLanguage\":\"pt-PT\",\"potentialAction\":[{\"@type\":\"ReadAction\",\"target\":[\"https:\\\/\\\/www.altominho.tv\\\/site\\\/2018\\\/07\\\/10\\\/criancas-e-jovens-prestam-tributo-aos-xutos-pontapes\\\/\"]}]},{\"@type\":\"ImageObject\",\"inLanguage\":\"pt-PT\",\"@id\":\"https:\\\/\\\/www.altominho.tv\\\/site\\\/2018\\\/07\\\/10\\\/criancas-e-jovens-prestam-tributo-aos-xutos-pontapes\\\/#primaryimage\",\"url\":\"https:\\\/\\\/www.altominho.tv\\\/site\\\/wp-content\\\/uploads\\\/2018\\\/07\\\/Tributo.jpg\",\"contentUrl\":\"https:\\\/\\\/www.altominho.tv\\\/site\\\/wp-content\\\/uploads\\\/2018\\\/07\\\/Tributo.jpg\",\"width\":2000,\"height\":1469},{\"@type\":\"BreadcrumbList\",\"@id\":\"https:\\\/\\\/www.altominho.tv\\\/site\\\/2018\\\/07\\\/10\\\/criancas-e-jovens-prestam-tributo-aos-xutos-pontapes\\\/#breadcrumb\",\"itemListElement\":[{\"@type\":\"ListItem\",\"position\":1,\"name\":\"In\u00edcio\",\"item\":\"https:\\\/\\\/www.altominho.tv\\\/site\\\/\"},{\"@type\":\"ListItem\",\"position\":2,\"name\":\"Crian\u00e7as e jovens prestam tributo aos Xutos &amp; Pontap\u00e9s\"}]},{\"@type\":\"WebSite\",\"@id\":\"https:\\\/\\\/www.altominho.tv\\\/site\\\/#website\",\"url\":\"https:\\\/\\\/www.altominho.tv\\\/site\\\/\",\"name\":\"Altominho.tv\",\"description\":\"A sua regi\u00e3o \u00e0 dist\u00e2ncia de um clique...\",\"potentialAction\":[{\"@type\":\"SearchAction\",\"target\":{\"@type\":\"EntryPoint\",\"urlTemplate\":\"https:\\\/\\\/www.altominho.tv\\\/site\\\/?s={search_term_string}\"},\"query-input\":{\"@type\":\"PropertyValueSpecification\",\"valueRequired\":true,\"valueName\":\"search_term_string\"}}],\"inLanguage\":\"pt-PT\"},{\"@type\":\"Person\",\"@id\":\"https:\\\/\\\/www.altominho.tv\\\/site\\\/#\\\/schema\\\/person\\\/d9be4265364723f14ea8e0d56a1d38cd\",\"name\":\"Andreia Ferreira\",\"image\":{\"@type\":\"ImageObject\",\"inLanguage\":\"pt-PT\",\"@id\":\"https:\\\/\\\/www.altominho.tv\\\/site\\\/wp-content\\\/uploads\\\/2021\\\/01\\\/AndreiaFerreira-150x150.jpg\",\"url\":\"https:\\\/\\\/www.altominho.tv\\\/site\\\/wp-content\\\/uploads\\\/2021\\\/01\\\/AndreiaFerreira-150x150.jpg\",\"contentUrl\":\"https:\\\/\\\/www.altominho.tv\\\/site\\\/wp-content\\\/uploads\\\/2021\\\/01\\\/AndreiaFerreira-150x150.jpg\",\"caption\":\"Andreia Ferreira\"},\"url\":\"https:\\\/\\\/www.altominho.tv\\\/site\\\/author\\\/andreiaferreira\\\/\"}]}<\/script>\n<!-- \/ Yoast SEO Premium plugin. -->","yoast_head_json":{"title":"Crian\u00e7as e jovens prestam tributo aos Xutos &amp; Pontap\u00e9s","robots":{"index":"index","follow":"follow","max-snippet":"max-snippet:-1","max-image-preview":"max-image-preview:large","max-video-preview":"max-video-preview:-1"},"canonical":"https:\/\/www.altominho.tv\/site\/2018\/07\/10\/criancas-e-jovens-prestam-tributo-aos-xutos-pontapes\/","og_locale":"pt_PT","og_type":"article","og_title":"Crian\u00e7as e jovens prestam tributo aos Xutos &amp; Pontap\u00e9s","og_description":"Trinta crian\u00e7as e jovens do Coro Infantojuvenil de Vila Nova de Cerveira v\u00e3o prestar tributo, no s\u00e1bado, aos Xutos &amp; Pontap\u00e9s. O espet\u00e1culo tem entrada livre e est\u00e1 marcado para as 21h30, no audit\u00f3rio municipal de Vila Nova de Cerveira. A homenagem vai incluir a interpreta\u00e7\u00e3o das m\u00fasicas mais conhecidas do grupo portugu\u00eas, sob dire\u00e7\u00e3o [&hellip;]","og_url":"https:\/\/www.altominho.tv\/site\/2018\/07\/10\/criancas-e-jovens-prestam-tributo-aos-xutos-pontapes\/","og_site_name":"Altominho.tv","article_publisher":"https:\/\/www.facebook.com\/altominhotv","article_published_time":"2018-07-10T15:37:37+00:00","og_image":[{"width":2000,"height":1469,"url":"https:\/\/www.altominho.tv\/site\/wp-content\/uploads\/2018\/07\/Tributo.jpg","type":"image\/jpeg"}],"author":"Andreia Ferreira","twitter_card":"summary_large_image","twitter_creator":"@altominhoTV","twitter_site":"@altominhoTV","twitter_misc":{"Escrito por":"Andreia Ferreira","Tempo estimado de leitura":"1 minuto"},"schema":{"@context":"https:\/\/schema.org","@graph":[{"@type":"Article","@id":"https:\/\/www.altominho.tv\/site\/2018\/07\/10\/criancas-e-jovens-prestam-tributo-aos-xutos-pontapes\/#article","isPartOf":{"@id":"https:\/\/www.altominho.tv\/site\/2018\/07\/10\/criancas-e-jovens-prestam-tributo-aos-xutos-pontapes\/"},"author":{"name":"Andreia Ferreira","@id":"https:\/\/www.altominho.tv\/site\/#\/schema\/person\/d9be4265364723f14ea8e0d56a1d38cd"},"headline":"Crian\u00e7as e jovens prestam tributo aos Xutos &amp; Pontap\u00e9s","datePublished":"2018-07-10T15:37:37+00:00","mainEntityOfPage":{"@id":"https:\/\/www.altominho.tv\/site\/2018\/07\/10\/criancas-e-jovens-prestam-tributo-aos-xutos-pontapes\/"},"wordCount":122,"image":{"@id":"https:\/\/www.altominho.tv\/site\/2018\/07\/10\/criancas-e-jovens-prestam-tributo-aos-xutos-pontapes\/#primaryimage"},"thumbnailUrl":"https:\/\/www.altominho.tv\/site\/wp-content\/uploads\/2018\/07\/Tributo.jpg","keywords":["Cultura"],"articleSection":["Vila Nova de Cerveira"],"inLanguage":"pt-PT","copyrightYear":"2018","copyrightHolder":{"@id":"https:\/\/www.altominho.tv\/site\/#organization"}},{"@type":"WebPage","@id":"https:\/\/www.altominho.tv\/site\/2018\/07\/10\/criancas-e-jovens-prestam-tributo-aos-xutos-pontapes\/","url":"https:\/\/www.altominho.tv\/site\/2018\/07\/10\/criancas-e-jovens-prestam-tributo-aos-xutos-pontapes\/","name":"Crian\u00e7as e jovens prestam tributo aos Xutos &amp; Pontap\u00e9s","isPartOf":{"@id":"https:\/\/www.altominho.tv\/site\/#website"},"primaryImageOfPage":{"@id":"https:\/\/www.altominho.tv\/site\/2018\/07\/10\/criancas-e-jovens-prestam-tributo-aos-xutos-pontapes\/#primaryimage"},"image":{"@id":"https:\/\/www.altominho.tv\/site\/2018\/07\/10\/criancas-e-jovens-prestam-tributo-aos-xutos-pontapes\/#primaryimage"},"thumbnailUrl":"https:\/\/www.altominho.tv\/site\/wp-content\/uploads\/2018\/07\/Tributo.jpg","datePublished":"2018-07-10T15:37:37+00:00","author":{"@id":"https:\/\/www.altominho.tv\/site\/#\/schema\/person\/d9be4265364723f14ea8e0d56a1d38cd"},"breadcrumb":{"@id":"https:\/\/www.altominho.tv\/site\/2018\/07\/10\/criancas-e-jovens-prestam-tributo-aos-xutos-pontapes\/#breadcrumb"},"inLanguage":"pt-PT","potentialAction":[{"@type":"ReadAction","target":["https:\/\/www.altominho.tv\/site\/2018\/07\/10\/criancas-e-jovens-prestam-tributo-aos-xutos-pontapes\/"]}]},{"@type":"ImageObject","inLanguage":"pt-PT","@id":"https:\/\/www.altominho.tv\/site\/2018\/07\/10\/criancas-e-jovens-prestam-tributo-aos-xutos-pontapes\/#primaryimage","url":"https:\/\/www.altominho.tv\/site\/wp-content\/uploads\/2018\/07\/Tributo.jpg","contentUrl":"https:\/\/www.altominho.tv\/site\/wp-content\/uploads\/2018\/07\/Tributo.jpg","width":2000,"height":1469},{"@type":"BreadcrumbList","@id":"https:\/\/www.altominho.tv\/site\/2018\/07\/10\/criancas-e-jovens-prestam-tributo-aos-xutos-pontapes\/#breadcrumb","itemListElement":[{"@type":"ListItem","position":1,"name":"In\u00edcio","item":"https:\/\/www.altominho.tv\/site\/"},{"@type":"ListItem","position":2,"name":"Crian\u00e7as e jovens prestam tributo aos Xutos &amp; Pontap\u00e9s"}]},{"@type":"WebSite","@id":"https:\/\/www.altominho.tv\/site\/#website","url":"https:\/\/www.altominho.tv\/site\/","name":"Altominho.tv","description":"A sua regi\u00e3o \u00e0 dist\u00e2ncia de um clique...","potentialAction":[{"@type":"SearchAction","target":{"@type":"EntryPoint","urlTemplate":"https:\/\/www.altominho.tv\/site\/?s={search_term_string}"},"query-input":{"@type":"PropertyValueSpecification","valueRequired":true,"valueName":"search_term_string"}}],"inLanguage":"pt-PT"},{"@type":"Person","@id":"https:\/\/www.altominho.tv\/site\/#\/schema\/person\/d9be4265364723f14ea8e0d56a1d38cd","name":"Andreia Ferreira","image":{"@type":"ImageObject","inLanguage":"pt-PT","@id":"https:\/\/www.altominho.tv\/site\/wp-content\/uploads\/2021\/01\/AndreiaFerreira-150x150.jpg","url":"https:\/\/www.altominho.tv\/site\/wp-content\/uploads\/2021\/01\/AndreiaFerreira-150x150.jpg","contentUrl":"https:\/\/www.altominho.tv\/site\/wp-content\/uploads\/2021\/01\/AndreiaFerreira-150x150.jpg","caption":"Andreia Ferreira"},"url":"https:\/\/www.altominho.tv\/site\/author\/andreiaferreira\/"}]}},"_links":{"self":[{"href":"https:\/\/www.altominho.tv\/site\/wp-json\/wp\/v2\/posts\/16230","targetHints":{"allow":["GET"]}}],"collection":[{"href":"https:\/\/www.altominho.tv\/site\/wp-json\/wp\/v2\/posts"}],"about":[{"href":"https:\/\/www.altominho.tv\/site\/wp-json\/wp\/v2\/types\/post"}],"author":[{"embeddable":true,"href":"https:\/\/www.altominho.tv\/site\/wp-json\/wp\/v2\/users\/12"}],"replies":[{"embeddable":true,"href":"https:\/\/www.altominho.tv\/site\/wp-json\/wp\/v2\/comments?post=16230"}],"version-history":[{"count":0,"href":"https:\/\/www.altominho.tv\/site\/wp-json\/wp\/v2\/posts\/16230\/revisions"}],"wp:featuredmedia":[{"embeddable":true,"href":"https:\/\/www.altominho.tv\/site\/wp-json\/wp\/v2\/media\/16232"}],"wp:attachment":[{"href":"https:\/\/www.altominho.tv\/site\/wp-json\/wp\/v2\/media?parent=16230"}],"wp:term":[{"taxonomy":"category","embeddable":true,"href":"https:\/\/www.altominho.tv\/site\/wp-json\/wp\/v2\/categories?post=16230"},{"taxonomy":"post_tag","embeddable":true,"href":"https:\/\/www.altominho.tv\/site\/wp-json\/wp\/v2\/tags?post=16230"}],"curies":[{"name":"wp","href":"https:\/\/api.w.org\/{rel}","templated":true}]}}