{"id":16160,"date":"2018-07-09T15:58:52","date_gmt":"2018-07-09T14:58:52","guid":{"rendered":"http:\/\/www.altominho.tv\/site\/?p=16160"},"modified":"2018-07-09T15:58:52","modified_gmt":"2018-07-09T14:58:52","slug":"ana-moura-e-maria-emilia-animam-noites-de-fado-em-vila-nova-de-cerveira","status":"publish","type":"post","link":"https:\/\/www.altominho.tv\/site\/2018\/07\/09\/ana-moura-e-maria-emilia-animam-noites-de-fado-em-vila-nova-de-cerveira\/","title":{"rendered":"Ana Moura e Maria Em\u00edlia animam noites de fado em Vila Nova de Cerveira"},"content":{"rendered":"<p>Em julho, Vila Nova de Cerveira apresenta duas noites dedicadas ao fado.\u00a0Maria Em\u00edlia com Miguel Ramos e Ana Moura s\u00e3o os artistas convidados da edi\u00e7\u00e3o deste ano.<\/p>\n<p>Para a primeira Noite de Fado, dia 21 de julho, o palco do Audit\u00f3rio Municipal de Vila Nova de Cerveira recebe Maria Em\u00edlia, uma jovem fadista que j\u00e1 atuou em diversos pa\u00edses como Brasil, Espanha, Su\u00ed\u00e7a e B\u00e9lgica e que, brevemente, edita o seu 1\u00ba \u00e1lbum.<\/p>\n<p>Para este concerto, Maria Em\u00edlia convida Miguel Ramos que vai apresentar o \u00e1lbum de uma vida de fado, \u2018Aqui na Alma\u2019.<\/p>\n<p>No dia 28 de julho \u00e9 a vez de Ana Moura subir ao palco. Depois de \u2018Desfado\u2019 se ter tornado o \u00e1lbum mais vendido de um artista portugu\u00eas nos \u00faltimos 10 anos, a fadista regressa com \u2018Moura\u2019, disco que d\u00e1 continuidade \u00e0 sua parceria com o produtor norte-americano Larry Klein.<\/p>\n<p>Os bilhetes est\u00e3o dispon\u00edveis na Loja Interativa de Turismo de Vila Nova de Cerveira, a cinco e oito euros, respetivamente.<\/p>\n","protected":false},"excerpt":{"rendered":"<p>Em julho, Vila Nova de Cerveira apresenta duas noites dedicadas ao fado.\u00a0Maria Em\u00edlia com Miguel Ramos e Ana Moura s\u00e3o os artistas convidados da edi\u00e7\u00e3o deste ano. Para a primeira Noite de Fado, dia 21 de julho, o palco do Audit\u00f3rio Municipal de Vila Nova de Cerveira recebe Maria Em\u00edlia, uma jovem fadista que j\u00e1 [&hellip;]<\/p>\n","protected":false},"author":12,"featured_media":16180,"comment_status":"closed","ping_status":"closed","sticky":false,"template":"","format":"standard","meta":{"_exactmetrics_skip_tracking":false,"_exactmetrics_sitenote_active":false,"_exactmetrics_sitenote_note":"","_exactmetrics_sitenote_category":0,"footnotes":""},"categories":[15],"tags":[19],"class_list":["post-16160","post","type-post","status-publish","format-standard","has-post-thumbnail","hentry","category-vila-nova-de-cerveira","tag-cultura"],"yoast_head":"<!-- This site is optimized with the Yoast SEO Premium plugin v27.4 (Yoast SEO v27.4) - https:\/\/yoast.com\/product\/yoast-seo-premium-wordpress\/ -->\n<title>Ana Moura e Maria Em\u00edlia animam noites de fado em Vila Nova de Cerveira<\/title>\n<meta name=\"robots\" content=\"index, follow, max-snippet:-1, max-image-preview:large, max-video-preview:-1\" \/>\n<link rel=\"canonical\" href=\"https:\/\/www.altominho.tv\/site\/2018\/07\/09\/ana-moura-e-maria-emilia-animam-noites-de-fado-em-vila-nova-de-cerveira\/\" \/>\n<meta property=\"og:locale\" content=\"pt_PT\" \/>\n<meta property=\"og:type\" content=\"article\" \/>\n<meta property=\"og:title\" content=\"Ana Moura e Maria Em\u00edlia animam noites de fado em Vila Nova de Cerveira\" \/>\n<meta property=\"og:description\" content=\"Em julho, Vila Nova de Cerveira apresenta duas noites dedicadas ao fado.\u00a0Maria Em\u00edlia com Miguel Ramos e Ana Moura s\u00e3o os artistas convidados da edi\u00e7\u00e3o deste ano. Para a primeira Noite de Fado, dia 21 de julho, o palco do Audit\u00f3rio Municipal de Vila Nova de Cerveira recebe Maria Em\u00edlia, uma jovem fadista que j\u00e1 [&hellip;]\" \/>\n<meta property=\"og:url\" content=\"https:\/\/www.altominho.tv\/site\/2018\/07\/09\/ana-moura-e-maria-emilia-animam-noites-de-fado-em-vila-nova-de-cerveira\/\" \/>\n<meta property=\"og:site_name\" content=\"Altominho.tv\" \/>\n<meta property=\"article:publisher\" content=\"https:\/\/www.facebook.com\/altominhotv\" \/>\n<meta property=\"article:published_time\" content=\"2018-07-09T14:58:52+00:00\" \/>\n<meta property=\"og:image\" content=\"https:\/\/www.altominho.tv\/site\/wp-content\/uploads\/2018\/07\/Noites-de-Fado.jpg\" \/>\n\t<meta property=\"og:image:width\" content=\"990\" \/>\n\t<meta property=\"og:image:height\" content=\"510\" \/>\n\t<meta property=\"og:image:type\" content=\"image\/jpeg\" \/>\n<meta name=\"author\" content=\"Andreia Ferreira\" \/>\n<meta name=\"twitter:card\" content=\"summary_large_image\" \/>\n<meta name=\"twitter:creator\" content=\"@altominhoTV\" \/>\n<meta name=\"twitter:site\" content=\"@altominhoTV\" \/>\n<meta name=\"twitter:label1\" content=\"Escrito por\" \/>\n\t<meta name=\"twitter:data1\" content=\"Andreia Ferreira\" \/>\n\t<meta name=\"twitter:label2\" content=\"Tempo estimado de leitura\" \/>\n\t<meta name=\"twitter:data2\" content=\"1 minuto\" \/>\n<script type=\"application\/ld+json\" class=\"yoast-schema-graph\">{\"@context\":\"https:\\\/\\\/schema.org\",\"@graph\":[{\"@type\":\"Article\",\"@id\":\"https:\\\/\\\/www.altominho.tv\\\/site\\\/2018\\\/07\\\/09\\\/ana-moura-e-maria-emilia-animam-noites-de-fado-em-vila-nova-de-cerveira\\\/#article\",\"isPartOf\":{\"@id\":\"https:\\\/\\\/www.altominho.tv\\\/site\\\/2018\\\/07\\\/09\\\/ana-moura-e-maria-emilia-animam-noites-de-fado-em-vila-nova-de-cerveira\\\/\"},\"author\":{\"name\":\"Andreia Ferreira\",\"@id\":\"https:\\\/\\\/www.altominho.tv\\\/site\\\/#\\\/schema\\\/person\\\/d9be4265364723f14ea8e0d56a1d38cd\"},\"headline\":\"Ana Moura e Maria Em\u00edlia animam noites de fado em Vila Nova de Cerveira\",\"datePublished\":\"2018-07-09T14:58:52+00:00\",\"mainEntityOfPage\":{\"@id\":\"https:\\\/\\\/www.altominho.tv\\\/site\\\/2018\\\/07\\\/09\\\/ana-moura-e-maria-emilia-animam-noites-de-fado-em-vila-nova-de-cerveira\\\/\"},\"wordCount\":186,\"image\":{\"@id\":\"https:\\\/\\\/www.altominho.tv\\\/site\\\/2018\\\/07\\\/09\\\/ana-moura-e-maria-emilia-animam-noites-de-fado-em-vila-nova-de-cerveira\\\/#primaryimage\"},\"thumbnailUrl\":\"https:\\\/\\\/www.altominho.tv\\\/site\\\/wp-content\\\/uploads\\\/2018\\\/07\\\/Noites-de-Fado.jpg\",\"keywords\":[\"Cultura\"],\"articleSection\":[\"Vila Nova de Cerveira\"],\"inLanguage\":\"pt-PT\",\"copyrightYear\":\"2018\",\"copyrightHolder\":{\"@id\":\"https:\\\/\\\/www.altominho.tv\\\/site\\\/#organization\"}},{\"@type\":\"WebPage\",\"@id\":\"https:\\\/\\\/www.altominho.tv\\\/site\\\/2018\\\/07\\\/09\\\/ana-moura-e-maria-emilia-animam-noites-de-fado-em-vila-nova-de-cerveira\\\/\",\"url\":\"https:\\\/\\\/www.altominho.tv\\\/site\\\/2018\\\/07\\\/09\\\/ana-moura-e-maria-emilia-animam-noites-de-fado-em-vila-nova-de-cerveira\\\/\",\"name\":\"Ana Moura e Maria Em\u00edlia animam noites de fado em Vila Nova de Cerveira\",\"isPartOf\":{\"@id\":\"https:\\\/\\\/www.altominho.tv\\\/site\\\/#website\"},\"primaryImageOfPage\":{\"@id\":\"https:\\\/\\\/www.altominho.tv\\\/site\\\/2018\\\/07\\\/09\\\/ana-moura-e-maria-emilia-animam-noites-de-fado-em-vila-nova-de-cerveira\\\/#primaryimage\"},\"image\":{\"@id\":\"https:\\\/\\\/www.altominho.tv\\\/site\\\/2018\\\/07\\\/09\\\/ana-moura-e-maria-emilia-animam-noites-de-fado-em-vila-nova-de-cerveira\\\/#primaryimage\"},\"thumbnailUrl\":\"https:\\\/\\\/www.altominho.tv\\\/site\\\/wp-content\\\/uploads\\\/2018\\\/07\\\/Noites-de-Fado.jpg\",\"datePublished\":\"2018-07-09T14:58:52+00:00\",\"author\":{\"@id\":\"https:\\\/\\\/www.altominho.tv\\\/site\\\/#\\\/schema\\\/person\\\/d9be4265364723f14ea8e0d56a1d38cd\"},\"breadcrumb\":{\"@id\":\"https:\\\/\\\/www.altominho.tv\\\/site\\\/2018\\\/07\\\/09\\\/ana-moura-e-maria-emilia-animam-noites-de-fado-em-vila-nova-de-cerveira\\\/#breadcrumb\"},\"inLanguage\":\"pt-PT\",\"potentialAction\":[{\"@type\":\"ReadAction\",\"target\":[\"https:\\\/\\\/www.altominho.tv\\\/site\\\/2018\\\/07\\\/09\\\/ana-moura-e-maria-emilia-animam-noites-de-fado-em-vila-nova-de-cerveira\\\/\"]}]},{\"@type\":\"ImageObject\",\"inLanguage\":\"pt-PT\",\"@id\":\"https:\\\/\\\/www.altominho.tv\\\/site\\\/2018\\\/07\\\/09\\\/ana-moura-e-maria-emilia-animam-noites-de-fado-em-vila-nova-de-cerveira\\\/#primaryimage\",\"url\":\"https:\\\/\\\/www.altominho.tv\\\/site\\\/wp-content\\\/uploads\\\/2018\\\/07\\\/Noites-de-Fado.jpg\",\"contentUrl\":\"https:\\\/\\\/www.altominho.tv\\\/site\\\/wp-content\\\/uploads\\\/2018\\\/07\\\/Noites-de-Fado.jpg\",\"width\":990,\"height\":510},{\"@type\":\"BreadcrumbList\",\"@id\":\"https:\\\/\\\/www.altominho.tv\\\/site\\\/2018\\\/07\\\/09\\\/ana-moura-e-maria-emilia-animam-noites-de-fado-em-vila-nova-de-cerveira\\\/#breadcrumb\",\"itemListElement\":[{\"@type\":\"ListItem\",\"position\":1,\"name\":\"In\u00edcio\",\"item\":\"https:\\\/\\\/www.altominho.tv\\\/site\\\/\"},{\"@type\":\"ListItem\",\"position\":2,\"name\":\"Ana Moura e Maria Em\u00edlia animam noites de fado em Vila Nova de Cerveira\"}]},{\"@type\":\"WebSite\",\"@id\":\"https:\\\/\\\/www.altominho.tv\\\/site\\\/#website\",\"url\":\"https:\\\/\\\/www.altominho.tv\\\/site\\\/\",\"name\":\"Altominho.tv\",\"description\":\"A sua regi\u00e3o \u00e0 dist\u00e2ncia de um clique...\",\"potentialAction\":[{\"@type\":\"SearchAction\",\"target\":{\"@type\":\"EntryPoint\",\"urlTemplate\":\"https:\\\/\\\/www.altominho.tv\\\/site\\\/?s={search_term_string}\"},\"query-input\":{\"@type\":\"PropertyValueSpecification\",\"valueRequired\":true,\"valueName\":\"search_term_string\"}}],\"inLanguage\":\"pt-PT\"},{\"@type\":\"Person\",\"@id\":\"https:\\\/\\\/www.altominho.tv\\\/site\\\/#\\\/schema\\\/person\\\/d9be4265364723f14ea8e0d56a1d38cd\",\"name\":\"Andreia Ferreira\",\"image\":{\"@type\":\"ImageObject\",\"inLanguage\":\"pt-PT\",\"@id\":\"https:\\\/\\\/www.altominho.tv\\\/site\\\/wp-content\\\/uploads\\\/2021\\\/01\\\/AndreiaFerreira-150x150.jpg\",\"url\":\"https:\\\/\\\/www.altominho.tv\\\/site\\\/wp-content\\\/uploads\\\/2021\\\/01\\\/AndreiaFerreira-150x150.jpg\",\"contentUrl\":\"https:\\\/\\\/www.altominho.tv\\\/site\\\/wp-content\\\/uploads\\\/2021\\\/01\\\/AndreiaFerreira-150x150.jpg\",\"caption\":\"Andreia Ferreira\"},\"url\":\"https:\\\/\\\/www.altominho.tv\\\/site\\\/author\\\/andreiaferreira\\\/\"}]}<\/script>\n<!-- \/ Yoast SEO Premium plugin. -->","yoast_head_json":{"title":"Ana Moura e Maria Em\u00edlia animam noites de fado em Vila Nova de Cerveira","robots":{"index":"index","follow":"follow","max-snippet":"max-snippet:-1","max-image-preview":"max-image-preview:large","max-video-preview":"max-video-preview:-1"},"canonical":"https:\/\/www.altominho.tv\/site\/2018\/07\/09\/ana-moura-e-maria-emilia-animam-noites-de-fado-em-vila-nova-de-cerveira\/","og_locale":"pt_PT","og_type":"article","og_title":"Ana Moura e Maria Em\u00edlia animam noites de fado em Vila Nova de Cerveira","og_description":"Em julho, Vila Nova de Cerveira apresenta duas noites dedicadas ao fado.\u00a0Maria Em\u00edlia com Miguel Ramos e Ana Moura s\u00e3o os artistas convidados da edi\u00e7\u00e3o deste ano. Para a primeira Noite de Fado, dia 21 de julho, o palco do Audit\u00f3rio Municipal de Vila Nova de Cerveira recebe Maria Em\u00edlia, uma jovem fadista que j\u00e1 [&hellip;]","og_url":"https:\/\/www.altominho.tv\/site\/2018\/07\/09\/ana-moura-e-maria-emilia-animam-noites-de-fado-em-vila-nova-de-cerveira\/","og_site_name":"Altominho.tv","article_publisher":"https:\/\/www.facebook.com\/altominhotv","article_published_time":"2018-07-09T14:58:52+00:00","og_image":[{"width":990,"height":510,"url":"https:\/\/www.altominho.tv\/site\/wp-content\/uploads\/2018\/07\/Noites-de-Fado.jpg","type":"image\/jpeg"}],"author":"Andreia Ferreira","twitter_card":"summary_large_image","twitter_creator":"@altominhoTV","twitter_site":"@altominhoTV","twitter_misc":{"Escrito por":"Andreia Ferreira","Tempo estimado de leitura":"1 minuto"},"schema":{"@context":"https:\/\/schema.org","@graph":[{"@type":"Article","@id":"https:\/\/www.altominho.tv\/site\/2018\/07\/09\/ana-moura-e-maria-emilia-animam-noites-de-fado-em-vila-nova-de-cerveira\/#article","isPartOf":{"@id":"https:\/\/www.altominho.tv\/site\/2018\/07\/09\/ana-moura-e-maria-emilia-animam-noites-de-fado-em-vila-nova-de-cerveira\/"},"author":{"name":"Andreia Ferreira","@id":"https:\/\/www.altominho.tv\/site\/#\/schema\/person\/d9be4265364723f14ea8e0d56a1d38cd"},"headline":"Ana Moura e Maria Em\u00edlia animam noites de fado em Vila Nova de Cerveira","datePublished":"2018-07-09T14:58:52+00:00","mainEntityOfPage":{"@id":"https:\/\/www.altominho.tv\/site\/2018\/07\/09\/ana-moura-e-maria-emilia-animam-noites-de-fado-em-vila-nova-de-cerveira\/"},"wordCount":186,"image":{"@id":"https:\/\/www.altominho.tv\/site\/2018\/07\/09\/ana-moura-e-maria-emilia-animam-noites-de-fado-em-vila-nova-de-cerveira\/#primaryimage"},"thumbnailUrl":"https:\/\/www.altominho.tv\/site\/wp-content\/uploads\/2018\/07\/Noites-de-Fado.jpg","keywords":["Cultura"],"articleSection":["Vila Nova de Cerveira"],"inLanguage":"pt-PT","copyrightYear":"2018","copyrightHolder":{"@id":"https:\/\/www.altominho.tv\/site\/#organization"}},{"@type":"WebPage","@id":"https:\/\/www.altominho.tv\/site\/2018\/07\/09\/ana-moura-e-maria-emilia-animam-noites-de-fado-em-vila-nova-de-cerveira\/","url":"https:\/\/www.altominho.tv\/site\/2018\/07\/09\/ana-moura-e-maria-emilia-animam-noites-de-fado-em-vila-nova-de-cerveira\/","name":"Ana Moura e Maria Em\u00edlia animam noites de fado em Vila Nova de Cerveira","isPartOf":{"@id":"https:\/\/www.altominho.tv\/site\/#website"},"primaryImageOfPage":{"@id":"https:\/\/www.altominho.tv\/site\/2018\/07\/09\/ana-moura-e-maria-emilia-animam-noites-de-fado-em-vila-nova-de-cerveira\/#primaryimage"},"image":{"@id":"https:\/\/www.altominho.tv\/site\/2018\/07\/09\/ana-moura-e-maria-emilia-animam-noites-de-fado-em-vila-nova-de-cerveira\/#primaryimage"},"thumbnailUrl":"https:\/\/www.altominho.tv\/site\/wp-content\/uploads\/2018\/07\/Noites-de-Fado.jpg","datePublished":"2018-07-09T14:58:52+00:00","author":{"@id":"https:\/\/www.altominho.tv\/site\/#\/schema\/person\/d9be4265364723f14ea8e0d56a1d38cd"},"breadcrumb":{"@id":"https:\/\/www.altominho.tv\/site\/2018\/07\/09\/ana-moura-e-maria-emilia-animam-noites-de-fado-em-vila-nova-de-cerveira\/#breadcrumb"},"inLanguage":"pt-PT","potentialAction":[{"@type":"ReadAction","target":["https:\/\/www.altominho.tv\/site\/2018\/07\/09\/ana-moura-e-maria-emilia-animam-noites-de-fado-em-vila-nova-de-cerveira\/"]}]},{"@type":"ImageObject","inLanguage":"pt-PT","@id":"https:\/\/www.altominho.tv\/site\/2018\/07\/09\/ana-moura-e-maria-emilia-animam-noites-de-fado-em-vila-nova-de-cerveira\/#primaryimage","url":"https:\/\/www.altominho.tv\/site\/wp-content\/uploads\/2018\/07\/Noites-de-Fado.jpg","contentUrl":"https:\/\/www.altominho.tv\/site\/wp-content\/uploads\/2018\/07\/Noites-de-Fado.jpg","width":990,"height":510},{"@type":"BreadcrumbList","@id":"https:\/\/www.altominho.tv\/site\/2018\/07\/09\/ana-moura-e-maria-emilia-animam-noites-de-fado-em-vila-nova-de-cerveira\/#breadcrumb","itemListElement":[{"@type":"ListItem","position":1,"name":"In\u00edcio","item":"https:\/\/www.altominho.tv\/site\/"},{"@type":"ListItem","position":2,"name":"Ana Moura e Maria Em\u00edlia animam noites de fado em Vila Nova de Cerveira"}]},{"@type":"WebSite","@id":"https:\/\/www.altominho.tv\/site\/#website","url":"https:\/\/www.altominho.tv\/site\/","name":"Altominho.tv","description":"A sua regi\u00e3o \u00e0 dist\u00e2ncia de um clique...","potentialAction":[{"@type":"SearchAction","target":{"@type":"EntryPoint","urlTemplate":"https:\/\/www.altominho.tv\/site\/?s={search_term_string}"},"query-input":{"@type":"PropertyValueSpecification","valueRequired":true,"valueName":"search_term_string"}}],"inLanguage":"pt-PT"},{"@type":"Person","@id":"https:\/\/www.altominho.tv\/site\/#\/schema\/person\/d9be4265364723f14ea8e0d56a1d38cd","name":"Andreia Ferreira","image":{"@type":"ImageObject","inLanguage":"pt-PT","@id":"https:\/\/www.altominho.tv\/site\/wp-content\/uploads\/2021\/01\/AndreiaFerreira-150x150.jpg","url":"https:\/\/www.altominho.tv\/site\/wp-content\/uploads\/2021\/01\/AndreiaFerreira-150x150.jpg","contentUrl":"https:\/\/www.altominho.tv\/site\/wp-content\/uploads\/2021\/01\/AndreiaFerreira-150x150.jpg","caption":"Andreia Ferreira"},"url":"https:\/\/www.altominho.tv\/site\/author\/andreiaferreira\/"}]}},"_links":{"self":[{"href":"https:\/\/www.altominho.tv\/site\/wp-json\/wp\/v2\/posts\/16160","targetHints":{"allow":["GET"]}}],"collection":[{"href":"https:\/\/www.altominho.tv\/site\/wp-json\/wp\/v2\/posts"}],"about":[{"href":"https:\/\/www.altominho.tv\/site\/wp-json\/wp\/v2\/types\/post"}],"author":[{"embeddable":true,"href":"https:\/\/www.altominho.tv\/site\/wp-json\/wp\/v2\/users\/12"}],"replies":[{"embeddable":true,"href":"https:\/\/www.altominho.tv\/site\/wp-json\/wp\/v2\/comments?post=16160"}],"version-history":[{"count":0,"href":"https:\/\/www.altominho.tv\/site\/wp-json\/wp\/v2\/posts\/16160\/revisions"}],"wp:featuredmedia":[{"embeddable":true,"href":"https:\/\/www.altominho.tv\/site\/wp-json\/wp\/v2\/media\/16180"}],"wp:attachment":[{"href":"https:\/\/www.altominho.tv\/site\/wp-json\/wp\/v2\/media?parent=16160"}],"wp:term":[{"taxonomy":"category","embeddable":true,"href":"https:\/\/www.altominho.tv\/site\/wp-json\/wp\/v2\/categories?post=16160"},{"taxonomy":"post_tag","embeddable":true,"href":"https:\/\/www.altominho.tv\/site\/wp-json\/wp\/v2\/tags?post=16160"}],"curies":[{"name":"wp","href":"https:\/\/api.w.org\/{rel}","templated":true}]}}