{"id":16078,"date":"2018-07-06T09:01:58","date_gmt":"2018-07-06T08:01:58","guid":{"rendered":"http:\/\/www.altominho.tv\/site\/?p=16078"},"modified":"2018-07-06T09:01:58","modified_gmt":"2018-07-06T08:01:58","slug":"promovido-arranque-da-20a-bienal-de-cerveira-no-parque-de-lazer-do-castelinho","status":"publish","type":"post","link":"https:\/\/www.altominho.tv\/site\/2018\/07\/06\/promovido-arranque-da-20a-bienal-de-cerveira-no-parque-de-lazer-do-castelinho\/","title":{"rendered":"Promovido arranque da 20\u00aa Bienal de Cerveira no Parque de Lazer do Castelinho"},"content":{"rendered":"<p>A Funda\u00e7\u00e3o Bienal de Arte de Cerveira vai promover o arranque da XX Bienal Internacional de Arte de Cerveira, com uma a\u00e7\u00e3o promocional no pr\u00f3ximo domingo, dia 8 de julho, no Parque de Lazer do Castelinho, em Vila Nova de Cerveira.<\/p>\n<p>\u201cWarm-up XX Bienal Internacional de Arte de Cerveira\u201d \u00e9 o nome da iniciativa de lan\u00e7amento do evento e tem como objetivo lembrar o p\u00fablico que 2018 \u00e9 um ano especial para Vila Nova de Cerveira.<\/p>\n<p>\u201cEste ver\u00e3o vamos celebrar o quadrag\u00e9simo anivers\u00e1rio da bienal de arte mais antiga do pa\u00eds e da Pen\u00ednsula Ib\u00e9rica e queremos que os cerveirenses e os visitantes fa\u00e7am parte desta grande festa\u201d, explicou o presidente da Funda\u00e7\u00e3o Bienal de Arte de Cerveira, Fernando Nogueira.<\/p>\n<p>No decorrer do evento ser\u00e3o realizadas interven\u00e7\u00f5es art\u00edsticas ao vivo pelos artistas Alfonso Vicente Rey, Henrique do Vale, Maria Melo e Tiago Tar\u00f3n, bem como um atelier de elabora\u00e7\u00e3o de pins personalizados.<\/p>\n<p>A m\u00fasica tamb\u00e9m far\u00e1 parte da iniciativa, com um apontamento musical do grupo de Cavaquinhos de Lovelhe.<\/p>\n<p>Assinalando os seus 40 anos e voltando-se a realizar em anos pares, a <a href=\"http:\/\/www.altominho.tv\/site\/2018\/04\/23\/selecionadas-162-obras-para-a-xx-bienal-internacional-de-arte-de-cerveira\/\">XX Bienal Internacional de Arte de Cerveira<\/a> regressa este ano voltando a marcar o calend\u00e1rio nacional de eventos, de 10 de agosto a 23 de setembro, sob o tema \u201cArtes Pl\u00e1sticas Tradicionais e Artes Digitais \u2013 O Discurso da (Des)ordem\u201d.<\/p>\n","protected":false},"excerpt":{"rendered":"<p>A Funda\u00e7\u00e3o Bienal de Arte de Cerveira vai promover o arranque da XX Bienal Internacional de Arte de Cerveira, com uma a\u00e7\u00e3o promocional no pr\u00f3ximo domingo, dia 8 de julho, no Parque de Lazer do Castelinho, em Vila Nova de Cerveira. \u201cWarm-up XX Bienal Internacional de Arte de Cerveira\u201d \u00e9 o nome da iniciativa de [&hellip;]<\/p>\n","protected":false},"author":12,"featured_media":16079,"comment_status":"closed","ping_status":"closed","sticky":false,"template":"","format":"standard","meta":{"_exactmetrics_skip_tracking":false,"_exactmetrics_sitenote_active":false,"_exactmetrics_sitenote_note":"","_exactmetrics_sitenote_category":0,"footnotes":""},"categories":[15],"tags":[19,24],"class_list":["post-16078","post","type-post","status-publish","format-standard","has-post-thumbnail","hentry","category-vila-nova-de-cerveira","tag-cultura","tag-lazer"],"yoast_head":"<!-- This site is optimized with the Yoast SEO Premium plugin v27.4 (Yoast SEO v27.4) - https:\/\/yoast.com\/product\/yoast-seo-premium-wordpress\/ -->\n<title>Promovido arranque da 20\u00aa Bienal de Cerveira no Parque de Lazer do Castelinho<\/title>\n<meta name=\"robots\" content=\"index, follow, max-snippet:-1, max-image-preview:large, max-video-preview:-1\" \/>\n<link rel=\"canonical\" href=\"https:\/\/www.altominho.tv\/site\/2018\/07\/06\/promovido-arranque-da-20a-bienal-de-cerveira-no-parque-de-lazer-do-castelinho\/\" \/>\n<meta property=\"og:locale\" content=\"pt_PT\" \/>\n<meta property=\"og:type\" content=\"article\" \/>\n<meta property=\"og:title\" content=\"Promovido arranque da 20\u00aa Bienal de Cerveira no Parque de Lazer do Castelinho\" \/>\n<meta property=\"og:description\" content=\"A Funda\u00e7\u00e3o Bienal de Arte de Cerveira vai promover o arranque da XX Bienal Internacional de Arte de Cerveira, com uma a\u00e7\u00e3o promocional no pr\u00f3ximo domingo, dia 8 de julho, no Parque de Lazer do Castelinho, em Vila Nova de Cerveira. \u201cWarm-up XX Bienal Internacional de Arte de Cerveira\u201d \u00e9 o nome da iniciativa de [&hellip;]\" \/>\n<meta property=\"og:url\" content=\"https:\/\/www.altominho.tv\/site\/2018\/07\/06\/promovido-arranque-da-20a-bienal-de-cerveira-no-parque-de-lazer-do-castelinho\/\" \/>\n<meta property=\"og:site_name\" content=\"Altominho.tv\" \/>\n<meta property=\"article:publisher\" content=\"https:\/\/www.facebook.com\/altominhotv\" \/>\n<meta property=\"article:published_time\" content=\"2018-07-06T08:01:58+00:00\" \/>\n<meta property=\"og:image\" content=\"https:\/\/www.altominho.tv\/site\/wp-content\/uploads\/2018\/07\/unnamed.jpg\" \/>\n\t<meta property=\"og:image:width\" content=\"965\" \/>\n\t<meta property=\"og:image:height\" content=\"300\" \/>\n\t<meta property=\"og:image:type\" content=\"image\/jpeg\" \/>\n<meta name=\"author\" content=\"Andreia Ferreira\" \/>\n<meta name=\"twitter:card\" content=\"summary_large_image\" \/>\n<meta name=\"twitter:creator\" content=\"@altominhoTV\" \/>\n<meta name=\"twitter:site\" content=\"@altominhoTV\" \/>\n<meta name=\"twitter:label1\" content=\"Escrito por\" \/>\n\t<meta name=\"twitter:data1\" content=\"Andreia Ferreira\" \/>\n\t<meta name=\"twitter:label2\" content=\"Tempo estimado de leitura\" \/>\n\t<meta name=\"twitter:data2\" content=\"1 minuto\" \/>\n<script type=\"application\/ld+json\" class=\"yoast-schema-graph\">{\"@context\":\"https:\\\/\\\/schema.org\",\"@graph\":[{\"@type\":\"Article\",\"@id\":\"https:\\\/\\\/www.altominho.tv\\\/site\\\/2018\\\/07\\\/06\\\/promovido-arranque-da-20a-bienal-de-cerveira-no-parque-de-lazer-do-castelinho\\\/#article\",\"isPartOf\":{\"@id\":\"https:\\\/\\\/www.altominho.tv\\\/site\\\/2018\\\/07\\\/06\\\/promovido-arranque-da-20a-bienal-de-cerveira-no-parque-de-lazer-do-castelinho\\\/\"},\"author\":{\"name\":\"Andreia Ferreira\",\"@id\":\"https:\\\/\\\/www.altominho.tv\\\/site\\\/#\\\/schema\\\/person\\\/d9be4265364723f14ea8e0d56a1d38cd\"},\"headline\":\"Promovido arranque da 20\u00aa Bienal de Cerveira no Parque de Lazer do Castelinho\",\"datePublished\":\"2018-07-06T08:01:58+00:00\",\"mainEntityOfPage\":{\"@id\":\"https:\\\/\\\/www.altominho.tv\\\/site\\\/2018\\\/07\\\/06\\\/promovido-arranque-da-20a-bienal-de-cerveira-no-parque-de-lazer-do-castelinho\\\/\"},\"wordCount\":249,\"image\":{\"@id\":\"https:\\\/\\\/www.altominho.tv\\\/site\\\/2018\\\/07\\\/06\\\/promovido-arranque-da-20a-bienal-de-cerveira-no-parque-de-lazer-do-castelinho\\\/#primaryimage\"},\"thumbnailUrl\":\"https:\\\/\\\/www.altominho.tv\\\/site\\\/wp-content\\\/uploads\\\/2018\\\/07\\\/unnamed.jpg\",\"keywords\":[\"Cultura\",\"Lazer\"],\"articleSection\":[\"Vila Nova de Cerveira\"],\"inLanguage\":\"pt-PT\",\"copyrightYear\":\"2018\",\"copyrightHolder\":{\"@id\":\"https:\\\/\\\/www.altominho.tv\\\/site\\\/#organization\"}},{\"@type\":\"WebPage\",\"@id\":\"https:\\\/\\\/www.altominho.tv\\\/site\\\/2018\\\/07\\\/06\\\/promovido-arranque-da-20a-bienal-de-cerveira-no-parque-de-lazer-do-castelinho\\\/\",\"url\":\"https:\\\/\\\/www.altominho.tv\\\/site\\\/2018\\\/07\\\/06\\\/promovido-arranque-da-20a-bienal-de-cerveira-no-parque-de-lazer-do-castelinho\\\/\",\"name\":\"Promovido arranque da 20\u00aa Bienal de Cerveira no Parque de Lazer do Castelinho\",\"isPartOf\":{\"@id\":\"https:\\\/\\\/www.altominho.tv\\\/site\\\/#website\"},\"primaryImageOfPage\":{\"@id\":\"https:\\\/\\\/www.altominho.tv\\\/site\\\/2018\\\/07\\\/06\\\/promovido-arranque-da-20a-bienal-de-cerveira-no-parque-de-lazer-do-castelinho\\\/#primaryimage\"},\"image\":{\"@id\":\"https:\\\/\\\/www.altominho.tv\\\/site\\\/2018\\\/07\\\/06\\\/promovido-arranque-da-20a-bienal-de-cerveira-no-parque-de-lazer-do-castelinho\\\/#primaryimage\"},\"thumbnailUrl\":\"https:\\\/\\\/www.altominho.tv\\\/site\\\/wp-content\\\/uploads\\\/2018\\\/07\\\/unnamed.jpg\",\"datePublished\":\"2018-07-06T08:01:58+00:00\",\"author\":{\"@id\":\"https:\\\/\\\/www.altominho.tv\\\/site\\\/#\\\/schema\\\/person\\\/d9be4265364723f14ea8e0d56a1d38cd\"},\"breadcrumb\":{\"@id\":\"https:\\\/\\\/www.altominho.tv\\\/site\\\/2018\\\/07\\\/06\\\/promovido-arranque-da-20a-bienal-de-cerveira-no-parque-de-lazer-do-castelinho\\\/#breadcrumb\"},\"inLanguage\":\"pt-PT\",\"potentialAction\":[{\"@type\":\"ReadAction\",\"target\":[\"https:\\\/\\\/www.altominho.tv\\\/site\\\/2018\\\/07\\\/06\\\/promovido-arranque-da-20a-bienal-de-cerveira-no-parque-de-lazer-do-castelinho\\\/\"]}]},{\"@type\":\"ImageObject\",\"inLanguage\":\"pt-PT\",\"@id\":\"https:\\\/\\\/www.altominho.tv\\\/site\\\/2018\\\/07\\\/06\\\/promovido-arranque-da-20a-bienal-de-cerveira-no-parque-de-lazer-do-castelinho\\\/#primaryimage\",\"url\":\"https:\\\/\\\/www.altominho.tv\\\/site\\\/wp-content\\\/uploads\\\/2018\\\/07\\\/unnamed.jpg\",\"contentUrl\":\"https:\\\/\\\/www.altominho.tv\\\/site\\\/wp-content\\\/uploads\\\/2018\\\/07\\\/unnamed.jpg\",\"width\":965,\"height\":300},{\"@type\":\"BreadcrumbList\",\"@id\":\"https:\\\/\\\/www.altominho.tv\\\/site\\\/2018\\\/07\\\/06\\\/promovido-arranque-da-20a-bienal-de-cerveira-no-parque-de-lazer-do-castelinho\\\/#breadcrumb\",\"itemListElement\":[{\"@type\":\"ListItem\",\"position\":1,\"name\":\"In\u00edcio\",\"item\":\"https:\\\/\\\/www.altominho.tv\\\/site\\\/\"},{\"@type\":\"ListItem\",\"position\":2,\"name\":\"Promovido arranque da 20\u00aa Bienal de Cerveira no Parque de Lazer do Castelinho\"}]},{\"@type\":\"WebSite\",\"@id\":\"https:\\\/\\\/www.altominho.tv\\\/site\\\/#website\",\"url\":\"https:\\\/\\\/www.altominho.tv\\\/site\\\/\",\"name\":\"Altominho.tv\",\"description\":\"A sua regi\u00e3o \u00e0 dist\u00e2ncia de um clique...\",\"potentialAction\":[{\"@type\":\"SearchAction\",\"target\":{\"@type\":\"EntryPoint\",\"urlTemplate\":\"https:\\\/\\\/www.altominho.tv\\\/site\\\/?s={search_term_string}\"},\"query-input\":{\"@type\":\"PropertyValueSpecification\",\"valueRequired\":true,\"valueName\":\"search_term_string\"}}],\"inLanguage\":\"pt-PT\"},{\"@type\":\"Person\",\"@id\":\"https:\\\/\\\/www.altominho.tv\\\/site\\\/#\\\/schema\\\/person\\\/d9be4265364723f14ea8e0d56a1d38cd\",\"name\":\"Andreia Ferreira\",\"image\":{\"@type\":\"ImageObject\",\"inLanguage\":\"pt-PT\",\"@id\":\"https:\\\/\\\/www.altominho.tv\\\/site\\\/wp-content\\\/uploads\\\/2021\\\/01\\\/AndreiaFerreira-150x150.jpg\",\"url\":\"https:\\\/\\\/www.altominho.tv\\\/site\\\/wp-content\\\/uploads\\\/2021\\\/01\\\/AndreiaFerreira-150x150.jpg\",\"contentUrl\":\"https:\\\/\\\/www.altominho.tv\\\/site\\\/wp-content\\\/uploads\\\/2021\\\/01\\\/AndreiaFerreira-150x150.jpg\",\"caption\":\"Andreia Ferreira\"},\"url\":\"https:\\\/\\\/www.altominho.tv\\\/site\\\/author\\\/andreiaferreira\\\/\"}]}<\/script>\n<!-- \/ Yoast SEO Premium plugin. -->","yoast_head_json":{"title":"Promovido arranque da 20\u00aa Bienal de Cerveira no Parque de Lazer do Castelinho","robots":{"index":"index","follow":"follow","max-snippet":"max-snippet:-1","max-image-preview":"max-image-preview:large","max-video-preview":"max-video-preview:-1"},"canonical":"https:\/\/www.altominho.tv\/site\/2018\/07\/06\/promovido-arranque-da-20a-bienal-de-cerveira-no-parque-de-lazer-do-castelinho\/","og_locale":"pt_PT","og_type":"article","og_title":"Promovido arranque da 20\u00aa Bienal de Cerveira no Parque de Lazer do Castelinho","og_description":"A Funda\u00e7\u00e3o Bienal de Arte de Cerveira vai promover o arranque da XX Bienal Internacional de Arte de Cerveira, com uma a\u00e7\u00e3o promocional no pr\u00f3ximo domingo, dia 8 de julho, no Parque de Lazer do Castelinho, em Vila Nova de Cerveira. \u201cWarm-up XX Bienal Internacional de Arte de Cerveira\u201d \u00e9 o nome da iniciativa de [&hellip;]","og_url":"https:\/\/www.altominho.tv\/site\/2018\/07\/06\/promovido-arranque-da-20a-bienal-de-cerveira-no-parque-de-lazer-do-castelinho\/","og_site_name":"Altominho.tv","article_publisher":"https:\/\/www.facebook.com\/altominhotv","article_published_time":"2018-07-06T08:01:58+00:00","og_image":[{"width":965,"height":300,"url":"https:\/\/www.altominho.tv\/site\/wp-content\/uploads\/2018\/07\/unnamed.jpg","type":"image\/jpeg"}],"author":"Andreia Ferreira","twitter_card":"summary_large_image","twitter_creator":"@altominhoTV","twitter_site":"@altominhoTV","twitter_misc":{"Escrito por":"Andreia Ferreira","Tempo estimado de leitura":"1 minuto"},"schema":{"@context":"https:\/\/schema.org","@graph":[{"@type":"Article","@id":"https:\/\/www.altominho.tv\/site\/2018\/07\/06\/promovido-arranque-da-20a-bienal-de-cerveira-no-parque-de-lazer-do-castelinho\/#article","isPartOf":{"@id":"https:\/\/www.altominho.tv\/site\/2018\/07\/06\/promovido-arranque-da-20a-bienal-de-cerveira-no-parque-de-lazer-do-castelinho\/"},"author":{"name":"Andreia Ferreira","@id":"https:\/\/www.altominho.tv\/site\/#\/schema\/person\/d9be4265364723f14ea8e0d56a1d38cd"},"headline":"Promovido arranque da 20\u00aa Bienal de Cerveira no Parque de Lazer do Castelinho","datePublished":"2018-07-06T08:01:58+00:00","mainEntityOfPage":{"@id":"https:\/\/www.altominho.tv\/site\/2018\/07\/06\/promovido-arranque-da-20a-bienal-de-cerveira-no-parque-de-lazer-do-castelinho\/"},"wordCount":249,"image":{"@id":"https:\/\/www.altominho.tv\/site\/2018\/07\/06\/promovido-arranque-da-20a-bienal-de-cerveira-no-parque-de-lazer-do-castelinho\/#primaryimage"},"thumbnailUrl":"https:\/\/www.altominho.tv\/site\/wp-content\/uploads\/2018\/07\/unnamed.jpg","keywords":["Cultura","Lazer"],"articleSection":["Vila Nova de Cerveira"],"inLanguage":"pt-PT","copyrightYear":"2018","copyrightHolder":{"@id":"https:\/\/www.altominho.tv\/site\/#organization"}},{"@type":"WebPage","@id":"https:\/\/www.altominho.tv\/site\/2018\/07\/06\/promovido-arranque-da-20a-bienal-de-cerveira-no-parque-de-lazer-do-castelinho\/","url":"https:\/\/www.altominho.tv\/site\/2018\/07\/06\/promovido-arranque-da-20a-bienal-de-cerveira-no-parque-de-lazer-do-castelinho\/","name":"Promovido arranque da 20\u00aa Bienal de Cerveira no Parque de Lazer do Castelinho","isPartOf":{"@id":"https:\/\/www.altominho.tv\/site\/#website"},"primaryImageOfPage":{"@id":"https:\/\/www.altominho.tv\/site\/2018\/07\/06\/promovido-arranque-da-20a-bienal-de-cerveira-no-parque-de-lazer-do-castelinho\/#primaryimage"},"image":{"@id":"https:\/\/www.altominho.tv\/site\/2018\/07\/06\/promovido-arranque-da-20a-bienal-de-cerveira-no-parque-de-lazer-do-castelinho\/#primaryimage"},"thumbnailUrl":"https:\/\/www.altominho.tv\/site\/wp-content\/uploads\/2018\/07\/unnamed.jpg","datePublished":"2018-07-06T08:01:58+00:00","author":{"@id":"https:\/\/www.altominho.tv\/site\/#\/schema\/person\/d9be4265364723f14ea8e0d56a1d38cd"},"breadcrumb":{"@id":"https:\/\/www.altominho.tv\/site\/2018\/07\/06\/promovido-arranque-da-20a-bienal-de-cerveira-no-parque-de-lazer-do-castelinho\/#breadcrumb"},"inLanguage":"pt-PT","potentialAction":[{"@type":"ReadAction","target":["https:\/\/www.altominho.tv\/site\/2018\/07\/06\/promovido-arranque-da-20a-bienal-de-cerveira-no-parque-de-lazer-do-castelinho\/"]}]},{"@type":"ImageObject","inLanguage":"pt-PT","@id":"https:\/\/www.altominho.tv\/site\/2018\/07\/06\/promovido-arranque-da-20a-bienal-de-cerveira-no-parque-de-lazer-do-castelinho\/#primaryimage","url":"https:\/\/www.altominho.tv\/site\/wp-content\/uploads\/2018\/07\/unnamed.jpg","contentUrl":"https:\/\/www.altominho.tv\/site\/wp-content\/uploads\/2018\/07\/unnamed.jpg","width":965,"height":300},{"@type":"BreadcrumbList","@id":"https:\/\/www.altominho.tv\/site\/2018\/07\/06\/promovido-arranque-da-20a-bienal-de-cerveira-no-parque-de-lazer-do-castelinho\/#breadcrumb","itemListElement":[{"@type":"ListItem","position":1,"name":"In\u00edcio","item":"https:\/\/www.altominho.tv\/site\/"},{"@type":"ListItem","position":2,"name":"Promovido arranque da 20\u00aa Bienal de Cerveira no Parque de Lazer do Castelinho"}]},{"@type":"WebSite","@id":"https:\/\/www.altominho.tv\/site\/#website","url":"https:\/\/www.altominho.tv\/site\/","name":"Altominho.tv","description":"A sua regi\u00e3o \u00e0 dist\u00e2ncia de um clique...","potentialAction":[{"@type":"SearchAction","target":{"@type":"EntryPoint","urlTemplate":"https:\/\/www.altominho.tv\/site\/?s={search_term_string}"},"query-input":{"@type":"PropertyValueSpecification","valueRequired":true,"valueName":"search_term_string"}}],"inLanguage":"pt-PT"},{"@type":"Person","@id":"https:\/\/www.altominho.tv\/site\/#\/schema\/person\/d9be4265364723f14ea8e0d56a1d38cd","name":"Andreia Ferreira","image":{"@type":"ImageObject","inLanguage":"pt-PT","@id":"https:\/\/www.altominho.tv\/site\/wp-content\/uploads\/2021\/01\/AndreiaFerreira-150x150.jpg","url":"https:\/\/www.altominho.tv\/site\/wp-content\/uploads\/2021\/01\/AndreiaFerreira-150x150.jpg","contentUrl":"https:\/\/www.altominho.tv\/site\/wp-content\/uploads\/2021\/01\/AndreiaFerreira-150x150.jpg","caption":"Andreia Ferreira"},"url":"https:\/\/www.altominho.tv\/site\/author\/andreiaferreira\/"}]}},"_links":{"self":[{"href":"https:\/\/www.altominho.tv\/site\/wp-json\/wp\/v2\/posts\/16078","targetHints":{"allow":["GET"]}}],"collection":[{"href":"https:\/\/www.altominho.tv\/site\/wp-json\/wp\/v2\/posts"}],"about":[{"href":"https:\/\/www.altominho.tv\/site\/wp-json\/wp\/v2\/types\/post"}],"author":[{"embeddable":true,"href":"https:\/\/www.altominho.tv\/site\/wp-json\/wp\/v2\/users\/12"}],"replies":[{"embeddable":true,"href":"https:\/\/www.altominho.tv\/site\/wp-json\/wp\/v2\/comments?post=16078"}],"version-history":[{"count":0,"href":"https:\/\/www.altominho.tv\/site\/wp-json\/wp\/v2\/posts\/16078\/revisions"}],"wp:featuredmedia":[{"embeddable":true,"href":"https:\/\/www.altominho.tv\/site\/wp-json\/wp\/v2\/media\/16079"}],"wp:attachment":[{"href":"https:\/\/www.altominho.tv\/site\/wp-json\/wp\/v2\/media?parent=16078"}],"wp:term":[{"taxonomy":"category","embeddable":true,"href":"https:\/\/www.altominho.tv\/site\/wp-json\/wp\/v2\/categories?post=16078"},{"taxonomy":"post_tag","embeddable":true,"href":"https:\/\/www.altominho.tv\/site\/wp-json\/wp\/v2\/tags?post=16078"}],"curies":[{"name":"wp","href":"https:\/\/api.w.org\/{rel}","templated":true}]}}