{"id":16024,"date":"2018-07-05T11:01:02","date_gmt":"2018-07-05T10:01:02","guid":{"rendered":"http:\/\/www.altominho.tv\/site\/?p=16024"},"modified":"2018-07-05T11:01:02","modified_gmt":"2018-07-05T10:01:02","slug":"94o-aniversario-da-elevacao-de-vila-praia-de-ancora","status":"publish","type":"post","link":"https:\/\/www.altominho.tv\/site\/2018\/07\/05\/94o-aniversario-da-elevacao-de-vila-praia-de-ancora\/","title":{"rendered":"94\u00ba  anivers\u00e1rio da eleva\u00e7\u00e3o de Vila Praia de \u00c2ncora"},"content":{"rendered":"<p>Vila Praia de \u00c2ncora est\u00e1 de parab\u00e9ns no pr\u00f3ximo domingo, dia 8 de julho. N\u00e3o \u00e9 um anivers\u00e1rio qualquer, porque esta bonita Vila est\u00e1 quase a chegar ao centen\u00e1rio. Festeja dentro de dias 94 anos, desde que a velhinha Gontinh\u00e3es deu lugar \u00e0 vila de Vila Praia de \u00c2ncora. Por isso, o dia vai ser de festa e para todas as idades, e conv\u00e9m ter \u00e0 m\u00e3o o programa. Para tornar esta data memor\u00e1vel juntaram-se na organiza\u00e7\u00e3o v\u00e1rias entidades: \u00a0Junta de Freguesia de Vila Praia de \u00c2ncora, C\u00e2mara Municipal de Caminha, Escola Profissional ETAP e Grupo Etnogr\u00e1fico de Vila Praia de \u00c2ncora.<\/p>\n<p>H\u00e1 quem a conhe\u00e7a como Vila de Pescadores e a designa\u00e7\u00e3o tem raz\u00e3o de ser, quer pela import\u00e2ncia atual da sua classe piscat\u00f3ria e do Portinho, quer pela tradi\u00e7\u00e3o nas artes da pesca, com uma presen\u00e7a na pesca do bacalhau que se conta pelas muitas centenas de homens e de hist\u00f3rias de vida.<\/p>\n<p>A freguesia de Vila Praia de \u00c2ncora \u00e9 j\u00e1 mencionada na documenta\u00e7\u00e3o do s\u00e9c. X. Falava-se nessa altura de Gontinh\u00e3es. \u201cEra uma par\u00f3quia com igreja e que estava organizada muito provavelmente segundo a f\u00f3rmula ancestral de Villa r\u00fastica, \u00e0 qual pertencia o s\u00edtio chamado da Lagarteira\u201d. Em 1924, por for\u00e7a da Lei 1616, de 5 de julho, passou a denominar-se Vila Praia de \u00c2ncora.<\/p>\n<p>Belas paisagens, excecional gastronomia, praia de Bandeira Azul, patrim\u00f3nio religioso e\/ou hist\u00f3rico, tradi\u00e7\u00e3o, s\u00e3o muitas as raz\u00f5es de que a Vila se orgulha. No pr\u00f3ximo domingo, os momentos de festa concentram-se na Pra\u00e7a da Rep\u00fablica, a partir das 10h00. O dia fecha com \u201cchave de ouro\u201d e com m\u00fasica, no Cineteatro dos Bombeiros Volunt\u00e1rios de Vila Praia de \u00c2ncora<\/p>\n","protected":false},"excerpt":{"rendered":"<p>Vila Praia de \u00c2ncora est\u00e1 de parab\u00e9ns no pr\u00f3ximo domingo, dia 8 de julho. N\u00e3o \u00e9 um anivers\u00e1rio qualquer, porque esta bonita Vila est\u00e1 quase a chegar ao centen\u00e1rio. Festeja dentro de dias 94 anos, desde que a velhinha Gontinh\u00e3es deu lugar \u00e0 vila de Vila Praia de \u00c2ncora. Por isso, o dia vai ser [&hellip;]<\/p>\n","protected":false},"author":11,"featured_media":16026,"comment_status":"closed","ping_status":"closed","sticky":false,"template":"","format":"standard","meta":{"_exactmetrics_skip_tracking":false,"_exactmetrics_sitenote_active":false,"_exactmetrics_sitenote_note":"","_exactmetrics_sitenote_category":0,"footnotes":""},"categories":[7],"tags":[27],"class_list":["post-16024","post","type-post","status-publish","format-standard","has-post-thumbnail","hentry","category-caminha","tag-sociedade"],"yoast_head":"<!-- This site is optimized with the Yoast SEO Premium plugin v27.5 (Yoast SEO v27.5) - https:\/\/yoast.com\/product\/yoast-seo-premium-wordpress\/ -->\n<title>94\u00ba anivers\u00e1rio da eleva\u00e7\u00e3o de Vila Praia de \u00c2ncora<\/title>\n<meta name=\"robots\" content=\"index, follow, max-snippet:-1, max-image-preview:large, max-video-preview:-1\" \/>\n<link rel=\"canonical\" href=\"https:\/\/www.altominho.tv\/site\/2018\/07\/05\/94o-aniversario-da-elevacao-de-vila-praia-de-ancora\/\" \/>\n<meta property=\"og:locale\" content=\"pt_PT\" \/>\n<meta property=\"og:type\" content=\"article\" \/>\n<meta property=\"og:title\" content=\"94\u00ba anivers\u00e1rio da eleva\u00e7\u00e3o de Vila Praia de \u00c2ncora\" \/>\n<meta property=\"og:description\" content=\"Vila Praia de \u00c2ncora est\u00e1 de parab\u00e9ns no pr\u00f3ximo domingo, dia 8 de julho. N\u00e3o \u00e9 um anivers\u00e1rio qualquer, porque esta bonita Vila est\u00e1 quase a chegar ao centen\u00e1rio. Festeja dentro de dias 94 anos, desde que a velhinha Gontinh\u00e3es deu lugar \u00e0 vila de Vila Praia de \u00c2ncora. Por isso, o dia vai ser [&hellip;]\" \/>\n<meta property=\"og:url\" content=\"https:\/\/www.altominho.tv\/site\/2018\/07\/05\/94o-aniversario-da-elevacao-de-vila-praia-de-ancora\/\" \/>\n<meta property=\"og:site_name\" content=\"Altominho.tv\" \/>\n<meta property=\"article:publisher\" content=\"https:\/\/www.facebook.com\/altominhotv\" \/>\n<meta property=\"article:published_time\" content=\"2018-07-05T10:01:02+00:00\" \/>\n<meta property=\"og:image\" content=\"https:\/\/www.altominho.tv\/site\/wp-content\/uploads\/2018\/07\/VPA-Senhora-da-Bonan\u00e7a.jpg\" \/>\n\t<meta property=\"og:image:width\" content=\"1200\" \/>\n\t<meta property=\"og:image:height\" content=\"800\" \/>\n\t<meta property=\"og:image:type\" content=\"image\/jpeg\" \/>\n<meta name=\"author\" content=\"M\u00e1rcio Ferreira\" \/>\n<meta name=\"twitter:card\" content=\"summary_large_image\" \/>\n<meta name=\"twitter:creator\" content=\"@altominhoTV\" \/>\n<meta name=\"twitter:site\" content=\"@altominhoTV\" \/>\n<meta name=\"twitter:label1\" content=\"Escrito por\" \/>\n\t<meta name=\"twitter:data1\" content=\"M\u00e1rcio Ferreira\" \/>\n\t<meta name=\"twitter:label2\" content=\"Tempo estimado de leitura\" \/>\n\t<meta name=\"twitter:data2\" content=\"2 minutos\" \/>\n<script type=\"application\/ld+json\" class=\"yoast-schema-graph\">{\"@context\":\"https:\\\/\\\/schema.org\",\"@graph\":[{\"@type\":\"Article\",\"@id\":\"https:\\\/\\\/www.altominho.tv\\\/site\\\/2018\\\/07\\\/05\\\/94o-aniversario-da-elevacao-de-vila-praia-de-ancora\\\/#article\",\"isPartOf\":{\"@id\":\"https:\\\/\\\/www.altominho.tv\\\/site\\\/2018\\\/07\\\/05\\\/94o-aniversario-da-elevacao-de-vila-praia-de-ancora\\\/\"},\"author\":{\"name\":\"M\u00e1rcio Ferreira\",\"@id\":\"https:\\\/\\\/www.altominho.tv\\\/site\\\/#\\\/schema\\\/person\\\/f836e37082b5dabe9144f3eb724ed5a7\"},\"headline\":\"94\u00ba anivers\u00e1rio da eleva\u00e7\u00e3o de Vila Praia de \u00c2ncora\",\"datePublished\":\"2018-07-05T10:01:02+00:00\",\"mainEntityOfPage\":{\"@id\":\"https:\\\/\\\/www.altominho.tv\\\/site\\\/2018\\\/07\\\/05\\\/94o-aniversario-da-elevacao-de-vila-praia-de-ancora\\\/\"},\"wordCount\":318,\"image\":{\"@id\":\"https:\\\/\\\/www.altominho.tv\\\/site\\\/2018\\\/07\\\/05\\\/94o-aniversario-da-elevacao-de-vila-praia-de-ancora\\\/#primaryimage\"},\"thumbnailUrl\":\"https:\\\/\\\/www.altominho.tv\\\/site\\\/wp-content\\\/uploads\\\/2018\\\/07\\\/VPA-Senhora-da-Bonan\u00e7a.jpg\",\"keywords\":[\"Sociedade\"],\"articleSection\":[\"Caminha\"],\"inLanguage\":\"pt-PT\",\"copyrightYear\":\"2018\",\"copyrightHolder\":{\"@id\":\"https:\\\/\\\/www.altominho.tv\\\/site\\\/#organization\"}},{\"@type\":\"WebPage\",\"@id\":\"https:\\\/\\\/www.altominho.tv\\\/site\\\/2018\\\/07\\\/05\\\/94o-aniversario-da-elevacao-de-vila-praia-de-ancora\\\/\",\"url\":\"https:\\\/\\\/www.altominho.tv\\\/site\\\/2018\\\/07\\\/05\\\/94o-aniversario-da-elevacao-de-vila-praia-de-ancora\\\/\",\"name\":\"94\u00ba anivers\u00e1rio da eleva\u00e7\u00e3o de Vila Praia de \u00c2ncora\",\"isPartOf\":{\"@id\":\"https:\\\/\\\/www.altominho.tv\\\/site\\\/#website\"},\"primaryImageOfPage\":{\"@id\":\"https:\\\/\\\/www.altominho.tv\\\/site\\\/2018\\\/07\\\/05\\\/94o-aniversario-da-elevacao-de-vila-praia-de-ancora\\\/#primaryimage\"},\"image\":{\"@id\":\"https:\\\/\\\/www.altominho.tv\\\/site\\\/2018\\\/07\\\/05\\\/94o-aniversario-da-elevacao-de-vila-praia-de-ancora\\\/#primaryimage\"},\"thumbnailUrl\":\"https:\\\/\\\/www.altominho.tv\\\/site\\\/wp-content\\\/uploads\\\/2018\\\/07\\\/VPA-Senhora-da-Bonan\u00e7a.jpg\",\"datePublished\":\"2018-07-05T10:01:02+00:00\",\"author\":{\"@id\":\"https:\\\/\\\/www.altominho.tv\\\/site\\\/#\\\/schema\\\/person\\\/f836e37082b5dabe9144f3eb724ed5a7\"},\"breadcrumb\":{\"@id\":\"https:\\\/\\\/www.altominho.tv\\\/site\\\/2018\\\/07\\\/05\\\/94o-aniversario-da-elevacao-de-vila-praia-de-ancora\\\/#breadcrumb\"},\"inLanguage\":\"pt-PT\",\"potentialAction\":[{\"@type\":\"ReadAction\",\"target\":[\"https:\\\/\\\/www.altominho.tv\\\/site\\\/2018\\\/07\\\/05\\\/94o-aniversario-da-elevacao-de-vila-praia-de-ancora\\\/\"]}]},{\"@type\":\"ImageObject\",\"inLanguage\":\"pt-PT\",\"@id\":\"https:\\\/\\\/www.altominho.tv\\\/site\\\/2018\\\/07\\\/05\\\/94o-aniversario-da-elevacao-de-vila-praia-de-ancora\\\/#primaryimage\",\"url\":\"https:\\\/\\\/www.altominho.tv\\\/site\\\/wp-content\\\/uploads\\\/2018\\\/07\\\/VPA-Senhora-da-Bonan\u00e7a.jpg\",\"contentUrl\":\"https:\\\/\\\/www.altominho.tv\\\/site\\\/wp-content\\\/uploads\\\/2018\\\/07\\\/VPA-Senhora-da-Bonan\u00e7a.jpg\",\"width\":1200,\"height\":800},{\"@type\":\"BreadcrumbList\",\"@id\":\"https:\\\/\\\/www.altominho.tv\\\/site\\\/2018\\\/07\\\/05\\\/94o-aniversario-da-elevacao-de-vila-praia-de-ancora\\\/#breadcrumb\",\"itemListElement\":[{\"@type\":\"ListItem\",\"position\":1,\"name\":\"In\u00edcio\",\"item\":\"https:\\\/\\\/www.altominho.tv\\\/site\\\/\"},{\"@type\":\"ListItem\",\"position\":2,\"name\":\"94\u00ba anivers\u00e1rio da eleva\u00e7\u00e3o de Vila Praia de \u00c2ncora\"}]},{\"@type\":\"WebSite\",\"@id\":\"https:\\\/\\\/www.altominho.tv\\\/site\\\/#website\",\"url\":\"https:\\\/\\\/www.altominho.tv\\\/site\\\/\",\"name\":\"Altominho.tv\",\"description\":\"A sua regi\u00e3o \u00e0 dist\u00e2ncia de um clique...\",\"potentialAction\":[{\"@type\":\"SearchAction\",\"target\":{\"@type\":\"EntryPoint\",\"urlTemplate\":\"https:\\\/\\\/www.altominho.tv\\\/site\\\/?s={search_term_string}\"},\"query-input\":{\"@type\":\"PropertyValueSpecification\",\"valueRequired\":true,\"valueName\":\"search_term_string\"}}],\"inLanguage\":\"pt-PT\"},{\"@type\":\"Person\",\"@id\":\"https:\\\/\\\/www.altominho.tv\\\/site\\\/#\\\/schema\\\/person\\\/f836e37082b5dabe9144f3eb724ed5a7\",\"name\":\"M\u00e1rcio Ferreira\",\"image\":{\"@type\":\"ImageObject\",\"inLanguage\":\"pt-PT\",\"@id\":\"https:\\\/\\\/www.altominho.tv\\\/site\\\/wp-content\\\/uploads\\\/2017\\\/11\\\/Marcio-150x150.jpg\",\"url\":\"https:\\\/\\\/www.altominho.tv\\\/site\\\/wp-content\\\/uploads\\\/2017\\\/11\\\/Marcio-150x150.jpg\",\"contentUrl\":\"https:\\\/\\\/www.altominho.tv\\\/site\\\/wp-content\\\/uploads\\\/2017\\\/11\\\/Marcio-150x150.jpg\",\"caption\":\"M\u00e1rcio Ferreira\"},\"url\":\"https:\\\/\\\/www.altominho.tv\\\/site\\\/author\\\/marcioferreira\\\/\"}]}<\/script>\n<!-- \/ Yoast SEO Premium plugin. -->","yoast_head_json":{"title":"94\u00ba anivers\u00e1rio da eleva\u00e7\u00e3o de Vila Praia de \u00c2ncora","robots":{"index":"index","follow":"follow","max-snippet":"max-snippet:-1","max-image-preview":"max-image-preview:large","max-video-preview":"max-video-preview:-1"},"canonical":"https:\/\/www.altominho.tv\/site\/2018\/07\/05\/94o-aniversario-da-elevacao-de-vila-praia-de-ancora\/","og_locale":"pt_PT","og_type":"article","og_title":"94\u00ba anivers\u00e1rio da eleva\u00e7\u00e3o de Vila Praia de \u00c2ncora","og_description":"Vila Praia de \u00c2ncora est\u00e1 de parab\u00e9ns no pr\u00f3ximo domingo, dia 8 de julho. N\u00e3o \u00e9 um anivers\u00e1rio qualquer, porque esta bonita Vila est\u00e1 quase a chegar ao centen\u00e1rio. Festeja dentro de dias 94 anos, desde que a velhinha Gontinh\u00e3es deu lugar \u00e0 vila de Vila Praia de \u00c2ncora. Por isso, o dia vai ser [&hellip;]","og_url":"https:\/\/www.altominho.tv\/site\/2018\/07\/05\/94o-aniversario-da-elevacao-de-vila-praia-de-ancora\/","og_site_name":"Altominho.tv","article_publisher":"https:\/\/www.facebook.com\/altominhotv","article_published_time":"2018-07-05T10:01:02+00:00","og_image":[{"width":1200,"height":800,"url":"https:\/\/www.altominho.tv\/site\/wp-content\/uploads\/2018\/07\/VPA-Senhora-da-Bonan\u00e7a.jpg","type":"image\/jpeg"}],"author":"M\u00e1rcio Ferreira","twitter_card":"summary_large_image","twitter_creator":"@altominhoTV","twitter_site":"@altominhoTV","twitter_misc":{"Escrito por":"M\u00e1rcio Ferreira","Tempo estimado de leitura":"2 minutos"},"schema":{"@context":"https:\/\/schema.org","@graph":[{"@type":"Article","@id":"https:\/\/www.altominho.tv\/site\/2018\/07\/05\/94o-aniversario-da-elevacao-de-vila-praia-de-ancora\/#article","isPartOf":{"@id":"https:\/\/www.altominho.tv\/site\/2018\/07\/05\/94o-aniversario-da-elevacao-de-vila-praia-de-ancora\/"},"author":{"name":"M\u00e1rcio Ferreira","@id":"https:\/\/www.altominho.tv\/site\/#\/schema\/person\/f836e37082b5dabe9144f3eb724ed5a7"},"headline":"94\u00ba anivers\u00e1rio da eleva\u00e7\u00e3o de Vila Praia de \u00c2ncora","datePublished":"2018-07-05T10:01:02+00:00","mainEntityOfPage":{"@id":"https:\/\/www.altominho.tv\/site\/2018\/07\/05\/94o-aniversario-da-elevacao-de-vila-praia-de-ancora\/"},"wordCount":318,"image":{"@id":"https:\/\/www.altominho.tv\/site\/2018\/07\/05\/94o-aniversario-da-elevacao-de-vila-praia-de-ancora\/#primaryimage"},"thumbnailUrl":"https:\/\/www.altominho.tv\/site\/wp-content\/uploads\/2018\/07\/VPA-Senhora-da-Bonan\u00e7a.jpg","keywords":["Sociedade"],"articleSection":["Caminha"],"inLanguage":"pt-PT","copyrightYear":"2018","copyrightHolder":{"@id":"https:\/\/www.altominho.tv\/site\/#organization"}},{"@type":"WebPage","@id":"https:\/\/www.altominho.tv\/site\/2018\/07\/05\/94o-aniversario-da-elevacao-de-vila-praia-de-ancora\/","url":"https:\/\/www.altominho.tv\/site\/2018\/07\/05\/94o-aniversario-da-elevacao-de-vila-praia-de-ancora\/","name":"94\u00ba anivers\u00e1rio da eleva\u00e7\u00e3o de Vila Praia de \u00c2ncora","isPartOf":{"@id":"https:\/\/www.altominho.tv\/site\/#website"},"primaryImageOfPage":{"@id":"https:\/\/www.altominho.tv\/site\/2018\/07\/05\/94o-aniversario-da-elevacao-de-vila-praia-de-ancora\/#primaryimage"},"image":{"@id":"https:\/\/www.altominho.tv\/site\/2018\/07\/05\/94o-aniversario-da-elevacao-de-vila-praia-de-ancora\/#primaryimage"},"thumbnailUrl":"https:\/\/www.altominho.tv\/site\/wp-content\/uploads\/2018\/07\/VPA-Senhora-da-Bonan\u00e7a.jpg","datePublished":"2018-07-05T10:01:02+00:00","author":{"@id":"https:\/\/www.altominho.tv\/site\/#\/schema\/person\/f836e37082b5dabe9144f3eb724ed5a7"},"breadcrumb":{"@id":"https:\/\/www.altominho.tv\/site\/2018\/07\/05\/94o-aniversario-da-elevacao-de-vila-praia-de-ancora\/#breadcrumb"},"inLanguage":"pt-PT","potentialAction":[{"@type":"ReadAction","target":["https:\/\/www.altominho.tv\/site\/2018\/07\/05\/94o-aniversario-da-elevacao-de-vila-praia-de-ancora\/"]}]},{"@type":"ImageObject","inLanguage":"pt-PT","@id":"https:\/\/www.altominho.tv\/site\/2018\/07\/05\/94o-aniversario-da-elevacao-de-vila-praia-de-ancora\/#primaryimage","url":"https:\/\/www.altominho.tv\/site\/wp-content\/uploads\/2018\/07\/VPA-Senhora-da-Bonan\u00e7a.jpg","contentUrl":"https:\/\/www.altominho.tv\/site\/wp-content\/uploads\/2018\/07\/VPA-Senhora-da-Bonan\u00e7a.jpg","width":1200,"height":800},{"@type":"BreadcrumbList","@id":"https:\/\/www.altominho.tv\/site\/2018\/07\/05\/94o-aniversario-da-elevacao-de-vila-praia-de-ancora\/#breadcrumb","itemListElement":[{"@type":"ListItem","position":1,"name":"In\u00edcio","item":"https:\/\/www.altominho.tv\/site\/"},{"@type":"ListItem","position":2,"name":"94\u00ba anivers\u00e1rio da eleva\u00e7\u00e3o de Vila Praia de \u00c2ncora"}]},{"@type":"WebSite","@id":"https:\/\/www.altominho.tv\/site\/#website","url":"https:\/\/www.altominho.tv\/site\/","name":"Altominho.tv","description":"A sua regi\u00e3o \u00e0 dist\u00e2ncia de um clique...","potentialAction":[{"@type":"SearchAction","target":{"@type":"EntryPoint","urlTemplate":"https:\/\/www.altominho.tv\/site\/?s={search_term_string}"},"query-input":{"@type":"PropertyValueSpecification","valueRequired":true,"valueName":"search_term_string"}}],"inLanguage":"pt-PT"},{"@type":"Person","@id":"https:\/\/www.altominho.tv\/site\/#\/schema\/person\/f836e37082b5dabe9144f3eb724ed5a7","name":"M\u00e1rcio Ferreira","image":{"@type":"ImageObject","inLanguage":"pt-PT","@id":"https:\/\/www.altominho.tv\/site\/wp-content\/uploads\/2017\/11\/Marcio-150x150.jpg","url":"https:\/\/www.altominho.tv\/site\/wp-content\/uploads\/2017\/11\/Marcio-150x150.jpg","contentUrl":"https:\/\/www.altominho.tv\/site\/wp-content\/uploads\/2017\/11\/Marcio-150x150.jpg","caption":"M\u00e1rcio Ferreira"},"url":"https:\/\/www.altominho.tv\/site\/author\/marcioferreira\/"}]}},"_links":{"self":[{"href":"https:\/\/www.altominho.tv\/site\/wp-json\/wp\/v2\/posts\/16024","targetHints":{"allow":["GET"]}}],"collection":[{"href":"https:\/\/www.altominho.tv\/site\/wp-json\/wp\/v2\/posts"}],"about":[{"href":"https:\/\/www.altominho.tv\/site\/wp-json\/wp\/v2\/types\/post"}],"author":[{"embeddable":true,"href":"https:\/\/www.altominho.tv\/site\/wp-json\/wp\/v2\/users\/11"}],"replies":[{"embeddable":true,"href":"https:\/\/www.altominho.tv\/site\/wp-json\/wp\/v2\/comments?post=16024"}],"version-history":[{"count":0,"href":"https:\/\/www.altominho.tv\/site\/wp-json\/wp\/v2\/posts\/16024\/revisions"}],"wp:featuredmedia":[{"embeddable":true,"href":"https:\/\/www.altominho.tv\/site\/wp-json\/wp\/v2\/media\/16026"}],"wp:attachment":[{"href":"https:\/\/www.altominho.tv\/site\/wp-json\/wp\/v2\/media?parent=16024"}],"wp:term":[{"taxonomy":"category","embeddable":true,"href":"https:\/\/www.altominho.tv\/site\/wp-json\/wp\/v2\/categories?post=16024"},{"taxonomy":"post_tag","embeddable":true,"href":"https:\/\/www.altominho.tv\/site\/wp-json\/wp\/v2\/tags?post=16024"}],"curies":[{"name":"wp","href":"https:\/\/api.w.org\/{rel}","templated":true}]}}