{"id":15905,"date":"2018-07-04T16:44:05","date_gmt":"2018-07-04T15:44:05","guid":{"rendered":"http:\/\/www.altominho.tv\/site\/?p=15905"},"modified":"2018-07-04T16:44:05","modified_gmt":"2018-07-04T15:44:05","slug":"caminha-vai-ser-a-capital-da-cerveja-artesanal-de-12-a-15-de-julho","status":"publish","type":"post","link":"https:\/\/www.altominho.tv\/site\/2018\/07\/04\/caminha-vai-ser-a-capital-da-cerveja-artesanal-de-12-a-15-de-julho\/","title":{"rendered":"Caminha vai ser a capital da cerveja artesanal de 12 a 15 de julho"},"content":{"rendered":"<p>Caminha volta a ser palco de um dos maiores festivais de cerveja artesanal do pa\u00eds, de 12 a 15 de julho.\u00a0Durante quatro dias, cervejeiros nacionais e internacionais v\u00e3o marcar presen\u00e7a na 6.\u00aa edi\u00e7\u00e3o do Artbeerfest Caminha, que acontece nas principais ruas do centro hist\u00f3rico.<\/p>\n<p>Mais de 300 cervejas artesanais v\u00e3o estar representadas neste evento, com presen\u00e7a j\u00e1 garantida das produtoras americanas Slim Pickens e Brooklyn, da italiana Crack ou da norueguesa Lervig. No total,\u00a0v\u00e3o passar por Caminha cervejas de 10 pa\u00edses, incluindo os produtores nacionais.<\/p>\n<p>Segundo a organiza\u00e7\u00e3o, este\u00a0Festival Internacional de Cervejeiras Artesanais e Mestres Cervejeiros \u00e9 &#8220;\u00fanico e exclusivo no seu formato (&#8230;) e atrai os melhores empreendedores internacionais, <em>network<\/em> e agentes da revolu\u00e7\u00e3o das cervejas artesanais, uma tend\u00eancia global inequ\u00edvoca onde se podem misturar conhecimento e experi\u00eancia&#8221;.<\/p>\n<p>O ambiente de conv\u00edvio do\u00a0Artbeerfest complementa-se com degusta\u00e7\u00f5es, <em>brewer shows<\/em>, harmoniza\u00e7\u00f5es com gastronomia, provas comentadas, mostra e venda de produtos, oficinas, <em>master classes<\/em> e <em>labshops<\/em> de empreendedorismo cervejeiro de todo o mundo.<\/p>\n<p>Anima\u00e7\u00e3o de rua com concertos, performances e atua\u00e7\u00f5es teatrais, jogos e concursos s\u00e3o outras das atividades programadas para este evento, que tem entrada gratuita.<\/p>\n<p>Ainda no dia 14 de julho, s\u00e1bado, vai ter lugar a 3\u00aa\u00a0<em>Mikkeller World Beer Run Caminha<\/em>. O evento desportivo, que re\u00fane o movimento das 140 cidades mundiais da <em>Mikkeller Running Club<\/em>, tem partida marcada para as 18h30 e est\u00e1 dividido em duas provas: corrida com cerca de 10 quil\u00f3metros e uma caminhada de cinco quil\u00f3metros.<\/p>\n","protected":false},"excerpt":{"rendered":"<p>Caminha volta a ser palco de um dos maiores festivais de cerveja artesanal do pa\u00eds, de 12 a 15 de julho.\u00a0Durante quatro dias, cervejeiros nacionais e internacionais v\u00e3o marcar presen\u00e7a na 6.\u00aa edi\u00e7\u00e3o do Artbeerfest Caminha, que acontece nas principais ruas do centro hist\u00f3rico. Mais de 300 cervejas artesanais v\u00e3o estar representadas neste evento, com [&hellip;]<\/p>\n","protected":false},"author":12,"featured_media":15913,"comment_status":"closed","ping_status":"closed","sticky":false,"template":"","format":"standard","meta":{"_exactmetrics_skip_tracking":false,"_exactmetrics_sitenote_active":false,"_exactmetrics_sitenote_note":"","_exactmetrics_sitenote_category":0,"footnotes":""},"categories":[7],"tags":[19,24],"class_list":["post-15905","post","type-post","status-publish","format-standard","has-post-thumbnail","hentry","category-caminha","tag-cultura","tag-lazer"],"yoast_head":"<!-- This site is optimized with the Yoast SEO Premium plugin v27.5 (Yoast SEO v27.5) - https:\/\/yoast.com\/product\/yoast-seo-premium-wordpress\/ -->\n<title>Caminha vai ser a capital da cerveja artesanal de 12 a 15 de julho<\/title>\n<meta name=\"robots\" content=\"index, follow, max-snippet:-1, max-image-preview:large, max-video-preview:-1\" \/>\n<link rel=\"canonical\" href=\"https:\/\/www.altominho.tv\/site\/2018\/07\/04\/caminha-vai-ser-a-capital-da-cerveja-artesanal-de-12-a-15-de-julho\/\" \/>\n<meta property=\"og:locale\" content=\"pt_PT\" \/>\n<meta property=\"og:type\" content=\"article\" \/>\n<meta property=\"og:title\" content=\"Caminha vai ser a capital da cerveja artesanal de 12 a 15 de julho\" \/>\n<meta property=\"og:description\" content=\"Caminha volta a ser palco de um dos maiores festivais de cerveja artesanal do pa\u00eds, de 12 a 15 de julho.\u00a0Durante quatro dias, cervejeiros nacionais e internacionais v\u00e3o marcar presen\u00e7a na 6.\u00aa edi\u00e7\u00e3o do Artbeerfest Caminha, que acontece nas principais ruas do centro hist\u00f3rico. Mais de 300 cervejas artesanais v\u00e3o estar representadas neste evento, com [&hellip;]\" \/>\n<meta property=\"og:url\" content=\"https:\/\/www.altominho.tv\/site\/2018\/07\/04\/caminha-vai-ser-a-capital-da-cerveja-artesanal-de-12-a-15-de-julho\/\" \/>\n<meta property=\"og:site_name\" content=\"Altominho.tv\" \/>\n<meta property=\"article:publisher\" content=\"https:\/\/www.facebook.com\/altominhotv\" \/>\n<meta property=\"article:published_time\" content=\"2018-07-04T15:44:05+00:00\" \/>\n<meta property=\"og:image\" content=\"https:\/\/www.altominho.tv\/site\/wp-content\/uploads\/2018\/07\/Artbeerfest-Caminha1.jpg\" \/>\n\t<meta property=\"og:image:width\" content=\"960\" \/>\n\t<meta property=\"og:image:height\" content=\"640\" \/>\n\t<meta property=\"og:image:type\" content=\"image\/jpeg\" \/>\n<meta name=\"author\" content=\"Andreia Ferreira\" \/>\n<meta name=\"twitter:card\" content=\"summary_large_image\" \/>\n<meta name=\"twitter:creator\" content=\"@altominhoTV\" \/>\n<meta name=\"twitter:site\" content=\"@altominhoTV\" \/>\n<meta name=\"twitter:label1\" content=\"Escrito por\" \/>\n\t<meta name=\"twitter:data1\" content=\"Andreia Ferreira\" \/>\n\t<meta name=\"twitter:label2\" content=\"Tempo estimado de leitura\" \/>\n\t<meta name=\"twitter:data2\" content=\"1 minuto\" \/>\n<script type=\"application\/ld+json\" class=\"yoast-schema-graph\">{\"@context\":\"https:\\\/\\\/schema.org\",\"@graph\":[{\"@type\":\"Article\",\"@id\":\"https:\\\/\\\/www.altominho.tv\\\/site\\\/2018\\\/07\\\/04\\\/caminha-vai-ser-a-capital-da-cerveja-artesanal-de-12-a-15-de-julho\\\/#article\",\"isPartOf\":{\"@id\":\"https:\\\/\\\/www.altominho.tv\\\/site\\\/2018\\\/07\\\/04\\\/caminha-vai-ser-a-capital-da-cerveja-artesanal-de-12-a-15-de-julho\\\/\"},\"author\":{\"name\":\"Andreia Ferreira\",\"@id\":\"https:\\\/\\\/www.altominho.tv\\\/site\\\/#\\\/schema\\\/person\\\/d9be4265364723f14ea8e0d56a1d38cd\"},\"headline\":\"Caminha vai ser a capital da cerveja artesanal de 12 a 15 de julho\",\"datePublished\":\"2018-07-04T15:44:05+00:00\",\"mainEntityOfPage\":{\"@id\":\"https:\\\/\\\/www.altominho.tv\\\/site\\\/2018\\\/07\\\/04\\\/caminha-vai-ser-a-capital-da-cerveja-artesanal-de-12-a-15-de-julho\\\/\"},\"wordCount\":270,\"image\":{\"@id\":\"https:\\\/\\\/www.altominho.tv\\\/site\\\/2018\\\/07\\\/04\\\/caminha-vai-ser-a-capital-da-cerveja-artesanal-de-12-a-15-de-julho\\\/#primaryimage\"},\"thumbnailUrl\":\"https:\\\/\\\/www.altominho.tv\\\/site\\\/wp-content\\\/uploads\\\/2018\\\/07\\\/Artbeerfest-Caminha1.jpg\",\"keywords\":[\"Cultura\",\"Lazer\"],\"articleSection\":[\"Caminha\"],\"inLanguage\":\"pt-PT\",\"copyrightYear\":\"2018\",\"copyrightHolder\":{\"@id\":\"https:\\\/\\\/www.altominho.tv\\\/site\\\/#organization\"}},{\"@type\":\"WebPage\",\"@id\":\"https:\\\/\\\/www.altominho.tv\\\/site\\\/2018\\\/07\\\/04\\\/caminha-vai-ser-a-capital-da-cerveja-artesanal-de-12-a-15-de-julho\\\/\",\"url\":\"https:\\\/\\\/www.altominho.tv\\\/site\\\/2018\\\/07\\\/04\\\/caminha-vai-ser-a-capital-da-cerveja-artesanal-de-12-a-15-de-julho\\\/\",\"name\":\"Caminha vai ser a capital da cerveja artesanal de 12 a 15 de julho\",\"isPartOf\":{\"@id\":\"https:\\\/\\\/www.altominho.tv\\\/site\\\/#website\"},\"primaryImageOfPage\":{\"@id\":\"https:\\\/\\\/www.altominho.tv\\\/site\\\/2018\\\/07\\\/04\\\/caminha-vai-ser-a-capital-da-cerveja-artesanal-de-12-a-15-de-julho\\\/#primaryimage\"},\"image\":{\"@id\":\"https:\\\/\\\/www.altominho.tv\\\/site\\\/2018\\\/07\\\/04\\\/caminha-vai-ser-a-capital-da-cerveja-artesanal-de-12-a-15-de-julho\\\/#primaryimage\"},\"thumbnailUrl\":\"https:\\\/\\\/www.altominho.tv\\\/site\\\/wp-content\\\/uploads\\\/2018\\\/07\\\/Artbeerfest-Caminha1.jpg\",\"datePublished\":\"2018-07-04T15:44:05+00:00\",\"author\":{\"@id\":\"https:\\\/\\\/www.altominho.tv\\\/site\\\/#\\\/schema\\\/person\\\/d9be4265364723f14ea8e0d56a1d38cd\"},\"breadcrumb\":{\"@id\":\"https:\\\/\\\/www.altominho.tv\\\/site\\\/2018\\\/07\\\/04\\\/caminha-vai-ser-a-capital-da-cerveja-artesanal-de-12-a-15-de-julho\\\/#breadcrumb\"},\"inLanguage\":\"pt-PT\",\"potentialAction\":[{\"@type\":\"ReadAction\",\"target\":[\"https:\\\/\\\/www.altominho.tv\\\/site\\\/2018\\\/07\\\/04\\\/caminha-vai-ser-a-capital-da-cerveja-artesanal-de-12-a-15-de-julho\\\/\"]}]},{\"@type\":\"ImageObject\",\"inLanguage\":\"pt-PT\",\"@id\":\"https:\\\/\\\/www.altominho.tv\\\/site\\\/2018\\\/07\\\/04\\\/caminha-vai-ser-a-capital-da-cerveja-artesanal-de-12-a-15-de-julho\\\/#primaryimage\",\"url\":\"https:\\\/\\\/www.altominho.tv\\\/site\\\/wp-content\\\/uploads\\\/2018\\\/07\\\/Artbeerfest-Caminha1.jpg\",\"contentUrl\":\"https:\\\/\\\/www.altominho.tv\\\/site\\\/wp-content\\\/uploads\\\/2018\\\/07\\\/Artbeerfest-Caminha1.jpg\",\"width\":960,\"height\":640},{\"@type\":\"BreadcrumbList\",\"@id\":\"https:\\\/\\\/www.altominho.tv\\\/site\\\/2018\\\/07\\\/04\\\/caminha-vai-ser-a-capital-da-cerveja-artesanal-de-12-a-15-de-julho\\\/#breadcrumb\",\"itemListElement\":[{\"@type\":\"ListItem\",\"position\":1,\"name\":\"In\u00edcio\",\"item\":\"https:\\\/\\\/www.altominho.tv\\\/site\\\/\"},{\"@type\":\"ListItem\",\"position\":2,\"name\":\"Caminha vai ser a capital da cerveja artesanal de 12 a 15 de julho\"}]},{\"@type\":\"WebSite\",\"@id\":\"https:\\\/\\\/www.altominho.tv\\\/site\\\/#website\",\"url\":\"https:\\\/\\\/www.altominho.tv\\\/site\\\/\",\"name\":\"Altominho.tv\",\"description\":\"A sua regi\u00e3o \u00e0 dist\u00e2ncia de um clique...\",\"potentialAction\":[{\"@type\":\"SearchAction\",\"target\":{\"@type\":\"EntryPoint\",\"urlTemplate\":\"https:\\\/\\\/www.altominho.tv\\\/site\\\/?s={search_term_string}\"},\"query-input\":{\"@type\":\"PropertyValueSpecification\",\"valueRequired\":true,\"valueName\":\"search_term_string\"}}],\"inLanguage\":\"pt-PT\"},{\"@type\":\"Person\",\"@id\":\"https:\\\/\\\/www.altominho.tv\\\/site\\\/#\\\/schema\\\/person\\\/d9be4265364723f14ea8e0d56a1d38cd\",\"name\":\"Andreia Ferreira\",\"image\":{\"@type\":\"ImageObject\",\"inLanguage\":\"pt-PT\",\"@id\":\"https:\\\/\\\/www.altominho.tv\\\/site\\\/wp-content\\\/uploads\\\/2021\\\/01\\\/AndreiaFerreira-150x150.jpg\",\"url\":\"https:\\\/\\\/www.altominho.tv\\\/site\\\/wp-content\\\/uploads\\\/2021\\\/01\\\/AndreiaFerreira-150x150.jpg\",\"contentUrl\":\"https:\\\/\\\/www.altominho.tv\\\/site\\\/wp-content\\\/uploads\\\/2021\\\/01\\\/AndreiaFerreira-150x150.jpg\",\"caption\":\"Andreia Ferreira\"},\"url\":\"https:\\\/\\\/www.altominho.tv\\\/site\\\/author\\\/andreiaferreira\\\/\"}]}<\/script>\n<!-- \/ Yoast SEO Premium plugin. -->","yoast_head_json":{"title":"Caminha vai ser a capital da cerveja artesanal de 12 a 15 de julho","robots":{"index":"index","follow":"follow","max-snippet":"max-snippet:-1","max-image-preview":"max-image-preview:large","max-video-preview":"max-video-preview:-1"},"canonical":"https:\/\/www.altominho.tv\/site\/2018\/07\/04\/caminha-vai-ser-a-capital-da-cerveja-artesanal-de-12-a-15-de-julho\/","og_locale":"pt_PT","og_type":"article","og_title":"Caminha vai ser a capital da cerveja artesanal de 12 a 15 de julho","og_description":"Caminha volta a ser palco de um dos maiores festivais de cerveja artesanal do pa\u00eds, de 12 a 15 de julho.\u00a0Durante quatro dias, cervejeiros nacionais e internacionais v\u00e3o marcar presen\u00e7a na 6.\u00aa edi\u00e7\u00e3o do Artbeerfest Caminha, que acontece nas principais ruas do centro hist\u00f3rico. Mais de 300 cervejas artesanais v\u00e3o estar representadas neste evento, com [&hellip;]","og_url":"https:\/\/www.altominho.tv\/site\/2018\/07\/04\/caminha-vai-ser-a-capital-da-cerveja-artesanal-de-12-a-15-de-julho\/","og_site_name":"Altominho.tv","article_publisher":"https:\/\/www.facebook.com\/altominhotv","article_published_time":"2018-07-04T15:44:05+00:00","og_image":[{"width":960,"height":640,"url":"https:\/\/www.altominho.tv\/site\/wp-content\/uploads\/2018\/07\/Artbeerfest-Caminha1.jpg","type":"image\/jpeg"}],"author":"Andreia Ferreira","twitter_card":"summary_large_image","twitter_creator":"@altominhoTV","twitter_site":"@altominhoTV","twitter_misc":{"Escrito por":"Andreia Ferreira","Tempo estimado de leitura":"1 minuto"},"schema":{"@context":"https:\/\/schema.org","@graph":[{"@type":"Article","@id":"https:\/\/www.altominho.tv\/site\/2018\/07\/04\/caminha-vai-ser-a-capital-da-cerveja-artesanal-de-12-a-15-de-julho\/#article","isPartOf":{"@id":"https:\/\/www.altominho.tv\/site\/2018\/07\/04\/caminha-vai-ser-a-capital-da-cerveja-artesanal-de-12-a-15-de-julho\/"},"author":{"name":"Andreia Ferreira","@id":"https:\/\/www.altominho.tv\/site\/#\/schema\/person\/d9be4265364723f14ea8e0d56a1d38cd"},"headline":"Caminha vai ser a capital da cerveja artesanal de 12 a 15 de julho","datePublished":"2018-07-04T15:44:05+00:00","mainEntityOfPage":{"@id":"https:\/\/www.altominho.tv\/site\/2018\/07\/04\/caminha-vai-ser-a-capital-da-cerveja-artesanal-de-12-a-15-de-julho\/"},"wordCount":270,"image":{"@id":"https:\/\/www.altominho.tv\/site\/2018\/07\/04\/caminha-vai-ser-a-capital-da-cerveja-artesanal-de-12-a-15-de-julho\/#primaryimage"},"thumbnailUrl":"https:\/\/www.altominho.tv\/site\/wp-content\/uploads\/2018\/07\/Artbeerfest-Caminha1.jpg","keywords":["Cultura","Lazer"],"articleSection":["Caminha"],"inLanguage":"pt-PT","copyrightYear":"2018","copyrightHolder":{"@id":"https:\/\/www.altominho.tv\/site\/#organization"}},{"@type":"WebPage","@id":"https:\/\/www.altominho.tv\/site\/2018\/07\/04\/caminha-vai-ser-a-capital-da-cerveja-artesanal-de-12-a-15-de-julho\/","url":"https:\/\/www.altominho.tv\/site\/2018\/07\/04\/caminha-vai-ser-a-capital-da-cerveja-artesanal-de-12-a-15-de-julho\/","name":"Caminha vai ser a capital da cerveja artesanal de 12 a 15 de julho","isPartOf":{"@id":"https:\/\/www.altominho.tv\/site\/#website"},"primaryImageOfPage":{"@id":"https:\/\/www.altominho.tv\/site\/2018\/07\/04\/caminha-vai-ser-a-capital-da-cerveja-artesanal-de-12-a-15-de-julho\/#primaryimage"},"image":{"@id":"https:\/\/www.altominho.tv\/site\/2018\/07\/04\/caminha-vai-ser-a-capital-da-cerveja-artesanal-de-12-a-15-de-julho\/#primaryimage"},"thumbnailUrl":"https:\/\/www.altominho.tv\/site\/wp-content\/uploads\/2018\/07\/Artbeerfest-Caminha1.jpg","datePublished":"2018-07-04T15:44:05+00:00","author":{"@id":"https:\/\/www.altominho.tv\/site\/#\/schema\/person\/d9be4265364723f14ea8e0d56a1d38cd"},"breadcrumb":{"@id":"https:\/\/www.altominho.tv\/site\/2018\/07\/04\/caminha-vai-ser-a-capital-da-cerveja-artesanal-de-12-a-15-de-julho\/#breadcrumb"},"inLanguage":"pt-PT","potentialAction":[{"@type":"ReadAction","target":["https:\/\/www.altominho.tv\/site\/2018\/07\/04\/caminha-vai-ser-a-capital-da-cerveja-artesanal-de-12-a-15-de-julho\/"]}]},{"@type":"ImageObject","inLanguage":"pt-PT","@id":"https:\/\/www.altominho.tv\/site\/2018\/07\/04\/caminha-vai-ser-a-capital-da-cerveja-artesanal-de-12-a-15-de-julho\/#primaryimage","url":"https:\/\/www.altominho.tv\/site\/wp-content\/uploads\/2018\/07\/Artbeerfest-Caminha1.jpg","contentUrl":"https:\/\/www.altominho.tv\/site\/wp-content\/uploads\/2018\/07\/Artbeerfest-Caminha1.jpg","width":960,"height":640},{"@type":"BreadcrumbList","@id":"https:\/\/www.altominho.tv\/site\/2018\/07\/04\/caminha-vai-ser-a-capital-da-cerveja-artesanal-de-12-a-15-de-julho\/#breadcrumb","itemListElement":[{"@type":"ListItem","position":1,"name":"In\u00edcio","item":"https:\/\/www.altominho.tv\/site\/"},{"@type":"ListItem","position":2,"name":"Caminha vai ser a capital da cerveja artesanal de 12 a 15 de julho"}]},{"@type":"WebSite","@id":"https:\/\/www.altominho.tv\/site\/#website","url":"https:\/\/www.altominho.tv\/site\/","name":"Altominho.tv","description":"A sua regi\u00e3o \u00e0 dist\u00e2ncia de um clique...","potentialAction":[{"@type":"SearchAction","target":{"@type":"EntryPoint","urlTemplate":"https:\/\/www.altominho.tv\/site\/?s={search_term_string}"},"query-input":{"@type":"PropertyValueSpecification","valueRequired":true,"valueName":"search_term_string"}}],"inLanguage":"pt-PT"},{"@type":"Person","@id":"https:\/\/www.altominho.tv\/site\/#\/schema\/person\/d9be4265364723f14ea8e0d56a1d38cd","name":"Andreia Ferreira","image":{"@type":"ImageObject","inLanguage":"pt-PT","@id":"https:\/\/www.altominho.tv\/site\/wp-content\/uploads\/2021\/01\/AndreiaFerreira-150x150.jpg","url":"https:\/\/www.altominho.tv\/site\/wp-content\/uploads\/2021\/01\/AndreiaFerreira-150x150.jpg","contentUrl":"https:\/\/www.altominho.tv\/site\/wp-content\/uploads\/2021\/01\/AndreiaFerreira-150x150.jpg","caption":"Andreia Ferreira"},"url":"https:\/\/www.altominho.tv\/site\/author\/andreiaferreira\/"}]}},"_links":{"self":[{"href":"https:\/\/www.altominho.tv\/site\/wp-json\/wp\/v2\/posts\/15905","targetHints":{"allow":["GET"]}}],"collection":[{"href":"https:\/\/www.altominho.tv\/site\/wp-json\/wp\/v2\/posts"}],"about":[{"href":"https:\/\/www.altominho.tv\/site\/wp-json\/wp\/v2\/types\/post"}],"author":[{"embeddable":true,"href":"https:\/\/www.altominho.tv\/site\/wp-json\/wp\/v2\/users\/12"}],"replies":[{"embeddable":true,"href":"https:\/\/www.altominho.tv\/site\/wp-json\/wp\/v2\/comments?post=15905"}],"version-history":[{"count":0,"href":"https:\/\/www.altominho.tv\/site\/wp-json\/wp\/v2\/posts\/15905\/revisions"}],"wp:featuredmedia":[{"embeddable":true,"href":"https:\/\/www.altominho.tv\/site\/wp-json\/wp\/v2\/media\/15913"}],"wp:attachment":[{"href":"https:\/\/www.altominho.tv\/site\/wp-json\/wp\/v2\/media?parent=15905"}],"wp:term":[{"taxonomy":"category","embeddable":true,"href":"https:\/\/www.altominho.tv\/site\/wp-json\/wp\/v2\/categories?post=15905"},{"taxonomy":"post_tag","embeddable":true,"href":"https:\/\/www.altominho.tv\/site\/wp-json\/wp\/v2\/tags?post=15905"}],"curies":[{"name":"wp","href":"https:\/\/api.w.org\/{rel}","templated":true}]}}