{"id":15733,"date":"2018-06-28T12:41:00","date_gmt":"2018-06-28T11:41:00","guid":{"rendered":"http:\/\/www.altominho.tv\/site\/?p=15733"},"modified":"2018-06-28T12:41:00","modified_gmt":"2018-06-28T11:41:00","slug":"fundacao-bienal-de-arte-de-cerveira-associa-se-ao-festival-verdoejo-art-rock","status":"publish","type":"post","link":"https:\/\/www.altominho.tv\/site\/2018\/06\/28\/fundacao-bienal-de-arte-de-cerveira-associa-se-ao-festival-verdoejo-art-rock\/","title":{"rendered":"Funda\u00e7\u00e3o Bienal de Arte de Cerveira associa-se ao Festival \u201cVerdoejo Art Rock\u201d"},"content":{"rendered":"<p>O Festival \u201cVerdoejo Art Rock\u201d promove pela quarta vez o evento \u201cLand Art Valen\u00e7a\u201d, uma iniciativa que apresenta 16 artistas portugueses e espanh\u00f3is e que este ano conta com o apoio da Funda\u00e7\u00e3o Bienal de Arte de Cerveira.<\/p>\n<p>Entre 27 e 29 de julho v\u00e1rios artistas portugueses e galegos v\u00e3o dar conhecer ao p\u00fablico obras criadas no recinto do Festival \u201cVerdoejo Art Rock\u201d (Parque de Merendas), alusivas \u00e0 problem\u00e1tica dos inc\u00eandios. Trata-se de um evento que visa fortalecer os la\u00e7os culturais entre a popula\u00e7\u00e3o e os criadores de diferentes regi\u00f5es, apelando \u00e0 preserva\u00e7\u00e3o do meio ambiente.<\/p>\n<p>O programa envolve atividades para todos os p\u00fablicos, como workshops e ateliers para crian\u00e7as, sendo de destacar que os materiais utilizados s\u00e3o provenientes da natureza local, tais como a madeira, a pedra, a cana e a palha.<\/p>\n<p>\u201cEm 2017 o tr\u00e1gico fogo queimou uma vasta \u00e1rea de terreno em ambos os lados da fronteira, agora, um dos principais objetivos deste Festival \u00e9 a obten\u00e7\u00e3o de fundos para a refloresta\u00e7\u00e3o das \u00e1reas ardidas em ambos os pa\u00edses (Baldios de Verdoejo em Valen\u00e7a e Montes de San Xurxo em Salceda)\u201d, refere a organiza\u00e7\u00e3o.<\/p>\n<p>Artistas participantes:<\/p>\n<p>Alfonso Vicente Rey (ES), Ant\u00f3nio Miranda (PT), Ant\u00f3nio Nunes Pintor (PT), Camilo Cama\u00f1o Xestido\u00a0\u00a0\u00a0\u00a0\u00a0\u00a0 (ES), Jorge Ferreira (PT), Juan Coruxo (ES), Madalena Macedo (PT), M\u00e1rio Rebelo de Sousa Pintor (PT), M\u00f3nica Taboada (ES), Monteiro da Silva (PT), Nacho Martinez (ES), N\u00e9lson Labruj\u00f3\u00a0\u00a0\u00a0\u00a0\u00a0 (PT), Pierre Michel de Keyn (BE), Rafa Obecho (ES), Remigio Davila (ES), Rosendo Gonzales (ES).<\/p>\n<p>&nbsp;<\/p>\n<p>&nbsp;<\/p>\n<p><strong>Programa Land Art Valen\u00e7a:<\/strong><\/p>\n<ul>\n<li>21-28 julho | Produ\u00e7\u00e3o dos trabalhos<\/li>\n<li>27-29 julho | Exposi\u00e7\u00e3o dos trabalhos<\/li>\n<li>27 de julho | Inaugura\u00e7\u00e3o da \u201cLand Art Valen\u00e7a 2018\u201d, com apresenta\u00e7\u00e3o do cat\u00e1logo<\/li>\n<li>27-29 julho | Ateliers de artistas com workshops e intera\u00e7\u00e3o com o p\u00fablico<\/li>\n<li>27-29 julho | Bosque das Crian\u00e7as: atelier para crian\u00e7as com orienta\u00e7\u00e3o dos artistas<\/li>\n<\/ul>\n","protected":false},"excerpt":{"rendered":"<p>O Festival \u201cVerdoejo Art Rock\u201d promove pela quarta vez o evento \u201cLand Art Valen\u00e7a\u201d, uma iniciativa que apresenta 16 artistas portugueses e espanh\u00f3is e que este ano conta com o apoio da Funda\u00e7\u00e3o Bienal de Arte de Cerveira. Entre 27 e 29 de julho v\u00e1rios artistas portugueses e galegos v\u00e3o dar conhecer ao p\u00fablico obras [&hellip;]<\/p>\n","protected":false},"author":11,"featured_media":15735,"comment_status":"closed","ping_status":"closed","sticky":false,"template":"","format":"standard","meta":{"_exactmetrics_skip_tracking":false,"_exactmetrics_sitenote_active":false,"_exactmetrics_sitenote_note":"","_exactmetrics_sitenote_category":0,"footnotes":""},"categories":[13],"tags":[27],"class_list":["post-15733","post","type-post","status-publish","format-standard","has-post-thumbnail","hentry","category-valenca","tag-sociedade"],"yoast_head":"<!-- This site is optimized with the Yoast SEO Premium plugin v27.5 (Yoast SEO v27.5) - https:\/\/yoast.com\/product\/yoast-seo-premium-wordpress\/ -->\n<title>Funda\u00e7\u00e3o Bienal de Arte de Cerveira associa-se ao Festival \u201cVerdoejo Art Rock\u201d<\/title>\n<meta name=\"robots\" content=\"index, follow, max-snippet:-1, max-image-preview:large, max-video-preview:-1\" \/>\n<link rel=\"canonical\" href=\"https:\/\/www.altominho.tv\/site\/2018\/06\/28\/fundacao-bienal-de-arte-de-cerveira-associa-se-ao-festival-verdoejo-art-rock\/\" \/>\n<meta property=\"og:locale\" content=\"pt_PT\" \/>\n<meta property=\"og:type\" content=\"article\" \/>\n<meta property=\"og:title\" content=\"Funda\u00e7\u00e3o Bienal de Arte de Cerveira associa-se ao Festival \u201cVerdoejo Art Rock\u201d\" \/>\n<meta property=\"og:description\" content=\"O Festival \u201cVerdoejo Art Rock\u201d promove pela quarta vez o evento \u201cLand Art Valen\u00e7a\u201d, uma iniciativa que apresenta 16 artistas portugueses e espanh\u00f3is e que este ano conta com o apoio da Funda\u00e7\u00e3o Bienal de Arte de Cerveira. Entre 27 e 29 de julho v\u00e1rios artistas portugueses e galegos v\u00e3o dar conhecer ao p\u00fablico obras [&hellip;]\" \/>\n<meta property=\"og:url\" content=\"https:\/\/www.altominho.tv\/site\/2018\/06\/28\/fundacao-bienal-de-arte-de-cerveira-associa-se-ao-festival-verdoejo-art-rock\/\" \/>\n<meta property=\"og:site_name\" content=\"Altominho.tv\" \/>\n<meta property=\"article:publisher\" content=\"https:\/\/www.facebook.com\/altominhotv\" \/>\n<meta property=\"article:published_time\" content=\"2018-06-28T11:41:00+00:00\" \/>\n<meta property=\"og:image\" content=\"https:\/\/www.altominho.tv\/site\/wp-content\/uploads\/2018\/06\/Funda\u00e7\u00e3o-Bienal-de-Arte-de-Cerveira-associa-se-ao-_Land-Art-Valen\u00e7a_-27-a-29-de-julho-Verdoejo.jpg\" \/>\n\t<meta property=\"og:image:width\" content=\"1024\" \/>\n\t<meta property=\"og:image:height\" content=\"576\" \/>\n\t<meta property=\"og:image:type\" content=\"image\/jpeg\" \/>\n<meta name=\"author\" content=\"M\u00e1rcio Ferreira\" \/>\n<meta name=\"twitter:card\" content=\"summary_large_image\" \/>\n<meta name=\"twitter:creator\" content=\"@altominhoTV\" \/>\n<meta name=\"twitter:site\" content=\"@altominhoTV\" \/>\n<meta name=\"twitter:label1\" content=\"Escrito por\" \/>\n\t<meta name=\"twitter:data1\" content=\"M\u00e1rcio Ferreira\" \/>\n\t<meta name=\"twitter:label2\" content=\"Tempo estimado de leitura\" \/>\n\t<meta name=\"twitter:data2\" content=\"2 minutos\" \/>\n<script type=\"application\/ld+json\" class=\"yoast-schema-graph\">{\"@context\":\"https:\\\/\\\/schema.org\",\"@graph\":[{\"@type\":\"Article\",\"@id\":\"https:\\\/\\\/www.altominho.tv\\\/site\\\/2018\\\/06\\\/28\\\/fundacao-bienal-de-arte-de-cerveira-associa-se-ao-festival-verdoejo-art-rock\\\/#article\",\"isPartOf\":{\"@id\":\"https:\\\/\\\/www.altominho.tv\\\/site\\\/2018\\\/06\\\/28\\\/fundacao-bienal-de-arte-de-cerveira-associa-se-ao-festival-verdoejo-art-rock\\\/\"},\"author\":{\"name\":\"M\u00e1rcio Ferreira\",\"@id\":\"https:\\\/\\\/www.altominho.tv\\\/site\\\/#\\\/schema\\\/person\\\/f836e37082b5dabe9144f3eb724ed5a7\"},\"headline\":\"Funda\u00e7\u00e3o Bienal de Arte de Cerveira associa-se ao Festival \u201cVerdoejo Art Rock\u201d\",\"datePublished\":\"2018-06-28T11:41:00+00:00\",\"mainEntityOfPage\":{\"@id\":\"https:\\\/\\\/www.altominho.tv\\\/site\\\/2018\\\/06\\\/28\\\/fundacao-bienal-de-arte-de-cerveira-associa-se-ao-festival-verdoejo-art-rock\\\/\"},\"wordCount\":342,\"image\":{\"@id\":\"https:\\\/\\\/www.altominho.tv\\\/site\\\/2018\\\/06\\\/28\\\/fundacao-bienal-de-arte-de-cerveira-associa-se-ao-festival-verdoejo-art-rock\\\/#primaryimage\"},\"thumbnailUrl\":\"https:\\\/\\\/www.altominho.tv\\\/site\\\/wp-content\\\/uploads\\\/2018\\\/06\\\/Funda\u00e7\u00e3o-Bienal-de-Arte-de-Cerveira-associa-se-ao-_Land-Art-Valen\u00e7a_-27-a-29-de-julho-Verdoejo.jpg\",\"keywords\":[\"Sociedade\"],\"articleSection\":[\"Valen\u00e7a\"],\"inLanguage\":\"pt-PT\",\"copyrightYear\":\"2018\",\"copyrightHolder\":{\"@id\":\"https:\\\/\\\/www.altominho.tv\\\/site\\\/#organization\"}},{\"@type\":\"WebPage\",\"@id\":\"https:\\\/\\\/www.altominho.tv\\\/site\\\/2018\\\/06\\\/28\\\/fundacao-bienal-de-arte-de-cerveira-associa-se-ao-festival-verdoejo-art-rock\\\/\",\"url\":\"https:\\\/\\\/www.altominho.tv\\\/site\\\/2018\\\/06\\\/28\\\/fundacao-bienal-de-arte-de-cerveira-associa-se-ao-festival-verdoejo-art-rock\\\/\",\"name\":\"Funda\u00e7\u00e3o Bienal de Arte de Cerveira associa-se ao Festival \u201cVerdoejo Art Rock\u201d\",\"isPartOf\":{\"@id\":\"https:\\\/\\\/www.altominho.tv\\\/site\\\/#website\"},\"primaryImageOfPage\":{\"@id\":\"https:\\\/\\\/www.altominho.tv\\\/site\\\/2018\\\/06\\\/28\\\/fundacao-bienal-de-arte-de-cerveira-associa-se-ao-festival-verdoejo-art-rock\\\/#primaryimage\"},\"image\":{\"@id\":\"https:\\\/\\\/www.altominho.tv\\\/site\\\/2018\\\/06\\\/28\\\/fundacao-bienal-de-arte-de-cerveira-associa-se-ao-festival-verdoejo-art-rock\\\/#primaryimage\"},\"thumbnailUrl\":\"https:\\\/\\\/www.altominho.tv\\\/site\\\/wp-content\\\/uploads\\\/2018\\\/06\\\/Funda\u00e7\u00e3o-Bienal-de-Arte-de-Cerveira-associa-se-ao-_Land-Art-Valen\u00e7a_-27-a-29-de-julho-Verdoejo.jpg\",\"datePublished\":\"2018-06-28T11:41:00+00:00\",\"author\":{\"@id\":\"https:\\\/\\\/www.altominho.tv\\\/site\\\/#\\\/schema\\\/person\\\/f836e37082b5dabe9144f3eb724ed5a7\"},\"breadcrumb\":{\"@id\":\"https:\\\/\\\/www.altominho.tv\\\/site\\\/2018\\\/06\\\/28\\\/fundacao-bienal-de-arte-de-cerveira-associa-se-ao-festival-verdoejo-art-rock\\\/#breadcrumb\"},\"inLanguage\":\"pt-PT\",\"potentialAction\":[{\"@type\":\"ReadAction\",\"target\":[\"https:\\\/\\\/www.altominho.tv\\\/site\\\/2018\\\/06\\\/28\\\/fundacao-bienal-de-arte-de-cerveira-associa-se-ao-festival-verdoejo-art-rock\\\/\"]}]},{\"@type\":\"ImageObject\",\"inLanguage\":\"pt-PT\",\"@id\":\"https:\\\/\\\/www.altominho.tv\\\/site\\\/2018\\\/06\\\/28\\\/fundacao-bienal-de-arte-de-cerveira-associa-se-ao-festival-verdoejo-art-rock\\\/#primaryimage\",\"url\":\"https:\\\/\\\/www.altominho.tv\\\/site\\\/wp-content\\\/uploads\\\/2018\\\/06\\\/Funda\u00e7\u00e3o-Bienal-de-Arte-de-Cerveira-associa-se-ao-_Land-Art-Valen\u00e7a_-27-a-29-de-julho-Verdoejo.jpg\",\"contentUrl\":\"https:\\\/\\\/www.altominho.tv\\\/site\\\/wp-content\\\/uploads\\\/2018\\\/06\\\/Funda\u00e7\u00e3o-Bienal-de-Arte-de-Cerveira-associa-se-ao-_Land-Art-Valen\u00e7a_-27-a-29-de-julho-Verdoejo.jpg\",\"width\":1024,\"height\":576},{\"@type\":\"BreadcrumbList\",\"@id\":\"https:\\\/\\\/www.altominho.tv\\\/site\\\/2018\\\/06\\\/28\\\/fundacao-bienal-de-arte-de-cerveira-associa-se-ao-festival-verdoejo-art-rock\\\/#breadcrumb\",\"itemListElement\":[{\"@type\":\"ListItem\",\"position\":1,\"name\":\"In\u00edcio\",\"item\":\"https:\\\/\\\/www.altominho.tv\\\/site\\\/\"},{\"@type\":\"ListItem\",\"position\":2,\"name\":\"Funda\u00e7\u00e3o Bienal de Arte de Cerveira associa-se ao Festival \u201cVerdoejo Art Rock\u201d\"}]},{\"@type\":\"WebSite\",\"@id\":\"https:\\\/\\\/www.altominho.tv\\\/site\\\/#website\",\"url\":\"https:\\\/\\\/www.altominho.tv\\\/site\\\/\",\"name\":\"Altominho.tv\",\"description\":\"A sua regi\u00e3o \u00e0 dist\u00e2ncia de um clique...\",\"potentialAction\":[{\"@type\":\"SearchAction\",\"target\":{\"@type\":\"EntryPoint\",\"urlTemplate\":\"https:\\\/\\\/www.altominho.tv\\\/site\\\/?s={search_term_string}\"},\"query-input\":{\"@type\":\"PropertyValueSpecification\",\"valueRequired\":true,\"valueName\":\"search_term_string\"}}],\"inLanguage\":\"pt-PT\"},{\"@type\":\"Person\",\"@id\":\"https:\\\/\\\/www.altominho.tv\\\/site\\\/#\\\/schema\\\/person\\\/f836e37082b5dabe9144f3eb724ed5a7\",\"name\":\"M\u00e1rcio Ferreira\",\"image\":{\"@type\":\"ImageObject\",\"inLanguage\":\"pt-PT\",\"@id\":\"https:\\\/\\\/www.altominho.tv\\\/site\\\/wp-content\\\/uploads\\\/2017\\\/11\\\/Marcio-150x150.jpg\",\"url\":\"https:\\\/\\\/www.altominho.tv\\\/site\\\/wp-content\\\/uploads\\\/2017\\\/11\\\/Marcio-150x150.jpg\",\"contentUrl\":\"https:\\\/\\\/www.altominho.tv\\\/site\\\/wp-content\\\/uploads\\\/2017\\\/11\\\/Marcio-150x150.jpg\",\"caption\":\"M\u00e1rcio Ferreira\"},\"url\":\"https:\\\/\\\/www.altominho.tv\\\/site\\\/author\\\/marcioferreira\\\/\"}]}<\/script>\n<!-- \/ Yoast SEO Premium plugin. -->","yoast_head_json":{"title":"Funda\u00e7\u00e3o Bienal de Arte de Cerveira associa-se ao Festival \u201cVerdoejo Art Rock\u201d","robots":{"index":"index","follow":"follow","max-snippet":"max-snippet:-1","max-image-preview":"max-image-preview:large","max-video-preview":"max-video-preview:-1"},"canonical":"https:\/\/www.altominho.tv\/site\/2018\/06\/28\/fundacao-bienal-de-arte-de-cerveira-associa-se-ao-festival-verdoejo-art-rock\/","og_locale":"pt_PT","og_type":"article","og_title":"Funda\u00e7\u00e3o Bienal de Arte de Cerveira associa-se ao Festival \u201cVerdoejo Art Rock\u201d","og_description":"O Festival \u201cVerdoejo Art Rock\u201d promove pela quarta vez o evento \u201cLand Art Valen\u00e7a\u201d, uma iniciativa que apresenta 16 artistas portugueses e espanh\u00f3is e que este ano conta com o apoio da Funda\u00e7\u00e3o Bienal de Arte de Cerveira. Entre 27 e 29 de julho v\u00e1rios artistas portugueses e galegos v\u00e3o dar conhecer ao p\u00fablico obras [&hellip;]","og_url":"https:\/\/www.altominho.tv\/site\/2018\/06\/28\/fundacao-bienal-de-arte-de-cerveira-associa-se-ao-festival-verdoejo-art-rock\/","og_site_name":"Altominho.tv","article_publisher":"https:\/\/www.facebook.com\/altominhotv","article_published_time":"2018-06-28T11:41:00+00:00","og_image":[{"width":1024,"height":576,"url":"https:\/\/www.altominho.tv\/site\/wp-content\/uploads\/2018\/06\/Funda\u00e7\u00e3o-Bienal-de-Arte-de-Cerveira-associa-se-ao-_Land-Art-Valen\u00e7a_-27-a-29-de-julho-Verdoejo.jpg","type":"image\/jpeg"}],"author":"M\u00e1rcio Ferreira","twitter_card":"summary_large_image","twitter_creator":"@altominhoTV","twitter_site":"@altominhoTV","twitter_misc":{"Escrito por":"M\u00e1rcio Ferreira","Tempo estimado de leitura":"2 minutos"},"schema":{"@context":"https:\/\/schema.org","@graph":[{"@type":"Article","@id":"https:\/\/www.altominho.tv\/site\/2018\/06\/28\/fundacao-bienal-de-arte-de-cerveira-associa-se-ao-festival-verdoejo-art-rock\/#article","isPartOf":{"@id":"https:\/\/www.altominho.tv\/site\/2018\/06\/28\/fundacao-bienal-de-arte-de-cerveira-associa-se-ao-festival-verdoejo-art-rock\/"},"author":{"name":"M\u00e1rcio Ferreira","@id":"https:\/\/www.altominho.tv\/site\/#\/schema\/person\/f836e37082b5dabe9144f3eb724ed5a7"},"headline":"Funda\u00e7\u00e3o Bienal de Arte de Cerveira associa-se ao Festival \u201cVerdoejo Art Rock\u201d","datePublished":"2018-06-28T11:41:00+00:00","mainEntityOfPage":{"@id":"https:\/\/www.altominho.tv\/site\/2018\/06\/28\/fundacao-bienal-de-arte-de-cerveira-associa-se-ao-festival-verdoejo-art-rock\/"},"wordCount":342,"image":{"@id":"https:\/\/www.altominho.tv\/site\/2018\/06\/28\/fundacao-bienal-de-arte-de-cerveira-associa-se-ao-festival-verdoejo-art-rock\/#primaryimage"},"thumbnailUrl":"https:\/\/www.altominho.tv\/site\/wp-content\/uploads\/2018\/06\/Funda\u00e7\u00e3o-Bienal-de-Arte-de-Cerveira-associa-se-ao-_Land-Art-Valen\u00e7a_-27-a-29-de-julho-Verdoejo.jpg","keywords":["Sociedade"],"articleSection":["Valen\u00e7a"],"inLanguage":"pt-PT","copyrightYear":"2018","copyrightHolder":{"@id":"https:\/\/www.altominho.tv\/site\/#organization"}},{"@type":"WebPage","@id":"https:\/\/www.altominho.tv\/site\/2018\/06\/28\/fundacao-bienal-de-arte-de-cerveira-associa-se-ao-festival-verdoejo-art-rock\/","url":"https:\/\/www.altominho.tv\/site\/2018\/06\/28\/fundacao-bienal-de-arte-de-cerveira-associa-se-ao-festival-verdoejo-art-rock\/","name":"Funda\u00e7\u00e3o Bienal de Arte de Cerveira associa-se ao Festival \u201cVerdoejo Art Rock\u201d","isPartOf":{"@id":"https:\/\/www.altominho.tv\/site\/#website"},"primaryImageOfPage":{"@id":"https:\/\/www.altominho.tv\/site\/2018\/06\/28\/fundacao-bienal-de-arte-de-cerveira-associa-se-ao-festival-verdoejo-art-rock\/#primaryimage"},"image":{"@id":"https:\/\/www.altominho.tv\/site\/2018\/06\/28\/fundacao-bienal-de-arte-de-cerveira-associa-se-ao-festival-verdoejo-art-rock\/#primaryimage"},"thumbnailUrl":"https:\/\/www.altominho.tv\/site\/wp-content\/uploads\/2018\/06\/Funda\u00e7\u00e3o-Bienal-de-Arte-de-Cerveira-associa-se-ao-_Land-Art-Valen\u00e7a_-27-a-29-de-julho-Verdoejo.jpg","datePublished":"2018-06-28T11:41:00+00:00","author":{"@id":"https:\/\/www.altominho.tv\/site\/#\/schema\/person\/f836e37082b5dabe9144f3eb724ed5a7"},"breadcrumb":{"@id":"https:\/\/www.altominho.tv\/site\/2018\/06\/28\/fundacao-bienal-de-arte-de-cerveira-associa-se-ao-festival-verdoejo-art-rock\/#breadcrumb"},"inLanguage":"pt-PT","potentialAction":[{"@type":"ReadAction","target":["https:\/\/www.altominho.tv\/site\/2018\/06\/28\/fundacao-bienal-de-arte-de-cerveira-associa-se-ao-festival-verdoejo-art-rock\/"]}]},{"@type":"ImageObject","inLanguage":"pt-PT","@id":"https:\/\/www.altominho.tv\/site\/2018\/06\/28\/fundacao-bienal-de-arte-de-cerveira-associa-se-ao-festival-verdoejo-art-rock\/#primaryimage","url":"https:\/\/www.altominho.tv\/site\/wp-content\/uploads\/2018\/06\/Funda\u00e7\u00e3o-Bienal-de-Arte-de-Cerveira-associa-se-ao-_Land-Art-Valen\u00e7a_-27-a-29-de-julho-Verdoejo.jpg","contentUrl":"https:\/\/www.altominho.tv\/site\/wp-content\/uploads\/2018\/06\/Funda\u00e7\u00e3o-Bienal-de-Arte-de-Cerveira-associa-se-ao-_Land-Art-Valen\u00e7a_-27-a-29-de-julho-Verdoejo.jpg","width":1024,"height":576},{"@type":"BreadcrumbList","@id":"https:\/\/www.altominho.tv\/site\/2018\/06\/28\/fundacao-bienal-de-arte-de-cerveira-associa-se-ao-festival-verdoejo-art-rock\/#breadcrumb","itemListElement":[{"@type":"ListItem","position":1,"name":"In\u00edcio","item":"https:\/\/www.altominho.tv\/site\/"},{"@type":"ListItem","position":2,"name":"Funda\u00e7\u00e3o Bienal de Arte de Cerveira associa-se ao Festival \u201cVerdoejo Art Rock\u201d"}]},{"@type":"WebSite","@id":"https:\/\/www.altominho.tv\/site\/#website","url":"https:\/\/www.altominho.tv\/site\/","name":"Altominho.tv","description":"A sua regi\u00e3o \u00e0 dist\u00e2ncia de um clique...","potentialAction":[{"@type":"SearchAction","target":{"@type":"EntryPoint","urlTemplate":"https:\/\/www.altominho.tv\/site\/?s={search_term_string}"},"query-input":{"@type":"PropertyValueSpecification","valueRequired":true,"valueName":"search_term_string"}}],"inLanguage":"pt-PT"},{"@type":"Person","@id":"https:\/\/www.altominho.tv\/site\/#\/schema\/person\/f836e37082b5dabe9144f3eb724ed5a7","name":"M\u00e1rcio Ferreira","image":{"@type":"ImageObject","inLanguage":"pt-PT","@id":"https:\/\/www.altominho.tv\/site\/wp-content\/uploads\/2017\/11\/Marcio-150x150.jpg","url":"https:\/\/www.altominho.tv\/site\/wp-content\/uploads\/2017\/11\/Marcio-150x150.jpg","contentUrl":"https:\/\/www.altominho.tv\/site\/wp-content\/uploads\/2017\/11\/Marcio-150x150.jpg","caption":"M\u00e1rcio Ferreira"},"url":"https:\/\/www.altominho.tv\/site\/author\/marcioferreira\/"}]}},"_links":{"self":[{"href":"https:\/\/www.altominho.tv\/site\/wp-json\/wp\/v2\/posts\/15733","targetHints":{"allow":["GET"]}}],"collection":[{"href":"https:\/\/www.altominho.tv\/site\/wp-json\/wp\/v2\/posts"}],"about":[{"href":"https:\/\/www.altominho.tv\/site\/wp-json\/wp\/v2\/types\/post"}],"author":[{"embeddable":true,"href":"https:\/\/www.altominho.tv\/site\/wp-json\/wp\/v2\/users\/11"}],"replies":[{"embeddable":true,"href":"https:\/\/www.altominho.tv\/site\/wp-json\/wp\/v2\/comments?post=15733"}],"version-history":[{"count":0,"href":"https:\/\/www.altominho.tv\/site\/wp-json\/wp\/v2\/posts\/15733\/revisions"}],"wp:featuredmedia":[{"embeddable":true,"href":"https:\/\/www.altominho.tv\/site\/wp-json\/wp\/v2\/media\/15735"}],"wp:attachment":[{"href":"https:\/\/www.altominho.tv\/site\/wp-json\/wp\/v2\/media?parent=15733"}],"wp:term":[{"taxonomy":"category","embeddable":true,"href":"https:\/\/www.altominho.tv\/site\/wp-json\/wp\/v2\/categories?post=15733"},{"taxonomy":"post_tag","embeddable":true,"href":"https:\/\/www.altominho.tv\/site\/wp-json\/wp\/v2\/tags?post=15733"}],"curies":[{"name":"wp","href":"https:\/\/api.w.org\/{rel}","templated":true}]}}