{"id":15713,"date":"2018-06-28T11:29:22","date_gmt":"2018-06-28T10:29:22","guid":{"rendered":"http:\/\/www.altominho.tv\/site\/?p=15713"},"modified":"2018-06-28T11:31:38","modified_gmt":"2018-06-28T10:31:38","slug":"arcos-de-valdevez-investe-um-milhao-de-euros-em-antiga-escola-do-concelho","status":"publish","type":"post","link":"https:\/\/www.altominho.tv\/site\/2018\/06\/28\/arcos-de-valdevez-investe-um-milhao-de-euros-em-antiga-escola-do-concelho\/","title":{"rendered":"Arcos de Valdevez investe um milh\u00e3o de euros em antiga escola do concelho"},"content":{"rendered":"<p>A C\u00e2mara de Arcos de Valdevez adjudicou, por um milh\u00e3o de euros, a obra das Oficinas de Criatividade Himalaya, que v\u00e3o nascer na antiga escola secund\u00e1ria do concelho.<\/p>\n<p>Em comunicado, o munic\u00edpio acrescenta que em causa est\u00e1 a cria\u00e7\u00e3o de uma \u201cplataforma de promo\u00e7\u00e3o da ci\u00eancia\u201d, tendo como \u201cpersonagem inspiradora um dos maiores cientistas e vision\u00e1rios portugueses da viragem do s\u00e9culo XIX, o padre Manuel Himalaya, nascido em Arcos de Valdevez\u201d.<\/p>\n<p>O comunicado sublinha que o padre Himalaya foi \u201cum precursor das energias renov\u00e1veis e desenvolvimento sustent\u00e1vel\u201d.<\/p>\n<p>O espa\u00e7o das Oficinas de Criatividade Himalaya ser\u00e1 aberto \u00e0 comunidade como equipamento de descoberta e frui\u00e7\u00e3o e ter\u00e1 nas fam\u00edlias e nos jovens \u201co seu principal p\u00fablico-alvo, integrando uma c\u00fapula de proje\u00e7\u00e3o de alta defini\u00e7\u00e3o que funcionar\u00e1 como um planet\u00e1rio. Este planet\u00e1rio j\u00e1 foi adjudicado por 70 mil euros.<\/p>\n<p><img loading=\"lazy\" decoding=\"async\" class=\"alignnone wp-image-15714 size-large\" src=\"http:\/\/www.altominho.tv\/site\/wp-content\/uploads\/2018\/06\/HIIM_3d-1024x768.jpg\" alt=\"\" width=\"770\" height=\"578\" srcset=\"https:\/\/www.altominho.tv\/site\/wp-content\/uploads\/2018\/06\/HIIM_3d.jpg 1024w, https:\/\/www.altominho.tv\/site\/wp-content\/uploads\/2018\/06\/HIIM_3d-300x225.jpg 300w, https:\/\/www.altominho.tv\/site\/wp-content\/uploads\/2018\/06\/HIIM_3d-768x576.jpg 768w, https:\/\/www.altominho.tv\/site\/wp-content\/uploads\/2018\/06\/HIIM_3d-370x278.jpg 370w, https:\/\/www.altominho.tv\/site\/wp-content\/uploads\/2018\/06\/HIIM_3d-270x203.jpg 270w, https:\/\/www.altominho.tv\/site\/wp-content\/uploads\/2018\/06\/HIIM_3d-740x555.jpg 740w, https:\/\/www.altominho.tv\/site\/wp-content\/uploads\/2018\/06\/HIIM_3d-80x60.jpg 80w, https:\/\/www.altominho.tv\/site\/wp-content\/uploads\/2018\/06\/HIIM_3d-800x600.jpg 800w, https:\/\/www.altominho.tv\/site\/wp-content\/uploads\/2018\/06\/HIIM_3d-600x450.jpg 600w\" sizes=\"auto, (max-width: 770px) 100vw, 770px\" \/><\/p>\n<p>As Oficinas integrar\u00e3o uma \u00e1rea dedicada \u00e0 vida e obra do padre Himalaya e outra ligada \u00e0 ci\u00eancia e \u00e0 pedagogia, bem como um labirinto dedicado igualmente \u00e0 figura daquele cientista.<\/p>\n<p>Neste labirinto, tamb\u00e9m j\u00e1 adjudicado por 70 mil euros, os corredores ser\u00e3o inspirados nas viagens pelo mundo do Padre Himalaya e ter\u00e3o desafios e enigmas sobre a sua vida cultural e cient\u00edfica.<\/p>\n<p>\u201cCom esta abordagem, pretende-se que, ap\u00f3s a realiza\u00e7\u00e3o do percurso, as crian\u00e7as sintam uma maior motiva\u00e7\u00e3o para a experimenta\u00e7\u00e3o, para a resolu\u00e7\u00e3o de problemas e para aprofundar o conhecimento da vida e da obra do Padre Himalaya\u201d, refere o comunicado.<\/p>\n<p>As crian\u00e7as ter\u00e3o ao seu dispor uma pequena mochila de explorador contendo um conjunto de pequenas ferramentas (chaves, lanternas, lupas) necess\u00e1rias para interagir e resolver as quest\u00f5es e os desafios que v\u00e3o encontrando nos respetivos corredores.<\/p>\n<p>O espa\u00e7o exterior incorporar\u00e1 alguns equipamentos de uso livre e tamb\u00e9m ligados com a ci\u00eancia, bem como uma r\u00e9plica em tamanho natural do Pireli\u00f3foro apresentado por Himalaya na Exposi\u00e7\u00e3o Universal de St. Louis (EUA).<\/p>\n","protected":false},"excerpt":{"rendered":"<p>A C\u00e2mara de Arcos de Valdevez adjudicou, por um milh\u00e3o de euros, a obra das Oficinas de Criatividade Himalaya, que v\u00e3o nascer na antiga escola secund\u00e1ria do concelho. Em comunicado, o munic\u00edpio acrescenta que em causa est\u00e1 a cria\u00e7\u00e3o de uma \u201cplataforma de promo\u00e7\u00e3o da ci\u00eancia\u201d, tendo como \u201cpersonagem inspiradora um dos maiores cientistas e [&hellip;]<\/p>\n","protected":false},"author":12,"featured_media":15715,"comment_status":"closed","ping_status":"closed","sticky":false,"template":"","format":"standard","meta":{"_exactmetrics_skip_tracking":false,"footnotes":""},"categories":[2],"tags":[27],"class_list":["post-15713","post","type-post","status-publish","format-standard","has-post-thumbnail","hentry","category-arcos-de-valdevez","tag-sociedade"],"yoast_head":"<!-- This site is optimized with the Yoast SEO Premium plugin v28.3 (Yoast SEO v28.3) - https:\/\/yoast.com\/product\/yoast-seo-premium-wordpress\/ -->\n<title>Arcos de Valdevez investe um milh\u00e3o de euros em antiga escola do concelho<\/title>\n<meta name=\"robots\" content=\"index, follow, max-snippet:-1, max-image-preview:large, max-video-preview:-1\" \/>\n<link rel=\"canonical\" href=\"https:\/\/www.altominho.tv\/site\/2018\/06\/28\/arcos-de-valdevez-investe-um-milhao-de-euros-em-antiga-escola-do-concelho\/\" \/>\n<meta property=\"og:locale\" content=\"pt_PT\" \/>\n<meta property=\"og:type\" content=\"article\" \/>\n<meta property=\"og:title\" content=\"Arcos de Valdevez investe um milh\u00e3o de euros em antiga escola do concelho\" \/>\n<meta property=\"og:description\" content=\"A C\u00e2mara de Arcos de Valdevez adjudicou, por um milh\u00e3o de euros, a obra das Oficinas de Criatividade Himalaya, que v\u00e3o nascer na antiga escola secund\u00e1ria do concelho. Em comunicado, o munic\u00edpio acrescenta que em causa est\u00e1 a cria\u00e7\u00e3o de uma \u201cplataforma de promo\u00e7\u00e3o da ci\u00eancia\u201d, tendo como \u201cpersonagem inspiradora um dos maiores cientistas e [&hellip;]\" \/>\n<meta property=\"og:url\" content=\"https:\/\/www.altominho.tv\/site\/2018\/06\/28\/arcos-de-valdevez-investe-um-milhao-de-euros-em-antiga-escola-do-concelho\/\" \/>\n<meta property=\"og:site_name\" content=\"Altominho.tv\" \/>\n<meta property=\"article:publisher\" content=\"https:\/\/www.facebook.com\/altominhotv\" \/>\n<meta property=\"article:published_time\" content=\"2018-06-28T10:29:22+00:00\" \/>\n<meta property=\"article:modified_time\" content=\"2018-06-28T10:31:38+00:00\" \/>\n<meta property=\"og:image\" content=\"https:\/\/www.altominho.tv\/site\/wp-content\/uploads\/2018\/06\/escola_oficina_padre_himalaya.jpg\" \/>\n\t<meta property=\"og:image:width\" content=\"1024\" \/>\n\t<meta property=\"og:image:height\" content=\"683\" \/>\n\t<meta property=\"og:image:type\" content=\"image\/jpeg\" \/>\n<meta name=\"author\" content=\"Andreia Ferreira\" \/>\n<meta name=\"twitter:card\" content=\"summary_large_image\" \/>\n<meta name=\"twitter:creator\" content=\"@altominhoTV\" \/>\n<meta name=\"twitter:site\" content=\"@altominhoTV\" \/>\n<meta name=\"twitter:label1\" content=\"Escrito por\" \/>\n\t<meta name=\"twitter:data1\" content=\"Andreia Ferreira\" \/>\n\t<meta name=\"twitter:label2\" content=\"Tempo estimado de leitura\" \/>\n\t<meta name=\"twitter:data2\" content=\"2 minutos\" \/>\n<script type=\"application\/ld+json\" class=\"yoast-schema-graph\">{\"@context\":\"https:\\\/\\\/schema.org\",\"@graph\":[{\"@type\":\"Article\",\"@id\":\"https:\\\/\\\/www.altominho.tv\\\/site\\\/2018\\\/06\\\/28\\\/arcos-de-valdevez-investe-um-milhao-de-euros-em-antiga-escola-do-concelho\\\/#article\",\"isPartOf\":{\"@id\":\"https:\\\/\\\/www.altominho.tv\\\/site\\\/2018\\\/06\\\/28\\\/arcos-de-valdevez-investe-um-milhao-de-euros-em-antiga-escola-do-concelho\\\/\"},\"author\":{\"name\":\"Andreia Ferreira\",\"@id\":\"https:\\\/\\\/www.altominho.tv\\\/site\\\/#\\\/schema\\\/person\\\/d9be4265364723f14ea8e0d56a1d38cd\"},\"headline\":\"Arcos de Valdevez investe um milh\u00e3o de euros em antiga escola do concelho\",\"datePublished\":\"2018-06-28T10:29:22+00:00\",\"dateModified\":\"2018-06-28T10:31:38+00:00\",\"mainEntityOfPage\":{\"@id\":\"https:\\\/\\\/www.altominho.tv\\\/site\\\/2018\\\/06\\\/28\\\/arcos-de-valdevez-investe-um-milhao-de-euros-em-antiga-escola-do-concelho\\\/\"},\"wordCount\":361,\"image\":{\"@id\":\"https:\\\/\\\/www.altominho.tv\\\/site\\\/2018\\\/06\\\/28\\\/arcos-de-valdevez-investe-um-milhao-de-euros-em-antiga-escola-do-concelho\\\/#primaryimage\"},\"thumbnailUrl\":\"https:\\\/\\\/www.altominho.tv\\\/site\\\/wp-content\\\/uploads\\\/2018\\\/06\\\/escola_oficina_padre_himalaya.jpg\",\"keywords\":[\"Sociedade\"],\"articleSection\":[\"Arcos de Valdevez\"],\"inLanguage\":\"pt-PT\",\"copyrightYear\":\"2018\",\"copyrightHolder\":{\"@id\":\"https:\\\/\\\/www.altominho.tv\\\/site\\\/#organization\"}},{\"@type\":\"WebPage\",\"@id\":\"https:\\\/\\\/www.altominho.tv\\\/site\\\/2018\\\/06\\\/28\\\/arcos-de-valdevez-investe-um-milhao-de-euros-em-antiga-escola-do-concelho\\\/\",\"url\":\"https:\\\/\\\/www.altominho.tv\\\/site\\\/2018\\\/06\\\/28\\\/arcos-de-valdevez-investe-um-milhao-de-euros-em-antiga-escola-do-concelho\\\/\",\"name\":\"Arcos de Valdevez investe um milh\u00e3o de euros em antiga escola do concelho\",\"isPartOf\":{\"@id\":\"https:\\\/\\\/www.altominho.tv\\\/site\\\/#website\"},\"primaryImageOfPage\":{\"@id\":\"https:\\\/\\\/www.altominho.tv\\\/site\\\/2018\\\/06\\\/28\\\/arcos-de-valdevez-investe-um-milhao-de-euros-em-antiga-escola-do-concelho\\\/#primaryimage\"},\"image\":{\"@id\":\"https:\\\/\\\/www.altominho.tv\\\/site\\\/2018\\\/06\\\/28\\\/arcos-de-valdevez-investe-um-milhao-de-euros-em-antiga-escola-do-concelho\\\/#primaryimage\"},\"thumbnailUrl\":\"https:\\\/\\\/www.altominho.tv\\\/site\\\/wp-content\\\/uploads\\\/2018\\\/06\\\/escola_oficina_padre_himalaya.jpg\",\"datePublished\":\"2018-06-28T10:29:22+00:00\",\"dateModified\":\"2018-06-28T10:31:38+00:00\",\"author\":{\"@id\":\"https:\\\/\\\/www.altominho.tv\\\/site\\\/#\\\/schema\\\/person\\\/d9be4265364723f14ea8e0d56a1d38cd\"},\"breadcrumb\":{\"@id\":\"https:\\\/\\\/www.altominho.tv\\\/site\\\/2018\\\/06\\\/28\\\/arcos-de-valdevez-investe-um-milhao-de-euros-em-antiga-escola-do-concelho\\\/#breadcrumb\"},\"inLanguage\":\"pt-PT\",\"potentialAction\":[{\"@type\":\"ReadAction\",\"target\":[\"https:\\\/\\\/www.altominho.tv\\\/site\\\/2018\\\/06\\\/28\\\/arcos-de-valdevez-investe-um-milhao-de-euros-em-antiga-escola-do-concelho\\\/\"]}]},{\"@type\":\"ImageObject\",\"inLanguage\":\"pt-PT\",\"@id\":\"https:\\\/\\\/www.altominho.tv\\\/site\\\/2018\\\/06\\\/28\\\/arcos-de-valdevez-investe-um-milhao-de-euros-em-antiga-escola-do-concelho\\\/#primaryimage\",\"url\":\"https:\\\/\\\/www.altominho.tv\\\/site\\\/wp-content\\\/uploads\\\/2018\\\/06\\\/escola_oficina_padre_himalaya.jpg\",\"contentUrl\":\"https:\\\/\\\/www.altominho.tv\\\/site\\\/wp-content\\\/uploads\\\/2018\\\/06\\\/escola_oficina_padre_himalaya.jpg\",\"width\":1024,\"height\":683},{\"@type\":\"BreadcrumbList\",\"@id\":\"https:\\\/\\\/www.altominho.tv\\\/site\\\/2018\\\/06\\\/28\\\/arcos-de-valdevez-investe-um-milhao-de-euros-em-antiga-escola-do-concelho\\\/#breadcrumb\",\"itemListElement\":[{\"@type\":\"ListItem\",\"position\":1,\"name\":\"In\u00edcio\",\"item\":\"https:\\\/\\\/www.altominho.tv\\\/site\\\/\"},{\"@type\":\"ListItem\",\"position\":2,\"name\":\"Arcos de Valdevez investe um milh\u00e3o de euros em antiga escola do concelho\"}]},{\"@type\":\"WebSite\",\"@id\":\"https:\\\/\\\/www.altominho.tv\\\/site\\\/#website\",\"url\":\"https:\\\/\\\/www.altominho.tv\\\/site\\\/\",\"name\":\"Altominho.tv\",\"description\":\"A sua regi\u00e3o \u00e0 dist\u00e2ncia de um clique...\",\"potentialAction\":[{\"@type\":\"SearchAction\",\"target\":{\"@type\":\"EntryPoint\",\"urlTemplate\":\"https:\\\/\\\/www.altominho.tv\\\/site\\\/?s={search_term_string}\"},\"query-input\":{\"@type\":\"PropertyValueSpecification\",\"valueRequired\":true,\"valueName\":\"search_term_string\"}}],\"inLanguage\":\"pt-PT\"},{\"@type\":\"Person\",\"@id\":\"https:\\\/\\\/www.altominho.tv\\\/site\\\/#\\\/schema\\\/person\\\/d9be4265364723f14ea8e0d56a1d38cd\",\"name\":\"Andreia Ferreira\",\"image\":{\"@type\":\"ImageObject\",\"inLanguage\":\"pt-PT\",\"@id\":\"https:\\\/\\\/www.altominho.tv\\\/site\\\/wp-content\\\/uploads\\\/2021\\\/01\\\/AndreiaFerreira-150x150.jpg\",\"url\":\"https:\\\/\\\/www.altominho.tv\\\/site\\\/wp-content\\\/uploads\\\/2021\\\/01\\\/AndreiaFerreira-150x150.jpg\",\"contentUrl\":\"https:\\\/\\\/www.altominho.tv\\\/site\\\/wp-content\\\/uploads\\\/2021\\\/01\\\/AndreiaFerreira-150x150.jpg\",\"caption\":\"Andreia Ferreira\"},\"url\":\"https:\\\/\\\/www.altominho.tv\\\/site\\\/author\\\/andreiaferreira\\\/\"}]}<\/script>\n<!-- \/ Yoast SEO Premium plugin. -->","yoast_head_json":{"title":"Arcos de Valdevez investe um milh\u00e3o de euros em antiga escola do concelho","robots":{"index":"index","follow":"follow","max-snippet":"max-snippet:-1","max-image-preview":"max-image-preview:large","max-video-preview":"max-video-preview:-1"},"canonical":"https:\/\/www.altominho.tv\/site\/2018\/06\/28\/arcos-de-valdevez-investe-um-milhao-de-euros-em-antiga-escola-do-concelho\/","og_locale":"pt_PT","og_type":"article","og_title":"Arcos de Valdevez investe um milh\u00e3o de euros em antiga escola do concelho","og_description":"A C\u00e2mara de Arcos de Valdevez adjudicou, por um milh\u00e3o de euros, a obra das Oficinas de Criatividade Himalaya, que v\u00e3o nascer na antiga escola secund\u00e1ria do concelho. Em comunicado, o munic\u00edpio acrescenta que em causa est\u00e1 a cria\u00e7\u00e3o de uma \u201cplataforma de promo\u00e7\u00e3o da ci\u00eancia\u201d, tendo como \u201cpersonagem inspiradora um dos maiores cientistas e [&hellip;]","og_url":"https:\/\/www.altominho.tv\/site\/2018\/06\/28\/arcos-de-valdevez-investe-um-milhao-de-euros-em-antiga-escola-do-concelho\/","og_site_name":"Altominho.tv","article_publisher":"https:\/\/www.facebook.com\/altominhotv","article_published_time":"2018-06-28T10:29:22+00:00","article_modified_time":"2018-06-28T10:31:38+00:00","og_image":[{"width":1024,"height":683,"url":"https:\/\/www.altominho.tv\/site\/wp-content\/uploads\/2018\/06\/escola_oficina_padre_himalaya.jpg","type":"image\/jpeg"}],"author":"Andreia Ferreira","twitter_card":"summary_large_image","twitter_creator":"@altominhoTV","twitter_site":"@altominhoTV","twitter_misc":{"Escrito por":"Andreia Ferreira","Tempo estimado de leitura":"2 minutos"},"schema":{"@context":"https:\/\/schema.org","@graph":[{"@type":"Article","@id":"https:\/\/www.altominho.tv\/site\/2018\/06\/28\/arcos-de-valdevez-investe-um-milhao-de-euros-em-antiga-escola-do-concelho\/#article","isPartOf":{"@id":"https:\/\/www.altominho.tv\/site\/2018\/06\/28\/arcos-de-valdevez-investe-um-milhao-de-euros-em-antiga-escola-do-concelho\/"},"author":{"name":"Andreia Ferreira","@id":"https:\/\/www.altominho.tv\/site\/#\/schema\/person\/d9be4265364723f14ea8e0d56a1d38cd"},"headline":"Arcos de Valdevez investe um milh\u00e3o de euros em antiga escola do concelho","datePublished":"2018-06-28T10:29:22+00:00","dateModified":"2018-06-28T10:31:38+00:00","mainEntityOfPage":{"@id":"https:\/\/www.altominho.tv\/site\/2018\/06\/28\/arcos-de-valdevez-investe-um-milhao-de-euros-em-antiga-escola-do-concelho\/"},"wordCount":361,"image":{"@id":"https:\/\/www.altominho.tv\/site\/2018\/06\/28\/arcos-de-valdevez-investe-um-milhao-de-euros-em-antiga-escola-do-concelho\/#primaryimage"},"thumbnailUrl":"https:\/\/www.altominho.tv\/site\/wp-content\/uploads\/2018\/06\/escola_oficina_padre_himalaya.jpg","keywords":["Sociedade"],"articleSection":["Arcos de Valdevez"],"inLanguage":"pt-PT","copyrightYear":"2018","copyrightHolder":{"@id":"https:\/\/www.altominho.tv\/site\/#organization"}},{"@type":"WebPage","@id":"https:\/\/www.altominho.tv\/site\/2018\/06\/28\/arcos-de-valdevez-investe-um-milhao-de-euros-em-antiga-escola-do-concelho\/","url":"https:\/\/www.altominho.tv\/site\/2018\/06\/28\/arcos-de-valdevez-investe-um-milhao-de-euros-em-antiga-escola-do-concelho\/","name":"Arcos de Valdevez investe um milh\u00e3o de euros em antiga escola do concelho","isPartOf":{"@id":"https:\/\/www.altominho.tv\/site\/#website"},"primaryImageOfPage":{"@id":"https:\/\/www.altominho.tv\/site\/2018\/06\/28\/arcos-de-valdevez-investe-um-milhao-de-euros-em-antiga-escola-do-concelho\/#primaryimage"},"image":{"@id":"https:\/\/www.altominho.tv\/site\/2018\/06\/28\/arcos-de-valdevez-investe-um-milhao-de-euros-em-antiga-escola-do-concelho\/#primaryimage"},"thumbnailUrl":"https:\/\/www.altominho.tv\/site\/wp-content\/uploads\/2018\/06\/escola_oficina_padre_himalaya.jpg","datePublished":"2018-06-28T10:29:22+00:00","dateModified":"2018-06-28T10:31:38+00:00","author":{"@id":"https:\/\/www.altominho.tv\/site\/#\/schema\/person\/d9be4265364723f14ea8e0d56a1d38cd"},"breadcrumb":{"@id":"https:\/\/www.altominho.tv\/site\/2018\/06\/28\/arcos-de-valdevez-investe-um-milhao-de-euros-em-antiga-escola-do-concelho\/#breadcrumb"},"inLanguage":"pt-PT","potentialAction":[{"@type":"ReadAction","target":["https:\/\/www.altominho.tv\/site\/2018\/06\/28\/arcos-de-valdevez-investe-um-milhao-de-euros-em-antiga-escola-do-concelho\/"]}]},{"@type":"ImageObject","inLanguage":"pt-PT","@id":"https:\/\/www.altominho.tv\/site\/2018\/06\/28\/arcos-de-valdevez-investe-um-milhao-de-euros-em-antiga-escola-do-concelho\/#primaryimage","url":"https:\/\/www.altominho.tv\/site\/wp-content\/uploads\/2018\/06\/escola_oficina_padre_himalaya.jpg","contentUrl":"https:\/\/www.altominho.tv\/site\/wp-content\/uploads\/2018\/06\/escola_oficina_padre_himalaya.jpg","width":1024,"height":683},{"@type":"BreadcrumbList","@id":"https:\/\/www.altominho.tv\/site\/2018\/06\/28\/arcos-de-valdevez-investe-um-milhao-de-euros-em-antiga-escola-do-concelho\/#breadcrumb","itemListElement":[{"@type":"ListItem","position":1,"name":"In\u00edcio","item":"https:\/\/www.altominho.tv\/site\/"},{"@type":"ListItem","position":2,"name":"Arcos de Valdevez investe um milh\u00e3o de euros em antiga escola do concelho"}]},{"@type":"WebSite","@id":"https:\/\/www.altominho.tv\/site\/#website","url":"https:\/\/www.altominho.tv\/site\/","name":"Altominho.tv","description":"A sua regi\u00e3o \u00e0 dist\u00e2ncia de um clique...","potentialAction":[{"@type":"SearchAction","target":{"@type":"EntryPoint","urlTemplate":"https:\/\/www.altominho.tv\/site\/?s={search_term_string}"},"query-input":{"@type":"PropertyValueSpecification","valueRequired":true,"valueName":"search_term_string"}}],"inLanguage":"pt-PT"},{"@type":"Person","@id":"https:\/\/www.altominho.tv\/site\/#\/schema\/person\/d9be4265364723f14ea8e0d56a1d38cd","name":"Andreia Ferreira","image":{"@type":"ImageObject","inLanguage":"pt-PT","@id":"https:\/\/www.altominho.tv\/site\/wp-content\/uploads\/2021\/01\/AndreiaFerreira-150x150.jpg","url":"https:\/\/www.altominho.tv\/site\/wp-content\/uploads\/2021\/01\/AndreiaFerreira-150x150.jpg","contentUrl":"https:\/\/www.altominho.tv\/site\/wp-content\/uploads\/2021\/01\/AndreiaFerreira-150x150.jpg","caption":"Andreia Ferreira"},"url":"https:\/\/www.altominho.tv\/site\/author\/andreiaferreira\/"}]}},"_links":{"self":[{"href":"https:\/\/www.altominho.tv\/site\/wp-json\/wp\/v2\/posts\/15713","targetHints":{"allow":["GET"]}}],"collection":[{"href":"https:\/\/www.altominho.tv\/site\/wp-json\/wp\/v2\/posts"}],"about":[{"href":"https:\/\/www.altominho.tv\/site\/wp-json\/wp\/v2\/types\/post"}],"author":[{"embeddable":true,"href":"https:\/\/www.altominho.tv\/site\/wp-json\/wp\/v2\/users\/12"}],"replies":[{"embeddable":true,"href":"https:\/\/www.altominho.tv\/site\/wp-json\/wp\/v2\/comments?post=15713"}],"version-history":[{"count":0,"href":"https:\/\/www.altominho.tv\/site\/wp-json\/wp\/v2\/posts\/15713\/revisions"}],"wp:featuredmedia":[{"embeddable":true,"href":"https:\/\/www.altominho.tv\/site\/wp-json\/wp\/v2\/media\/15715"}],"wp:attachment":[{"href":"https:\/\/www.altominho.tv\/site\/wp-json\/wp\/v2\/media?parent=15713"}],"wp:term":[{"taxonomy":"category","embeddable":true,"href":"https:\/\/www.altominho.tv\/site\/wp-json\/wp\/v2\/categories?post=15713"},{"taxonomy":"post_tag","embeddable":true,"href":"https:\/\/www.altominho.tv\/site\/wp-json\/wp\/v2\/tags?post=15713"}],"curies":[{"name":"wp","href":"https:\/\/api.w.org\/{rel}","templated":true}]}}