{"id":15315,"date":"2018-06-18T16:42:26","date_gmt":"2018-06-18T15:42:26","guid":{"rendered":"http:\/\/www.altominho.tv\/site\/?p=15315"},"modified":"2018-06-18T16:42:26","modified_gmt":"2018-06-18T15:42:26","slug":"melhor-mobilidade-em-arcos-de-valdevez-na-entrada-da-sede-do-concelho-em-guilhadeses","status":"publish","type":"post","link":"https:\/\/www.altominho.tv\/site\/2018\/06\/18\/melhor-mobilidade-em-arcos-de-valdevez-na-entrada-da-sede-do-concelho-em-guilhadeses\/","title":{"rendered":"Melhor mobilidade em Arcos de Valdevez na entrada da sede do concelho em Guilhadeses"},"content":{"rendered":"<p>Estrada EM202 \u00e9 um dos principais eixos de acesso da Sede do Concelho, que promove o acesso \u00e0s zonas habitacionais, empresariais, estabelecimentos de ensino e equipamentos sociais, localizados a sudoeste assim como a liga\u00e7\u00e3o a outros eixos vi\u00e1rios de grande import\u00e2ncia (IC28, EN101 e EN202).<\/p>\n<p>A C\u00e2mara Municipal encontra-se a levar a efeito a interven\u00e7\u00e3o de melhoria da \u201c Liga\u00e7\u00e3o entre o IC 28 e o Parque Empresarial de Mogueiras &#8211; Tro\u00e7o A (Entrada Sudoeste da Sede do Concelho) \u201d, no valor de 622. 150,55 Euros. Uma interven\u00e7\u00e3o necess\u00e1ria para melhorar a mobilidade urbana na entrada Sudoeste da sede do Concelho, em Guilhadeses.<\/p>\n<p>Os trabalhos est\u00e3o a desenvolver-se ao n\u00edvel do pavimento, ilumina\u00e7\u00e3o p\u00fablica, drenagem pluvial e substitui\u00e7\u00e3o ou colmata\u00e7\u00e3o das infraestruturas p\u00fablicas, nomeadamente abastecimento de \u00e1gua, saneamento, telecomunica\u00e7\u00f5es e energia.<\/p>\n<p>A obra visa melhorar as condi\u00e7\u00f5es de seguran\u00e7a rodovi\u00e1rias e a melhoria do conforto na circula\u00e7\u00e3o pedonal, do tro\u00e7o de estrada EN 202 entre a antiga Escola Prim\u00e1ria de Guilhadeses e a entrada para Cadorcas.<\/p>\n<p>O novo perfil transversal proposto, para al\u00e9m de contemplar passeios e passadeiras, prev\u00ea ainda um corredor de circula\u00e7\u00e3o de veloc\u00edpedes, a conectar a zona do Centro C\u00edvico de Guilhadeses at\u00e9 ao desvio de acesso \u00e0 Ecovia do Vez.<\/p>\n<p>Este novo tro\u00e7o faz parte da estrat\u00e9gia municipal de dar continuidade \u00e0 rede de ecovias existentes, e criar uma rede de percursos e corredores cicl\u00e1veis que ligue os principais equipamentos p\u00fablicos, parques e \u00e1reas verdes, tratando-se de um investimento estrat\u00e9gico na \u00e1rea da mobilidade suave e no uso da bicicleta, como complemento do sistema de transportes existente.<\/p>\n<p>Com esta e outras interven\u00e7\u00f5es a C\u00e2mara Municipal pretende assegurar mais conforto e seguran\u00e7a aos utilizadores desta via.<\/p>\n","protected":false},"excerpt":{"rendered":"<p>Estrada EM202 \u00e9 um dos principais eixos de acesso da Sede do Concelho, que promove o acesso \u00e0s zonas habitacionais, empresariais, estabelecimentos de ensino e equipamentos sociais, localizados a sudoeste assim como a liga\u00e7\u00e3o a outros eixos vi\u00e1rios de grande import\u00e2ncia (IC28, EN101 e EN202). A C\u00e2mara Municipal encontra-se a levar a efeito a interven\u00e7\u00e3o [&hellip;]<\/p>\n","protected":false},"author":11,"featured_media":15317,"comment_status":"closed","ping_status":"closed","sticky":false,"template":"","format":"standard","meta":{"_exactmetrics_skip_tracking":false,"_exactmetrics_sitenote_active":false,"_exactmetrics_sitenote_note":"","_exactmetrics_sitenote_category":0,"footnotes":""},"categories":[2],"tags":[27],"class_list":["post-15315","post","type-post","status-publish","format-standard","has-post-thumbnail","hentry","category-arcos-de-valdevez","tag-sociedade"],"yoast_head":"<!-- This site is optimized with the Yoast SEO Premium plugin v27.5 (Yoast SEO v27.5) - https:\/\/yoast.com\/product\/yoast-seo-premium-wordpress\/ -->\n<title>Melhor mobilidade em Arcos de Valdevez na entrada da sede do concelho em Guilhadeses<\/title>\n<meta name=\"robots\" content=\"index, follow, max-snippet:-1, max-image-preview:large, max-video-preview:-1\" \/>\n<link rel=\"canonical\" href=\"https:\/\/www.altominho.tv\/site\/2018\/06\/18\/melhor-mobilidade-em-arcos-de-valdevez-na-entrada-da-sede-do-concelho-em-guilhadeses\/\" \/>\n<meta property=\"og:locale\" content=\"pt_PT\" \/>\n<meta property=\"og:type\" content=\"article\" \/>\n<meta property=\"og:title\" content=\"Melhor mobilidade em Arcos de Valdevez na entrada da sede do concelho em Guilhadeses\" \/>\n<meta property=\"og:description\" content=\"Estrada EM202 \u00e9 um dos principais eixos de acesso da Sede do Concelho, que promove o acesso \u00e0s zonas habitacionais, empresariais, estabelecimentos de ensino e equipamentos sociais, localizados a sudoeste assim como a liga\u00e7\u00e3o a outros eixos vi\u00e1rios de grande import\u00e2ncia (IC28, EN101 e EN202). A C\u00e2mara Municipal encontra-se a levar a efeito a interven\u00e7\u00e3o [&hellip;]\" \/>\n<meta property=\"og:url\" content=\"https:\/\/www.altominho.tv\/site\/2018\/06\/18\/melhor-mobilidade-em-arcos-de-valdevez-na-entrada-da-sede-do-concelho-em-guilhadeses\/\" \/>\n<meta property=\"og:site_name\" content=\"Altominho.tv\" \/>\n<meta property=\"article:publisher\" content=\"https:\/\/www.facebook.com\/altominhotv\" \/>\n<meta property=\"article:published_time\" content=\"2018-06-18T15:42:26+00:00\" \/>\n<meta property=\"og:image\" content=\"https:\/\/www.altominho.tv\/site\/wp-content\/uploads\/2018\/06\/en-202-8.jpg\" \/>\n\t<meta property=\"og:image:width\" content=\"1024\" \/>\n\t<meta property=\"og:image:height\" content=\"683\" \/>\n\t<meta property=\"og:image:type\" content=\"image\/jpeg\" \/>\n<meta name=\"author\" content=\"M\u00e1rcio Ferreira\" \/>\n<meta name=\"twitter:card\" content=\"summary_large_image\" \/>\n<meta name=\"twitter:creator\" content=\"@altominhoTV\" \/>\n<meta name=\"twitter:site\" content=\"@altominhoTV\" \/>\n<meta name=\"twitter:label1\" content=\"Escrito por\" \/>\n\t<meta name=\"twitter:data1\" content=\"M\u00e1rcio Ferreira\" \/>\n\t<meta name=\"twitter:label2\" content=\"Tempo estimado de leitura\" \/>\n\t<meta name=\"twitter:data2\" content=\"2 minutos\" \/>\n<script type=\"application\/ld+json\" class=\"yoast-schema-graph\">{\"@context\":\"https:\\\/\\\/schema.org\",\"@graph\":[{\"@type\":\"Article\",\"@id\":\"https:\\\/\\\/www.altominho.tv\\\/site\\\/2018\\\/06\\\/18\\\/melhor-mobilidade-em-arcos-de-valdevez-na-entrada-da-sede-do-concelho-em-guilhadeses\\\/#article\",\"isPartOf\":{\"@id\":\"https:\\\/\\\/www.altominho.tv\\\/site\\\/2018\\\/06\\\/18\\\/melhor-mobilidade-em-arcos-de-valdevez-na-entrada-da-sede-do-concelho-em-guilhadeses\\\/\"},\"author\":{\"name\":\"M\u00e1rcio Ferreira\",\"@id\":\"https:\\\/\\\/www.altominho.tv\\\/site\\\/#\\\/schema\\\/person\\\/f836e37082b5dabe9144f3eb724ed5a7\"},\"headline\":\"Melhor mobilidade em Arcos de Valdevez na entrada da sede do concelho em Guilhadeses\",\"datePublished\":\"2018-06-18T15:42:26+00:00\",\"mainEntityOfPage\":{\"@id\":\"https:\\\/\\\/www.altominho.tv\\\/site\\\/2018\\\/06\\\/18\\\/melhor-mobilidade-em-arcos-de-valdevez-na-entrada-da-sede-do-concelho-em-guilhadeses\\\/\"},\"wordCount\":319,\"image\":{\"@id\":\"https:\\\/\\\/www.altominho.tv\\\/site\\\/2018\\\/06\\\/18\\\/melhor-mobilidade-em-arcos-de-valdevez-na-entrada-da-sede-do-concelho-em-guilhadeses\\\/#primaryimage\"},\"thumbnailUrl\":\"https:\\\/\\\/www.altominho.tv\\\/site\\\/wp-content\\\/uploads\\\/2018\\\/06\\\/en-202-8.jpg\",\"keywords\":[\"Sociedade\"],\"articleSection\":[\"Arcos de Valdevez\"],\"inLanguage\":\"pt-PT\",\"copyrightYear\":\"2018\",\"copyrightHolder\":{\"@id\":\"https:\\\/\\\/www.altominho.tv\\\/site\\\/#organization\"}},{\"@type\":\"WebPage\",\"@id\":\"https:\\\/\\\/www.altominho.tv\\\/site\\\/2018\\\/06\\\/18\\\/melhor-mobilidade-em-arcos-de-valdevez-na-entrada-da-sede-do-concelho-em-guilhadeses\\\/\",\"url\":\"https:\\\/\\\/www.altominho.tv\\\/site\\\/2018\\\/06\\\/18\\\/melhor-mobilidade-em-arcos-de-valdevez-na-entrada-da-sede-do-concelho-em-guilhadeses\\\/\",\"name\":\"Melhor mobilidade em Arcos de Valdevez na entrada da sede do concelho em Guilhadeses\",\"isPartOf\":{\"@id\":\"https:\\\/\\\/www.altominho.tv\\\/site\\\/#website\"},\"primaryImageOfPage\":{\"@id\":\"https:\\\/\\\/www.altominho.tv\\\/site\\\/2018\\\/06\\\/18\\\/melhor-mobilidade-em-arcos-de-valdevez-na-entrada-da-sede-do-concelho-em-guilhadeses\\\/#primaryimage\"},\"image\":{\"@id\":\"https:\\\/\\\/www.altominho.tv\\\/site\\\/2018\\\/06\\\/18\\\/melhor-mobilidade-em-arcos-de-valdevez-na-entrada-da-sede-do-concelho-em-guilhadeses\\\/#primaryimage\"},\"thumbnailUrl\":\"https:\\\/\\\/www.altominho.tv\\\/site\\\/wp-content\\\/uploads\\\/2018\\\/06\\\/en-202-8.jpg\",\"datePublished\":\"2018-06-18T15:42:26+00:00\",\"author\":{\"@id\":\"https:\\\/\\\/www.altominho.tv\\\/site\\\/#\\\/schema\\\/person\\\/f836e37082b5dabe9144f3eb724ed5a7\"},\"breadcrumb\":{\"@id\":\"https:\\\/\\\/www.altominho.tv\\\/site\\\/2018\\\/06\\\/18\\\/melhor-mobilidade-em-arcos-de-valdevez-na-entrada-da-sede-do-concelho-em-guilhadeses\\\/#breadcrumb\"},\"inLanguage\":\"pt-PT\",\"potentialAction\":[{\"@type\":\"ReadAction\",\"target\":[\"https:\\\/\\\/www.altominho.tv\\\/site\\\/2018\\\/06\\\/18\\\/melhor-mobilidade-em-arcos-de-valdevez-na-entrada-da-sede-do-concelho-em-guilhadeses\\\/\"]}]},{\"@type\":\"ImageObject\",\"inLanguage\":\"pt-PT\",\"@id\":\"https:\\\/\\\/www.altominho.tv\\\/site\\\/2018\\\/06\\\/18\\\/melhor-mobilidade-em-arcos-de-valdevez-na-entrada-da-sede-do-concelho-em-guilhadeses\\\/#primaryimage\",\"url\":\"https:\\\/\\\/www.altominho.tv\\\/site\\\/wp-content\\\/uploads\\\/2018\\\/06\\\/en-202-8.jpg\",\"contentUrl\":\"https:\\\/\\\/www.altominho.tv\\\/site\\\/wp-content\\\/uploads\\\/2018\\\/06\\\/en-202-8.jpg\",\"width\":1024,\"height\":683},{\"@type\":\"BreadcrumbList\",\"@id\":\"https:\\\/\\\/www.altominho.tv\\\/site\\\/2018\\\/06\\\/18\\\/melhor-mobilidade-em-arcos-de-valdevez-na-entrada-da-sede-do-concelho-em-guilhadeses\\\/#breadcrumb\",\"itemListElement\":[{\"@type\":\"ListItem\",\"position\":1,\"name\":\"In\u00edcio\",\"item\":\"https:\\\/\\\/www.altominho.tv\\\/site\\\/\"},{\"@type\":\"ListItem\",\"position\":2,\"name\":\"Melhor mobilidade em Arcos de Valdevez na entrada da sede do concelho em Guilhadeses\"}]},{\"@type\":\"WebSite\",\"@id\":\"https:\\\/\\\/www.altominho.tv\\\/site\\\/#website\",\"url\":\"https:\\\/\\\/www.altominho.tv\\\/site\\\/\",\"name\":\"Altominho.tv\",\"description\":\"A sua regi\u00e3o \u00e0 dist\u00e2ncia de um clique...\",\"potentialAction\":[{\"@type\":\"SearchAction\",\"target\":{\"@type\":\"EntryPoint\",\"urlTemplate\":\"https:\\\/\\\/www.altominho.tv\\\/site\\\/?s={search_term_string}\"},\"query-input\":{\"@type\":\"PropertyValueSpecification\",\"valueRequired\":true,\"valueName\":\"search_term_string\"}}],\"inLanguage\":\"pt-PT\"},{\"@type\":\"Person\",\"@id\":\"https:\\\/\\\/www.altominho.tv\\\/site\\\/#\\\/schema\\\/person\\\/f836e37082b5dabe9144f3eb724ed5a7\",\"name\":\"M\u00e1rcio Ferreira\",\"image\":{\"@type\":\"ImageObject\",\"inLanguage\":\"pt-PT\",\"@id\":\"https:\\\/\\\/www.altominho.tv\\\/site\\\/wp-content\\\/uploads\\\/2017\\\/11\\\/Marcio-150x150.jpg\",\"url\":\"https:\\\/\\\/www.altominho.tv\\\/site\\\/wp-content\\\/uploads\\\/2017\\\/11\\\/Marcio-150x150.jpg\",\"contentUrl\":\"https:\\\/\\\/www.altominho.tv\\\/site\\\/wp-content\\\/uploads\\\/2017\\\/11\\\/Marcio-150x150.jpg\",\"caption\":\"M\u00e1rcio Ferreira\"},\"url\":\"https:\\\/\\\/www.altominho.tv\\\/site\\\/author\\\/marcioferreira\\\/\"}]}<\/script>\n<!-- \/ Yoast SEO Premium plugin. -->","yoast_head_json":{"title":"Melhor mobilidade em Arcos de Valdevez na entrada da sede do concelho em Guilhadeses","robots":{"index":"index","follow":"follow","max-snippet":"max-snippet:-1","max-image-preview":"max-image-preview:large","max-video-preview":"max-video-preview:-1"},"canonical":"https:\/\/www.altominho.tv\/site\/2018\/06\/18\/melhor-mobilidade-em-arcos-de-valdevez-na-entrada-da-sede-do-concelho-em-guilhadeses\/","og_locale":"pt_PT","og_type":"article","og_title":"Melhor mobilidade em Arcos de Valdevez na entrada da sede do concelho em Guilhadeses","og_description":"Estrada EM202 \u00e9 um dos principais eixos de acesso da Sede do Concelho, que promove o acesso \u00e0s zonas habitacionais, empresariais, estabelecimentos de ensino e equipamentos sociais, localizados a sudoeste assim como a liga\u00e7\u00e3o a outros eixos vi\u00e1rios de grande import\u00e2ncia (IC28, EN101 e EN202). A C\u00e2mara Municipal encontra-se a levar a efeito a interven\u00e7\u00e3o [&hellip;]","og_url":"https:\/\/www.altominho.tv\/site\/2018\/06\/18\/melhor-mobilidade-em-arcos-de-valdevez-na-entrada-da-sede-do-concelho-em-guilhadeses\/","og_site_name":"Altominho.tv","article_publisher":"https:\/\/www.facebook.com\/altominhotv","article_published_time":"2018-06-18T15:42:26+00:00","og_image":[{"width":1024,"height":683,"url":"https:\/\/www.altominho.tv\/site\/wp-content\/uploads\/2018\/06\/en-202-8.jpg","type":"image\/jpeg"}],"author":"M\u00e1rcio Ferreira","twitter_card":"summary_large_image","twitter_creator":"@altominhoTV","twitter_site":"@altominhoTV","twitter_misc":{"Escrito por":"M\u00e1rcio Ferreira","Tempo estimado de leitura":"2 minutos"},"schema":{"@context":"https:\/\/schema.org","@graph":[{"@type":"Article","@id":"https:\/\/www.altominho.tv\/site\/2018\/06\/18\/melhor-mobilidade-em-arcos-de-valdevez-na-entrada-da-sede-do-concelho-em-guilhadeses\/#article","isPartOf":{"@id":"https:\/\/www.altominho.tv\/site\/2018\/06\/18\/melhor-mobilidade-em-arcos-de-valdevez-na-entrada-da-sede-do-concelho-em-guilhadeses\/"},"author":{"name":"M\u00e1rcio Ferreira","@id":"https:\/\/www.altominho.tv\/site\/#\/schema\/person\/f836e37082b5dabe9144f3eb724ed5a7"},"headline":"Melhor mobilidade em Arcos de Valdevez na entrada da sede do concelho em Guilhadeses","datePublished":"2018-06-18T15:42:26+00:00","mainEntityOfPage":{"@id":"https:\/\/www.altominho.tv\/site\/2018\/06\/18\/melhor-mobilidade-em-arcos-de-valdevez-na-entrada-da-sede-do-concelho-em-guilhadeses\/"},"wordCount":319,"image":{"@id":"https:\/\/www.altominho.tv\/site\/2018\/06\/18\/melhor-mobilidade-em-arcos-de-valdevez-na-entrada-da-sede-do-concelho-em-guilhadeses\/#primaryimage"},"thumbnailUrl":"https:\/\/www.altominho.tv\/site\/wp-content\/uploads\/2018\/06\/en-202-8.jpg","keywords":["Sociedade"],"articleSection":["Arcos de Valdevez"],"inLanguage":"pt-PT","copyrightYear":"2018","copyrightHolder":{"@id":"https:\/\/www.altominho.tv\/site\/#organization"}},{"@type":"WebPage","@id":"https:\/\/www.altominho.tv\/site\/2018\/06\/18\/melhor-mobilidade-em-arcos-de-valdevez-na-entrada-da-sede-do-concelho-em-guilhadeses\/","url":"https:\/\/www.altominho.tv\/site\/2018\/06\/18\/melhor-mobilidade-em-arcos-de-valdevez-na-entrada-da-sede-do-concelho-em-guilhadeses\/","name":"Melhor mobilidade em Arcos de Valdevez na entrada da sede do concelho em Guilhadeses","isPartOf":{"@id":"https:\/\/www.altominho.tv\/site\/#website"},"primaryImageOfPage":{"@id":"https:\/\/www.altominho.tv\/site\/2018\/06\/18\/melhor-mobilidade-em-arcos-de-valdevez-na-entrada-da-sede-do-concelho-em-guilhadeses\/#primaryimage"},"image":{"@id":"https:\/\/www.altominho.tv\/site\/2018\/06\/18\/melhor-mobilidade-em-arcos-de-valdevez-na-entrada-da-sede-do-concelho-em-guilhadeses\/#primaryimage"},"thumbnailUrl":"https:\/\/www.altominho.tv\/site\/wp-content\/uploads\/2018\/06\/en-202-8.jpg","datePublished":"2018-06-18T15:42:26+00:00","author":{"@id":"https:\/\/www.altominho.tv\/site\/#\/schema\/person\/f836e37082b5dabe9144f3eb724ed5a7"},"breadcrumb":{"@id":"https:\/\/www.altominho.tv\/site\/2018\/06\/18\/melhor-mobilidade-em-arcos-de-valdevez-na-entrada-da-sede-do-concelho-em-guilhadeses\/#breadcrumb"},"inLanguage":"pt-PT","potentialAction":[{"@type":"ReadAction","target":["https:\/\/www.altominho.tv\/site\/2018\/06\/18\/melhor-mobilidade-em-arcos-de-valdevez-na-entrada-da-sede-do-concelho-em-guilhadeses\/"]}]},{"@type":"ImageObject","inLanguage":"pt-PT","@id":"https:\/\/www.altominho.tv\/site\/2018\/06\/18\/melhor-mobilidade-em-arcos-de-valdevez-na-entrada-da-sede-do-concelho-em-guilhadeses\/#primaryimage","url":"https:\/\/www.altominho.tv\/site\/wp-content\/uploads\/2018\/06\/en-202-8.jpg","contentUrl":"https:\/\/www.altominho.tv\/site\/wp-content\/uploads\/2018\/06\/en-202-8.jpg","width":1024,"height":683},{"@type":"BreadcrumbList","@id":"https:\/\/www.altominho.tv\/site\/2018\/06\/18\/melhor-mobilidade-em-arcos-de-valdevez-na-entrada-da-sede-do-concelho-em-guilhadeses\/#breadcrumb","itemListElement":[{"@type":"ListItem","position":1,"name":"In\u00edcio","item":"https:\/\/www.altominho.tv\/site\/"},{"@type":"ListItem","position":2,"name":"Melhor mobilidade em Arcos de Valdevez na entrada da sede do concelho em Guilhadeses"}]},{"@type":"WebSite","@id":"https:\/\/www.altominho.tv\/site\/#website","url":"https:\/\/www.altominho.tv\/site\/","name":"Altominho.tv","description":"A sua regi\u00e3o \u00e0 dist\u00e2ncia de um clique...","potentialAction":[{"@type":"SearchAction","target":{"@type":"EntryPoint","urlTemplate":"https:\/\/www.altominho.tv\/site\/?s={search_term_string}"},"query-input":{"@type":"PropertyValueSpecification","valueRequired":true,"valueName":"search_term_string"}}],"inLanguage":"pt-PT"},{"@type":"Person","@id":"https:\/\/www.altominho.tv\/site\/#\/schema\/person\/f836e37082b5dabe9144f3eb724ed5a7","name":"M\u00e1rcio Ferreira","image":{"@type":"ImageObject","inLanguage":"pt-PT","@id":"https:\/\/www.altominho.tv\/site\/wp-content\/uploads\/2017\/11\/Marcio-150x150.jpg","url":"https:\/\/www.altominho.tv\/site\/wp-content\/uploads\/2017\/11\/Marcio-150x150.jpg","contentUrl":"https:\/\/www.altominho.tv\/site\/wp-content\/uploads\/2017\/11\/Marcio-150x150.jpg","caption":"M\u00e1rcio Ferreira"},"url":"https:\/\/www.altominho.tv\/site\/author\/marcioferreira\/"}]}},"_links":{"self":[{"href":"https:\/\/www.altominho.tv\/site\/wp-json\/wp\/v2\/posts\/15315","targetHints":{"allow":["GET"]}}],"collection":[{"href":"https:\/\/www.altominho.tv\/site\/wp-json\/wp\/v2\/posts"}],"about":[{"href":"https:\/\/www.altominho.tv\/site\/wp-json\/wp\/v2\/types\/post"}],"author":[{"embeddable":true,"href":"https:\/\/www.altominho.tv\/site\/wp-json\/wp\/v2\/users\/11"}],"replies":[{"embeddable":true,"href":"https:\/\/www.altominho.tv\/site\/wp-json\/wp\/v2\/comments?post=15315"}],"version-history":[{"count":0,"href":"https:\/\/www.altominho.tv\/site\/wp-json\/wp\/v2\/posts\/15315\/revisions"}],"wp:featuredmedia":[{"embeddable":true,"href":"https:\/\/www.altominho.tv\/site\/wp-json\/wp\/v2\/media\/15317"}],"wp:attachment":[{"href":"https:\/\/www.altominho.tv\/site\/wp-json\/wp\/v2\/media?parent=15315"}],"wp:term":[{"taxonomy":"category","embeddable":true,"href":"https:\/\/www.altominho.tv\/site\/wp-json\/wp\/v2\/categories?post=15315"},{"taxonomy":"post_tag","embeddable":true,"href":"https:\/\/www.altominho.tv\/site\/wp-json\/wp\/v2\/tags?post=15315"}],"curies":[{"name":"wp","href":"https:\/\/api.w.org\/{rel}","templated":true}]}}