{"id":15068,"date":"2018-06-13T12:19:20","date_gmt":"2018-06-13T11:19:20","guid":{"rendered":"http:\/\/www.altominho.tv\/site\/?p=15068"},"modified":"2018-06-13T12:19:20","modified_gmt":"2018-06-13T11:19:20","slug":"feira-das-tradicoes-regressa-a-verdoejo","status":"publish","type":"post","link":"https:\/\/www.altominho.tv\/site\/2018\/06\/13\/feira-das-tradicoes-regressa-a-verdoejo\/","title":{"rendered":"Feira das Tradi\u00e7\u00f5es regressa a Verdoejo"},"content":{"rendered":"<p>A VII Feira das Tradi\u00e7\u00f5es vai\u00a0realizar-se nos dias 22, 23 e 24 de junho na freguesia de Verdoejo, no alto de S. Tom\u00e9, em Valen\u00e7a.<\/p>\n<p>Organizada pela Associa\u00e7\u00e3o Cultural de Verdoejo, este evento procura &#8220;divulgar as tradi\u00e7\u00f5es, produtos regionais e artesanato&#8221; do concelho, atrav\u00e9s de uma exposi\u00e7\u00e3o permanente no recinto que, este ano, contar\u00e1 com uma nova \u00e1rea tem\u00e1tica.<\/p>\n<p>Nesta feira estar\u00e3o presentes v\u00e1rios expositores com produtos regionais, vinhos, petiscos e artesanato\u00a0para degusta\u00e7\u00e3o e venda.<\/p>\n<p>Ao longo dos tr\u00eas dias, a Feira das Tradi\u00e7\u00f5es conta tamb\u00e9m com a anima\u00e7\u00e3o do grupo de m\u00fasica tradicional portuguesa \u201cR\u00e9 Maior\u201d, dos \u201cDark Side Project\u201d, um grupo de tributo aos Pink Floyd, e das tradicionais concertinas.<\/p>\n<p>Esta edi\u00e7\u00e3o inclui ainda a pr\u00e1tica de v\u00e1rios jogos tradicionais e uma caminhada intitulada \u201cVerdoejo com hist\u00f3ria\u201d na qual, ao longo de cerca de sete quil\u00f3metros, ser\u00e3o percorridos v\u00e1rios locais de interesse hist\u00f3rico devidamente identificados e contextualizados.<\/p>\n","protected":false},"excerpt":{"rendered":"<p>A VII Feira das Tradi\u00e7\u00f5es vai\u00a0realizar-se nos dias 22, 23 e 24 de junho na freguesia de Verdoejo, no alto de S. Tom\u00e9, em Valen\u00e7a. Organizada pela Associa\u00e7\u00e3o Cultural de Verdoejo, este evento procura &#8220;divulgar as tradi\u00e7\u00f5es, produtos regionais e artesanato&#8221; do concelho, atrav\u00e9s de uma exposi\u00e7\u00e3o permanente no recinto que, este ano, contar\u00e1 com [&hellip;]<\/p>\n","protected":false},"author":12,"featured_media":15074,"comment_status":"closed","ping_status":"closed","sticky":false,"template":"","format":"standard","meta":{"_exactmetrics_skip_tracking":false,"_exactmetrics_sitenote_active":false,"_exactmetrics_sitenote_note":"","_exactmetrics_sitenote_category":0,"footnotes":""},"categories":[13],"tags":[24,27],"class_list":["post-15068","post","type-post","status-publish","format-standard","has-post-thumbnail","hentry","category-valenca","tag-lazer","tag-sociedade"],"yoast_head":"<!-- This site is optimized with the Yoast SEO Premium plugin v27.5 (Yoast SEO v27.5) - https:\/\/yoast.com\/product\/yoast-seo-premium-wordpress\/ -->\n<title>Feira das Tradi\u00e7\u00f5es regressa a Verdoejo<\/title>\n<meta name=\"robots\" content=\"index, follow, max-snippet:-1, max-image-preview:large, max-video-preview:-1\" \/>\n<link rel=\"canonical\" href=\"https:\/\/www.altominho.tv\/site\/2018\/06\/13\/feira-das-tradicoes-regressa-a-verdoejo\/\" \/>\n<meta property=\"og:locale\" content=\"pt_PT\" \/>\n<meta property=\"og:type\" content=\"article\" \/>\n<meta property=\"og:title\" content=\"Feira das Tradi\u00e7\u00f5es regressa a Verdoejo\" \/>\n<meta property=\"og:description\" content=\"A VII Feira das Tradi\u00e7\u00f5es vai\u00a0realizar-se nos dias 22, 23 e 24 de junho na freguesia de Verdoejo, no alto de S. Tom\u00e9, em Valen\u00e7a. Organizada pela Associa\u00e7\u00e3o Cultural de Verdoejo, este evento procura &#8220;divulgar as tradi\u00e7\u00f5es, produtos regionais e artesanato&#8221; do concelho, atrav\u00e9s de uma exposi\u00e7\u00e3o permanente no recinto que, este ano, contar\u00e1 com [&hellip;]\" \/>\n<meta property=\"og:url\" content=\"https:\/\/www.altominho.tv\/site\/2018\/06\/13\/feira-das-tradicoes-regressa-a-verdoejo\/\" \/>\n<meta property=\"og:site_name\" content=\"Altominho.tv\" \/>\n<meta property=\"article:publisher\" content=\"https:\/\/www.facebook.com\/altominhotv\" \/>\n<meta property=\"article:published_time\" content=\"2018-06-13T11:19:20+00:00\" \/>\n<meta property=\"og:image\" content=\"https:\/\/www.altominho.tv\/site\/wp-content\/uploads\/2018\/06\/FeiraTradic\u0327o\u0303es.jpg\" \/>\n\t<meta property=\"og:image:width\" content=\"810\" \/>\n\t<meta property=\"og:image:height\" content=\"369\" \/>\n\t<meta property=\"og:image:type\" content=\"image\/jpeg\" \/>\n<meta name=\"author\" content=\"Andreia Ferreira\" \/>\n<meta name=\"twitter:card\" content=\"summary_large_image\" \/>\n<meta name=\"twitter:creator\" content=\"@altominhoTV\" \/>\n<meta name=\"twitter:site\" content=\"@altominhoTV\" \/>\n<meta name=\"twitter:label1\" content=\"Escrito por\" \/>\n\t<meta name=\"twitter:data1\" content=\"Andreia Ferreira\" \/>\n\t<meta name=\"twitter:label2\" content=\"Tempo estimado de leitura\" \/>\n\t<meta name=\"twitter:data2\" content=\"1 minuto\" \/>\n<script type=\"application\/ld+json\" class=\"yoast-schema-graph\">{\"@context\":\"https:\\\/\\\/schema.org\",\"@graph\":[{\"@type\":\"Article\",\"@id\":\"https:\\\/\\\/www.altominho.tv\\\/site\\\/2018\\\/06\\\/13\\\/feira-das-tradicoes-regressa-a-verdoejo\\\/#article\",\"isPartOf\":{\"@id\":\"https:\\\/\\\/www.altominho.tv\\\/site\\\/2018\\\/06\\\/13\\\/feira-das-tradicoes-regressa-a-verdoejo\\\/\"},\"author\":{\"name\":\"Andreia Ferreira\",\"@id\":\"https:\\\/\\\/www.altominho.tv\\\/site\\\/#\\\/schema\\\/person\\\/d9be4265364723f14ea8e0d56a1d38cd\"},\"headline\":\"Feira das Tradi\u00e7\u00f5es regressa a Verdoejo\",\"datePublished\":\"2018-06-13T11:19:20+00:00\",\"mainEntityOfPage\":{\"@id\":\"https:\\\/\\\/www.altominho.tv\\\/site\\\/2018\\\/06\\\/13\\\/feira-das-tradicoes-regressa-a-verdoejo\\\/\"},\"wordCount\":178,\"image\":{\"@id\":\"https:\\\/\\\/www.altominho.tv\\\/site\\\/2018\\\/06\\\/13\\\/feira-das-tradicoes-regressa-a-verdoejo\\\/#primaryimage\"},\"thumbnailUrl\":\"https:\\\/\\\/www.altominho.tv\\\/site\\\/wp-content\\\/uploads\\\/2018\\\/06\\\/FeiraTradic\u0327o\u0303es.jpg\",\"keywords\":[\"Lazer\",\"Sociedade\"],\"articleSection\":[\"Valen\u00e7a\"],\"inLanguage\":\"pt-PT\",\"copyrightYear\":\"2018\",\"copyrightHolder\":{\"@id\":\"https:\\\/\\\/www.altominho.tv\\\/site\\\/#organization\"}},{\"@type\":\"WebPage\",\"@id\":\"https:\\\/\\\/www.altominho.tv\\\/site\\\/2018\\\/06\\\/13\\\/feira-das-tradicoes-regressa-a-verdoejo\\\/\",\"url\":\"https:\\\/\\\/www.altominho.tv\\\/site\\\/2018\\\/06\\\/13\\\/feira-das-tradicoes-regressa-a-verdoejo\\\/\",\"name\":\"Feira das Tradi\u00e7\u00f5es regressa a Verdoejo\",\"isPartOf\":{\"@id\":\"https:\\\/\\\/www.altominho.tv\\\/site\\\/#website\"},\"primaryImageOfPage\":{\"@id\":\"https:\\\/\\\/www.altominho.tv\\\/site\\\/2018\\\/06\\\/13\\\/feira-das-tradicoes-regressa-a-verdoejo\\\/#primaryimage\"},\"image\":{\"@id\":\"https:\\\/\\\/www.altominho.tv\\\/site\\\/2018\\\/06\\\/13\\\/feira-das-tradicoes-regressa-a-verdoejo\\\/#primaryimage\"},\"thumbnailUrl\":\"https:\\\/\\\/www.altominho.tv\\\/site\\\/wp-content\\\/uploads\\\/2018\\\/06\\\/FeiraTradic\u0327o\u0303es.jpg\",\"datePublished\":\"2018-06-13T11:19:20+00:00\",\"author\":{\"@id\":\"https:\\\/\\\/www.altominho.tv\\\/site\\\/#\\\/schema\\\/person\\\/d9be4265364723f14ea8e0d56a1d38cd\"},\"breadcrumb\":{\"@id\":\"https:\\\/\\\/www.altominho.tv\\\/site\\\/2018\\\/06\\\/13\\\/feira-das-tradicoes-regressa-a-verdoejo\\\/#breadcrumb\"},\"inLanguage\":\"pt-PT\",\"potentialAction\":[{\"@type\":\"ReadAction\",\"target\":[\"https:\\\/\\\/www.altominho.tv\\\/site\\\/2018\\\/06\\\/13\\\/feira-das-tradicoes-regressa-a-verdoejo\\\/\"]}]},{\"@type\":\"ImageObject\",\"inLanguage\":\"pt-PT\",\"@id\":\"https:\\\/\\\/www.altominho.tv\\\/site\\\/2018\\\/06\\\/13\\\/feira-das-tradicoes-regressa-a-verdoejo\\\/#primaryimage\",\"url\":\"https:\\\/\\\/www.altominho.tv\\\/site\\\/wp-content\\\/uploads\\\/2018\\\/06\\\/FeiraTradic\u0327o\u0303es.jpg\",\"contentUrl\":\"https:\\\/\\\/www.altominho.tv\\\/site\\\/wp-content\\\/uploads\\\/2018\\\/06\\\/FeiraTradic\u0327o\u0303es.jpg\",\"width\":810,\"height\":369},{\"@type\":\"BreadcrumbList\",\"@id\":\"https:\\\/\\\/www.altominho.tv\\\/site\\\/2018\\\/06\\\/13\\\/feira-das-tradicoes-regressa-a-verdoejo\\\/#breadcrumb\",\"itemListElement\":[{\"@type\":\"ListItem\",\"position\":1,\"name\":\"In\u00edcio\",\"item\":\"https:\\\/\\\/www.altominho.tv\\\/site\\\/\"},{\"@type\":\"ListItem\",\"position\":2,\"name\":\"Feira das Tradi\u00e7\u00f5es regressa a Verdoejo\"}]},{\"@type\":\"WebSite\",\"@id\":\"https:\\\/\\\/www.altominho.tv\\\/site\\\/#website\",\"url\":\"https:\\\/\\\/www.altominho.tv\\\/site\\\/\",\"name\":\"Altominho.tv\",\"description\":\"A sua regi\u00e3o \u00e0 dist\u00e2ncia de um clique...\",\"potentialAction\":[{\"@type\":\"SearchAction\",\"target\":{\"@type\":\"EntryPoint\",\"urlTemplate\":\"https:\\\/\\\/www.altominho.tv\\\/site\\\/?s={search_term_string}\"},\"query-input\":{\"@type\":\"PropertyValueSpecification\",\"valueRequired\":true,\"valueName\":\"search_term_string\"}}],\"inLanguage\":\"pt-PT\"},{\"@type\":\"Person\",\"@id\":\"https:\\\/\\\/www.altominho.tv\\\/site\\\/#\\\/schema\\\/person\\\/d9be4265364723f14ea8e0d56a1d38cd\",\"name\":\"Andreia Ferreira\",\"image\":{\"@type\":\"ImageObject\",\"inLanguage\":\"pt-PT\",\"@id\":\"https:\\\/\\\/www.altominho.tv\\\/site\\\/wp-content\\\/uploads\\\/2021\\\/01\\\/AndreiaFerreira-150x150.jpg\",\"url\":\"https:\\\/\\\/www.altominho.tv\\\/site\\\/wp-content\\\/uploads\\\/2021\\\/01\\\/AndreiaFerreira-150x150.jpg\",\"contentUrl\":\"https:\\\/\\\/www.altominho.tv\\\/site\\\/wp-content\\\/uploads\\\/2021\\\/01\\\/AndreiaFerreira-150x150.jpg\",\"caption\":\"Andreia Ferreira\"},\"url\":\"https:\\\/\\\/www.altominho.tv\\\/site\\\/author\\\/andreiaferreira\\\/\"}]}<\/script>\n<!-- \/ Yoast SEO Premium plugin. -->","yoast_head_json":{"title":"Feira das Tradi\u00e7\u00f5es regressa a Verdoejo","robots":{"index":"index","follow":"follow","max-snippet":"max-snippet:-1","max-image-preview":"max-image-preview:large","max-video-preview":"max-video-preview:-1"},"canonical":"https:\/\/www.altominho.tv\/site\/2018\/06\/13\/feira-das-tradicoes-regressa-a-verdoejo\/","og_locale":"pt_PT","og_type":"article","og_title":"Feira das Tradi\u00e7\u00f5es regressa a Verdoejo","og_description":"A VII Feira das Tradi\u00e7\u00f5es vai\u00a0realizar-se nos dias 22, 23 e 24 de junho na freguesia de Verdoejo, no alto de S. Tom\u00e9, em Valen\u00e7a. Organizada pela Associa\u00e7\u00e3o Cultural de Verdoejo, este evento procura &#8220;divulgar as tradi\u00e7\u00f5es, produtos regionais e artesanato&#8221; do concelho, atrav\u00e9s de uma exposi\u00e7\u00e3o permanente no recinto que, este ano, contar\u00e1 com [&hellip;]","og_url":"https:\/\/www.altominho.tv\/site\/2018\/06\/13\/feira-das-tradicoes-regressa-a-verdoejo\/","og_site_name":"Altominho.tv","article_publisher":"https:\/\/www.facebook.com\/altominhotv","article_published_time":"2018-06-13T11:19:20+00:00","og_image":[{"width":810,"height":369,"url":"https:\/\/www.altominho.tv\/site\/wp-content\/uploads\/2018\/06\/FeiraTradic\u0327o\u0303es.jpg","type":"image\/jpeg"}],"author":"Andreia Ferreira","twitter_card":"summary_large_image","twitter_creator":"@altominhoTV","twitter_site":"@altominhoTV","twitter_misc":{"Escrito por":"Andreia Ferreira","Tempo estimado de leitura":"1 minuto"},"schema":{"@context":"https:\/\/schema.org","@graph":[{"@type":"Article","@id":"https:\/\/www.altominho.tv\/site\/2018\/06\/13\/feira-das-tradicoes-regressa-a-verdoejo\/#article","isPartOf":{"@id":"https:\/\/www.altominho.tv\/site\/2018\/06\/13\/feira-das-tradicoes-regressa-a-verdoejo\/"},"author":{"name":"Andreia Ferreira","@id":"https:\/\/www.altominho.tv\/site\/#\/schema\/person\/d9be4265364723f14ea8e0d56a1d38cd"},"headline":"Feira das Tradi\u00e7\u00f5es regressa a Verdoejo","datePublished":"2018-06-13T11:19:20+00:00","mainEntityOfPage":{"@id":"https:\/\/www.altominho.tv\/site\/2018\/06\/13\/feira-das-tradicoes-regressa-a-verdoejo\/"},"wordCount":178,"image":{"@id":"https:\/\/www.altominho.tv\/site\/2018\/06\/13\/feira-das-tradicoes-regressa-a-verdoejo\/#primaryimage"},"thumbnailUrl":"https:\/\/www.altominho.tv\/site\/wp-content\/uploads\/2018\/06\/FeiraTradic\u0327o\u0303es.jpg","keywords":["Lazer","Sociedade"],"articleSection":["Valen\u00e7a"],"inLanguage":"pt-PT","copyrightYear":"2018","copyrightHolder":{"@id":"https:\/\/www.altominho.tv\/site\/#organization"}},{"@type":"WebPage","@id":"https:\/\/www.altominho.tv\/site\/2018\/06\/13\/feira-das-tradicoes-regressa-a-verdoejo\/","url":"https:\/\/www.altominho.tv\/site\/2018\/06\/13\/feira-das-tradicoes-regressa-a-verdoejo\/","name":"Feira das Tradi\u00e7\u00f5es regressa a Verdoejo","isPartOf":{"@id":"https:\/\/www.altominho.tv\/site\/#website"},"primaryImageOfPage":{"@id":"https:\/\/www.altominho.tv\/site\/2018\/06\/13\/feira-das-tradicoes-regressa-a-verdoejo\/#primaryimage"},"image":{"@id":"https:\/\/www.altominho.tv\/site\/2018\/06\/13\/feira-das-tradicoes-regressa-a-verdoejo\/#primaryimage"},"thumbnailUrl":"https:\/\/www.altominho.tv\/site\/wp-content\/uploads\/2018\/06\/FeiraTradic\u0327o\u0303es.jpg","datePublished":"2018-06-13T11:19:20+00:00","author":{"@id":"https:\/\/www.altominho.tv\/site\/#\/schema\/person\/d9be4265364723f14ea8e0d56a1d38cd"},"breadcrumb":{"@id":"https:\/\/www.altominho.tv\/site\/2018\/06\/13\/feira-das-tradicoes-regressa-a-verdoejo\/#breadcrumb"},"inLanguage":"pt-PT","potentialAction":[{"@type":"ReadAction","target":["https:\/\/www.altominho.tv\/site\/2018\/06\/13\/feira-das-tradicoes-regressa-a-verdoejo\/"]}]},{"@type":"ImageObject","inLanguage":"pt-PT","@id":"https:\/\/www.altominho.tv\/site\/2018\/06\/13\/feira-das-tradicoes-regressa-a-verdoejo\/#primaryimage","url":"https:\/\/www.altominho.tv\/site\/wp-content\/uploads\/2018\/06\/FeiraTradic\u0327o\u0303es.jpg","contentUrl":"https:\/\/www.altominho.tv\/site\/wp-content\/uploads\/2018\/06\/FeiraTradic\u0327o\u0303es.jpg","width":810,"height":369},{"@type":"BreadcrumbList","@id":"https:\/\/www.altominho.tv\/site\/2018\/06\/13\/feira-das-tradicoes-regressa-a-verdoejo\/#breadcrumb","itemListElement":[{"@type":"ListItem","position":1,"name":"In\u00edcio","item":"https:\/\/www.altominho.tv\/site\/"},{"@type":"ListItem","position":2,"name":"Feira das Tradi\u00e7\u00f5es regressa a Verdoejo"}]},{"@type":"WebSite","@id":"https:\/\/www.altominho.tv\/site\/#website","url":"https:\/\/www.altominho.tv\/site\/","name":"Altominho.tv","description":"A sua regi\u00e3o \u00e0 dist\u00e2ncia de um clique...","potentialAction":[{"@type":"SearchAction","target":{"@type":"EntryPoint","urlTemplate":"https:\/\/www.altominho.tv\/site\/?s={search_term_string}"},"query-input":{"@type":"PropertyValueSpecification","valueRequired":true,"valueName":"search_term_string"}}],"inLanguage":"pt-PT"},{"@type":"Person","@id":"https:\/\/www.altominho.tv\/site\/#\/schema\/person\/d9be4265364723f14ea8e0d56a1d38cd","name":"Andreia Ferreira","image":{"@type":"ImageObject","inLanguage":"pt-PT","@id":"https:\/\/www.altominho.tv\/site\/wp-content\/uploads\/2021\/01\/AndreiaFerreira-150x150.jpg","url":"https:\/\/www.altominho.tv\/site\/wp-content\/uploads\/2021\/01\/AndreiaFerreira-150x150.jpg","contentUrl":"https:\/\/www.altominho.tv\/site\/wp-content\/uploads\/2021\/01\/AndreiaFerreira-150x150.jpg","caption":"Andreia Ferreira"},"url":"https:\/\/www.altominho.tv\/site\/author\/andreiaferreira\/"}]}},"_links":{"self":[{"href":"https:\/\/www.altominho.tv\/site\/wp-json\/wp\/v2\/posts\/15068","targetHints":{"allow":["GET"]}}],"collection":[{"href":"https:\/\/www.altominho.tv\/site\/wp-json\/wp\/v2\/posts"}],"about":[{"href":"https:\/\/www.altominho.tv\/site\/wp-json\/wp\/v2\/types\/post"}],"author":[{"embeddable":true,"href":"https:\/\/www.altominho.tv\/site\/wp-json\/wp\/v2\/users\/12"}],"replies":[{"embeddable":true,"href":"https:\/\/www.altominho.tv\/site\/wp-json\/wp\/v2\/comments?post=15068"}],"version-history":[{"count":0,"href":"https:\/\/www.altominho.tv\/site\/wp-json\/wp\/v2\/posts\/15068\/revisions"}],"wp:featuredmedia":[{"embeddable":true,"href":"https:\/\/www.altominho.tv\/site\/wp-json\/wp\/v2\/media\/15074"}],"wp:attachment":[{"href":"https:\/\/www.altominho.tv\/site\/wp-json\/wp\/v2\/media?parent=15068"}],"wp:term":[{"taxonomy":"category","embeddable":true,"href":"https:\/\/www.altominho.tv\/site\/wp-json\/wp\/v2\/categories?post=15068"},{"taxonomy":"post_tag","embeddable":true,"href":"https:\/\/www.altominho.tv\/site\/wp-json\/wp\/v2\/tags?post=15068"}],"curies":[{"name":"wp","href":"https:\/\/api.w.org\/{rel}","templated":true}]}}