{"id":14977,"date":"2018-06-11T15:30:48","date_gmt":"2018-06-11T14:30:48","guid":{"rendered":"http:\/\/www.altominho.tv\/site\/?p=14977"},"modified":"2018-06-11T14:40:59","modified_gmt":"2018-06-11T13:40:59","slug":"alunos-do-curso-basico-de-musica-de-paredes-de-coura-apresentam-audicoes-finais","status":"publish","type":"post","link":"https:\/\/www.altominho.tv\/site\/2018\/06\/11\/alunos-do-curso-basico-de-musica-de-paredes-de-coura-apresentam-audicoes-finais\/","title":{"rendered":"Alunos do Curso B\u00e1sico de M\u00fasica de Paredes de Coura apresentam audi\u00e7\u00f5es finais\u00a0"},"content":{"rendered":"<p><iframe loading=\"lazy\" width=\"770\" height=\"433\" src=\"https:\/\/www.youtube.com\/embed\/axp7SULZLr0?feature=oembed\" frameborder=\"0\" allow=\"autoplay; encrypted-media\" allowfullscreen><\/iframe><\/p>\n<p>Doze alunos finalistas do Curso B\u00e1sico de M\u00fasica, em articula\u00e7\u00e3o com a Escola B\u00e1sica e Secund\u00e1ria de Paredes de Coura, apresentaram as audi\u00e7\u00f5es individuais no Sal\u00e3o Nobre da C\u00e2mara Municipal.<\/p>\n<p>&nbsp;<\/p>\n","protected":false},"excerpt":{"rendered":"<p>Doze alunos finalistas do Curso B\u00e1sico de M\u00fasica, em articula\u00e7\u00e3o com a Escola B\u00e1sica e Secund\u00e1ria de Paredes de Coura, apresentaram as audi\u00e7\u00f5es individuais no Sal\u00e3o Nobre da C\u00e2mara Municipal. &nbsp;<\/p>\n","protected":false},"author":10,"featured_media":14979,"comment_status":"closed","ping_status":"closed","sticky":false,"template":"","format":"video","meta":{"_exactmetrics_skip_tracking":false,"_exactmetrics_sitenote_active":false,"_exactmetrics_sitenote_note":"","_exactmetrics_sitenote_category":0,"footnotes":""},"categories":[10],"tags":[19],"class_list":["post-14977","post","type-post","status-publish","format-video","has-post-thumbnail","hentry","category-paredes-de-coura","tag-cultura","post_format-post-format-video"],"yoast_head":"<!-- This site is optimized with the Yoast SEO Premium plugin v27.5 (Yoast SEO v27.5) - https:\/\/yoast.com\/product\/yoast-seo-premium-wordpress\/ -->\n<title>Alunos do Curso B\u00e1sico de M\u00fasica de Paredes de Coura apresentam audi\u00e7\u00f5es finais\u00a0<\/title>\n<meta name=\"robots\" content=\"index, follow, max-snippet:-1, max-image-preview:large, max-video-preview:-1\" \/>\n<link rel=\"canonical\" href=\"https:\/\/www.altominho.tv\/site\/2018\/06\/11\/alunos-do-curso-basico-de-musica-de-paredes-de-coura-apresentam-audicoes-finais\/\" \/>\n<meta property=\"og:locale\" content=\"pt_PT\" \/>\n<meta property=\"og:type\" content=\"article\" \/>\n<meta property=\"og:title\" content=\"Alunos do Curso B\u00e1sico de M\u00fasica de Paredes de Coura apresentam audi\u00e7\u00f5es finais\u00a0\" \/>\n<meta property=\"og:description\" content=\"Doze alunos finalistas do Curso B\u00e1sico de M\u00fasica, em articula\u00e7\u00e3o com a Escola B\u00e1sica e Secund\u00e1ria de Paredes de Coura, apresentaram as audi\u00e7\u00f5es individuais no Sal\u00e3o Nobre da C\u00e2mara Municipal. &nbsp;\" \/>\n<meta property=\"og:url\" content=\"https:\/\/www.altominho.tv\/site\/2018\/06\/11\/alunos-do-curso-basico-de-musica-de-paredes-de-coura-apresentam-audicoes-finais\/\" \/>\n<meta property=\"og:site_name\" content=\"Altominho.tv\" \/>\n<meta property=\"article:publisher\" content=\"https:\/\/www.facebook.com\/altominhotv\" \/>\n<meta property=\"article:published_time\" content=\"2018-06-11T14:30:48+00:00\" \/>\n<meta property=\"og:image\" content=\"https:\/\/www.altominho.tv\/site\/wp-content\/uploads\/2018\/06\/maxresdefault-16.jpg\" \/>\n\t<meta property=\"og:image:width\" content=\"1280\" \/>\n\t<meta property=\"og:image:height\" content=\"720\" \/>\n\t<meta property=\"og:image:type\" content=\"image\/jpeg\" \/>\n<meta name=\"author\" content=\"Andreia Barreiro\" \/>\n<meta name=\"twitter:card\" content=\"summary_large_image\" \/>\n<meta name=\"twitter:creator\" content=\"@altominhoTV\" \/>\n<meta name=\"twitter:site\" content=\"@altominhoTV\" \/>\n<meta name=\"twitter:label1\" content=\"Escrito por\" \/>\n\t<meta name=\"twitter:data1\" content=\"Andreia Barreiro\" \/>\n<script type=\"application\/ld+json\" class=\"yoast-schema-graph\">{\"@context\":\"https:\\\/\\\/schema.org\",\"@graph\":[{\"@type\":\"Article\",\"@id\":\"https:\\\/\\\/www.altominho.tv\\\/site\\\/2018\\\/06\\\/11\\\/alunos-do-curso-basico-de-musica-de-paredes-de-coura-apresentam-audicoes-finais\\\/#article\",\"isPartOf\":{\"@id\":\"https:\\\/\\\/www.altominho.tv\\\/site\\\/2018\\\/06\\\/11\\\/alunos-do-curso-basico-de-musica-de-paredes-de-coura-apresentam-audicoes-finais\\\/\"},\"author\":{\"name\":\"Andreia Barreiro\",\"@id\":\"https:\\\/\\\/www.altominho.tv\\\/site\\\/#\\\/schema\\\/person\\\/4fa0996d8841f9d6cbb84eb43c555c2c\"},\"headline\":\"Alunos do Curso B\u00e1sico de M\u00fasica de Paredes de Coura apresentam audi\u00e7\u00f5es finais\u00a0\",\"datePublished\":\"2018-06-11T14:30:48+00:00\",\"mainEntityOfPage\":{\"@id\":\"https:\\\/\\\/www.altominho.tv\\\/site\\\/2018\\\/06\\\/11\\\/alunos-do-curso-basico-de-musica-de-paredes-de-coura-apresentam-audicoes-finais\\\/\"},\"wordCount\":65,\"image\":{\"@id\":\"https:\\\/\\\/www.altominho.tv\\\/site\\\/2018\\\/06\\\/11\\\/alunos-do-curso-basico-de-musica-de-paredes-de-coura-apresentam-audicoes-finais\\\/#primaryimage\"},\"thumbnailUrl\":\"https:\\\/\\\/www.altominho.tv\\\/site\\\/wp-content\\\/uploads\\\/2018\\\/06\\\/maxresdefault-16.jpg\",\"keywords\":[\"Cultura\"],\"articleSection\":[\"Paredes de Coura\"],\"inLanguage\":\"pt-PT\",\"copyrightYear\":\"2018\",\"copyrightHolder\":{\"@id\":\"https:\\\/\\\/www.altominho.tv\\\/site\\\/#organization\"}},{\"@type\":\"WebPage\",\"@id\":\"https:\\\/\\\/www.altominho.tv\\\/site\\\/2018\\\/06\\\/11\\\/alunos-do-curso-basico-de-musica-de-paredes-de-coura-apresentam-audicoes-finais\\\/\",\"url\":\"https:\\\/\\\/www.altominho.tv\\\/site\\\/2018\\\/06\\\/11\\\/alunos-do-curso-basico-de-musica-de-paredes-de-coura-apresentam-audicoes-finais\\\/\",\"name\":\"Alunos do Curso B\u00e1sico de M\u00fasica de Paredes de Coura apresentam audi\u00e7\u00f5es finais\u00a0\",\"isPartOf\":{\"@id\":\"https:\\\/\\\/www.altominho.tv\\\/site\\\/#website\"},\"primaryImageOfPage\":{\"@id\":\"https:\\\/\\\/www.altominho.tv\\\/site\\\/2018\\\/06\\\/11\\\/alunos-do-curso-basico-de-musica-de-paredes-de-coura-apresentam-audicoes-finais\\\/#primaryimage\"},\"image\":{\"@id\":\"https:\\\/\\\/www.altominho.tv\\\/site\\\/2018\\\/06\\\/11\\\/alunos-do-curso-basico-de-musica-de-paredes-de-coura-apresentam-audicoes-finais\\\/#primaryimage\"},\"thumbnailUrl\":\"https:\\\/\\\/www.altominho.tv\\\/site\\\/wp-content\\\/uploads\\\/2018\\\/06\\\/maxresdefault-16.jpg\",\"datePublished\":\"2018-06-11T14:30:48+00:00\",\"author\":{\"@id\":\"https:\\\/\\\/www.altominho.tv\\\/site\\\/#\\\/schema\\\/person\\\/4fa0996d8841f9d6cbb84eb43c555c2c\"},\"breadcrumb\":{\"@id\":\"https:\\\/\\\/www.altominho.tv\\\/site\\\/2018\\\/06\\\/11\\\/alunos-do-curso-basico-de-musica-de-paredes-de-coura-apresentam-audicoes-finais\\\/#breadcrumb\"},\"inLanguage\":\"pt-PT\",\"potentialAction\":[{\"@type\":\"ReadAction\",\"target\":[\"https:\\\/\\\/www.altominho.tv\\\/site\\\/2018\\\/06\\\/11\\\/alunos-do-curso-basico-de-musica-de-paredes-de-coura-apresentam-audicoes-finais\\\/\"]}]},{\"@type\":\"ImageObject\",\"inLanguage\":\"pt-PT\",\"@id\":\"https:\\\/\\\/www.altominho.tv\\\/site\\\/2018\\\/06\\\/11\\\/alunos-do-curso-basico-de-musica-de-paredes-de-coura-apresentam-audicoes-finais\\\/#primaryimage\",\"url\":\"https:\\\/\\\/www.altominho.tv\\\/site\\\/wp-content\\\/uploads\\\/2018\\\/06\\\/maxresdefault-16.jpg\",\"contentUrl\":\"https:\\\/\\\/www.altominho.tv\\\/site\\\/wp-content\\\/uploads\\\/2018\\\/06\\\/maxresdefault-16.jpg\",\"width\":1280,\"height\":720},{\"@type\":\"BreadcrumbList\",\"@id\":\"https:\\\/\\\/www.altominho.tv\\\/site\\\/2018\\\/06\\\/11\\\/alunos-do-curso-basico-de-musica-de-paredes-de-coura-apresentam-audicoes-finais\\\/#breadcrumb\",\"itemListElement\":[{\"@type\":\"ListItem\",\"position\":1,\"name\":\"In\u00edcio\",\"item\":\"https:\\\/\\\/www.altominho.tv\\\/site\\\/\"},{\"@type\":\"ListItem\",\"position\":2,\"name\":\"Alunos do Curso B\u00e1sico de M\u00fasica de Paredes de Coura apresentam audi\u00e7\u00f5es finais\u00a0\"}]},{\"@type\":\"WebSite\",\"@id\":\"https:\\\/\\\/www.altominho.tv\\\/site\\\/#website\",\"url\":\"https:\\\/\\\/www.altominho.tv\\\/site\\\/\",\"name\":\"Altominho.tv\",\"description\":\"A sua regi\u00e3o \u00e0 dist\u00e2ncia de um clique...\",\"potentialAction\":[{\"@type\":\"SearchAction\",\"target\":{\"@type\":\"EntryPoint\",\"urlTemplate\":\"https:\\\/\\\/www.altominho.tv\\\/site\\\/?s={search_term_string}\"},\"query-input\":{\"@type\":\"PropertyValueSpecification\",\"valueRequired\":true,\"valueName\":\"search_term_string\"}}],\"inLanguage\":\"pt-PT\"},{\"@type\":\"Person\",\"@id\":\"https:\\\/\\\/www.altominho.tv\\\/site\\\/#\\\/schema\\\/person\\\/4fa0996d8841f9d6cbb84eb43c555c2c\",\"name\":\"Andreia Barreiro\",\"image\":{\"@type\":\"ImageObject\",\"inLanguage\":\"pt-PT\",\"@id\":\"https:\\\/\\\/www.altominho.tv\\\/site\\\/wp-content\\\/uploads\\\/2021\\\/01\\\/132443895_3480358142084005_3574327946369834311_o-150x150.jpg\",\"url\":\"https:\\\/\\\/www.altominho.tv\\\/site\\\/wp-content\\\/uploads\\\/2021\\\/01\\\/132443895_3480358142084005_3574327946369834311_o-150x150.jpg\",\"contentUrl\":\"https:\\\/\\\/www.altominho.tv\\\/site\\\/wp-content\\\/uploads\\\/2021\\\/01\\\/132443895_3480358142084005_3574327946369834311_o-150x150.jpg\",\"caption\":\"Andreia Barreiro\"},\"url\":\"https:\\\/\\\/www.altominho.tv\\\/site\\\/author\\\/andreiabarreiro\\\/\"}]}<\/script>\n<meta property=\"og:video\" content=\"https:\/\/www.youtube.com\/embed\/axp7SULZLr0\" \/>\n<meta property=\"og:video:type\" content=\"text\/html\" \/>\n<meta property=\"og:video:duration\" content=\"106\" \/>\n<meta property=\"og:video:width\" content=\"480\" \/>\n<meta property=\"og:video:height\" content=\"270\" \/>\n<meta property=\"ya:ovs:adult\" content=\"false\" \/>\n<meta property=\"ya:ovs:upload_date\" content=\"2018-06-11T14:30:48+00:00\" \/>\n<meta property=\"ya:ovs:allow_embed\" content=\"true\" \/>\n<!-- \/ Yoast SEO Premium plugin. -->","yoast_head_json":{"title":"Alunos do Curso B\u00e1sico de M\u00fasica de Paredes de Coura apresentam audi\u00e7\u00f5es finais\u00a0","robots":{"index":"index","follow":"follow","max-snippet":"max-snippet:-1","max-image-preview":"max-image-preview:large","max-video-preview":"max-video-preview:-1"},"canonical":"https:\/\/www.altominho.tv\/site\/2018\/06\/11\/alunos-do-curso-basico-de-musica-de-paredes-de-coura-apresentam-audicoes-finais\/","og_locale":"pt_PT","og_type":"article","og_title":"Alunos do Curso B\u00e1sico de M\u00fasica de Paredes de Coura apresentam audi\u00e7\u00f5es finais\u00a0","og_description":"Doze alunos finalistas do Curso B\u00e1sico de M\u00fasica, em articula\u00e7\u00e3o com a Escola B\u00e1sica e Secund\u00e1ria de Paredes de Coura, apresentaram as audi\u00e7\u00f5es individuais no Sal\u00e3o Nobre da C\u00e2mara Municipal. &nbsp;","og_url":"https:\/\/www.altominho.tv\/site\/2018\/06\/11\/alunos-do-curso-basico-de-musica-de-paredes-de-coura-apresentam-audicoes-finais\/","og_site_name":"Altominho.tv","article_publisher":"https:\/\/www.facebook.com\/altominhotv","article_published_time":"2018-06-11T14:30:48+00:00","og_image":[{"width":1280,"height":720,"url":"https:\/\/www.altominho.tv\/site\/wp-content\/uploads\/2018\/06\/maxresdefault-16.jpg","type":"image\/jpeg"}],"author":"Andreia Barreiro","twitter_card":"summary_large_image","twitter_creator":"@altominhoTV","twitter_site":"@altominhoTV","twitter_misc":{"Escrito por":"Andreia Barreiro"},"schema":{"@context":"https:\/\/schema.org","@graph":[{"@type":"Article","@id":"https:\/\/www.altominho.tv\/site\/2018\/06\/11\/alunos-do-curso-basico-de-musica-de-paredes-de-coura-apresentam-audicoes-finais\/#article","isPartOf":{"@id":"https:\/\/www.altominho.tv\/site\/2018\/06\/11\/alunos-do-curso-basico-de-musica-de-paredes-de-coura-apresentam-audicoes-finais\/"},"author":{"name":"Andreia Barreiro","@id":"https:\/\/www.altominho.tv\/site\/#\/schema\/person\/4fa0996d8841f9d6cbb84eb43c555c2c"},"headline":"Alunos do Curso B\u00e1sico de M\u00fasica de Paredes de Coura apresentam audi\u00e7\u00f5es finais\u00a0","datePublished":"2018-06-11T14:30:48+00:00","mainEntityOfPage":{"@id":"https:\/\/www.altominho.tv\/site\/2018\/06\/11\/alunos-do-curso-basico-de-musica-de-paredes-de-coura-apresentam-audicoes-finais\/"},"wordCount":65,"image":{"@id":"https:\/\/www.altominho.tv\/site\/2018\/06\/11\/alunos-do-curso-basico-de-musica-de-paredes-de-coura-apresentam-audicoes-finais\/#primaryimage"},"thumbnailUrl":"https:\/\/www.altominho.tv\/site\/wp-content\/uploads\/2018\/06\/maxresdefault-16.jpg","keywords":["Cultura"],"articleSection":["Paredes de Coura"],"inLanguage":"pt-PT","copyrightYear":"2018","copyrightHolder":{"@id":"https:\/\/www.altominho.tv\/site\/#organization"}},{"@type":"WebPage","@id":"https:\/\/www.altominho.tv\/site\/2018\/06\/11\/alunos-do-curso-basico-de-musica-de-paredes-de-coura-apresentam-audicoes-finais\/","url":"https:\/\/www.altominho.tv\/site\/2018\/06\/11\/alunos-do-curso-basico-de-musica-de-paredes-de-coura-apresentam-audicoes-finais\/","name":"Alunos do Curso B\u00e1sico de M\u00fasica de Paredes de Coura apresentam audi\u00e7\u00f5es finais\u00a0","isPartOf":{"@id":"https:\/\/www.altominho.tv\/site\/#website"},"primaryImageOfPage":{"@id":"https:\/\/www.altominho.tv\/site\/2018\/06\/11\/alunos-do-curso-basico-de-musica-de-paredes-de-coura-apresentam-audicoes-finais\/#primaryimage"},"image":{"@id":"https:\/\/www.altominho.tv\/site\/2018\/06\/11\/alunos-do-curso-basico-de-musica-de-paredes-de-coura-apresentam-audicoes-finais\/#primaryimage"},"thumbnailUrl":"https:\/\/www.altominho.tv\/site\/wp-content\/uploads\/2018\/06\/maxresdefault-16.jpg","datePublished":"2018-06-11T14:30:48+00:00","author":{"@id":"https:\/\/www.altominho.tv\/site\/#\/schema\/person\/4fa0996d8841f9d6cbb84eb43c555c2c"},"breadcrumb":{"@id":"https:\/\/www.altominho.tv\/site\/2018\/06\/11\/alunos-do-curso-basico-de-musica-de-paredes-de-coura-apresentam-audicoes-finais\/#breadcrumb"},"inLanguage":"pt-PT","potentialAction":[{"@type":"ReadAction","target":["https:\/\/www.altominho.tv\/site\/2018\/06\/11\/alunos-do-curso-basico-de-musica-de-paredes-de-coura-apresentam-audicoes-finais\/"]}]},{"@type":"ImageObject","inLanguage":"pt-PT","@id":"https:\/\/www.altominho.tv\/site\/2018\/06\/11\/alunos-do-curso-basico-de-musica-de-paredes-de-coura-apresentam-audicoes-finais\/#primaryimage","url":"https:\/\/www.altominho.tv\/site\/wp-content\/uploads\/2018\/06\/maxresdefault-16.jpg","contentUrl":"https:\/\/www.altominho.tv\/site\/wp-content\/uploads\/2018\/06\/maxresdefault-16.jpg","width":1280,"height":720},{"@type":"BreadcrumbList","@id":"https:\/\/www.altominho.tv\/site\/2018\/06\/11\/alunos-do-curso-basico-de-musica-de-paredes-de-coura-apresentam-audicoes-finais\/#breadcrumb","itemListElement":[{"@type":"ListItem","position":1,"name":"In\u00edcio","item":"https:\/\/www.altominho.tv\/site\/"},{"@type":"ListItem","position":2,"name":"Alunos do Curso B\u00e1sico de M\u00fasica de Paredes de Coura apresentam audi\u00e7\u00f5es finais\u00a0"}]},{"@type":"WebSite","@id":"https:\/\/www.altominho.tv\/site\/#website","url":"https:\/\/www.altominho.tv\/site\/","name":"Altominho.tv","description":"A sua regi\u00e3o \u00e0 dist\u00e2ncia de um clique...","potentialAction":[{"@type":"SearchAction","target":{"@type":"EntryPoint","urlTemplate":"https:\/\/www.altominho.tv\/site\/?s={search_term_string}"},"query-input":{"@type":"PropertyValueSpecification","valueRequired":true,"valueName":"search_term_string"}}],"inLanguage":"pt-PT"},{"@type":"Person","@id":"https:\/\/www.altominho.tv\/site\/#\/schema\/person\/4fa0996d8841f9d6cbb84eb43c555c2c","name":"Andreia Barreiro","image":{"@type":"ImageObject","inLanguage":"pt-PT","@id":"https:\/\/www.altominho.tv\/site\/wp-content\/uploads\/2021\/01\/132443895_3480358142084005_3574327946369834311_o-150x150.jpg","url":"https:\/\/www.altominho.tv\/site\/wp-content\/uploads\/2021\/01\/132443895_3480358142084005_3574327946369834311_o-150x150.jpg","contentUrl":"https:\/\/www.altominho.tv\/site\/wp-content\/uploads\/2021\/01\/132443895_3480358142084005_3574327946369834311_o-150x150.jpg","caption":"Andreia Barreiro"},"url":"https:\/\/www.altominho.tv\/site\/author\/andreiabarreiro\/"}]},"og_video":"https:\/\/www.youtube.com\/embed\/axp7SULZLr0","og_video_type":"text\/html","og_video_duration":"106","og_video_width":"480","og_video_height":"270","ya_ovs_adult":"false","ya_ovs_upload_date":"2018-06-11T14:30:48+00:00","ya_ovs_allow_embed":"true"},"_links":{"self":[{"href":"https:\/\/www.altominho.tv\/site\/wp-json\/wp\/v2\/posts\/14977","targetHints":{"allow":["GET"]}}],"collection":[{"href":"https:\/\/www.altominho.tv\/site\/wp-json\/wp\/v2\/posts"}],"about":[{"href":"https:\/\/www.altominho.tv\/site\/wp-json\/wp\/v2\/types\/post"}],"author":[{"embeddable":true,"href":"https:\/\/www.altominho.tv\/site\/wp-json\/wp\/v2\/users\/10"}],"replies":[{"embeddable":true,"href":"https:\/\/www.altominho.tv\/site\/wp-json\/wp\/v2\/comments?post=14977"}],"version-history":[{"count":0,"href":"https:\/\/www.altominho.tv\/site\/wp-json\/wp\/v2\/posts\/14977\/revisions"}],"wp:featuredmedia":[{"embeddable":true,"href":"https:\/\/www.altominho.tv\/site\/wp-json\/wp\/v2\/media\/14979"}],"wp:attachment":[{"href":"https:\/\/www.altominho.tv\/site\/wp-json\/wp\/v2\/media?parent=14977"}],"wp:term":[{"taxonomy":"category","embeddable":true,"href":"https:\/\/www.altominho.tv\/site\/wp-json\/wp\/v2\/categories?post=14977"},{"taxonomy":"post_tag","embeddable":true,"href":"https:\/\/www.altominho.tv\/site\/wp-json\/wp\/v2\/tags?post=14977"}],"curies":[{"name":"wp","href":"https:\/\/api.w.org\/{rel}","templated":true}]}}