{"id":13723,"date":"2018-05-18T10:55:41","date_gmt":"2018-05-18T09:55:41","guid":{"rendered":"http:\/\/www.altominho.tv\/site\/?p=13723"},"modified":"2018-05-18T10:57:58","modified_gmt":"2018-05-18T09:57:58","slug":"projeto-escola-da-natureza-de-viana-do-castelo-conquista-premio-europeu","status":"publish","type":"post","link":"https:\/\/www.altominho.tv\/site\/2018\/05\/18\/projeto-escola-da-natureza-de-viana-do-castelo-conquista-premio-europeu\/","title":{"rendered":"Projeto Escola da Natureza de Viana do Castelo conquista pr\u00e9mio europeu"},"content":{"rendered":"<p>O projeto &#8220;Escola da Natureza&#8221; do Centro de Monitoriza\u00e7\u00e3o e Interpreta\u00e7\u00e3o Ambiental (CMIA) de Viana do Castelo venceu o European Citizen&#8217;s Award Natura 2000, obtendo o n\u00famero mais elevado de nomea\u00e7\u00f5es, por meio de vota\u00e7\u00e3o p\u00fablica.<\/p>\n<p>&#8220;Ganh\u00e1mos o European Citizen&#8217;s Award Natura 2000. O projeto Escola da Natureza foi o vencedor na vota\u00e7\u00e3o dos europeus atrav\u00e9s do site do Natura 2000 Awards. Foi o \u00fanico projeto portugu\u00eas selecionado para os 25 projetos finalistas. \u00c9 uma grande vit\u00f3ria da conserva\u00e7\u00e3o e valoriza\u00e7\u00e3o do nosso Litoral Norte. Estamos muito contentes&#8221;, afirmou \u00e0 ag\u00eancia Lusa o presidente da C\u00e2mara de Viana do Castelo.<\/p>\n<p>Jos\u00e9 Maria Costa, que falava a partir de Bruxelas, onde participa na cerim\u00f3nia de atribui\u00e7\u00e3o dos European Natura 2000 Award&#8217;s, no edif\u00edcio principal da Comiss\u00e3o Europeia, afirmou que &#8220;todos os parceiros do projeto est\u00e3o de parab\u00e9ns&#8221; e que se trata de &#8220;uma vit\u00f3ria de todos os vianenses&#8221;.<\/p>\n<p>O projeto Escola da Natureza pretende &#8220;aproximar as comunidades jovens escolares deste patrim\u00f3nio natural rico e diversificado e foi concebido com a finalidade de desenvolver ferramentas de trabalho direcionadas \u00e0 comunidade jovem e escolar, estruturadas com o objetivo de fomentar o respeito e valoriza\u00e7\u00e3o da biodiversidade associada aos valores naturais das \u00e1reas classificadas&#8221;.<\/p>\n<p>No \u00e2mbito do projeto foram &#8220;criadas ferramentas de trabalho (te\u00f3ricas e pr\u00e1tica) diretamente relacionadas com os tr\u00eas S\u00edtios Rede Natura 2000, que integram o concelho de Viana do Castelo e que se adequam aos conte\u00fados program\u00e1ticos escolares em diferentes n\u00edveis et\u00e1rios e que s\u00e3o pass\u00edveis de utilizar p\u00f3s projeto&#8221;.<\/p>\n<p>O projeto, financiado pelo &#8220;Portugal 2020&#8221;, tem como parceiros o munic\u00edpio de Esposende e de Vila Nova de Cerveira, a Universidade de Coimbra, atrav\u00e9s do Instituto do Mar, e o suporte cient\u00edfico e t\u00e9cnico do Centro de Biologia Molecular e Ambiental da Universidade do Minho e do Centro de Conserva\u00e7\u00e3o de Borboletas de Portugal.<\/p>\n<p>O pr\u00e9mio Pan-Europeu, que visa reconhecer a excel\u00eancia na gest\u00e3o dos S\u00edtios Natura 2000 e o trabalho realizado no \u00e2mbito da sua conserva\u00e7\u00e3o, mostrando o valor acrescentado para as economias locais e aumentando a conscientiza\u00e7\u00e3o p\u00fablica sobre o valioso patrim\u00f3nio natural da Europa, vai na sua quarta edi\u00e7\u00e3o e foram consideradas eleg\u00edveis 75 candidaturas de 27 pa\u00edses, em cinco categorias, como a conserva\u00e7\u00e3o, comunica\u00e7\u00e3o, benef\u00edcios socioecon\u00f3micos, reconcilia\u00e7\u00e3o de interesses\/perce\u00e7\u00f5es e coopera\u00e7\u00e3o transfronteiri\u00e7a e redes.<\/p>\n<p>As 75 candidaturas foram avaliadas por um painel independente de peritos para reduzir a lista a 25 finalistas, sendo o projeto Escola da Natureza (School of Nature) um dos cinco finalistas na categoria &#8220;Comunica\u00e7\u00e3o&#8221;, que acabou por ser conquistada por um projeto de Espanha.<\/p>\n","protected":false},"excerpt":{"rendered":"<p>O projeto &#8220;Escola da Natureza&#8221; do Centro de Monitoriza\u00e7\u00e3o e Interpreta\u00e7\u00e3o Ambiental (CMIA) de Viana do Castelo venceu o European Citizen&#8217;s Award Natura 2000, obtendo o n\u00famero mais elevado de nomea\u00e7\u00f5es, por meio de vota\u00e7\u00e3o p\u00fablica. &#8220;Ganh\u00e1mos o European Citizen&#8217;s Award Natura 2000. O projeto Escola da Natureza foi o vencedor na vota\u00e7\u00e3o dos europeus [&hellip;]<\/p>\n","protected":false},"author":12,"featured_media":13724,"comment_status":"closed","ping_status":"closed","sticky":false,"template":"","format":"standard","meta":{"_exactmetrics_skip_tracking":false,"_exactmetrics_sitenote_active":false,"_exactmetrics_sitenote_note":"","_exactmetrics_sitenote_category":0,"footnotes":""},"categories":[14],"tags":[22,27],"class_list":["post-13723","post","type-post","status-publish","format-standard","has-post-thumbnail","hentry","category-viana-do-castelo","tag-educacao","tag-sociedade"],"yoast_head":"<!-- This site is optimized with the Yoast SEO Premium plugin v27.5 (Yoast SEO v27.5) - https:\/\/yoast.com\/product\/yoast-seo-premium-wordpress\/ -->\n<title>Projeto Escola da Natureza de Viana do Castelo conquista pr\u00e9mio europeu<\/title>\n<meta name=\"robots\" content=\"index, follow, max-snippet:-1, max-image-preview:large, max-video-preview:-1\" \/>\n<link rel=\"canonical\" href=\"https:\/\/www.altominho.tv\/site\/2018\/05\/18\/projeto-escola-da-natureza-de-viana-do-castelo-conquista-premio-europeu\/\" \/>\n<meta property=\"og:locale\" content=\"pt_PT\" \/>\n<meta property=\"og:type\" content=\"article\" \/>\n<meta property=\"og:title\" content=\"Projeto Escola da Natureza de Viana do Castelo conquista pr\u00e9mio europeu\" \/>\n<meta property=\"og:description\" content=\"O projeto &#8220;Escola da Natureza&#8221; do Centro de Monitoriza\u00e7\u00e3o e Interpreta\u00e7\u00e3o Ambiental (CMIA) de Viana do Castelo venceu o European Citizen&#8217;s Award Natura 2000, obtendo o n\u00famero mais elevado de nomea\u00e7\u00f5es, por meio de vota\u00e7\u00e3o p\u00fablica. &#8220;Ganh\u00e1mos o European Citizen&#8217;s Award Natura 2000. O projeto Escola da Natureza foi o vencedor na vota\u00e7\u00e3o dos europeus [&hellip;]\" \/>\n<meta property=\"og:url\" content=\"https:\/\/www.altominho.tv\/site\/2018\/05\/18\/projeto-escola-da-natureza-de-viana-do-castelo-conquista-premio-europeu\/\" \/>\n<meta property=\"og:site_name\" content=\"Altominho.tv\" \/>\n<meta property=\"article:publisher\" content=\"https:\/\/www.facebook.com\/altominhotv\" \/>\n<meta property=\"article:published_time\" content=\"2018-05-18T09:55:41+00:00\" \/>\n<meta property=\"article:modified_time\" content=\"2018-05-18T09:57:58+00:00\" \/>\n<meta property=\"og:image\" content=\"https:\/\/www.altominho.tv\/site\/wp-content\/uploads\/2018\/05\/PROJETOS-EDUCATIVOS-2017-2018-4.jpg\" \/>\n\t<meta property=\"og:image:width\" content=\"1024\" \/>\n\t<meta property=\"og:image:height\" content=\"683\" \/>\n\t<meta property=\"og:image:type\" content=\"image\/jpeg\" \/>\n<meta name=\"author\" content=\"Andreia Ferreira\" \/>\n<meta name=\"twitter:card\" content=\"summary_large_image\" \/>\n<meta name=\"twitter:creator\" content=\"@altominhoTV\" \/>\n<meta name=\"twitter:site\" content=\"@altominhoTV\" \/>\n<meta name=\"twitter:label1\" content=\"Escrito por\" \/>\n\t<meta name=\"twitter:data1\" content=\"Andreia Ferreira\" \/>\n\t<meta name=\"twitter:label2\" content=\"Tempo estimado de leitura\" \/>\n\t<meta name=\"twitter:data2\" content=\"2 minutos\" \/>\n<script type=\"application\/ld+json\" class=\"yoast-schema-graph\">{\"@context\":\"https:\\\/\\\/schema.org\",\"@graph\":[{\"@type\":\"Article\",\"@id\":\"https:\\\/\\\/www.altominho.tv\\\/site\\\/2018\\\/05\\\/18\\\/projeto-escola-da-natureza-de-viana-do-castelo-conquista-premio-europeu\\\/#article\",\"isPartOf\":{\"@id\":\"https:\\\/\\\/www.altominho.tv\\\/site\\\/2018\\\/05\\\/18\\\/projeto-escola-da-natureza-de-viana-do-castelo-conquista-premio-europeu\\\/\"},\"author\":{\"name\":\"Andreia Ferreira\",\"@id\":\"https:\\\/\\\/www.altominho.tv\\\/site\\\/#\\\/schema\\\/person\\\/d9be4265364723f14ea8e0d56a1d38cd\"},\"headline\":\"Projeto Escola da Natureza de Viana do Castelo conquista pr\u00e9mio europeu\",\"datePublished\":\"2018-05-18T09:55:41+00:00\",\"dateModified\":\"2018-05-18T09:57:58+00:00\",\"mainEntityOfPage\":{\"@id\":\"https:\\\/\\\/www.altominho.tv\\\/site\\\/2018\\\/05\\\/18\\\/projeto-escola-da-natureza-de-viana-do-castelo-conquista-premio-europeu\\\/\"},\"wordCount\":479,\"image\":{\"@id\":\"https:\\\/\\\/www.altominho.tv\\\/site\\\/2018\\\/05\\\/18\\\/projeto-escola-da-natureza-de-viana-do-castelo-conquista-premio-europeu\\\/#primaryimage\"},\"thumbnailUrl\":\"https:\\\/\\\/www.altominho.tv\\\/site\\\/wp-content\\\/uploads\\\/2018\\\/05\\\/PROJETOS-EDUCATIVOS-2017-2018-4.jpg\",\"keywords\":[\"Educa\u00e7\u00e3o\",\"Sociedade\"],\"articleSection\":[\"Viana do Castelo\"],\"inLanguage\":\"pt-PT\",\"copyrightYear\":\"2018\",\"copyrightHolder\":{\"@id\":\"https:\\\/\\\/www.altominho.tv\\\/site\\\/#organization\"}},{\"@type\":\"WebPage\",\"@id\":\"https:\\\/\\\/www.altominho.tv\\\/site\\\/2018\\\/05\\\/18\\\/projeto-escola-da-natureza-de-viana-do-castelo-conquista-premio-europeu\\\/\",\"url\":\"https:\\\/\\\/www.altominho.tv\\\/site\\\/2018\\\/05\\\/18\\\/projeto-escola-da-natureza-de-viana-do-castelo-conquista-premio-europeu\\\/\",\"name\":\"Projeto Escola da Natureza de Viana do Castelo conquista pr\u00e9mio europeu\",\"isPartOf\":{\"@id\":\"https:\\\/\\\/www.altominho.tv\\\/site\\\/#website\"},\"primaryImageOfPage\":{\"@id\":\"https:\\\/\\\/www.altominho.tv\\\/site\\\/2018\\\/05\\\/18\\\/projeto-escola-da-natureza-de-viana-do-castelo-conquista-premio-europeu\\\/#primaryimage\"},\"image\":{\"@id\":\"https:\\\/\\\/www.altominho.tv\\\/site\\\/2018\\\/05\\\/18\\\/projeto-escola-da-natureza-de-viana-do-castelo-conquista-premio-europeu\\\/#primaryimage\"},\"thumbnailUrl\":\"https:\\\/\\\/www.altominho.tv\\\/site\\\/wp-content\\\/uploads\\\/2018\\\/05\\\/PROJETOS-EDUCATIVOS-2017-2018-4.jpg\",\"datePublished\":\"2018-05-18T09:55:41+00:00\",\"dateModified\":\"2018-05-18T09:57:58+00:00\",\"author\":{\"@id\":\"https:\\\/\\\/www.altominho.tv\\\/site\\\/#\\\/schema\\\/person\\\/d9be4265364723f14ea8e0d56a1d38cd\"},\"breadcrumb\":{\"@id\":\"https:\\\/\\\/www.altominho.tv\\\/site\\\/2018\\\/05\\\/18\\\/projeto-escola-da-natureza-de-viana-do-castelo-conquista-premio-europeu\\\/#breadcrumb\"},\"inLanguage\":\"pt-PT\",\"potentialAction\":[{\"@type\":\"ReadAction\",\"target\":[\"https:\\\/\\\/www.altominho.tv\\\/site\\\/2018\\\/05\\\/18\\\/projeto-escola-da-natureza-de-viana-do-castelo-conquista-premio-europeu\\\/\"]}]},{\"@type\":\"ImageObject\",\"inLanguage\":\"pt-PT\",\"@id\":\"https:\\\/\\\/www.altominho.tv\\\/site\\\/2018\\\/05\\\/18\\\/projeto-escola-da-natureza-de-viana-do-castelo-conquista-premio-europeu\\\/#primaryimage\",\"url\":\"https:\\\/\\\/www.altominho.tv\\\/site\\\/wp-content\\\/uploads\\\/2018\\\/05\\\/PROJETOS-EDUCATIVOS-2017-2018-4.jpg\",\"contentUrl\":\"https:\\\/\\\/www.altominho.tv\\\/site\\\/wp-content\\\/uploads\\\/2018\\\/05\\\/PROJETOS-EDUCATIVOS-2017-2018-4.jpg\",\"width\":1024,\"height\":683},{\"@type\":\"BreadcrumbList\",\"@id\":\"https:\\\/\\\/www.altominho.tv\\\/site\\\/2018\\\/05\\\/18\\\/projeto-escola-da-natureza-de-viana-do-castelo-conquista-premio-europeu\\\/#breadcrumb\",\"itemListElement\":[{\"@type\":\"ListItem\",\"position\":1,\"name\":\"In\u00edcio\",\"item\":\"https:\\\/\\\/www.altominho.tv\\\/site\\\/\"},{\"@type\":\"ListItem\",\"position\":2,\"name\":\"Projeto Escola da Natureza de Viana do Castelo conquista pr\u00e9mio europeu\"}]},{\"@type\":\"WebSite\",\"@id\":\"https:\\\/\\\/www.altominho.tv\\\/site\\\/#website\",\"url\":\"https:\\\/\\\/www.altominho.tv\\\/site\\\/\",\"name\":\"Altominho.tv\",\"description\":\"A sua regi\u00e3o \u00e0 dist\u00e2ncia de um clique...\",\"potentialAction\":[{\"@type\":\"SearchAction\",\"target\":{\"@type\":\"EntryPoint\",\"urlTemplate\":\"https:\\\/\\\/www.altominho.tv\\\/site\\\/?s={search_term_string}\"},\"query-input\":{\"@type\":\"PropertyValueSpecification\",\"valueRequired\":true,\"valueName\":\"search_term_string\"}}],\"inLanguage\":\"pt-PT\"},{\"@type\":\"Person\",\"@id\":\"https:\\\/\\\/www.altominho.tv\\\/site\\\/#\\\/schema\\\/person\\\/d9be4265364723f14ea8e0d56a1d38cd\",\"name\":\"Andreia Ferreira\",\"image\":{\"@type\":\"ImageObject\",\"inLanguage\":\"pt-PT\",\"@id\":\"https:\\\/\\\/www.altominho.tv\\\/site\\\/wp-content\\\/uploads\\\/2021\\\/01\\\/AndreiaFerreira-150x150.jpg\",\"url\":\"https:\\\/\\\/www.altominho.tv\\\/site\\\/wp-content\\\/uploads\\\/2021\\\/01\\\/AndreiaFerreira-150x150.jpg\",\"contentUrl\":\"https:\\\/\\\/www.altominho.tv\\\/site\\\/wp-content\\\/uploads\\\/2021\\\/01\\\/AndreiaFerreira-150x150.jpg\",\"caption\":\"Andreia Ferreira\"},\"url\":\"https:\\\/\\\/www.altominho.tv\\\/site\\\/author\\\/andreiaferreira\\\/\"}]}<\/script>\n<!-- \/ Yoast SEO Premium plugin. -->","yoast_head_json":{"title":"Projeto Escola da Natureza de Viana do Castelo conquista pr\u00e9mio europeu","robots":{"index":"index","follow":"follow","max-snippet":"max-snippet:-1","max-image-preview":"max-image-preview:large","max-video-preview":"max-video-preview:-1"},"canonical":"https:\/\/www.altominho.tv\/site\/2018\/05\/18\/projeto-escola-da-natureza-de-viana-do-castelo-conquista-premio-europeu\/","og_locale":"pt_PT","og_type":"article","og_title":"Projeto Escola da Natureza de Viana do Castelo conquista pr\u00e9mio europeu","og_description":"O projeto &#8220;Escola da Natureza&#8221; do Centro de Monitoriza\u00e7\u00e3o e Interpreta\u00e7\u00e3o Ambiental (CMIA) de Viana do Castelo venceu o European Citizen&#8217;s Award Natura 2000, obtendo o n\u00famero mais elevado de nomea\u00e7\u00f5es, por meio de vota\u00e7\u00e3o p\u00fablica. &#8220;Ganh\u00e1mos o European Citizen&#8217;s Award Natura 2000. O projeto Escola da Natureza foi o vencedor na vota\u00e7\u00e3o dos europeus [&hellip;]","og_url":"https:\/\/www.altominho.tv\/site\/2018\/05\/18\/projeto-escola-da-natureza-de-viana-do-castelo-conquista-premio-europeu\/","og_site_name":"Altominho.tv","article_publisher":"https:\/\/www.facebook.com\/altominhotv","article_published_time":"2018-05-18T09:55:41+00:00","article_modified_time":"2018-05-18T09:57:58+00:00","og_image":[{"width":1024,"height":683,"url":"https:\/\/www.altominho.tv\/site\/wp-content\/uploads\/2018\/05\/PROJETOS-EDUCATIVOS-2017-2018-4.jpg","type":"image\/jpeg"}],"author":"Andreia Ferreira","twitter_card":"summary_large_image","twitter_creator":"@altominhoTV","twitter_site":"@altominhoTV","twitter_misc":{"Escrito por":"Andreia Ferreira","Tempo estimado de leitura":"2 minutos"},"schema":{"@context":"https:\/\/schema.org","@graph":[{"@type":"Article","@id":"https:\/\/www.altominho.tv\/site\/2018\/05\/18\/projeto-escola-da-natureza-de-viana-do-castelo-conquista-premio-europeu\/#article","isPartOf":{"@id":"https:\/\/www.altominho.tv\/site\/2018\/05\/18\/projeto-escola-da-natureza-de-viana-do-castelo-conquista-premio-europeu\/"},"author":{"name":"Andreia Ferreira","@id":"https:\/\/www.altominho.tv\/site\/#\/schema\/person\/d9be4265364723f14ea8e0d56a1d38cd"},"headline":"Projeto Escola da Natureza de Viana do Castelo conquista pr\u00e9mio europeu","datePublished":"2018-05-18T09:55:41+00:00","dateModified":"2018-05-18T09:57:58+00:00","mainEntityOfPage":{"@id":"https:\/\/www.altominho.tv\/site\/2018\/05\/18\/projeto-escola-da-natureza-de-viana-do-castelo-conquista-premio-europeu\/"},"wordCount":479,"image":{"@id":"https:\/\/www.altominho.tv\/site\/2018\/05\/18\/projeto-escola-da-natureza-de-viana-do-castelo-conquista-premio-europeu\/#primaryimage"},"thumbnailUrl":"https:\/\/www.altominho.tv\/site\/wp-content\/uploads\/2018\/05\/PROJETOS-EDUCATIVOS-2017-2018-4.jpg","keywords":["Educa\u00e7\u00e3o","Sociedade"],"articleSection":["Viana do Castelo"],"inLanguage":"pt-PT","copyrightYear":"2018","copyrightHolder":{"@id":"https:\/\/www.altominho.tv\/site\/#organization"}},{"@type":"WebPage","@id":"https:\/\/www.altominho.tv\/site\/2018\/05\/18\/projeto-escola-da-natureza-de-viana-do-castelo-conquista-premio-europeu\/","url":"https:\/\/www.altominho.tv\/site\/2018\/05\/18\/projeto-escola-da-natureza-de-viana-do-castelo-conquista-premio-europeu\/","name":"Projeto Escola da Natureza de Viana do Castelo conquista pr\u00e9mio europeu","isPartOf":{"@id":"https:\/\/www.altominho.tv\/site\/#website"},"primaryImageOfPage":{"@id":"https:\/\/www.altominho.tv\/site\/2018\/05\/18\/projeto-escola-da-natureza-de-viana-do-castelo-conquista-premio-europeu\/#primaryimage"},"image":{"@id":"https:\/\/www.altominho.tv\/site\/2018\/05\/18\/projeto-escola-da-natureza-de-viana-do-castelo-conquista-premio-europeu\/#primaryimage"},"thumbnailUrl":"https:\/\/www.altominho.tv\/site\/wp-content\/uploads\/2018\/05\/PROJETOS-EDUCATIVOS-2017-2018-4.jpg","datePublished":"2018-05-18T09:55:41+00:00","dateModified":"2018-05-18T09:57:58+00:00","author":{"@id":"https:\/\/www.altominho.tv\/site\/#\/schema\/person\/d9be4265364723f14ea8e0d56a1d38cd"},"breadcrumb":{"@id":"https:\/\/www.altominho.tv\/site\/2018\/05\/18\/projeto-escola-da-natureza-de-viana-do-castelo-conquista-premio-europeu\/#breadcrumb"},"inLanguage":"pt-PT","potentialAction":[{"@type":"ReadAction","target":["https:\/\/www.altominho.tv\/site\/2018\/05\/18\/projeto-escola-da-natureza-de-viana-do-castelo-conquista-premio-europeu\/"]}]},{"@type":"ImageObject","inLanguage":"pt-PT","@id":"https:\/\/www.altominho.tv\/site\/2018\/05\/18\/projeto-escola-da-natureza-de-viana-do-castelo-conquista-premio-europeu\/#primaryimage","url":"https:\/\/www.altominho.tv\/site\/wp-content\/uploads\/2018\/05\/PROJETOS-EDUCATIVOS-2017-2018-4.jpg","contentUrl":"https:\/\/www.altominho.tv\/site\/wp-content\/uploads\/2018\/05\/PROJETOS-EDUCATIVOS-2017-2018-4.jpg","width":1024,"height":683},{"@type":"BreadcrumbList","@id":"https:\/\/www.altominho.tv\/site\/2018\/05\/18\/projeto-escola-da-natureza-de-viana-do-castelo-conquista-premio-europeu\/#breadcrumb","itemListElement":[{"@type":"ListItem","position":1,"name":"In\u00edcio","item":"https:\/\/www.altominho.tv\/site\/"},{"@type":"ListItem","position":2,"name":"Projeto Escola da Natureza de Viana do Castelo conquista pr\u00e9mio europeu"}]},{"@type":"WebSite","@id":"https:\/\/www.altominho.tv\/site\/#website","url":"https:\/\/www.altominho.tv\/site\/","name":"Altominho.tv","description":"A sua regi\u00e3o \u00e0 dist\u00e2ncia de um clique...","potentialAction":[{"@type":"SearchAction","target":{"@type":"EntryPoint","urlTemplate":"https:\/\/www.altominho.tv\/site\/?s={search_term_string}"},"query-input":{"@type":"PropertyValueSpecification","valueRequired":true,"valueName":"search_term_string"}}],"inLanguage":"pt-PT"},{"@type":"Person","@id":"https:\/\/www.altominho.tv\/site\/#\/schema\/person\/d9be4265364723f14ea8e0d56a1d38cd","name":"Andreia Ferreira","image":{"@type":"ImageObject","inLanguage":"pt-PT","@id":"https:\/\/www.altominho.tv\/site\/wp-content\/uploads\/2021\/01\/AndreiaFerreira-150x150.jpg","url":"https:\/\/www.altominho.tv\/site\/wp-content\/uploads\/2021\/01\/AndreiaFerreira-150x150.jpg","contentUrl":"https:\/\/www.altominho.tv\/site\/wp-content\/uploads\/2021\/01\/AndreiaFerreira-150x150.jpg","caption":"Andreia Ferreira"},"url":"https:\/\/www.altominho.tv\/site\/author\/andreiaferreira\/"}]}},"_links":{"self":[{"href":"https:\/\/www.altominho.tv\/site\/wp-json\/wp\/v2\/posts\/13723","targetHints":{"allow":["GET"]}}],"collection":[{"href":"https:\/\/www.altominho.tv\/site\/wp-json\/wp\/v2\/posts"}],"about":[{"href":"https:\/\/www.altominho.tv\/site\/wp-json\/wp\/v2\/types\/post"}],"author":[{"embeddable":true,"href":"https:\/\/www.altominho.tv\/site\/wp-json\/wp\/v2\/users\/12"}],"replies":[{"embeddable":true,"href":"https:\/\/www.altominho.tv\/site\/wp-json\/wp\/v2\/comments?post=13723"}],"version-history":[{"count":0,"href":"https:\/\/www.altominho.tv\/site\/wp-json\/wp\/v2\/posts\/13723\/revisions"}],"wp:featuredmedia":[{"embeddable":true,"href":"https:\/\/www.altominho.tv\/site\/wp-json\/wp\/v2\/media\/13724"}],"wp:attachment":[{"href":"https:\/\/www.altominho.tv\/site\/wp-json\/wp\/v2\/media?parent=13723"}],"wp:term":[{"taxonomy":"category","embeddable":true,"href":"https:\/\/www.altominho.tv\/site\/wp-json\/wp\/v2\/categories?post=13723"},{"taxonomy":"post_tag","embeddable":true,"href":"https:\/\/www.altominho.tv\/site\/wp-json\/wp\/v2\/tags?post=13723"}],"curies":[{"name":"wp","href":"https:\/\/api.w.org\/{rel}","templated":true}]}}