{"id":136388,"date":"2026-09-06T10:23:51","date_gmt":"2026-09-06T09:23:51","guid":{"rendered":"https:\/\/www.altominho.tv\/site\/?p=136388"},"modified":"2026-09-06T10:23:53","modified_gmt":"2026-09-06T09:23:53","slug":"tribunal-admite-providencia-cautelar-que-pode-travar-obra-do-mercado-de-viana-do-castelo","status":"publish","type":"post","link":"https:\/\/www.altominho.tv\/site\/2026\/09\/06\/tribunal-admite-providencia-cautelar-que-pode-travar-obra-do-mercado-de-viana-do-castelo\/","title":{"rendered":"Tribunal admite provid\u00eancia cautelar que pode travar obra do mercado de Viana do Castelo"},"content":{"rendered":"\n<p class=\"wp-block-paragraph\">O Tribunal Administrativo e Fiscal (TAF) de Braga \u201cadmitiu liminarmente\u201d o requerimento cautelar interposto pela Associa\u00e7\u00e3o Vian&#8217;Acorda que pretende travar as obras do novo mercado de Viana do Castelo para salvaguardar os achados arqueol\u00f3gicos encontrados no local.<\/p>\n\n\n\n<p class=\"wp-block-paragraph\">A decis\u00e3o, a que a ag\u00eancia Lusa teve acesso, datada de 01 de setembro, refere que a C\u00e2mara de Viana do Castelo tem um prazo de 10 dias para deduzir oposi\u00e7\u00e3o \u201cao decretamento provis\u00f3rio\u201d solicitado pela Associa\u00e7\u00e3o para a Defesa do Patrim\u00f3nio, constitu\u00edda em junho passado.<\/p>\n\n\n\n<p class=\"wp-block-paragraph\">A Vian&#8217;Acorda \u00e9 representada pelo arquiteto Rui Martins, que chegou a fazer parte do executivo municipal liderado pelo antigo presidente socialista da C\u00e2mara de Viana do Castelo, Defensor Moura.<\/p>\n\n\n\n<p class=\"wp-block-paragraph\">A Lusa contactou Rui Martins para obter mais esclarecimentos sobre as raz\u00f5es que levaram a associa\u00e7\u00e3o a pedir a provid\u00eancia cautelar, mas at\u00e9 ao momento sem sucesso.<\/p>\n\n\n\n<p class=\"wp-block-paragraph\">Contactado pela Lusa, o presidente da C\u00e2mara de Viana do Castelo, Lu\u00eds Nobre, assegurou que a autarquia \u201csempre cumpriu a lei e vai continuar a cumprir\u201d.<\/p>\n\n\n\n<p class=\"wp-block-paragraph\">\u201cA autarquia acionar\u00e1 todos os mecanismos administrativos, judiciais e indemnizat\u00f3rios por eventuais atrasos na execu\u00e7\u00e3o da obra (encargos com empreitada) e eventual perda de financiamento, custos com juros de associados ao empr\u00e9stimo, contra a Associa\u00e7\u00e3o Vian&#8217;Acorda, atuando assim na defesa do interesse dos vianenses&#8221;, refor\u00e7ou.<\/p>\n\n\n\n<p class=\"wp-block-paragraph\">O autarca socialista adiantou: \u201cO interesse coletivo sobrep\u00f5e-se ao particular\u201d. \u201cNunca abdicarei desse princ\u00edpio. N\u00e3o h\u00e1 donos do interesse coletivo\u201d, frisou.<\/p>\n\n\n\n<p class=\"wp-block-paragraph\">As obras de constru\u00e7\u00e3o do novo mercado municipal de Viana do Castelo, no local onde existia o pr\u00e9dio Coutinho, desconstru\u00eddo em 2022, foi retomada no dia 01 de setembro, depois de ter sido suspensa, em janeiro, devido a uma interven\u00e7\u00e3o arqueol\u00f3gica.<\/p>\n\n\n\n<p class=\"wp-block-paragraph\">Na altura, a C\u00e2mara de Viana do Castelo explicou que \u201ca interven\u00e7\u00e3o arqueol\u00f3gica promoveu escava\u00e7\u00f5es, revelou estruturas n\u00e3o religiosas do antigo Convento de S\u00e3o Bento, fundado no s\u00e9culo XVI, nas v\u00e1rias fases de ocupa\u00e7\u00e3o do espa\u00e7o \u2013 dormit\u00f3rios, enfermarias, \u00e1reas t\u00e9cnicas\u201d.<\/p>\n\n\n\n<p class=\"wp-block-paragraph\">A C\u00e2mara de Viana do Castelo adiantou estar \u201ca fechar o projeto de valoriza\u00e7\u00e3o dos achados arqueol\u00f3gicos junto das entidades competentes\u201d.<\/p>\n\n\n\n<p class=\"wp-block-paragraph\">A \u201cproposta da autarquia, que ter\u00e1 de ser aprovada, passa por integrar os achados no futuro Polo de Arqueologia a ser implementado na zona empresarial da Praia Norte e em outros espa\u00e7os na cidade\u201d.<\/p>\n\n\n\n<p class=\"wp-block-paragraph\">Foi efetuada a preserva\u00e7\u00e3o por registo cartogr\u00e1fico, fotogr\u00e1fico, digital e publica\u00e7\u00e3o dos vest\u00edgios encontrados.<\/p>\n\n\n\n<p class=\"wp-block-paragraph\">No \u201cfinal do s\u00e9culo XIX, em 1891, ap\u00f3s a extin\u00e7\u00e3o das ordens religiosas, o munic\u00edpio deliberou demolir as estruturas n\u00e3o religiosas do convento para a\u00ed construir o primeiro mercado municipal \u2013 Mercado das Torres\u201d, tendo sido \u201cpreservadas as \u201cfun\u00e7\u00f5es mais nobres do antigo convento, como a igreja e os claustros\u201d.<\/p>\n\n\n\n<p class=\"wp-block-paragraph\">O futuro mercado \u00e9 \u201cconsiderado estruturante para o desenvolvimento da cidade e para a dinamiza\u00e7\u00e3o do centro hist\u00f3rico, e est\u00e1 dividido em duas grandes interven\u00e7\u00f5es: o edif\u00edcio propriamente dito, cuja localiza\u00e7\u00e3o \u00e9 sobre a implanta\u00e7\u00e3o do antigo pr\u00e9dio Coutinho, desconstru\u00eddo em 2022, e a reabilita\u00e7\u00e3o do espa\u00e7o envolvente exterior&#8221;.<\/p>\n\n\n\n<p class=\"wp-block-paragraph\">O projeto de execu\u00e7\u00e3o de arquitetura indica que o futuro espa\u00e7o comercial contar\u00e1 com um total de 56 bancas, 28 espa\u00e7os comerciais\/servi\u00e7os e ainda com 91 lugares de estacionamento em cave.<\/p>\n\n\n\n<p class=\"wp-block-paragraph\">Foto: <strong>DR<\/strong><br>&nbsp;<\/p>\n","protected":false},"excerpt":{"rendered":"<p>O Tribunal Administrativo e Fiscal (TAF) de Braga \u201cadmitiu liminarmente\u201d o requerimento cautelar interposto pela Associa\u00e7\u00e3o Vian&#8217;Acorda que pretende travar as obras do novo mercado de Viana do Castelo para salvaguardar os achados arqueol\u00f3gicos encontrados no local. A decis\u00e3o, a que a ag\u00eancia Lusa teve acesso, datada de 01 de setembro, refere que a C\u00e2mara [&hellip;]<\/p>\n","protected":false},"author":13,"featured_media":136015,"comment_status":"closed","ping_status":"closed","sticky":false,"template":"","format":"standard","meta":{"_exactmetrics_skip_tracking":false,"footnotes":""},"categories":[14],"tags":[27],"class_list":["post-136388","post","type-post","status-publish","format-standard","has-post-thumbnail","hentry","category-viana-do-castelo","tag-sociedade"],"yoast_head":"<!-- This site is optimized with the Yoast SEO Premium plugin v28.3 (Yoast SEO v28.3) - https:\/\/yoast.com\/product\/yoast-seo-premium-wordpress\/ -->\n<title>Tribunal admite provid\u00eancia cautelar que pode travar obra do mercado de Viana do Castelo<\/title>\n<meta name=\"description\" content=\"O Tribunal Administrativo e Fiscal (TAF) de Braga \u201cadmitiu liminarmente\u201d o requerimento cautelar interposto pela Associa\u00e7\u00e3o Vian&#039;Acorda que pretende travar as obras do novo mercado de Viana do Castelo para salvaguardar os achados arqueol\u00f3gicos encontrados no local.\" \/>\n<meta name=\"robots\" content=\"index, follow, max-snippet:-1, max-image-preview:large, max-video-preview:-1\" \/>\n<link rel=\"canonical\" href=\"https:\/\/www.altominho.tv\/site\/2026\/09\/06\/tribunal-admite-providencia-cautelar-que-pode-travar-obra-do-mercado-de-viana-do-castelo\/\" \/>\n<meta property=\"og:locale\" content=\"pt_PT\" \/>\n<meta property=\"og:type\" content=\"article\" \/>\n<meta property=\"og:title\" content=\"Tribunal admite provid\u00eancia cautelar que pode travar obra do mercado de Viana do Castelo\" \/>\n<meta property=\"og:description\" content=\"O Tribunal Administrativo e Fiscal (TAF) de Braga \u201cadmitiu liminarmente\u201d o requerimento cautelar interposto pela Associa\u00e7\u00e3o Vian&#039;Acorda que pretende travar as obras do novo mercado de Viana do Castelo para salvaguardar os achados arqueol\u00f3gicos encontrados no local.\" \/>\n<meta property=\"og:url\" content=\"https:\/\/www.altominho.tv\/site\/2026\/09\/06\/tribunal-admite-providencia-cautelar-que-pode-travar-obra-do-mercado-de-viana-do-castelo\/\" \/>\n<meta property=\"og:site_name\" content=\"Altominho.tv\" \/>\n<meta property=\"article:publisher\" content=\"https:\/\/www.facebook.com\/altominhotv\" \/>\n<meta property=\"article:published_time\" content=\"2026-09-06T09:23:51+00:00\" \/>\n<meta property=\"article:modified_time\" content=\"2026-09-06T09:23:53+00:00\" \/>\n<meta property=\"og:image\" content=\"https:\/\/www.altominho.tv\/site\/wp-content\/uploads\/2026\/08\/escavacao-mercado-municipal-viana.jpg\" \/>\n\t<meta property=\"og:image:width\" content=\"1200\" \/>\n\t<meta property=\"og:image:height\" content=\"630\" \/>\n\t<meta property=\"og:image:type\" content=\"image\/jpeg\" \/>\n<meta name=\"author\" content=\"Lusa\" \/>\n<meta name=\"twitter:card\" content=\"summary_large_image\" \/>\n<meta name=\"twitter:creator\" content=\"@altominhoTV\" \/>\n<meta name=\"twitter:site\" content=\"@altominhoTV\" \/>\n<meta name=\"twitter:label1\" content=\"Escrito por\" \/>\n\t<meta name=\"twitter:data1\" content=\"Lusa\" \/>\n\t<meta name=\"twitter:label2\" content=\"Tempo estimado de leitura\" \/>\n\t<meta name=\"twitter:data2\" content=\"4 minutos\" \/>\n<script type=\"application\/ld+json\" class=\"yoast-schema-graph\">{\"@context\":\"https:\\\/\\\/schema.org\",\"@graph\":[{\"@type\":\"Article\",\"@id\":\"https:\\\/\\\/www.altominho.tv\\\/site\\\/2026\\\/09\\\/06\\\/tribunal-admite-providencia-cautelar-que-pode-travar-obra-do-mercado-de-viana-do-castelo\\\/#article\",\"isPartOf\":{\"@id\":\"https:\\\/\\\/www.altominho.tv\\\/site\\\/2026\\\/09\\\/06\\\/tribunal-admite-providencia-cautelar-que-pode-travar-obra-do-mercado-de-viana-do-castelo\\\/\"},\"author\":{\"name\":\"Lusa\",\"@id\":\"https:\\\/\\\/www.altominho.tv\\\/site\\\/#\\\/schema\\\/person\\\/63f693da3e1899361cbe955c46f3232e\"},\"headline\":\"Tribunal admite provid\u00eancia cautelar que pode travar obra do mercado de Viana do Castelo\",\"datePublished\":\"2026-09-06T09:23:51+00:00\",\"dateModified\":\"2026-09-06T09:23:53+00:00\",\"mainEntityOfPage\":{\"@id\":\"https:\\\/\\\/www.altominho.tv\\\/site\\\/2026\\\/09\\\/06\\\/tribunal-admite-providencia-cautelar-que-pode-travar-obra-do-mercado-de-viana-do-castelo\\\/\"},\"wordCount\":587,\"image\":{\"@id\":\"https:\\\/\\\/www.altominho.tv\\\/site\\\/2026\\\/09\\\/06\\\/tribunal-admite-providencia-cautelar-que-pode-travar-obra-do-mercado-de-viana-do-castelo\\\/#primaryimage\"},\"thumbnailUrl\":\"https:\\\/\\\/www.altominho.tv\\\/site\\\/wp-content\\\/uploads\\\/2026\\\/08\\\/escavacao-mercado-municipal-viana.jpg\",\"keywords\":[\"Sociedade\"],\"articleSection\":[\"Viana do Castelo\"],\"inLanguage\":\"pt-PT\",\"copyrightYear\":\"2026\",\"copyrightHolder\":{\"@id\":\"https:\\\/\\\/www.altominho.tv\\\/site\\\/#organization\"}},{\"@type\":\"WebPage\",\"@id\":\"https:\\\/\\\/www.altominho.tv\\\/site\\\/2026\\\/09\\\/06\\\/tribunal-admite-providencia-cautelar-que-pode-travar-obra-do-mercado-de-viana-do-castelo\\\/\",\"url\":\"https:\\\/\\\/www.altominho.tv\\\/site\\\/2026\\\/09\\\/06\\\/tribunal-admite-providencia-cautelar-que-pode-travar-obra-do-mercado-de-viana-do-castelo\\\/\",\"name\":\"Tribunal admite provid\u00eancia cautelar que pode travar obra do mercado de Viana do Castelo\",\"isPartOf\":{\"@id\":\"https:\\\/\\\/www.altominho.tv\\\/site\\\/#website\"},\"primaryImageOfPage\":{\"@id\":\"https:\\\/\\\/www.altominho.tv\\\/site\\\/2026\\\/09\\\/06\\\/tribunal-admite-providencia-cautelar-que-pode-travar-obra-do-mercado-de-viana-do-castelo\\\/#primaryimage\"},\"image\":{\"@id\":\"https:\\\/\\\/www.altominho.tv\\\/site\\\/2026\\\/09\\\/06\\\/tribunal-admite-providencia-cautelar-que-pode-travar-obra-do-mercado-de-viana-do-castelo\\\/#primaryimage\"},\"thumbnailUrl\":\"https:\\\/\\\/www.altominho.tv\\\/site\\\/wp-content\\\/uploads\\\/2026\\\/08\\\/escavacao-mercado-municipal-viana.jpg\",\"datePublished\":\"2026-09-06T09:23:51+00:00\",\"dateModified\":\"2026-09-06T09:23:53+00:00\",\"author\":{\"@id\":\"https:\\\/\\\/www.altominho.tv\\\/site\\\/#\\\/schema\\\/person\\\/63f693da3e1899361cbe955c46f3232e\"},\"description\":\"O Tribunal Administrativo e Fiscal (TAF) de Braga \u201cadmitiu liminarmente\u201d o requerimento cautelar interposto pela Associa\u00e7\u00e3o Vian'Acorda que pretende travar as obras do novo mercado de Viana do Castelo para salvaguardar os achados arqueol\u00f3gicos encontrados no local.\",\"breadcrumb\":{\"@id\":\"https:\\\/\\\/www.altominho.tv\\\/site\\\/2026\\\/09\\\/06\\\/tribunal-admite-providencia-cautelar-que-pode-travar-obra-do-mercado-de-viana-do-castelo\\\/#breadcrumb\"},\"inLanguage\":\"pt-PT\",\"potentialAction\":[{\"@type\":\"ReadAction\",\"target\":[\"https:\\\/\\\/www.altominho.tv\\\/site\\\/2026\\\/09\\\/06\\\/tribunal-admite-providencia-cautelar-que-pode-travar-obra-do-mercado-de-viana-do-castelo\\\/\"]}]},{\"@type\":\"ImageObject\",\"inLanguage\":\"pt-PT\",\"@id\":\"https:\\\/\\\/www.altominho.tv\\\/site\\\/2026\\\/09\\\/06\\\/tribunal-admite-providencia-cautelar-que-pode-travar-obra-do-mercado-de-viana-do-castelo\\\/#primaryimage\",\"url\":\"https:\\\/\\\/www.altominho.tv\\\/site\\\/wp-content\\\/uploads\\\/2026\\\/08\\\/escavacao-mercado-municipal-viana.jpg\",\"contentUrl\":\"https:\\\/\\\/www.altominho.tv\\\/site\\\/wp-content\\\/uploads\\\/2026\\\/08\\\/escavacao-mercado-municipal-viana.jpg\",\"width\":1200,\"height\":630},{\"@type\":\"BreadcrumbList\",\"@id\":\"https:\\\/\\\/www.altominho.tv\\\/site\\\/2026\\\/09\\\/06\\\/tribunal-admite-providencia-cautelar-que-pode-travar-obra-do-mercado-de-viana-do-castelo\\\/#breadcrumb\",\"itemListElement\":[{\"@type\":\"ListItem\",\"position\":1,\"name\":\"In\u00edcio\",\"item\":\"https:\\\/\\\/www.altominho.tv\\\/site\\\/\"},{\"@type\":\"ListItem\",\"position\":2,\"name\":\"Tribunal admite provid\u00eancia cautelar que pode travar obra do mercado de Viana do Castelo\"}]},{\"@type\":\"WebSite\",\"@id\":\"https:\\\/\\\/www.altominho.tv\\\/site\\\/#website\",\"url\":\"https:\\\/\\\/www.altominho.tv\\\/site\\\/\",\"name\":\"Altominho.tv\",\"description\":\"A sua regi\u00e3o \u00e0 dist\u00e2ncia de um clique...\",\"potentialAction\":[{\"@type\":\"SearchAction\",\"target\":{\"@type\":\"EntryPoint\",\"urlTemplate\":\"https:\\\/\\\/www.altominho.tv\\\/site\\\/?s={search_term_string}\"},\"query-input\":{\"@type\":\"PropertyValueSpecification\",\"valueRequired\":true,\"valueName\":\"search_term_string\"}}],\"inLanguage\":\"pt-PT\"},{\"@type\":\"Person\",\"@id\":\"https:\\\/\\\/www.altominho.tv\\\/site\\\/#\\\/schema\\\/person\\\/63f693da3e1899361cbe955c46f3232e\",\"name\":\"Lusa\",\"image\":{\"@type\":\"ImageObject\",\"inLanguage\":\"pt-PT\",\"@id\":\"https:\\\/\\\/www.altominho.tv\\\/site\\\/wp-content\\\/uploads\\\/2019\\\/08\\\/LUSA_Logo.gif\",\"url\":\"https:\\\/\\\/www.altominho.tv\\\/site\\\/wp-content\\\/uploads\\\/2019\\\/08\\\/LUSA_Logo.gif\",\"contentUrl\":\"https:\\\/\\\/www.altominho.tv\\\/site\\\/wp-content\\\/uploads\\\/2019\\\/08\\\/LUSA_Logo.gif\",\"caption\":\"Lusa\"},\"sameAs\":[\"http:\\\/\\\/\\\/\\\/www.altominho.tv\\\/site\"],\"url\":\"https:\\\/\\\/www.altominho.tv\\\/site\\\/author\\\/lusa\\\/\"}]}<\/script>\n<!-- \/ Yoast SEO Premium plugin. -->","yoast_head_json":{"title":"Tribunal admite provid\u00eancia cautelar que pode travar obra do mercado de Viana do Castelo","description":"O Tribunal Administrativo e Fiscal (TAF) de Braga \u201cadmitiu liminarmente\u201d o requerimento cautelar interposto pela Associa\u00e7\u00e3o Vian'Acorda que pretende travar as obras do novo mercado de Viana do Castelo para salvaguardar os achados arqueol\u00f3gicos encontrados no local.","robots":{"index":"index","follow":"follow","max-snippet":"max-snippet:-1","max-image-preview":"max-image-preview:large","max-video-preview":"max-video-preview:-1"},"canonical":"https:\/\/www.altominho.tv\/site\/2026\/09\/06\/tribunal-admite-providencia-cautelar-que-pode-travar-obra-do-mercado-de-viana-do-castelo\/","og_locale":"pt_PT","og_type":"article","og_title":"Tribunal admite provid\u00eancia cautelar que pode travar obra do mercado de Viana do Castelo","og_description":"O Tribunal Administrativo e Fiscal (TAF) de Braga \u201cadmitiu liminarmente\u201d o requerimento cautelar interposto pela Associa\u00e7\u00e3o Vian'Acorda que pretende travar as obras do novo mercado de Viana do Castelo para salvaguardar os achados arqueol\u00f3gicos encontrados no local.","og_url":"https:\/\/www.altominho.tv\/site\/2026\/09\/06\/tribunal-admite-providencia-cautelar-que-pode-travar-obra-do-mercado-de-viana-do-castelo\/","og_site_name":"Altominho.tv","article_publisher":"https:\/\/www.facebook.com\/altominhotv","article_published_time":"2026-09-06T09:23:51+00:00","article_modified_time":"2026-09-06T09:23:53+00:00","og_image":[{"width":1200,"height":630,"url":"https:\/\/www.altominho.tv\/site\/wp-content\/uploads\/2026\/08\/escavacao-mercado-municipal-viana.jpg","type":"image\/jpeg"}],"author":"Lusa","twitter_card":"summary_large_image","twitter_creator":"@altominhoTV","twitter_site":"@altominhoTV","twitter_misc":{"Escrito por":"Lusa","Tempo estimado de leitura":"4 minutos"},"schema":{"@context":"https:\/\/schema.org","@graph":[{"@type":"Article","@id":"https:\/\/www.altominho.tv\/site\/2026\/09\/06\/tribunal-admite-providencia-cautelar-que-pode-travar-obra-do-mercado-de-viana-do-castelo\/#article","isPartOf":{"@id":"https:\/\/www.altominho.tv\/site\/2026\/09\/06\/tribunal-admite-providencia-cautelar-que-pode-travar-obra-do-mercado-de-viana-do-castelo\/"},"author":{"name":"Lusa","@id":"https:\/\/www.altominho.tv\/site\/#\/schema\/person\/63f693da3e1899361cbe955c46f3232e"},"headline":"Tribunal admite provid\u00eancia cautelar que pode travar obra do mercado de Viana do Castelo","datePublished":"2026-09-06T09:23:51+00:00","dateModified":"2026-09-06T09:23:53+00:00","mainEntityOfPage":{"@id":"https:\/\/www.altominho.tv\/site\/2026\/09\/06\/tribunal-admite-providencia-cautelar-que-pode-travar-obra-do-mercado-de-viana-do-castelo\/"},"wordCount":587,"image":{"@id":"https:\/\/www.altominho.tv\/site\/2026\/09\/06\/tribunal-admite-providencia-cautelar-que-pode-travar-obra-do-mercado-de-viana-do-castelo\/#primaryimage"},"thumbnailUrl":"https:\/\/www.altominho.tv\/site\/wp-content\/uploads\/2026\/08\/escavacao-mercado-municipal-viana.jpg","keywords":["Sociedade"],"articleSection":["Viana do Castelo"],"inLanguage":"pt-PT","copyrightYear":"2026","copyrightHolder":{"@id":"https:\/\/www.altominho.tv\/site\/#organization"}},{"@type":"WebPage","@id":"https:\/\/www.altominho.tv\/site\/2026\/09\/06\/tribunal-admite-providencia-cautelar-que-pode-travar-obra-do-mercado-de-viana-do-castelo\/","url":"https:\/\/www.altominho.tv\/site\/2026\/09\/06\/tribunal-admite-providencia-cautelar-que-pode-travar-obra-do-mercado-de-viana-do-castelo\/","name":"Tribunal admite provid\u00eancia cautelar que pode travar obra do mercado de Viana do Castelo","isPartOf":{"@id":"https:\/\/www.altominho.tv\/site\/#website"},"primaryImageOfPage":{"@id":"https:\/\/www.altominho.tv\/site\/2026\/09\/06\/tribunal-admite-providencia-cautelar-que-pode-travar-obra-do-mercado-de-viana-do-castelo\/#primaryimage"},"image":{"@id":"https:\/\/www.altominho.tv\/site\/2026\/09\/06\/tribunal-admite-providencia-cautelar-que-pode-travar-obra-do-mercado-de-viana-do-castelo\/#primaryimage"},"thumbnailUrl":"https:\/\/www.altominho.tv\/site\/wp-content\/uploads\/2026\/08\/escavacao-mercado-municipal-viana.jpg","datePublished":"2026-09-06T09:23:51+00:00","dateModified":"2026-09-06T09:23:53+00:00","author":{"@id":"https:\/\/www.altominho.tv\/site\/#\/schema\/person\/63f693da3e1899361cbe955c46f3232e"},"description":"O Tribunal Administrativo e Fiscal (TAF) de Braga \u201cadmitiu liminarmente\u201d o requerimento cautelar interposto pela Associa\u00e7\u00e3o Vian'Acorda que pretende travar as obras do novo mercado de Viana do Castelo para salvaguardar os achados arqueol\u00f3gicos encontrados no local.","breadcrumb":{"@id":"https:\/\/www.altominho.tv\/site\/2026\/09\/06\/tribunal-admite-providencia-cautelar-que-pode-travar-obra-do-mercado-de-viana-do-castelo\/#breadcrumb"},"inLanguage":"pt-PT","potentialAction":[{"@type":"ReadAction","target":["https:\/\/www.altominho.tv\/site\/2026\/09\/06\/tribunal-admite-providencia-cautelar-que-pode-travar-obra-do-mercado-de-viana-do-castelo\/"]}]},{"@type":"ImageObject","inLanguage":"pt-PT","@id":"https:\/\/www.altominho.tv\/site\/2026\/09\/06\/tribunal-admite-providencia-cautelar-que-pode-travar-obra-do-mercado-de-viana-do-castelo\/#primaryimage","url":"https:\/\/www.altominho.tv\/site\/wp-content\/uploads\/2026\/08\/escavacao-mercado-municipal-viana.jpg","contentUrl":"https:\/\/www.altominho.tv\/site\/wp-content\/uploads\/2026\/08\/escavacao-mercado-municipal-viana.jpg","width":1200,"height":630},{"@type":"BreadcrumbList","@id":"https:\/\/www.altominho.tv\/site\/2026\/09\/06\/tribunal-admite-providencia-cautelar-que-pode-travar-obra-do-mercado-de-viana-do-castelo\/#breadcrumb","itemListElement":[{"@type":"ListItem","position":1,"name":"In\u00edcio","item":"https:\/\/www.altominho.tv\/site\/"},{"@type":"ListItem","position":2,"name":"Tribunal admite provid\u00eancia cautelar que pode travar obra do mercado de Viana do Castelo"}]},{"@type":"WebSite","@id":"https:\/\/www.altominho.tv\/site\/#website","url":"https:\/\/www.altominho.tv\/site\/","name":"Altominho.tv","description":"A sua regi\u00e3o \u00e0 dist\u00e2ncia de um clique...","potentialAction":[{"@type":"SearchAction","target":{"@type":"EntryPoint","urlTemplate":"https:\/\/www.altominho.tv\/site\/?s={search_term_string}"},"query-input":{"@type":"PropertyValueSpecification","valueRequired":true,"valueName":"search_term_string"}}],"inLanguage":"pt-PT"},{"@type":"Person","@id":"https:\/\/www.altominho.tv\/site\/#\/schema\/person\/63f693da3e1899361cbe955c46f3232e","name":"Lusa","image":{"@type":"ImageObject","inLanguage":"pt-PT","@id":"https:\/\/www.altominho.tv\/site\/wp-content\/uploads\/2019\/08\/LUSA_Logo.gif","url":"https:\/\/www.altominho.tv\/site\/wp-content\/uploads\/2019\/08\/LUSA_Logo.gif","contentUrl":"https:\/\/www.altominho.tv\/site\/wp-content\/uploads\/2019\/08\/LUSA_Logo.gif","caption":"Lusa"},"sameAs":["http:\/\/\/\/www.altominho.tv\/site"],"url":"https:\/\/www.altominho.tv\/site\/author\/lusa\/"}]}},"_links":{"self":[{"href":"https:\/\/www.altominho.tv\/site\/wp-json\/wp\/v2\/posts\/136388","targetHints":{"allow":["GET"]}}],"collection":[{"href":"https:\/\/www.altominho.tv\/site\/wp-json\/wp\/v2\/posts"}],"about":[{"href":"https:\/\/www.altominho.tv\/site\/wp-json\/wp\/v2\/types\/post"}],"author":[{"embeddable":true,"href":"https:\/\/www.altominho.tv\/site\/wp-json\/wp\/v2\/users\/13"}],"replies":[{"embeddable":true,"href":"https:\/\/www.altominho.tv\/site\/wp-json\/wp\/v2\/comments?post=136388"}],"version-history":[{"count":2,"href":"https:\/\/www.altominho.tv\/site\/wp-json\/wp\/v2\/posts\/136388\/revisions"}],"predecessor-version":[{"id":136390,"href":"https:\/\/www.altominho.tv\/site\/wp-json\/wp\/v2\/posts\/136388\/revisions\/136390"}],"wp:featuredmedia":[{"embeddable":true,"href":"https:\/\/www.altominho.tv\/site\/wp-json\/wp\/v2\/media\/136015"}],"wp:attachment":[{"href":"https:\/\/www.altominho.tv\/site\/wp-json\/wp\/v2\/media?parent=136388"}],"wp:term":[{"taxonomy":"category","embeddable":true,"href":"https:\/\/www.altominho.tv\/site\/wp-json\/wp\/v2\/categories?post=136388"},{"taxonomy":"post_tag","embeddable":true,"href":"https:\/\/www.altominho.tv\/site\/wp-json\/wp\/v2\/tags?post=136388"}],"curies":[{"name":"wp","href":"https:\/\/api.w.org\/{rel}","templated":true}]}}