{"id":136368,"date":"2026-09-04T14:51:38","date_gmt":"2026-09-04T13:51:38","guid":{"rendered":"https:\/\/www.altominho.tv\/site\/?p=136368"},"modified":"2026-09-04T14:51:39","modified_gmt":"2026-09-04T13:51:39","slug":"festival-da-pizza-regressa-com-novos-sabores-e-mais-animacao","status":"publish","type":"post","link":"https:\/\/www.altominho.tv\/site\/2026\/09\/04\/festival-da-pizza-regressa-com-novos-sabores-e-mais-animacao\/","title":{"rendered":"Festival da Pizza regressa com novos sabores e mais anima\u00e7\u00e3o"},"content":{"rendered":"<p class=\"p1\">Vila Nova de Cerveira recebe, entre 11 e 13 de setembro, a quinta edi\u00e7\u00e3o do Festival da Pizza, na Pra\u00e7a Alto Minho, um evento que re\u00fane gastronomia, m\u00fasica, cultura e anima\u00e7\u00e3o inspiradas na tradi\u00e7\u00e3o italiana.<\/p>\n<p class=\"p1\">Depois do sucesso das anteriores edi\u00e7\u00f5es, o Festival da Pizza\u00a0 apresenta este ano novas propostas gastron\u00f3micas, incluindo a pizza doce.<\/p>\n<p class=\"p1\">A programa\u00e7\u00e3o inclui ainda a vertente competitiva, com mais uma edi\u00e7\u00e3o do Trofeo Pizzaiolo Alto Minho, competi\u00e7\u00e3o destinada a profissionais da confe\u00e7\u00e3o de pizza. A principal novidade \u00e9 a cria\u00e7\u00e3o do Trofeo Pizzaiolo Amador, aberto ao p\u00fablico em geral e destinado a participantes com gosto pela cozinha e pela confe\u00e7\u00e3o de pizza, mediante inscri\u00e7\u00e3o.<\/p>\n<p class=\"p1\">Entre os momentos de anima\u00e7\u00e3o previstos est\u00e1 tamb\u00e9m um \u2018Sunset\u2019 com DJ e m\u00fasica italiana, num bar circular instalado na Pra\u00e7a Alto Minho.<\/p>\n<p class=\"p1\">A abertura oficial do festival, marcada para 11 de setembro, contar\u00e1 com uma atua\u00e7\u00e3o do bailarino cerveirense Rub\u00e9n S\u00e1, que protagonizar\u00e1 a performance \u201cSar\u00e0 perch\u00e9 ti amo!\u201d.<\/p>\n<p class=\"p1\">O programa inclui ainda a participa\u00e7\u00e3o do chef italiano S\u00e9rgio Crivelli, que volta a marcar presen\u00e7a no festival, refor\u00e7ando a componente dedicada \u00e0 gastronomia e \u00e0 tradi\u00e7\u00e3o da pizza italiana.<\/p>\n<p class=\"p1\">O Festival da Pizza \u00e9 organizado pela C\u00e2mara Municipal de Vila Nova de Cerveira, em parceria com a Associazione Sapori Italiani, e conta com a participa\u00e7\u00e3o das pizzarias locais Piazza e Di Angelo.<\/p>\n<p>Foto: <strong>Altominho TV<\/strong><\/p>\n","protected":false},"excerpt":{"rendered":"<p>Vila Nova de Cerveira recebe, entre 11 e 13 de setembro, a quinta edi\u00e7\u00e3o do Festival da Pizza, na Pra\u00e7a Alto Minho, um evento que re\u00fane gastronomia, m\u00fasica, cultura e anima\u00e7\u00e3o inspiradas na tradi\u00e7\u00e3o italiana. Depois do sucesso das anteriores edi\u00e7\u00f5es, o Festival da Pizza\u00a0 apresenta este ano novas propostas gastron\u00f3micas, incluindo a pizza doce. [&hellip;]<\/p>\n","protected":false},"author":1,"featured_media":136369,"comment_status":"closed","ping_status":"closed","sticky":false,"template":"","format":"standard","meta":{"_exactmetrics_skip_tracking":false,"footnotes":""},"categories":[15],"tags":[81],"class_list":["post-136368","post","type-post","status-publish","format-standard","has-post-thumbnail","hentry","category-vila-nova-de-cerveira","tag-gastronomia"],"yoast_head":"<!-- This site is optimized with the Yoast SEO Premium plugin v28.3 (Yoast SEO v28.3) - https:\/\/yoast.com\/product\/yoast-seo-premium-wordpress\/ -->\n<title>Festival da Pizza regressa com novos sabores e mais anima\u00e7\u00e3o<\/title>\n<meta name=\"description\" content=\"Vila Nova de Cerveira recebe, entre 11 e 13 de setembro, a quinta edi\u00e7\u00e3o do Festival da Pizza, na Pra\u00e7a Alto Minho, um evento que re\u00fane gastronomia, m\u00fasica, cultura e anima\u00e7\u00e3o inspiradas na tradi\u00e7\u00e3o italiana.\" \/>\n<meta name=\"robots\" content=\"index, follow, max-snippet:-1, max-image-preview:large, max-video-preview:-1\" \/>\n<link rel=\"canonical\" href=\"https:\/\/www.altominho.tv\/site\/2026\/09\/04\/festival-da-pizza-regressa-com-novos-sabores-e-mais-animacao\/\" \/>\n<meta property=\"og:locale\" content=\"pt_PT\" \/>\n<meta property=\"og:type\" content=\"article\" \/>\n<meta property=\"og:title\" content=\"Festival da Pizza regressa com novos sabores e mais anima\u00e7\u00e3o\" \/>\n<meta property=\"og:description\" content=\"Vila Nova de Cerveira recebe, entre 11 e 13 de setembro, a quinta edi\u00e7\u00e3o do Festival da Pizza, na Pra\u00e7a Alto Minho, um evento que re\u00fane gastronomia, m\u00fasica, cultura e anima\u00e7\u00e3o inspiradas na tradi\u00e7\u00e3o italiana.\" \/>\n<meta property=\"og:url\" content=\"https:\/\/www.altominho.tv\/site\/2026\/09\/04\/festival-da-pizza-regressa-com-novos-sabores-e-mais-animacao\/\" \/>\n<meta property=\"og:site_name\" content=\"Altominho.tv\" \/>\n<meta property=\"article:publisher\" content=\"https:\/\/www.facebook.com\/altominhotv\" \/>\n<meta property=\"article:published_time\" content=\"2026-09-04T13:51:38+00:00\" \/>\n<meta property=\"article:modified_time\" content=\"2026-09-04T13:51:39+00:00\" \/>\n<meta property=\"og:image\" content=\"https:\/\/www.altominho.tv\/site\/wp-content\/uploads\/2026\/09\/pizza_ATV.jpg\" \/>\n\t<meta property=\"og:image:width\" content=\"1200\" \/>\n\t<meta property=\"og:image:height\" content=\"630\" \/>\n\t<meta property=\"og:image:type\" content=\"image\/jpeg\" \/>\n<meta name=\"author\" content=\"Altominho.tv\" \/>\n<meta name=\"twitter:card\" content=\"summary_large_image\" \/>\n<meta name=\"twitter:creator\" content=\"@altominhoTV\" \/>\n<meta name=\"twitter:site\" content=\"@altominhoTV\" \/>\n<meta name=\"twitter:label1\" content=\"Escrito por\" \/>\n\t<meta name=\"twitter:data1\" content=\"Altominho.tv\" \/>\n\t<meta name=\"twitter:label2\" content=\"Tempo estimado de leitura\" \/>\n\t<meta name=\"twitter:data2\" content=\"2 minutos\" \/>\n<script type=\"application\/ld+json\" class=\"yoast-schema-graph\">{\"@context\":\"https:\\\/\\\/schema.org\",\"@graph\":[{\"@type\":\"Article\",\"@id\":\"https:\\\/\\\/www.altominho.tv\\\/site\\\/2026\\\/09\\\/04\\\/festival-da-pizza-regressa-com-novos-sabores-e-mais-animacao\\\/#article\",\"isPartOf\":{\"@id\":\"https:\\\/\\\/www.altominho.tv\\\/site\\\/2026\\\/09\\\/04\\\/festival-da-pizza-regressa-com-novos-sabores-e-mais-animacao\\\/\"},\"author\":{\"name\":\"Altominho.tv\",\"@id\":\"https:\\\/\\\/www.altominho.tv\\\/site\\\/#\\\/schema\\\/person\\\/4e536851627d7914baf3dac752b6af22\"},\"headline\":\"Festival da Pizza regressa com novos sabores e mais anima\u00e7\u00e3o\",\"datePublished\":\"2026-09-04T13:51:38+00:00\",\"dateModified\":\"2026-09-04T13:51:39+00:00\",\"mainEntityOfPage\":{\"@id\":\"https:\\\/\\\/www.altominho.tv\\\/site\\\/2026\\\/09\\\/04\\\/festival-da-pizza-regressa-com-novos-sabores-e-mais-animacao\\\/\"},\"wordCount\":258,\"image\":{\"@id\":\"https:\\\/\\\/www.altominho.tv\\\/site\\\/2026\\\/09\\\/04\\\/festival-da-pizza-regressa-com-novos-sabores-e-mais-animacao\\\/#primaryimage\"},\"thumbnailUrl\":\"https:\\\/\\\/www.altominho.tv\\\/site\\\/wp-content\\\/uploads\\\/2026\\\/09\\\/pizza_ATV.jpg\",\"keywords\":[\"Gastronomia\"],\"articleSection\":[\"Vila Nova de Cerveira\"],\"inLanguage\":\"pt-PT\",\"copyrightYear\":\"2026\",\"copyrightHolder\":{\"@id\":\"https:\\\/\\\/www.altominho.tv\\\/site\\\/#organization\"}},{\"@type\":\"WebPage\",\"@id\":\"https:\\\/\\\/www.altominho.tv\\\/site\\\/2026\\\/09\\\/04\\\/festival-da-pizza-regressa-com-novos-sabores-e-mais-animacao\\\/\",\"url\":\"https:\\\/\\\/www.altominho.tv\\\/site\\\/2026\\\/09\\\/04\\\/festival-da-pizza-regressa-com-novos-sabores-e-mais-animacao\\\/\",\"name\":\"Festival da Pizza regressa com novos sabores e mais anima\u00e7\u00e3o\",\"isPartOf\":{\"@id\":\"https:\\\/\\\/www.altominho.tv\\\/site\\\/#website\"},\"primaryImageOfPage\":{\"@id\":\"https:\\\/\\\/www.altominho.tv\\\/site\\\/2026\\\/09\\\/04\\\/festival-da-pizza-regressa-com-novos-sabores-e-mais-animacao\\\/#primaryimage\"},\"image\":{\"@id\":\"https:\\\/\\\/www.altominho.tv\\\/site\\\/2026\\\/09\\\/04\\\/festival-da-pizza-regressa-com-novos-sabores-e-mais-animacao\\\/#primaryimage\"},\"thumbnailUrl\":\"https:\\\/\\\/www.altominho.tv\\\/site\\\/wp-content\\\/uploads\\\/2026\\\/09\\\/pizza_ATV.jpg\",\"datePublished\":\"2026-09-04T13:51:38+00:00\",\"dateModified\":\"2026-09-04T13:51:39+00:00\",\"author\":{\"@id\":\"https:\\\/\\\/www.altominho.tv\\\/site\\\/#\\\/schema\\\/person\\\/4e536851627d7914baf3dac752b6af22\"},\"description\":\"Vila Nova de Cerveira recebe, entre 11 e 13 de setembro, a quinta edi\u00e7\u00e3o do Festival da Pizza, na Pra\u00e7a Alto Minho, um evento que re\u00fane gastronomia, m\u00fasica, cultura e anima\u00e7\u00e3o inspiradas na tradi\u00e7\u00e3o italiana.\",\"breadcrumb\":{\"@id\":\"https:\\\/\\\/www.altominho.tv\\\/site\\\/2026\\\/09\\\/04\\\/festival-da-pizza-regressa-com-novos-sabores-e-mais-animacao\\\/#breadcrumb\"},\"inLanguage\":\"pt-PT\",\"potentialAction\":[{\"@type\":\"ReadAction\",\"target\":[\"https:\\\/\\\/www.altominho.tv\\\/site\\\/2026\\\/09\\\/04\\\/festival-da-pizza-regressa-com-novos-sabores-e-mais-animacao\\\/\"]}]},{\"@type\":\"ImageObject\",\"inLanguage\":\"pt-PT\",\"@id\":\"https:\\\/\\\/www.altominho.tv\\\/site\\\/2026\\\/09\\\/04\\\/festival-da-pizza-regressa-com-novos-sabores-e-mais-animacao\\\/#primaryimage\",\"url\":\"https:\\\/\\\/www.altominho.tv\\\/site\\\/wp-content\\\/uploads\\\/2026\\\/09\\\/pizza_ATV.jpg\",\"contentUrl\":\"https:\\\/\\\/www.altominho.tv\\\/site\\\/wp-content\\\/uploads\\\/2026\\\/09\\\/pizza_ATV.jpg\",\"width\":1200,\"height\":630},{\"@type\":\"BreadcrumbList\",\"@id\":\"https:\\\/\\\/www.altominho.tv\\\/site\\\/2026\\\/09\\\/04\\\/festival-da-pizza-regressa-com-novos-sabores-e-mais-animacao\\\/#breadcrumb\",\"itemListElement\":[{\"@type\":\"ListItem\",\"position\":1,\"name\":\"In\u00edcio\",\"item\":\"https:\\\/\\\/www.altominho.tv\\\/site\\\/\"},{\"@type\":\"ListItem\",\"position\":2,\"name\":\"Festival da Pizza regressa com novos sabores e mais anima\u00e7\u00e3o\"}]},{\"@type\":\"WebSite\",\"@id\":\"https:\\\/\\\/www.altominho.tv\\\/site\\\/#website\",\"url\":\"https:\\\/\\\/www.altominho.tv\\\/site\\\/\",\"name\":\"Altominho.tv\",\"description\":\"A sua regi\u00e3o \u00e0 dist\u00e2ncia de um clique...\",\"potentialAction\":[{\"@type\":\"SearchAction\",\"target\":{\"@type\":\"EntryPoint\",\"urlTemplate\":\"https:\\\/\\\/www.altominho.tv\\\/site\\\/?s={search_term_string}\"},\"query-input\":{\"@type\":\"PropertyValueSpecification\",\"valueRequired\":true,\"valueName\":\"search_term_string\"}}],\"inLanguage\":\"pt-PT\"},{\"@type\":\"Person\",\"@id\":\"https:\\\/\\\/www.altominho.tv\\\/site\\\/#\\\/schema\\\/person\\\/4e536851627d7914baf3dac752b6af22\",\"name\":\"Altominho.tv\",\"image\":{\"@type\":\"ImageObject\",\"inLanguage\":\"pt-PT\",\"@id\":\"https:\\\/\\\/www.altominho.tv\\\/site\\\/wp-content\\\/uploads\\\/2019\\\/11\\\/Logo_Avatar_2-150x150.jpg\",\"url\":\"https:\\\/\\\/www.altominho.tv\\\/site\\\/wp-content\\\/uploads\\\/2019\\\/11\\\/Logo_Avatar_2-150x150.jpg\",\"contentUrl\":\"https:\\\/\\\/www.altominho.tv\\\/site\\\/wp-content\\\/uploads\\\/2019\\\/11\\\/Logo_Avatar_2-150x150.jpg\",\"caption\":\"Altominho.tv\"},\"url\":\"https:\\\/\\\/www.altominho.tv\\\/site\\\/author\\\/altominhotv-tecnico\\\/\"}]}<\/script>\n<!-- \/ Yoast SEO Premium plugin. -->","yoast_head_json":{"title":"Festival da Pizza regressa com novos sabores e mais anima\u00e7\u00e3o","description":"Vila Nova de Cerveira recebe, entre 11 e 13 de setembro, a quinta edi\u00e7\u00e3o do Festival da Pizza, na Pra\u00e7a Alto Minho, um evento que re\u00fane gastronomia, m\u00fasica, cultura e anima\u00e7\u00e3o inspiradas na tradi\u00e7\u00e3o italiana.","robots":{"index":"index","follow":"follow","max-snippet":"max-snippet:-1","max-image-preview":"max-image-preview:large","max-video-preview":"max-video-preview:-1"},"canonical":"https:\/\/www.altominho.tv\/site\/2026\/09\/04\/festival-da-pizza-regressa-com-novos-sabores-e-mais-animacao\/","og_locale":"pt_PT","og_type":"article","og_title":"Festival da Pizza regressa com novos sabores e mais anima\u00e7\u00e3o","og_description":"Vila Nova de Cerveira recebe, entre 11 e 13 de setembro, a quinta edi\u00e7\u00e3o do Festival da Pizza, na Pra\u00e7a Alto Minho, um evento que re\u00fane gastronomia, m\u00fasica, cultura e anima\u00e7\u00e3o inspiradas na tradi\u00e7\u00e3o italiana.","og_url":"https:\/\/www.altominho.tv\/site\/2026\/09\/04\/festival-da-pizza-regressa-com-novos-sabores-e-mais-animacao\/","og_site_name":"Altominho.tv","article_publisher":"https:\/\/www.facebook.com\/altominhotv","article_published_time":"2026-09-04T13:51:38+00:00","article_modified_time":"2026-09-04T13:51:39+00:00","og_image":[{"width":1200,"height":630,"url":"https:\/\/www.altominho.tv\/site\/wp-content\/uploads\/2026\/09\/pizza_ATV.jpg","type":"image\/jpeg"}],"author":"Altominho.tv","twitter_card":"summary_large_image","twitter_creator":"@altominhoTV","twitter_site":"@altominhoTV","twitter_misc":{"Escrito por":"Altominho.tv","Tempo estimado de leitura":"2 minutos"},"schema":{"@context":"https:\/\/schema.org","@graph":[{"@type":"Article","@id":"https:\/\/www.altominho.tv\/site\/2026\/09\/04\/festival-da-pizza-regressa-com-novos-sabores-e-mais-animacao\/#article","isPartOf":{"@id":"https:\/\/www.altominho.tv\/site\/2026\/09\/04\/festival-da-pizza-regressa-com-novos-sabores-e-mais-animacao\/"},"author":{"name":"Altominho.tv","@id":"https:\/\/www.altominho.tv\/site\/#\/schema\/person\/4e536851627d7914baf3dac752b6af22"},"headline":"Festival da Pizza regressa com novos sabores e mais anima\u00e7\u00e3o","datePublished":"2026-09-04T13:51:38+00:00","dateModified":"2026-09-04T13:51:39+00:00","mainEntityOfPage":{"@id":"https:\/\/www.altominho.tv\/site\/2026\/09\/04\/festival-da-pizza-regressa-com-novos-sabores-e-mais-animacao\/"},"wordCount":258,"image":{"@id":"https:\/\/www.altominho.tv\/site\/2026\/09\/04\/festival-da-pizza-regressa-com-novos-sabores-e-mais-animacao\/#primaryimage"},"thumbnailUrl":"https:\/\/www.altominho.tv\/site\/wp-content\/uploads\/2026\/09\/pizza_ATV.jpg","keywords":["Gastronomia"],"articleSection":["Vila Nova de Cerveira"],"inLanguage":"pt-PT","copyrightYear":"2026","copyrightHolder":{"@id":"https:\/\/www.altominho.tv\/site\/#organization"}},{"@type":"WebPage","@id":"https:\/\/www.altominho.tv\/site\/2026\/09\/04\/festival-da-pizza-regressa-com-novos-sabores-e-mais-animacao\/","url":"https:\/\/www.altominho.tv\/site\/2026\/09\/04\/festival-da-pizza-regressa-com-novos-sabores-e-mais-animacao\/","name":"Festival da Pizza regressa com novos sabores e mais anima\u00e7\u00e3o","isPartOf":{"@id":"https:\/\/www.altominho.tv\/site\/#website"},"primaryImageOfPage":{"@id":"https:\/\/www.altominho.tv\/site\/2026\/09\/04\/festival-da-pizza-regressa-com-novos-sabores-e-mais-animacao\/#primaryimage"},"image":{"@id":"https:\/\/www.altominho.tv\/site\/2026\/09\/04\/festival-da-pizza-regressa-com-novos-sabores-e-mais-animacao\/#primaryimage"},"thumbnailUrl":"https:\/\/www.altominho.tv\/site\/wp-content\/uploads\/2026\/09\/pizza_ATV.jpg","datePublished":"2026-09-04T13:51:38+00:00","dateModified":"2026-09-04T13:51:39+00:00","author":{"@id":"https:\/\/www.altominho.tv\/site\/#\/schema\/person\/4e536851627d7914baf3dac752b6af22"},"description":"Vila Nova de Cerveira recebe, entre 11 e 13 de setembro, a quinta edi\u00e7\u00e3o do Festival da Pizza, na Pra\u00e7a Alto Minho, um evento que re\u00fane gastronomia, m\u00fasica, cultura e anima\u00e7\u00e3o inspiradas na tradi\u00e7\u00e3o italiana.","breadcrumb":{"@id":"https:\/\/www.altominho.tv\/site\/2026\/09\/04\/festival-da-pizza-regressa-com-novos-sabores-e-mais-animacao\/#breadcrumb"},"inLanguage":"pt-PT","potentialAction":[{"@type":"ReadAction","target":["https:\/\/www.altominho.tv\/site\/2026\/09\/04\/festival-da-pizza-regressa-com-novos-sabores-e-mais-animacao\/"]}]},{"@type":"ImageObject","inLanguage":"pt-PT","@id":"https:\/\/www.altominho.tv\/site\/2026\/09\/04\/festival-da-pizza-regressa-com-novos-sabores-e-mais-animacao\/#primaryimage","url":"https:\/\/www.altominho.tv\/site\/wp-content\/uploads\/2026\/09\/pizza_ATV.jpg","contentUrl":"https:\/\/www.altominho.tv\/site\/wp-content\/uploads\/2026\/09\/pizza_ATV.jpg","width":1200,"height":630},{"@type":"BreadcrumbList","@id":"https:\/\/www.altominho.tv\/site\/2026\/09\/04\/festival-da-pizza-regressa-com-novos-sabores-e-mais-animacao\/#breadcrumb","itemListElement":[{"@type":"ListItem","position":1,"name":"In\u00edcio","item":"https:\/\/www.altominho.tv\/site\/"},{"@type":"ListItem","position":2,"name":"Festival da Pizza regressa com novos sabores e mais anima\u00e7\u00e3o"}]},{"@type":"WebSite","@id":"https:\/\/www.altominho.tv\/site\/#website","url":"https:\/\/www.altominho.tv\/site\/","name":"Altominho.tv","description":"A sua regi\u00e3o \u00e0 dist\u00e2ncia de um clique...","potentialAction":[{"@type":"SearchAction","target":{"@type":"EntryPoint","urlTemplate":"https:\/\/www.altominho.tv\/site\/?s={search_term_string}"},"query-input":{"@type":"PropertyValueSpecification","valueRequired":true,"valueName":"search_term_string"}}],"inLanguage":"pt-PT"},{"@type":"Person","@id":"https:\/\/www.altominho.tv\/site\/#\/schema\/person\/4e536851627d7914baf3dac752b6af22","name":"Altominho.tv","image":{"@type":"ImageObject","inLanguage":"pt-PT","@id":"https:\/\/www.altominho.tv\/site\/wp-content\/uploads\/2019\/11\/Logo_Avatar_2-150x150.jpg","url":"https:\/\/www.altominho.tv\/site\/wp-content\/uploads\/2019\/11\/Logo_Avatar_2-150x150.jpg","contentUrl":"https:\/\/www.altominho.tv\/site\/wp-content\/uploads\/2019\/11\/Logo_Avatar_2-150x150.jpg","caption":"Altominho.tv"},"url":"https:\/\/www.altominho.tv\/site\/author\/altominhotv-tecnico\/"}]}},"_links":{"self":[{"href":"https:\/\/www.altominho.tv\/site\/wp-json\/wp\/v2\/posts\/136368","targetHints":{"allow":["GET"]}}],"collection":[{"href":"https:\/\/www.altominho.tv\/site\/wp-json\/wp\/v2\/posts"}],"about":[{"href":"https:\/\/www.altominho.tv\/site\/wp-json\/wp\/v2\/types\/post"}],"author":[{"embeddable":true,"href":"https:\/\/www.altominho.tv\/site\/wp-json\/wp\/v2\/users\/1"}],"replies":[{"embeddable":true,"href":"https:\/\/www.altominho.tv\/site\/wp-json\/wp\/v2\/comments?post=136368"}],"version-history":[{"count":1,"href":"https:\/\/www.altominho.tv\/site\/wp-json\/wp\/v2\/posts\/136368\/revisions"}],"predecessor-version":[{"id":136370,"href":"https:\/\/www.altominho.tv\/site\/wp-json\/wp\/v2\/posts\/136368\/revisions\/136370"}],"wp:featuredmedia":[{"embeddable":true,"href":"https:\/\/www.altominho.tv\/site\/wp-json\/wp\/v2\/media\/136369"}],"wp:attachment":[{"href":"https:\/\/www.altominho.tv\/site\/wp-json\/wp\/v2\/media?parent=136368"}],"wp:term":[{"taxonomy":"category","embeddable":true,"href":"https:\/\/www.altominho.tv\/site\/wp-json\/wp\/v2\/categories?post=136368"},{"taxonomy":"post_tag","embeddable":true,"href":"https:\/\/www.altominho.tv\/site\/wp-json\/wp\/v2\/tags?post=136368"}],"curies":[{"name":"wp","href":"https:\/\/api.w.org\/{rel}","templated":true}]}}