{"id":136365,"date":"2026-09-04T14:27:52","date_gmt":"2026-09-04T13:27:52","guid":{"rendered":"https:\/\/www.altominho.tv\/site\/?p=136365"},"modified":"2026-09-04T14:27:54","modified_gmt":"2026-09-04T13:27:54","slug":"piscinas-municipais-de-vila-praia-de-ancora-temporariamente-encerradas","status":"publish","type":"post","link":"https:\/\/www.altominho.tv\/site\/2026\/09\/04\/piscinas-municipais-de-vila-praia-de-ancora-temporariamente-encerradas\/","title":{"rendered":"Piscinas Municipais de Vila Praia de \u00c2ncora temporariamente encerradas"},"content":{"rendered":"<p class=\"p1\">As Piscinas Municipais de Vila Praia de \u00c2ncora est\u00e3o temporariamente encerradas ao p\u00fablico para a realiza\u00e7\u00e3o de trabalhos de manuten\u00e7\u00e3o e repara\u00e7\u00e3o.<\/p>\n<p class=\"p1\">A interven\u00e7\u00e3o, assegurada pelos funcion\u00e1rios do munic\u00edpio de Caminha, inclui a limpeza profunda dos espa\u00e7os interiores e exteriores, a lavagem das \u00e1reas envolventes e dos acessos, a manuten\u00e7\u00e3o das grelhas e dos equipamentos de apoio \u00e0s piscinas, al\u00e9m de outras repara\u00e7\u00f5es necess\u00e1rias ao bom funcionamento da infraestrutura.<\/p>\n<p class=\"p1\">De acordo com a autarquia, os trabalhos t\u00eam como objetivo garantir melhores condi\u00e7\u00f5es de seguran\u00e7a, conforto e utiliza\u00e7\u00e3o para a comunidade escolar, associa\u00e7\u00f5es, clubes e p\u00fablico em geral.<\/p>\n<p class=\"p1\">A reabertura das Piscinas Municipais de Vila Praia de \u00c2ncora est\u00e1 prevista para o pr\u00f3ximo dia 16 de setembro, permitindo que o equipamento esteja preparado para o arranque do novo ano letivo.<\/p>\n<p class=\"p1\">Foto: <b>Munic\u00edpio de Caminha<\/b><\/p>\n","protected":false},"excerpt":{"rendered":"<p>As Piscinas Municipais de Vila Praia de \u00c2ncora est\u00e3o temporariamente encerradas ao p\u00fablico para a realiza\u00e7\u00e3o de trabalhos de manuten\u00e7\u00e3o e repara\u00e7\u00e3o. A interven\u00e7\u00e3o, assegurada pelos funcion\u00e1rios do munic\u00edpio de Caminha, inclui a limpeza profunda dos espa\u00e7os interiores e exteriores, a lavagem das \u00e1reas envolventes e dos acessos, a manuten\u00e7\u00e3o das grelhas e dos equipamentos [&hellip;]<\/p>\n","protected":false},"author":1,"featured_media":136366,"comment_status":"closed","ping_status":"closed","sticky":false,"template":"","format":"standard","meta":{"_exactmetrics_skip_tracking":false,"footnotes":""},"categories":[7],"tags":[27],"class_list":["post-136365","post","type-post","status-publish","format-standard","has-post-thumbnail","hentry","category-caminha","tag-sociedade"],"yoast_head":"<!-- This site is optimized with the Yoast SEO Premium plugin v28.3 (Yoast SEO v28.3) - https:\/\/yoast.com\/product\/yoast-seo-premium-wordpress\/ -->\n<title>Piscinas Municipais de Vila Praia de \u00c2ncora temporariamente encerradas<\/title>\n<meta name=\"description\" content=\"As Piscinas Municipais de Vila Praia de \u00c2ncora est\u00e3o temporariamente encerradas ao p\u00fablico para a realiza\u00e7\u00e3o de trabalhos de manuten\u00e7\u00e3o e repara\u00e7\u00e3o.\" \/>\n<meta name=\"robots\" content=\"index, follow, max-snippet:-1, max-image-preview:large, max-video-preview:-1\" \/>\n<link rel=\"canonical\" href=\"https:\/\/www.altominho.tv\/site\/2026\/09\/04\/piscinas-municipais-de-vila-praia-de-ancora-temporariamente-encerradas\/\" \/>\n<meta property=\"og:locale\" content=\"pt_PT\" \/>\n<meta property=\"og:type\" content=\"article\" \/>\n<meta property=\"og:title\" content=\"Piscinas Municipais de Vila Praia de \u00c2ncora temporariamente encerradas\" \/>\n<meta property=\"og:description\" content=\"As Piscinas Municipais de Vila Praia de \u00c2ncora est\u00e3o temporariamente encerradas ao p\u00fablico para a realiza\u00e7\u00e3o de trabalhos de manuten\u00e7\u00e3o e repara\u00e7\u00e3o.\" \/>\n<meta property=\"og:url\" content=\"https:\/\/www.altominho.tv\/site\/2026\/09\/04\/piscinas-municipais-de-vila-praia-de-ancora-temporariamente-encerradas\/\" \/>\n<meta property=\"og:site_name\" content=\"Altominho.tv\" \/>\n<meta property=\"article:publisher\" content=\"https:\/\/www.facebook.com\/altominhotv\" \/>\n<meta property=\"article:published_time\" content=\"2026-09-04T13:27:52+00:00\" \/>\n<meta property=\"article:modified_time\" content=\"2026-09-04T13:27:54+00:00\" \/>\n<meta property=\"og:image\" content=\"https:\/\/www.altominho.tv\/site\/wp-content\/uploads\/2026\/09\/Piscinas-Municipais-de-Vila-Praia-de-Ancora_obras.jpg\" \/>\n\t<meta property=\"og:image:width\" content=\"1200\" \/>\n\t<meta property=\"og:image:height\" content=\"630\" \/>\n\t<meta property=\"og:image:type\" content=\"image\/jpeg\" \/>\n<meta name=\"author\" content=\"Altominho.tv\" \/>\n<meta name=\"twitter:card\" content=\"summary_large_image\" \/>\n<meta name=\"twitter:creator\" content=\"@altominhoTV\" \/>\n<meta name=\"twitter:site\" content=\"@altominhoTV\" \/>\n<meta name=\"twitter:label1\" content=\"Escrito por\" \/>\n\t<meta name=\"twitter:data1\" content=\"Altominho.tv\" \/>\n\t<meta name=\"twitter:label2\" content=\"Tempo estimado de leitura\" \/>\n\t<meta name=\"twitter:data2\" content=\"1 minuto\" \/>\n<script type=\"application\/ld+json\" class=\"yoast-schema-graph\">{\"@context\":\"https:\\\/\\\/schema.org\",\"@graph\":[{\"@type\":\"Article\",\"@id\":\"https:\\\/\\\/www.altominho.tv\\\/site\\\/2026\\\/09\\\/04\\\/piscinas-municipais-de-vila-praia-de-ancora-temporariamente-encerradas\\\/#article\",\"isPartOf\":{\"@id\":\"https:\\\/\\\/www.altominho.tv\\\/site\\\/2026\\\/09\\\/04\\\/piscinas-municipais-de-vila-praia-de-ancora-temporariamente-encerradas\\\/\"},\"author\":{\"name\":\"Altominho.tv\",\"@id\":\"https:\\\/\\\/www.altominho.tv\\\/site\\\/#\\\/schema\\\/person\\\/4e536851627d7914baf3dac752b6af22\"},\"headline\":\"Piscinas Municipais de Vila Praia de \u00c2ncora temporariamente encerradas\",\"datePublished\":\"2026-09-04T13:27:52+00:00\",\"dateModified\":\"2026-09-04T13:27:54+00:00\",\"mainEntityOfPage\":{\"@id\":\"https:\\\/\\\/www.altominho.tv\\\/site\\\/2026\\\/09\\\/04\\\/piscinas-municipais-de-vila-praia-de-ancora-temporariamente-encerradas\\\/\"},\"wordCount\":162,\"image\":{\"@id\":\"https:\\\/\\\/www.altominho.tv\\\/site\\\/2026\\\/09\\\/04\\\/piscinas-municipais-de-vila-praia-de-ancora-temporariamente-encerradas\\\/#primaryimage\"},\"thumbnailUrl\":\"https:\\\/\\\/www.altominho.tv\\\/site\\\/wp-content\\\/uploads\\\/2026\\\/09\\\/Piscinas-Municipais-de-Vila-Praia-de-Ancora_obras.jpg\",\"keywords\":[\"Sociedade\"],\"articleSection\":[\"Caminha\"],\"inLanguage\":\"pt-PT\",\"copyrightYear\":\"2026\",\"copyrightHolder\":{\"@id\":\"https:\\\/\\\/www.altominho.tv\\\/site\\\/#organization\"}},{\"@type\":\"WebPage\",\"@id\":\"https:\\\/\\\/www.altominho.tv\\\/site\\\/2026\\\/09\\\/04\\\/piscinas-municipais-de-vila-praia-de-ancora-temporariamente-encerradas\\\/\",\"url\":\"https:\\\/\\\/www.altominho.tv\\\/site\\\/2026\\\/09\\\/04\\\/piscinas-municipais-de-vila-praia-de-ancora-temporariamente-encerradas\\\/\",\"name\":\"Piscinas Municipais de Vila Praia de \u00c2ncora temporariamente encerradas\",\"isPartOf\":{\"@id\":\"https:\\\/\\\/www.altominho.tv\\\/site\\\/#website\"},\"primaryImageOfPage\":{\"@id\":\"https:\\\/\\\/www.altominho.tv\\\/site\\\/2026\\\/09\\\/04\\\/piscinas-municipais-de-vila-praia-de-ancora-temporariamente-encerradas\\\/#primaryimage\"},\"image\":{\"@id\":\"https:\\\/\\\/www.altominho.tv\\\/site\\\/2026\\\/09\\\/04\\\/piscinas-municipais-de-vila-praia-de-ancora-temporariamente-encerradas\\\/#primaryimage\"},\"thumbnailUrl\":\"https:\\\/\\\/www.altominho.tv\\\/site\\\/wp-content\\\/uploads\\\/2026\\\/09\\\/Piscinas-Municipais-de-Vila-Praia-de-Ancora_obras.jpg\",\"datePublished\":\"2026-09-04T13:27:52+00:00\",\"dateModified\":\"2026-09-04T13:27:54+00:00\",\"author\":{\"@id\":\"https:\\\/\\\/www.altominho.tv\\\/site\\\/#\\\/schema\\\/person\\\/4e536851627d7914baf3dac752b6af22\"},\"description\":\"As Piscinas Municipais de Vila Praia de \u00c2ncora est\u00e3o temporariamente encerradas ao p\u00fablico para a realiza\u00e7\u00e3o de trabalhos de manuten\u00e7\u00e3o e repara\u00e7\u00e3o.\",\"breadcrumb\":{\"@id\":\"https:\\\/\\\/www.altominho.tv\\\/site\\\/2026\\\/09\\\/04\\\/piscinas-municipais-de-vila-praia-de-ancora-temporariamente-encerradas\\\/#breadcrumb\"},\"inLanguage\":\"pt-PT\",\"potentialAction\":[{\"@type\":\"ReadAction\",\"target\":[\"https:\\\/\\\/www.altominho.tv\\\/site\\\/2026\\\/09\\\/04\\\/piscinas-municipais-de-vila-praia-de-ancora-temporariamente-encerradas\\\/\"]}]},{\"@type\":\"ImageObject\",\"inLanguage\":\"pt-PT\",\"@id\":\"https:\\\/\\\/www.altominho.tv\\\/site\\\/2026\\\/09\\\/04\\\/piscinas-municipais-de-vila-praia-de-ancora-temporariamente-encerradas\\\/#primaryimage\",\"url\":\"https:\\\/\\\/www.altominho.tv\\\/site\\\/wp-content\\\/uploads\\\/2026\\\/09\\\/Piscinas-Municipais-de-Vila-Praia-de-Ancora_obras.jpg\",\"contentUrl\":\"https:\\\/\\\/www.altominho.tv\\\/site\\\/wp-content\\\/uploads\\\/2026\\\/09\\\/Piscinas-Municipais-de-Vila-Praia-de-Ancora_obras.jpg\",\"width\":1200,\"height\":630},{\"@type\":\"BreadcrumbList\",\"@id\":\"https:\\\/\\\/www.altominho.tv\\\/site\\\/2026\\\/09\\\/04\\\/piscinas-municipais-de-vila-praia-de-ancora-temporariamente-encerradas\\\/#breadcrumb\",\"itemListElement\":[{\"@type\":\"ListItem\",\"position\":1,\"name\":\"In\u00edcio\",\"item\":\"https:\\\/\\\/www.altominho.tv\\\/site\\\/\"},{\"@type\":\"ListItem\",\"position\":2,\"name\":\"Piscinas Municipais de Vila Praia de \u00c2ncora temporariamente encerradas\"}]},{\"@type\":\"WebSite\",\"@id\":\"https:\\\/\\\/www.altominho.tv\\\/site\\\/#website\",\"url\":\"https:\\\/\\\/www.altominho.tv\\\/site\\\/\",\"name\":\"Altominho.tv\",\"description\":\"A sua regi\u00e3o \u00e0 dist\u00e2ncia de um clique...\",\"potentialAction\":[{\"@type\":\"SearchAction\",\"target\":{\"@type\":\"EntryPoint\",\"urlTemplate\":\"https:\\\/\\\/www.altominho.tv\\\/site\\\/?s={search_term_string}\"},\"query-input\":{\"@type\":\"PropertyValueSpecification\",\"valueRequired\":true,\"valueName\":\"search_term_string\"}}],\"inLanguage\":\"pt-PT\"},{\"@type\":\"Person\",\"@id\":\"https:\\\/\\\/www.altominho.tv\\\/site\\\/#\\\/schema\\\/person\\\/4e536851627d7914baf3dac752b6af22\",\"name\":\"Altominho.tv\",\"image\":{\"@type\":\"ImageObject\",\"inLanguage\":\"pt-PT\",\"@id\":\"https:\\\/\\\/www.altominho.tv\\\/site\\\/wp-content\\\/uploads\\\/2019\\\/11\\\/Logo_Avatar_2-150x150.jpg\",\"url\":\"https:\\\/\\\/www.altominho.tv\\\/site\\\/wp-content\\\/uploads\\\/2019\\\/11\\\/Logo_Avatar_2-150x150.jpg\",\"contentUrl\":\"https:\\\/\\\/www.altominho.tv\\\/site\\\/wp-content\\\/uploads\\\/2019\\\/11\\\/Logo_Avatar_2-150x150.jpg\",\"caption\":\"Altominho.tv\"},\"url\":\"https:\\\/\\\/www.altominho.tv\\\/site\\\/author\\\/altominhotv-tecnico\\\/\"}]}<\/script>\n<!-- \/ Yoast SEO Premium plugin. -->","yoast_head_json":{"title":"Piscinas Municipais de Vila Praia de \u00c2ncora temporariamente encerradas","description":"As Piscinas Municipais de Vila Praia de \u00c2ncora est\u00e3o temporariamente encerradas ao p\u00fablico para a realiza\u00e7\u00e3o de trabalhos de manuten\u00e7\u00e3o e repara\u00e7\u00e3o.","robots":{"index":"index","follow":"follow","max-snippet":"max-snippet:-1","max-image-preview":"max-image-preview:large","max-video-preview":"max-video-preview:-1"},"canonical":"https:\/\/www.altominho.tv\/site\/2026\/09\/04\/piscinas-municipais-de-vila-praia-de-ancora-temporariamente-encerradas\/","og_locale":"pt_PT","og_type":"article","og_title":"Piscinas Municipais de Vila Praia de \u00c2ncora temporariamente encerradas","og_description":"As Piscinas Municipais de Vila Praia de \u00c2ncora est\u00e3o temporariamente encerradas ao p\u00fablico para a realiza\u00e7\u00e3o de trabalhos de manuten\u00e7\u00e3o e repara\u00e7\u00e3o.","og_url":"https:\/\/www.altominho.tv\/site\/2026\/09\/04\/piscinas-municipais-de-vila-praia-de-ancora-temporariamente-encerradas\/","og_site_name":"Altominho.tv","article_publisher":"https:\/\/www.facebook.com\/altominhotv","article_published_time":"2026-09-04T13:27:52+00:00","article_modified_time":"2026-09-04T13:27:54+00:00","og_image":[{"width":1200,"height":630,"url":"https:\/\/www.altominho.tv\/site\/wp-content\/uploads\/2026\/09\/Piscinas-Municipais-de-Vila-Praia-de-Ancora_obras.jpg","type":"image\/jpeg"}],"author":"Altominho.tv","twitter_card":"summary_large_image","twitter_creator":"@altominhoTV","twitter_site":"@altominhoTV","twitter_misc":{"Escrito por":"Altominho.tv","Tempo estimado de leitura":"1 minuto"},"schema":{"@context":"https:\/\/schema.org","@graph":[{"@type":"Article","@id":"https:\/\/www.altominho.tv\/site\/2026\/09\/04\/piscinas-municipais-de-vila-praia-de-ancora-temporariamente-encerradas\/#article","isPartOf":{"@id":"https:\/\/www.altominho.tv\/site\/2026\/09\/04\/piscinas-municipais-de-vila-praia-de-ancora-temporariamente-encerradas\/"},"author":{"name":"Altominho.tv","@id":"https:\/\/www.altominho.tv\/site\/#\/schema\/person\/4e536851627d7914baf3dac752b6af22"},"headline":"Piscinas Municipais de Vila Praia de \u00c2ncora temporariamente encerradas","datePublished":"2026-09-04T13:27:52+00:00","dateModified":"2026-09-04T13:27:54+00:00","mainEntityOfPage":{"@id":"https:\/\/www.altominho.tv\/site\/2026\/09\/04\/piscinas-municipais-de-vila-praia-de-ancora-temporariamente-encerradas\/"},"wordCount":162,"image":{"@id":"https:\/\/www.altominho.tv\/site\/2026\/09\/04\/piscinas-municipais-de-vila-praia-de-ancora-temporariamente-encerradas\/#primaryimage"},"thumbnailUrl":"https:\/\/www.altominho.tv\/site\/wp-content\/uploads\/2026\/09\/Piscinas-Municipais-de-Vila-Praia-de-Ancora_obras.jpg","keywords":["Sociedade"],"articleSection":["Caminha"],"inLanguage":"pt-PT","copyrightYear":"2026","copyrightHolder":{"@id":"https:\/\/www.altominho.tv\/site\/#organization"}},{"@type":"WebPage","@id":"https:\/\/www.altominho.tv\/site\/2026\/09\/04\/piscinas-municipais-de-vila-praia-de-ancora-temporariamente-encerradas\/","url":"https:\/\/www.altominho.tv\/site\/2026\/09\/04\/piscinas-municipais-de-vila-praia-de-ancora-temporariamente-encerradas\/","name":"Piscinas Municipais de Vila Praia de \u00c2ncora temporariamente encerradas","isPartOf":{"@id":"https:\/\/www.altominho.tv\/site\/#website"},"primaryImageOfPage":{"@id":"https:\/\/www.altominho.tv\/site\/2026\/09\/04\/piscinas-municipais-de-vila-praia-de-ancora-temporariamente-encerradas\/#primaryimage"},"image":{"@id":"https:\/\/www.altominho.tv\/site\/2026\/09\/04\/piscinas-municipais-de-vila-praia-de-ancora-temporariamente-encerradas\/#primaryimage"},"thumbnailUrl":"https:\/\/www.altominho.tv\/site\/wp-content\/uploads\/2026\/09\/Piscinas-Municipais-de-Vila-Praia-de-Ancora_obras.jpg","datePublished":"2026-09-04T13:27:52+00:00","dateModified":"2026-09-04T13:27:54+00:00","author":{"@id":"https:\/\/www.altominho.tv\/site\/#\/schema\/person\/4e536851627d7914baf3dac752b6af22"},"description":"As Piscinas Municipais de Vila Praia de \u00c2ncora est\u00e3o temporariamente encerradas ao p\u00fablico para a realiza\u00e7\u00e3o de trabalhos de manuten\u00e7\u00e3o e repara\u00e7\u00e3o.","breadcrumb":{"@id":"https:\/\/www.altominho.tv\/site\/2026\/09\/04\/piscinas-municipais-de-vila-praia-de-ancora-temporariamente-encerradas\/#breadcrumb"},"inLanguage":"pt-PT","potentialAction":[{"@type":"ReadAction","target":["https:\/\/www.altominho.tv\/site\/2026\/09\/04\/piscinas-municipais-de-vila-praia-de-ancora-temporariamente-encerradas\/"]}]},{"@type":"ImageObject","inLanguage":"pt-PT","@id":"https:\/\/www.altominho.tv\/site\/2026\/09\/04\/piscinas-municipais-de-vila-praia-de-ancora-temporariamente-encerradas\/#primaryimage","url":"https:\/\/www.altominho.tv\/site\/wp-content\/uploads\/2026\/09\/Piscinas-Municipais-de-Vila-Praia-de-Ancora_obras.jpg","contentUrl":"https:\/\/www.altominho.tv\/site\/wp-content\/uploads\/2026\/09\/Piscinas-Municipais-de-Vila-Praia-de-Ancora_obras.jpg","width":1200,"height":630},{"@type":"BreadcrumbList","@id":"https:\/\/www.altominho.tv\/site\/2026\/09\/04\/piscinas-municipais-de-vila-praia-de-ancora-temporariamente-encerradas\/#breadcrumb","itemListElement":[{"@type":"ListItem","position":1,"name":"In\u00edcio","item":"https:\/\/www.altominho.tv\/site\/"},{"@type":"ListItem","position":2,"name":"Piscinas Municipais de Vila Praia de \u00c2ncora temporariamente encerradas"}]},{"@type":"WebSite","@id":"https:\/\/www.altominho.tv\/site\/#website","url":"https:\/\/www.altominho.tv\/site\/","name":"Altominho.tv","description":"A sua regi\u00e3o \u00e0 dist\u00e2ncia de um clique...","potentialAction":[{"@type":"SearchAction","target":{"@type":"EntryPoint","urlTemplate":"https:\/\/www.altominho.tv\/site\/?s={search_term_string}"},"query-input":{"@type":"PropertyValueSpecification","valueRequired":true,"valueName":"search_term_string"}}],"inLanguage":"pt-PT"},{"@type":"Person","@id":"https:\/\/www.altominho.tv\/site\/#\/schema\/person\/4e536851627d7914baf3dac752b6af22","name":"Altominho.tv","image":{"@type":"ImageObject","inLanguage":"pt-PT","@id":"https:\/\/www.altominho.tv\/site\/wp-content\/uploads\/2019\/11\/Logo_Avatar_2-150x150.jpg","url":"https:\/\/www.altominho.tv\/site\/wp-content\/uploads\/2019\/11\/Logo_Avatar_2-150x150.jpg","contentUrl":"https:\/\/www.altominho.tv\/site\/wp-content\/uploads\/2019\/11\/Logo_Avatar_2-150x150.jpg","caption":"Altominho.tv"},"url":"https:\/\/www.altominho.tv\/site\/author\/altominhotv-tecnico\/"}]}},"_links":{"self":[{"href":"https:\/\/www.altominho.tv\/site\/wp-json\/wp\/v2\/posts\/136365","targetHints":{"allow":["GET"]}}],"collection":[{"href":"https:\/\/www.altominho.tv\/site\/wp-json\/wp\/v2\/posts"}],"about":[{"href":"https:\/\/www.altominho.tv\/site\/wp-json\/wp\/v2\/types\/post"}],"author":[{"embeddable":true,"href":"https:\/\/www.altominho.tv\/site\/wp-json\/wp\/v2\/users\/1"}],"replies":[{"embeddable":true,"href":"https:\/\/www.altominho.tv\/site\/wp-json\/wp\/v2\/comments?post=136365"}],"version-history":[{"count":1,"href":"https:\/\/www.altominho.tv\/site\/wp-json\/wp\/v2\/posts\/136365\/revisions"}],"predecessor-version":[{"id":136367,"href":"https:\/\/www.altominho.tv\/site\/wp-json\/wp\/v2\/posts\/136365\/revisions\/136367"}],"wp:featuredmedia":[{"embeddable":true,"href":"https:\/\/www.altominho.tv\/site\/wp-json\/wp\/v2\/media\/136366"}],"wp:attachment":[{"href":"https:\/\/www.altominho.tv\/site\/wp-json\/wp\/v2\/media?parent=136365"}],"wp:term":[{"taxonomy":"category","embeddable":true,"href":"https:\/\/www.altominho.tv\/site\/wp-json\/wp\/v2\/categories?post=136365"},{"taxonomy":"post_tag","embeddable":true,"href":"https:\/\/www.altominho.tv\/site\/wp-json\/wp\/v2\/tags?post=136365"}],"curies":[{"name":"wp","href":"https:\/\/api.w.org\/{rel}","templated":true}]}}