{"id":136354,"date":"2026-09-04T11:22:01","date_gmt":"2026-09-04T10:22:01","guid":{"rendered":"https:\/\/www.altominho.tv\/site\/?p=136354"},"modified":"2026-09-04T11:22:03","modified_gmt":"2026-09-04T10:22:03","slug":"cim-alto-minho-promove-formacao-conciliacao-vida-familiar-profissional","status":"publish","type":"post","link":"https:\/\/www.altominho.tv\/site\/2026\/09\/04\/cim-alto-minho-promove-formacao-conciliacao-vida-familiar-profissional\/","title":{"rendered":"CIM Alto Minho promove forma\u00e7\u00e3o sobre concilia\u00e7\u00e3o entre vida familiar e profissional"},"content":{"rendered":"<p class=\"p1\">A Comunidade Intermunicipal do Alto Minho (CIM Alto Minho) vai promover, entre 21 de setembro e 23 de outubro de 2026, duas a\u00e7\u00f5es de forma\u00e7\u00e3o dedicadas \u00e0 concilia\u00e7\u00e3o respons\u00e1vel entre a vida familiar e profissional.<\/p>\n<p class=\"p1\">As iniciativas destinam-se \u00e0 sociedade em geral e a t\u00e9cnicos e t\u00e9cnicas de igualdade e integram o projeto Iqual Campus, orientado para a promo\u00e7\u00e3o da igualdade de g\u00e9nero e da corresponsabilidade nos contextos familiar e profissional.<\/p>\n<p class=\"p1\">As forma\u00e7\u00f5es ser\u00e3o realizadas em modalidade mista, combinando conte\u00fados te\u00f3ricos ass\u00edncronos, atrav\u00e9s de m\u00f3dulos pr\u00e9-gravados, com sess\u00f5es pr\u00e1ticas online. O objetivo \u00e9 proporcionar aos participantes conhecimentos e ferramentas que permitam abordar quest\u00f5es relacionadas com a corresponsabilidade, os direitos e recursos de concilia\u00e7\u00e3o, a distribui\u00e7\u00e3o do trabalho dom\u00e9stico e de cuidados e a flexibilidade laboral.<\/p>\n<p class=\"p1\">A a\u00e7\u00e3o dirigida \u00e0 sociedade em geral pretende contribuir para uma reparti\u00e7\u00e3o mais equilibrada das responsabilidades familiares e profissionais, promovendo pr\u00e1ticas de maior corresponsabilidade.<\/p>\n<p class=\"p1\">J\u00e1 a forma\u00e7\u00e3o destinada a t\u00e9cnicos e t\u00e9cnicas de igualdade ter\u00e1 uma componente mais especializada, incidindo sobre temas como pol\u00edticas p\u00fablicas, planos de corresponsabilidade, an\u00e1lise de dados, negocia\u00e7\u00e3o coletiva e estrat\u00e9gias de sensibiliza\u00e7\u00e3o e implementa\u00e7\u00e3o de medidas de igualdade nas empresas e organiza\u00e7\u00f5es.<\/p>\n<p class=\"p1\">As inscri\u00e7\u00f5es est\u00e3o abertas at\u00e9 18 de setembro. Os interessados podem consultar o programa e efetuar a <a href=\"https:\/\/iqualcampus.eu\/pt-pt\/cursos\/conciliar-corresponsavelmente-a-vida-familiar-e-laboral\/\">inscri\u00e7\u00e3o<\/a> atrav\u00e9s da plataforma Iqual Campus.<\/p>\n<p class=\"p1\">As a\u00e7\u00f5es s\u00e3o promovidas pela CIM Alto Minho e cofinanciadas pela Uni\u00e3o Europeia, atrav\u00e9s do Fundo Europeu de Desenvolvimento Regional (FEDER), no \u00e2mbito do programa Interreg VI-A Espanha\u2013Portugal (POCTEP) 2021-2027.<\/p>\n<p>&nbsp;<\/p>\n<p>Foto: <strong>DR<\/strong><\/p>\n","protected":false},"excerpt":{"rendered":"<p>A Comunidade Intermunicipal do Alto Minho (CIM Alto Minho) vai promover, entre 21 de setembro e 23 de outubro de 2026, duas a\u00e7\u00f5es de forma\u00e7\u00e3o dedicadas \u00e0 concilia\u00e7\u00e3o respons\u00e1vel entre a vida familiar e profissional. As iniciativas destinam-se \u00e0 sociedade em geral e a t\u00e9cnicos e t\u00e9cnicas de igualdade e integram o projeto Iqual Campus, [&hellip;]<\/p>\n","protected":false},"author":1,"featured_media":136355,"comment_status":"closed","ping_status":"closed","sticky":false,"template":"","format":"standard","meta":{"_exactmetrics_skip_tracking":false,"footnotes":""},"categories":[73],"tags":[27],"class_list":["post-136354","post","type-post","status-publish","format-standard","has-post-thumbnail","hentry","category-alto-minho","tag-sociedade"],"yoast_head":"<!-- This site is optimized with the Yoast SEO Premium plugin v28.3 (Yoast SEO v28.3) - https:\/\/yoast.com\/product\/yoast-seo-premium-wordpress\/ -->\n<title>CIM Alto Minho promove forma\u00e7\u00e3o sobre concilia\u00e7\u00e3o entre vida familiar e profissional<\/title>\n<meta name=\"description\" content=\"A Comunidade Intermunicipal do Alto Minho (CIM Alto Minho) vai promover, entre 21 de setembro e 23 de outubro de 2026, duas a\u00e7\u00f5es de forma\u00e7\u00e3o dedicadas \u00e0 concilia\u00e7\u00e3o respons\u00e1vel entre a vida familiar e profissional.\" \/>\n<meta name=\"robots\" content=\"index, follow, max-snippet:-1, max-image-preview:large, max-video-preview:-1\" \/>\n<link rel=\"canonical\" href=\"https:\/\/www.altominho.tv\/site\/2026\/09\/04\/cim-alto-minho-promove-formacao-conciliacao-vida-familiar-profissional\/\" \/>\n<meta property=\"og:locale\" content=\"pt_PT\" \/>\n<meta property=\"og:type\" content=\"article\" \/>\n<meta property=\"og:title\" content=\"CIM Alto Minho promove forma\u00e7\u00e3o sobre concilia\u00e7\u00e3o entre vida familiar e profissional\" \/>\n<meta property=\"og:description\" content=\"A Comunidade Intermunicipal do Alto Minho (CIM Alto Minho) vai promover, entre 21 de setembro e 23 de outubro de 2026, duas a\u00e7\u00f5es de forma\u00e7\u00e3o dedicadas \u00e0 concilia\u00e7\u00e3o respons\u00e1vel entre a vida familiar e profissional.\" \/>\n<meta property=\"og:url\" content=\"https:\/\/www.altominho.tv\/site\/2026\/09\/04\/cim-alto-minho-promove-formacao-conciliacao-vida-familiar-profissional\/\" \/>\n<meta property=\"og:site_name\" content=\"Altominho.tv\" \/>\n<meta property=\"article:publisher\" content=\"https:\/\/www.facebook.com\/altominhotv\" \/>\n<meta property=\"article:published_time\" content=\"2026-09-04T10:22:01+00:00\" \/>\n<meta property=\"article:modified_time\" content=\"2026-09-04T10:22:03+00:00\" \/>\n<meta property=\"og:image\" content=\"https:\/\/www.altominho.tv\/site\/wp-content\/uploads\/2026\/09\/Design-sem-nome-2026-09-04T110531.362.jpg\" \/>\n\t<meta property=\"og:image:width\" content=\"1200\" \/>\n\t<meta property=\"og:image:height\" content=\"630\" \/>\n\t<meta property=\"og:image:type\" content=\"image\/jpeg\" \/>\n<meta name=\"author\" content=\"Altominho.tv\" \/>\n<meta name=\"twitter:card\" content=\"summary_large_image\" \/>\n<meta name=\"twitter:creator\" content=\"@altominhoTV\" \/>\n<meta name=\"twitter:site\" content=\"@altominhoTV\" \/>\n<meta name=\"twitter:label1\" content=\"Escrito por\" \/>\n\t<meta name=\"twitter:data1\" content=\"Altominho.tv\" \/>\n\t<meta name=\"twitter:label2\" content=\"Tempo estimado de leitura\" \/>\n\t<meta name=\"twitter:data2\" content=\"2 minutos\" \/>\n<script type=\"application\/ld+json\" class=\"yoast-schema-graph\">{\"@context\":\"https:\\\/\\\/schema.org\",\"@graph\":[{\"@type\":\"Article\",\"@id\":\"https:\\\/\\\/www.altominho.tv\\\/site\\\/2026\\\/09\\\/04\\\/cim-alto-minho-promove-formacao-conciliacao-vida-familiar-profissional\\\/#article\",\"isPartOf\":{\"@id\":\"https:\\\/\\\/www.altominho.tv\\\/site\\\/2026\\\/09\\\/04\\\/cim-alto-minho-promove-formacao-conciliacao-vida-familiar-profissional\\\/\"},\"author\":{\"name\":\"Altominho.tv\",\"@id\":\"https:\\\/\\\/www.altominho.tv\\\/site\\\/#\\\/schema\\\/person\\\/4e536851627d7914baf3dac752b6af22\"},\"headline\":\"CIM Alto Minho promove forma\u00e7\u00e3o sobre concilia\u00e7\u00e3o entre vida familiar e profissional\",\"datePublished\":\"2026-09-04T10:22:01+00:00\",\"dateModified\":\"2026-09-04T10:22:03+00:00\",\"mainEntityOfPage\":{\"@id\":\"https:\\\/\\\/www.altominho.tv\\\/site\\\/2026\\\/09\\\/04\\\/cim-alto-minho-promove-formacao-conciliacao-vida-familiar-profissional\\\/\"},\"wordCount\":299,\"image\":{\"@id\":\"https:\\\/\\\/www.altominho.tv\\\/site\\\/2026\\\/09\\\/04\\\/cim-alto-minho-promove-formacao-conciliacao-vida-familiar-profissional\\\/#primaryimage\"},\"thumbnailUrl\":\"https:\\\/\\\/www.altominho.tv\\\/site\\\/wp-content\\\/uploads\\\/2026\\\/09\\\/Design-sem-nome-2026-09-04T110531.362.jpg\",\"keywords\":[\"Sociedade\"],\"articleSection\":[\"Alto Minho\"],\"inLanguage\":\"pt-PT\",\"copyrightYear\":\"2026\",\"copyrightHolder\":{\"@id\":\"https:\\\/\\\/www.altominho.tv\\\/site\\\/#organization\"}},{\"@type\":\"WebPage\",\"@id\":\"https:\\\/\\\/www.altominho.tv\\\/site\\\/2026\\\/09\\\/04\\\/cim-alto-minho-promove-formacao-conciliacao-vida-familiar-profissional\\\/\",\"url\":\"https:\\\/\\\/www.altominho.tv\\\/site\\\/2026\\\/09\\\/04\\\/cim-alto-minho-promove-formacao-conciliacao-vida-familiar-profissional\\\/\",\"name\":\"CIM Alto Minho promove forma\u00e7\u00e3o sobre concilia\u00e7\u00e3o entre vida familiar e profissional\",\"isPartOf\":{\"@id\":\"https:\\\/\\\/www.altominho.tv\\\/site\\\/#website\"},\"primaryImageOfPage\":{\"@id\":\"https:\\\/\\\/www.altominho.tv\\\/site\\\/2026\\\/09\\\/04\\\/cim-alto-minho-promove-formacao-conciliacao-vida-familiar-profissional\\\/#primaryimage\"},\"image\":{\"@id\":\"https:\\\/\\\/www.altominho.tv\\\/site\\\/2026\\\/09\\\/04\\\/cim-alto-minho-promove-formacao-conciliacao-vida-familiar-profissional\\\/#primaryimage\"},\"thumbnailUrl\":\"https:\\\/\\\/www.altominho.tv\\\/site\\\/wp-content\\\/uploads\\\/2026\\\/09\\\/Design-sem-nome-2026-09-04T110531.362.jpg\",\"datePublished\":\"2026-09-04T10:22:01+00:00\",\"dateModified\":\"2026-09-04T10:22:03+00:00\",\"author\":{\"@id\":\"https:\\\/\\\/www.altominho.tv\\\/site\\\/#\\\/schema\\\/person\\\/4e536851627d7914baf3dac752b6af22\"},\"description\":\"A Comunidade Intermunicipal do Alto Minho (CIM Alto Minho) vai promover, entre 21 de setembro e 23 de outubro de 2026, duas a\u00e7\u00f5es de forma\u00e7\u00e3o dedicadas \u00e0 concilia\u00e7\u00e3o respons\u00e1vel entre a vida familiar e profissional.\",\"breadcrumb\":{\"@id\":\"https:\\\/\\\/www.altominho.tv\\\/site\\\/2026\\\/09\\\/04\\\/cim-alto-minho-promove-formacao-conciliacao-vida-familiar-profissional\\\/#breadcrumb\"},\"inLanguage\":\"pt-PT\",\"potentialAction\":[{\"@type\":\"ReadAction\",\"target\":[\"https:\\\/\\\/www.altominho.tv\\\/site\\\/2026\\\/09\\\/04\\\/cim-alto-minho-promove-formacao-conciliacao-vida-familiar-profissional\\\/\"]}]},{\"@type\":\"ImageObject\",\"inLanguage\":\"pt-PT\",\"@id\":\"https:\\\/\\\/www.altominho.tv\\\/site\\\/2026\\\/09\\\/04\\\/cim-alto-minho-promove-formacao-conciliacao-vida-familiar-profissional\\\/#primaryimage\",\"url\":\"https:\\\/\\\/www.altominho.tv\\\/site\\\/wp-content\\\/uploads\\\/2026\\\/09\\\/Design-sem-nome-2026-09-04T110531.362.jpg\",\"contentUrl\":\"https:\\\/\\\/www.altominho.tv\\\/site\\\/wp-content\\\/uploads\\\/2026\\\/09\\\/Design-sem-nome-2026-09-04T110531.362.jpg\",\"width\":1200,\"height\":630},{\"@type\":\"BreadcrumbList\",\"@id\":\"https:\\\/\\\/www.altominho.tv\\\/site\\\/2026\\\/09\\\/04\\\/cim-alto-minho-promove-formacao-conciliacao-vida-familiar-profissional\\\/#breadcrumb\",\"itemListElement\":[{\"@type\":\"ListItem\",\"position\":1,\"name\":\"In\u00edcio\",\"item\":\"https:\\\/\\\/www.altominho.tv\\\/site\\\/\"},{\"@type\":\"ListItem\",\"position\":2,\"name\":\"CIM Alto Minho promove forma\u00e7\u00e3o sobre concilia\u00e7\u00e3o entre vida familiar e profissional\"}]},{\"@type\":\"WebSite\",\"@id\":\"https:\\\/\\\/www.altominho.tv\\\/site\\\/#website\",\"url\":\"https:\\\/\\\/www.altominho.tv\\\/site\\\/\",\"name\":\"Altominho.tv\",\"description\":\"A sua regi\u00e3o \u00e0 dist\u00e2ncia de um clique...\",\"potentialAction\":[{\"@type\":\"SearchAction\",\"target\":{\"@type\":\"EntryPoint\",\"urlTemplate\":\"https:\\\/\\\/www.altominho.tv\\\/site\\\/?s={search_term_string}\"},\"query-input\":{\"@type\":\"PropertyValueSpecification\",\"valueRequired\":true,\"valueName\":\"search_term_string\"}}],\"inLanguage\":\"pt-PT\"},{\"@type\":\"Person\",\"@id\":\"https:\\\/\\\/www.altominho.tv\\\/site\\\/#\\\/schema\\\/person\\\/4e536851627d7914baf3dac752b6af22\",\"name\":\"Altominho.tv\",\"image\":{\"@type\":\"ImageObject\",\"inLanguage\":\"pt-PT\",\"@id\":\"https:\\\/\\\/www.altominho.tv\\\/site\\\/wp-content\\\/uploads\\\/2019\\\/11\\\/Logo_Avatar_2-150x150.jpg\",\"url\":\"https:\\\/\\\/www.altominho.tv\\\/site\\\/wp-content\\\/uploads\\\/2019\\\/11\\\/Logo_Avatar_2-150x150.jpg\",\"contentUrl\":\"https:\\\/\\\/www.altominho.tv\\\/site\\\/wp-content\\\/uploads\\\/2019\\\/11\\\/Logo_Avatar_2-150x150.jpg\",\"caption\":\"Altominho.tv\"},\"url\":\"https:\\\/\\\/www.altominho.tv\\\/site\\\/author\\\/altominhotv-tecnico\\\/\"}]}<\/script>\n<!-- \/ Yoast SEO Premium plugin. -->","yoast_head_json":{"title":"CIM Alto Minho promove forma\u00e7\u00e3o sobre concilia\u00e7\u00e3o entre vida familiar e profissional","description":"A Comunidade Intermunicipal do Alto Minho (CIM Alto Minho) vai promover, entre 21 de setembro e 23 de outubro de 2026, duas a\u00e7\u00f5es de forma\u00e7\u00e3o dedicadas \u00e0 concilia\u00e7\u00e3o respons\u00e1vel entre a vida familiar e profissional.","robots":{"index":"index","follow":"follow","max-snippet":"max-snippet:-1","max-image-preview":"max-image-preview:large","max-video-preview":"max-video-preview:-1"},"canonical":"https:\/\/www.altominho.tv\/site\/2026\/09\/04\/cim-alto-minho-promove-formacao-conciliacao-vida-familiar-profissional\/","og_locale":"pt_PT","og_type":"article","og_title":"CIM Alto Minho promove forma\u00e7\u00e3o sobre concilia\u00e7\u00e3o entre vida familiar e profissional","og_description":"A Comunidade Intermunicipal do Alto Minho (CIM Alto Minho) vai promover, entre 21 de setembro e 23 de outubro de 2026, duas a\u00e7\u00f5es de forma\u00e7\u00e3o dedicadas \u00e0 concilia\u00e7\u00e3o respons\u00e1vel entre a vida familiar e profissional.","og_url":"https:\/\/www.altominho.tv\/site\/2026\/09\/04\/cim-alto-minho-promove-formacao-conciliacao-vida-familiar-profissional\/","og_site_name":"Altominho.tv","article_publisher":"https:\/\/www.facebook.com\/altominhotv","article_published_time":"2026-09-04T10:22:01+00:00","article_modified_time":"2026-09-04T10:22:03+00:00","og_image":[{"width":1200,"height":630,"url":"https:\/\/www.altominho.tv\/site\/wp-content\/uploads\/2026\/09\/Design-sem-nome-2026-09-04T110531.362.jpg","type":"image\/jpeg"}],"author":"Altominho.tv","twitter_card":"summary_large_image","twitter_creator":"@altominhoTV","twitter_site":"@altominhoTV","twitter_misc":{"Escrito por":"Altominho.tv","Tempo estimado de leitura":"2 minutos"},"schema":{"@context":"https:\/\/schema.org","@graph":[{"@type":"Article","@id":"https:\/\/www.altominho.tv\/site\/2026\/09\/04\/cim-alto-minho-promove-formacao-conciliacao-vida-familiar-profissional\/#article","isPartOf":{"@id":"https:\/\/www.altominho.tv\/site\/2026\/09\/04\/cim-alto-minho-promove-formacao-conciliacao-vida-familiar-profissional\/"},"author":{"name":"Altominho.tv","@id":"https:\/\/www.altominho.tv\/site\/#\/schema\/person\/4e536851627d7914baf3dac752b6af22"},"headline":"CIM Alto Minho promove forma\u00e7\u00e3o sobre concilia\u00e7\u00e3o entre vida familiar e profissional","datePublished":"2026-09-04T10:22:01+00:00","dateModified":"2026-09-04T10:22:03+00:00","mainEntityOfPage":{"@id":"https:\/\/www.altominho.tv\/site\/2026\/09\/04\/cim-alto-minho-promove-formacao-conciliacao-vida-familiar-profissional\/"},"wordCount":299,"image":{"@id":"https:\/\/www.altominho.tv\/site\/2026\/09\/04\/cim-alto-minho-promove-formacao-conciliacao-vida-familiar-profissional\/#primaryimage"},"thumbnailUrl":"https:\/\/www.altominho.tv\/site\/wp-content\/uploads\/2026\/09\/Design-sem-nome-2026-09-04T110531.362.jpg","keywords":["Sociedade"],"articleSection":["Alto Minho"],"inLanguage":"pt-PT","copyrightYear":"2026","copyrightHolder":{"@id":"https:\/\/www.altominho.tv\/site\/#organization"}},{"@type":"WebPage","@id":"https:\/\/www.altominho.tv\/site\/2026\/09\/04\/cim-alto-minho-promove-formacao-conciliacao-vida-familiar-profissional\/","url":"https:\/\/www.altominho.tv\/site\/2026\/09\/04\/cim-alto-minho-promove-formacao-conciliacao-vida-familiar-profissional\/","name":"CIM Alto Minho promove forma\u00e7\u00e3o sobre concilia\u00e7\u00e3o entre vida familiar e profissional","isPartOf":{"@id":"https:\/\/www.altominho.tv\/site\/#website"},"primaryImageOfPage":{"@id":"https:\/\/www.altominho.tv\/site\/2026\/09\/04\/cim-alto-minho-promove-formacao-conciliacao-vida-familiar-profissional\/#primaryimage"},"image":{"@id":"https:\/\/www.altominho.tv\/site\/2026\/09\/04\/cim-alto-minho-promove-formacao-conciliacao-vida-familiar-profissional\/#primaryimage"},"thumbnailUrl":"https:\/\/www.altominho.tv\/site\/wp-content\/uploads\/2026\/09\/Design-sem-nome-2026-09-04T110531.362.jpg","datePublished":"2026-09-04T10:22:01+00:00","dateModified":"2026-09-04T10:22:03+00:00","author":{"@id":"https:\/\/www.altominho.tv\/site\/#\/schema\/person\/4e536851627d7914baf3dac752b6af22"},"description":"A Comunidade Intermunicipal do Alto Minho (CIM Alto Minho) vai promover, entre 21 de setembro e 23 de outubro de 2026, duas a\u00e7\u00f5es de forma\u00e7\u00e3o dedicadas \u00e0 concilia\u00e7\u00e3o respons\u00e1vel entre a vida familiar e profissional.","breadcrumb":{"@id":"https:\/\/www.altominho.tv\/site\/2026\/09\/04\/cim-alto-minho-promove-formacao-conciliacao-vida-familiar-profissional\/#breadcrumb"},"inLanguage":"pt-PT","potentialAction":[{"@type":"ReadAction","target":["https:\/\/www.altominho.tv\/site\/2026\/09\/04\/cim-alto-minho-promove-formacao-conciliacao-vida-familiar-profissional\/"]}]},{"@type":"ImageObject","inLanguage":"pt-PT","@id":"https:\/\/www.altominho.tv\/site\/2026\/09\/04\/cim-alto-minho-promove-formacao-conciliacao-vida-familiar-profissional\/#primaryimage","url":"https:\/\/www.altominho.tv\/site\/wp-content\/uploads\/2026\/09\/Design-sem-nome-2026-09-04T110531.362.jpg","contentUrl":"https:\/\/www.altominho.tv\/site\/wp-content\/uploads\/2026\/09\/Design-sem-nome-2026-09-04T110531.362.jpg","width":1200,"height":630},{"@type":"BreadcrumbList","@id":"https:\/\/www.altominho.tv\/site\/2026\/09\/04\/cim-alto-minho-promove-formacao-conciliacao-vida-familiar-profissional\/#breadcrumb","itemListElement":[{"@type":"ListItem","position":1,"name":"In\u00edcio","item":"https:\/\/www.altominho.tv\/site\/"},{"@type":"ListItem","position":2,"name":"CIM Alto Minho promove forma\u00e7\u00e3o sobre concilia\u00e7\u00e3o entre vida familiar e profissional"}]},{"@type":"WebSite","@id":"https:\/\/www.altominho.tv\/site\/#website","url":"https:\/\/www.altominho.tv\/site\/","name":"Altominho.tv","description":"A sua regi\u00e3o \u00e0 dist\u00e2ncia de um clique...","potentialAction":[{"@type":"SearchAction","target":{"@type":"EntryPoint","urlTemplate":"https:\/\/www.altominho.tv\/site\/?s={search_term_string}"},"query-input":{"@type":"PropertyValueSpecification","valueRequired":true,"valueName":"search_term_string"}}],"inLanguage":"pt-PT"},{"@type":"Person","@id":"https:\/\/www.altominho.tv\/site\/#\/schema\/person\/4e536851627d7914baf3dac752b6af22","name":"Altominho.tv","image":{"@type":"ImageObject","inLanguage":"pt-PT","@id":"https:\/\/www.altominho.tv\/site\/wp-content\/uploads\/2019\/11\/Logo_Avatar_2-150x150.jpg","url":"https:\/\/www.altominho.tv\/site\/wp-content\/uploads\/2019\/11\/Logo_Avatar_2-150x150.jpg","contentUrl":"https:\/\/www.altominho.tv\/site\/wp-content\/uploads\/2019\/11\/Logo_Avatar_2-150x150.jpg","caption":"Altominho.tv"},"url":"https:\/\/www.altominho.tv\/site\/author\/altominhotv-tecnico\/"}]}},"_links":{"self":[{"href":"https:\/\/www.altominho.tv\/site\/wp-json\/wp\/v2\/posts\/136354","targetHints":{"allow":["GET"]}}],"collection":[{"href":"https:\/\/www.altominho.tv\/site\/wp-json\/wp\/v2\/posts"}],"about":[{"href":"https:\/\/www.altominho.tv\/site\/wp-json\/wp\/v2\/types\/post"}],"author":[{"embeddable":true,"href":"https:\/\/www.altominho.tv\/site\/wp-json\/wp\/v2\/users\/1"}],"replies":[{"embeddable":true,"href":"https:\/\/www.altominho.tv\/site\/wp-json\/wp\/v2\/comments?post=136354"}],"version-history":[{"count":1,"href":"https:\/\/www.altominho.tv\/site\/wp-json\/wp\/v2\/posts\/136354\/revisions"}],"predecessor-version":[{"id":136356,"href":"https:\/\/www.altominho.tv\/site\/wp-json\/wp\/v2\/posts\/136354\/revisions\/136356"}],"wp:featuredmedia":[{"embeddable":true,"href":"https:\/\/www.altominho.tv\/site\/wp-json\/wp\/v2\/media\/136355"}],"wp:attachment":[{"href":"https:\/\/www.altominho.tv\/site\/wp-json\/wp\/v2\/media?parent=136354"}],"wp:term":[{"taxonomy":"category","embeddable":true,"href":"https:\/\/www.altominho.tv\/site\/wp-json\/wp\/v2\/categories?post=136354"},{"taxonomy":"post_tag","embeddable":true,"href":"https:\/\/www.altominho.tv\/site\/wp-json\/wp\/v2\/tags?post=136354"}],"curies":[{"name":"wp","href":"https:\/\/api.w.org\/{rel}","templated":true}]}}