{"id":136346,"date":"2026-09-04T10:30:38","date_gmt":"2026-09-04T09:30:38","guid":{"rendered":"https:\/\/www.altominho.tv\/site\/?p=136346"},"modified":"2026-09-04T10:30:40","modified_gmt":"2026-09-04T09:30:40","slug":"preco-do-gasoleo-pode-subir-15-centimos-na-proxima-semana","status":"publish","type":"post","link":"https:\/\/www.altominho.tv\/site\/2026\/09\/04\/preco-do-gasoleo-pode-subir-15-centimos-na-proxima-semana\/","title":{"rendered":"Pre\u00e7o do gas\u00f3leo pode subir 15 c\u00eantimos na pr\u00f3xima semana"},"content":{"rendered":"<p class=\"p1\">Os pre\u00e7os dos combust\u00edveis dever\u00e3o sofrer uma subida significativa na pr\u00f3xima semana, entre 7 e 13 de setembro, com aumentos previstos tanto no gas\u00f3leo como na gasolina.<\/p>\n<p class=\"p1\">De acordo com as previs\u00f5es, o gas\u00f3leo dever\u00e1 aumentar cerca de 15 c\u00eantimos por litro, enquanto a gasolina poder\u00e1 subir 12 c\u00eantimos.<\/p>\n<p class=\"p1\">Segundo os dados da Dire\u00e7\u00e3o-Geral de Energia e Geologia (DGEG), esta sexta-feira, 4 de setembro, o pre\u00e7o m\u00e9dio do litro de gas\u00f3leo em Portugal situa-se nos 2,019 euros, enquanto o pre\u00e7o m\u00e9dio da gasolina \u00e9 de 2,022 euros por litro.<\/p>\n<p class=\"p1\">A confirmar-se a subida prevista para a pr\u00f3xima semana, o pre\u00e7o m\u00e9dio do gas\u00f3leo poder\u00e1 atingir os 2,169 euros por litro. J\u00e1 a gasolina dever\u00e1 chegar aos 2,142 euros por litro.<\/p>\n<p class=\"p1\">Os valores praticados nos postos de combust\u00edvel podem, contudo, variar em fun\u00e7\u00e3o do posto, da localiza\u00e7\u00e3o e dos descontos aplicados.<\/p>\n<p>Foto: <strong>DR<\/strong><\/p>\n","protected":false},"excerpt":{"rendered":"<p>Os pre\u00e7os dos combust\u00edveis dever\u00e3o sofrer uma subida significativa na pr\u00f3xima semana, entre 7 e 13 de setembro, com aumentos previstos tanto no gas\u00f3leo como na gasolina. De acordo com as previs\u00f5es, o gas\u00f3leo dever\u00e1 aumentar cerca de 15 c\u00eantimos por litro, enquanto a gasolina poder\u00e1 subir 12 c\u00eantimos. Segundo os dados da Dire\u00e7\u00e3o-Geral de [&hellip;]<\/p>\n","protected":false},"author":1,"featured_media":136347,"comment_status":"closed","ping_status":"closed","sticky":false,"template":"","format":"standard","meta":{"_exactmetrics_skip_tracking":false,"footnotes":""},"categories":[56325],"tags":[27],"class_list":["post-136346","post","type-post","status-publish","format-standard","has-post-thumbnail","hentry","category-pais","tag-sociedade"],"yoast_head":"<!-- This site is optimized with the Yoast SEO Premium plugin v28.3 (Yoast SEO v28.3) - https:\/\/yoast.com\/product\/yoast-seo-premium-wordpress\/ -->\n<title>Pre\u00e7o do gas\u00f3leo pode subir 15 c\u00eantimos na pr\u00f3xima semana<\/title>\n<meta name=\"description\" content=\"Os pre\u00e7os dos combust\u00edveis dever\u00e3o sofrer uma subida significativa na pr\u00f3xima semana, entre 7 e 13 de setembro, com aumentos previstos tanto no gas\u00f3leo como na gasolina.\" \/>\n<meta name=\"robots\" content=\"index, follow, max-snippet:-1, max-image-preview:large, max-video-preview:-1\" \/>\n<link rel=\"canonical\" href=\"https:\/\/www.altominho.tv\/site\/2026\/09\/04\/preco-do-gasoleo-pode-subir-15-centimos-na-proxima-semana\/\" \/>\n<meta property=\"og:locale\" content=\"pt_PT\" \/>\n<meta property=\"og:type\" content=\"article\" \/>\n<meta property=\"og:title\" content=\"Pre\u00e7o do gas\u00f3leo pode subir 15 c\u00eantimos na pr\u00f3xima semana\" \/>\n<meta property=\"og:description\" content=\"Os pre\u00e7os dos combust\u00edveis dever\u00e3o sofrer uma subida significativa na pr\u00f3xima semana, entre 7 e 13 de setembro, com aumentos previstos tanto no gas\u00f3leo como na gasolina.\" \/>\n<meta property=\"og:url\" content=\"https:\/\/www.altominho.tv\/site\/2026\/09\/04\/preco-do-gasoleo-pode-subir-15-centimos-na-proxima-semana\/\" \/>\n<meta property=\"og:site_name\" content=\"Altominho.tv\" \/>\n<meta property=\"article:publisher\" content=\"https:\/\/www.facebook.com\/altominhotv\" \/>\n<meta property=\"article:published_time\" content=\"2026-09-04T09:30:38+00:00\" \/>\n<meta property=\"article:modified_time\" content=\"2026-09-04T09:30:40+00:00\" \/>\n<meta property=\"og:image\" content=\"https:\/\/www.altominho.tv\/site\/wp-content\/uploads\/2026\/09\/combustiveis_1.jpg\" \/>\n\t<meta property=\"og:image:width\" content=\"1200\" \/>\n\t<meta property=\"og:image:height\" content=\"630\" \/>\n\t<meta property=\"og:image:type\" content=\"image\/jpeg\" \/>\n<meta name=\"author\" content=\"Altominho.tv\" \/>\n<meta name=\"twitter:card\" content=\"summary_large_image\" \/>\n<meta name=\"twitter:creator\" content=\"@altominhoTV\" \/>\n<meta name=\"twitter:site\" content=\"@altominhoTV\" \/>\n<meta name=\"twitter:label1\" content=\"Escrito por\" \/>\n\t<meta name=\"twitter:data1\" content=\"Altominho.tv\" \/>\n\t<meta name=\"twitter:label2\" content=\"Tempo estimado de leitura\" \/>\n\t<meta name=\"twitter:data2\" content=\"1 minuto\" \/>\n<script type=\"application\/ld+json\" class=\"yoast-schema-graph\">{\"@context\":\"https:\\\/\\\/schema.org\",\"@graph\":[{\"@type\":\"Article\",\"@id\":\"https:\\\/\\\/www.altominho.tv\\\/site\\\/2026\\\/09\\\/04\\\/preco-do-gasoleo-pode-subir-15-centimos-na-proxima-semana\\\/#article\",\"isPartOf\":{\"@id\":\"https:\\\/\\\/www.altominho.tv\\\/site\\\/2026\\\/09\\\/04\\\/preco-do-gasoleo-pode-subir-15-centimos-na-proxima-semana\\\/\"},\"author\":{\"name\":\"Altominho.tv\",\"@id\":\"https:\\\/\\\/www.altominho.tv\\\/site\\\/#\\\/schema\\\/person\\\/4e536851627d7914baf3dac752b6af22\"},\"headline\":\"Pre\u00e7o do gas\u00f3leo pode subir 15 c\u00eantimos na pr\u00f3xima semana\",\"datePublished\":\"2026-09-04T09:30:38+00:00\",\"dateModified\":\"2026-09-04T09:30:40+00:00\",\"mainEntityOfPage\":{\"@id\":\"https:\\\/\\\/www.altominho.tv\\\/site\\\/2026\\\/09\\\/04\\\/preco-do-gasoleo-pode-subir-15-centimos-na-proxima-semana\\\/\"},\"wordCount\":167,\"image\":{\"@id\":\"https:\\\/\\\/www.altominho.tv\\\/site\\\/2026\\\/09\\\/04\\\/preco-do-gasoleo-pode-subir-15-centimos-na-proxima-semana\\\/#primaryimage\"},\"thumbnailUrl\":\"https:\\\/\\\/www.altominho.tv\\\/site\\\/wp-content\\\/uploads\\\/2026\\\/09\\\/combustiveis_1.jpg\",\"keywords\":[\"Sociedade\"],\"articleSection\":[\"Pa\u00eds\"],\"inLanguage\":\"pt-PT\",\"copyrightYear\":\"2026\",\"copyrightHolder\":{\"@id\":\"https:\\\/\\\/www.altominho.tv\\\/site\\\/#organization\"}},{\"@type\":\"WebPage\",\"@id\":\"https:\\\/\\\/www.altominho.tv\\\/site\\\/2026\\\/09\\\/04\\\/preco-do-gasoleo-pode-subir-15-centimos-na-proxima-semana\\\/\",\"url\":\"https:\\\/\\\/www.altominho.tv\\\/site\\\/2026\\\/09\\\/04\\\/preco-do-gasoleo-pode-subir-15-centimos-na-proxima-semana\\\/\",\"name\":\"Pre\u00e7o do gas\u00f3leo pode subir 15 c\u00eantimos na pr\u00f3xima semana\",\"isPartOf\":{\"@id\":\"https:\\\/\\\/www.altominho.tv\\\/site\\\/#website\"},\"primaryImageOfPage\":{\"@id\":\"https:\\\/\\\/www.altominho.tv\\\/site\\\/2026\\\/09\\\/04\\\/preco-do-gasoleo-pode-subir-15-centimos-na-proxima-semana\\\/#primaryimage\"},\"image\":{\"@id\":\"https:\\\/\\\/www.altominho.tv\\\/site\\\/2026\\\/09\\\/04\\\/preco-do-gasoleo-pode-subir-15-centimos-na-proxima-semana\\\/#primaryimage\"},\"thumbnailUrl\":\"https:\\\/\\\/www.altominho.tv\\\/site\\\/wp-content\\\/uploads\\\/2026\\\/09\\\/combustiveis_1.jpg\",\"datePublished\":\"2026-09-04T09:30:38+00:00\",\"dateModified\":\"2026-09-04T09:30:40+00:00\",\"author\":{\"@id\":\"https:\\\/\\\/www.altominho.tv\\\/site\\\/#\\\/schema\\\/person\\\/4e536851627d7914baf3dac752b6af22\"},\"description\":\"Os pre\u00e7os dos combust\u00edveis dever\u00e3o sofrer uma subida significativa na pr\u00f3xima semana, entre 7 e 13 de setembro, com aumentos previstos tanto no gas\u00f3leo como na gasolina.\",\"breadcrumb\":{\"@id\":\"https:\\\/\\\/www.altominho.tv\\\/site\\\/2026\\\/09\\\/04\\\/preco-do-gasoleo-pode-subir-15-centimos-na-proxima-semana\\\/#breadcrumb\"},\"inLanguage\":\"pt-PT\",\"potentialAction\":[{\"@type\":\"ReadAction\",\"target\":[\"https:\\\/\\\/www.altominho.tv\\\/site\\\/2026\\\/09\\\/04\\\/preco-do-gasoleo-pode-subir-15-centimos-na-proxima-semana\\\/\"]}]},{\"@type\":\"ImageObject\",\"inLanguage\":\"pt-PT\",\"@id\":\"https:\\\/\\\/www.altominho.tv\\\/site\\\/2026\\\/09\\\/04\\\/preco-do-gasoleo-pode-subir-15-centimos-na-proxima-semana\\\/#primaryimage\",\"url\":\"https:\\\/\\\/www.altominho.tv\\\/site\\\/wp-content\\\/uploads\\\/2026\\\/09\\\/combustiveis_1.jpg\",\"contentUrl\":\"https:\\\/\\\/www.altominho.tv\\\/site\\\/wp-content\\\/uploads\\\/2026\\\/09\\\/combustiveis_1.jpg\",\"width\":1200,\"height\":630},{\"@type\":\"BreadcrumbList\",\"@id\":\"https:\\\/\\\/www.altominho.tv\\\/site\\\/2026\\\/09\\\/04\\\/preco-do-gasoleo-pode-subir-15-centimos-na-proxima-semana\\\/#breadcrumb\",\"itemListElement\":[{\"@type\":\"ListItem\",\"position\":1,\"name\":\"In\u00edcio\",\"item\":\"https:\\\/\\\/www.altominho.tv\\\/site\\\/\"},{\"@type\":\"ListItem\",\"position\":2,\"name\":\"Pre\u00e7o do gas\u00f3leo pode subir 15 c\u00eantimos na pr\u00f3xima semana\"}]},{\"@type\":\"WebSite\",\"@id\":\"https:\\\/\\\/www.altominho.tv\\\/site\\\/#website\",\"url\":\"https:\\\/\\\/www.altominho.tv\\\/site\\\/\",\"name\":\"Altominho.tv\",\"description\":\"A sua regi\u00e3o \u00e0 dist\u00e2ncia de um clique...\",\"potentialAction\":[{\"@type\":\"SearchAction\",\"target\":{\"@type\":\"EntryPoint\",\"urlTemplate\":\"https:\\\/\\\/www.altominho.tv\\\/site\\\/?s={search_term_string}\"},\"query-input\":{\"@type\":\"PropertyValueSpecification\",\"valueRequired\":true,\"valueName\":\"search_term_string\"}}],\"inLanguage\":\"pt-PT\"},{\"@type\":\"Person\",\"@id\":\"https:\\\/\\\/www.altominho.tv\\\/site\\\/#\\\/schema\\\/person\\\/4e536851627d7914baf3dac752b6af22\",\"name\":\"Altominho.tv\",\"image\":{\"@type\":\"ImageObject\",\"inLanguage\":\"pt-PT\",\"@id\":\"https:\\\/\\\/www.altominho.tv\\\/site\\\/wp-content\\\/uploads\\\/2019\\\/11\\\/Logo_Avatar_2-150x150.jpg\",\"url\":\"https:\\\/\\\/www.altominho.tv\\\/site\\\/wp-content\\\/uploads\\\/2019\\\/11\\\/Logo_Avatar_2-150x150.jpg\",\"contentUrl\":\"https:\\\/\\\/www.altominho.tv\\\/site\\\/wp-content\\\/uploads\\\/2019\\\/11\\\/Logo_Avatar_2-150x150.jpg\",\"caption\":\"Altominho.tv\"},\"url\":\"https:\\\/\\\/www.altominho.tv\\\/site\\\/author\\\/altominhotv-tecnico\\\/\"}]}<\/script>\n<!-- \/ Yoast SEO Premium plugin. -->","yoast_head_json":{"title":"Pre\u00e7o do gas\u00f3leo pode subir 15 c\u00eantimos na pr\u00f3xima semana","description":"Os pre\u00e7os dos combust\u00edveis dever\u00e3o sofrer uma subida significativa na pr\u00f3xima semana, entre 7 e 13 de setembro, com aumentos previstos tanto no gas\u00f3leo como na gasolina.","robots":{"index":"index","follow":"follow","max-snippet":"max-snippet:-1","max-image-preview":"max-image-preview:large","max-video-preview":"max-video-preview:-1"},"canonical":"https:\/\/www.altominho.tv\/site\/2026\/09\/04\/preco-do-gasoleo-pode-subir-15-centimos-na-proxima-semana\/","og_locale":"pt_PT","og_type":"article","og_title":"Pre\u00e7o do gas\u00f3leo pode subir 15 c\u00eantimos na pr\u00f3xima semana","og_description":"Os pre\u00e7os dos combust\u00edveis dever\u00e3o sofrer uma subida significativa na pr\u00f3xima semana, entre 7 e 13 de setembro, com aumentos previstos tanto no gas\u00f3leo como na gasolina.","og_url":"https:\/\/www.altominho.tv\/site\/2026\/09\/04\/preco-do-gasoleo-pode-subir-15-centimos-na-proxima-semana\/","og_site_name":"Altominho.tv","article_publisher":"https:\/\/www.facebook.com\/altominhotv","article_published_time":"2026-09-04T09:30:38+00:00","article_modified_time":"2026-09-04T09:30:40+00:00","og_image":[{"width":1200,"height":630,"url":"https:\/\/www.altominho.tv\/site\/wp-content\/uploads\/2026\/09\/combustiveis_1.jpg","type":"image\/jpeg"}],"author":"Altominho.tv","twitter_card":"summary_large_image","twitter_creator":"@altominhoTV","twitter_site":"@altominhoTV","twitter_misc":{"Escrito por":"Altominho.tv","Tempo estimado de leitura":"1 minuto"},"schema":{"@context":"https:\/\/schema.org","@graph":[{"@type":"Article","@id":"https:\/\/www.altominho.tv\/site\/2026\/09\/04\/preco-do-gasoleo-pode-subir-15-centimos-na-proxima-semana\/#article","isPartOf":{"@id":"https:\/\/www.altominho.tv\/site\/2026\/09\/04\/preco-do-gasoleo-pode-subir-15-centimos-na-proxima-semana\/"},"author":{"name":"Altominho.tv","@id":"https:\/\/www.altominho.tv\/site\/#\/schema\/person\/4e536851627d7914baf3dac752b6af22"},"headline":"Pre\u00e7o do gas\u00f3leo pode subir 15 c\u00eantimos na pr\u00f3xima semana","datePublished":"2026-09-04T09:30:38+00:00","dateModified":"2026-09-04T09:30:40+00:00","mainEntityOfPage":{"@id":"https:\/\/www.altominho.tv\/site\/2026\/09\/04\/preco-do-gasoleo-pode-subir-15-centimos-na-proxima-semana\/"},"wordCount":167,"image":{"@id":"https:\/\/www.altominho.tv\/site\/2026\/09\/04\/preco-do-gasoleo-pode-subir-15-centimos-na-proxima-semana\/#primaryimage"},"thumbnailUrl":"https:\/\/www.altominho.tv\/site\/wp-content\/uploads\/2026\/09\/combustiveis_1.jpg","keywords":["Sociedade"],"articleSection":["Pa\u00eds"],"inLanguage":"pt-PT","copyrightYear":"2026","copyrightHolder":{"@id":"https:\/\/www.altominho.tv\/site\/#organization"}},{"@type":"WebPage","@id":"https:\/\/www.altominho.tv\/site\/2026\/09\/04\/preco-do-gasoleo-pode-subir-15-centimos-na-proxima-semana\/","url":"https:\/\/www.altominho.tv\/site\/2026\/09\/04\/preco-do-gasoleo-pode-subir-15-centimos-na-proxima-semana\/","name":"Pre\u00e7o do gas\u00f3leo pode subir 15 c\u00eantimos na pr\u00f3xima semana","isPartOf":{"@id":"https:\/\/www.altominho.tv\/site\/#website"},"primaryImageOfPage":{"@id":"https:\/\/www.altominho.tv\/site\/2026\/09\/04\/preco-do-gasoleo-pode-subir-15-centimos-na-proxima-semana\/#primaryimage"},"image":{"@id":"https:\/\/www.altominho.tv\/site\/2026\/09\/04\/preco-do-gasoleo-pode-subir-15-centimos-na-proxima-semana\/#primaryimage"},"thumbnailUrl":"https:\/\/www.altominho.tv\/site\/wp-content\/uploads\/2026\/09\/combustiveis_1.jpg","datePublished":"2026-09-04T09:30:38+00:00","dateModified":"2026-09-04T09:30:40+00:00","author":{"@id":"https:\/\/www.altominho.tv\/site\/#\/schema\/person\/4e536851627d7914baf3dac752b6af22"},"description":"Os pre\u00e7os dos combust\u00edveis dever\u00e3o sofrer uma subida significativa na pr\u00f3xima semana, entre 7 e 13 de setembro, com aumentos previstos tanto no gas\u00f3leo como na gasolina.","breadcrumb":{"@id":"https:\/\/www.altominho.tv\/site\/2026\/09\/04\/preco-do-gasoleo-pode-subir-15-centimos-na-proxima-semana\/#breadcrumb"},"inLanguage":"pt-PT","potentialAction":[{"@type":"ReadAction","target":["https:\/\/www.altominho.tv\/site\/2026\/09\/04\/preco-do-gasoleo-pode-subir-15-centimos-na-proxima-semana\/"]}]},{"@type":"ImageObject","inLanguage":"pt-PT","@id":"https:\/\/www.altominho.tv\/site\/2026\/09\/04\/preco-do-gasoleo-pode-subir-15-centimos-na-proxima-semana\/#primaryimage","url":"https:\/\/www.altominho.tv\/site\/wp-content\/uploads\/2026\/09\/combustiveis_1.jpg","contentUrl":"https:\/\/www.altominho.tv\/site\/wp-content\/uploads\/2026\/09\/combustiveis_1.jpg","width":1200,"height":630},{"@type":"BreadcrumbList","@id":"https:\/\/www.altominho.tv\/site\/2026\/09\/04\/preco-do-gasoleo-pode-subir-15-centimos-na-proxima-semana\/#breadcrumb","itemListElement":[{"@type":"ListItem","position":1,"name":"In\u00edcio","item":"https:\/\/www.altominho.tv\/site\/"},{"@type":"ListItem","position":2,"name":"Pre\u00e7o do gas\u00f3leo pode subir 15 c\u00eantimos na pr\u00f3xima semana"}]},{"@type":"WebSite","@id":"https:\/\/www.altominho.tv\/site\/#website","url":"https:\/\/www.altominho.tv\/site\/","name":"Altominho.tv","description":"A sua regi\u00e3o \u00e0 dist\u00e2ncia de um clique...","potentialAction":[{"@type":"SearchAction","target":{"@type":"EntryPoint","urlTemplate":"https:\/\/www.altominho.tv\/site\/?s={search_term_string}"},"query-input":{"@type":"PropertyValueSpecification","valueRequired":true,"valueName":"search_term_string"}}],"inLanguage":"pt-PT"},{"@type":"Person","@id":"https:\/\/www.altominho.tv\/site\/#\/schema\/person\/4e536851627d7914baf3dac752b6af22","name":"Altominho.tv","image":{"@type":"ImageObject","inLanguage":"pt-PT","@id":"https:\/\/www.altominho.tv\/site\/wp-content\/uploads\/2019\/11\/Logo_Avatar_2-150x150.jpg","url":"https:\/\/www.altominho.tv\/site\/wp-content\/uploads\/2019\/11\/Logo_Avatar_2-150x150.jpg","contentUrl":"https:\/\/www.altominho.tv\/site\/wp-content\/uploads\/2019\/11\/Logo_Avatar_2-150x150.jpg","caption":"Altominho.tv"},"url":"https:\/\/www.altominho.tv\/site\/author\/altominhotv-tecnico\/"}]}},"_links":{"self":[{"href":"https:\/\/www.altominho.tv\/site\/wp-json\/wp\/v2\/posts\/136346","targetHints":{"allow":["GET"]}}],"collection":[{"href":"https:\/\/www.altominho.tv\/site\/wp-json\/wp\/v2\/posts"}],"about":[{"href":"https:\/\/www.altominho.tv\/site\/wp-json\/wp\/v2\/types\/post"}],"author":[{"embeddable":true,"href":"https:\/\/www.altominho.tv\/site\/wp-json\/wp\/v2\/users\/1"}],"replies":[{"embeddable":true,"href":"https:\/\/www.altominho.tv\/site\/wp-json\/wp\/v2\/comments?post=136346"}],"version-history":[{"count":1,"href":"https:\/\/www.altominho.tv\/site\/wp-json\/wp\/v2\/posts\/136346\/revisions"}],"predecessor-version":[{"id":136348,"href":"https:\/\/www.altominho.tv\/site\/wp-json\/wp\/v2\/posts\/136346\/revisions\/136348"}],"wp:featuredmedia":[{"embeddable":true,"href":"https:\/\/www.altominho.tv\/site\/wp-json\/wp\/v2\/media\/136347"}],"wp:attachment":[{"href":"https:\/\/www.altominho.tv\/site\/wp-json\/wp\/v2\/media?parent=136346"}],"wp:term":[{"taxonomy":"category","embeddable":true,"href":"https:\/\/www.altominho.tv\/site\/wp-json\/wp\/v2\/categories?post=136346"},{"taxonomy":"post_tag","embeddable":true,"href":"https:\/\/www.altominho.tv\/site\/wp-json\/wp\/v2\/tags?post=136346"}],"curies":[{"name":"wp","href":"https:\/\/api.w.org\/{rel}","templated":true}]}}