{"id":136332,"date":"2026-09-04T09:42:54","date_gmt":"2026-09-04T08:42:54","guid":{"rendered":"https:\/\/www.altominho.tv\/site\/?p=136332"},"modified":"2026-09-04T09:44:50","modified_gmt":"2026-09-04T08:44:50","slug":"136332","status":"publish","type":"post","link":"https:\/\/www.altominho.tv\/site\/2026\/09\/04\/136332\/","title":{"rendered":"Governo apela \u00e0 consci\u00eancia individual para prevenir fogos"},"content":{"rendered":"<p>O secret\u00e1rio de Estado da Prote\u00e7\u00e3o Civil apelou hoje para que sejam evitados comportamentos de risco de inc\u00eandio e alertou para a dificuldade acrescida no combate quando acontecem v\u00e1rias igni\u00e7\u00f5es quase em simult\u00e2neo, como aconteceu em Boticas.<\/p>\n<p>&#8220;Permitam que possa utilizar a vossa presen\u00e7a para, de facto, apelar mais uma vez \u00e0 consci\u00eancia individual de cada um de n\u00f3s, de todos os nossos concidad\u00e3os, porque aquilo que aconteceu nestes inc\u00eandios em Boticas, como j\u00e1 tinha acontecido tamb\u00e9m em Vouzela, como aconteceu em Ponte de Lima, como aconteceu em Vila Flor, \u00e9 que acontecem v\u00e1rias igni\u00e7\u00f5es quase em simult\u00e2neo&#8221;, afirmou Rui Rocha.<\/p>\n<p>Ou, acrescentou, &#8220;quando j\u00e1 h\u00e1 um inc\u00eandio e h\u00e1 novas igni\u00e7\u00f5es&#8221; e &#8220;algumas delas, como aconteceu aqui [Boticas], \u00e0 meia-noite e num dia de festa&#8221;.<\/p>\n<p>Rui Rocha apelou \u00e0 responsabilidade de todos no uso da floresta, \u00e0 vigil\u00e2ncia e \u00e0 sinaliza\u00e7\u00e3o de movimenta\u00e7\u00f5es que possam ser suspeitas, considerando que \u00e9 uma &#8220;dificuldade acrescida&#8221; quando existem v\u00e1rias igni\u00e7\u00f5es e durante a noite, per\u00edodo em que fica impossibilitada a utiliza\u00e7\u00e3o dos meios a\u00e9reos.<\/p>\n<p>Lembrou ainda que, tal como evidenciou o relat\u00f3rio da Comiss\u00e3o T\u00e9cnica Independente, a esmagadora maioria dos inc\u00eandios tem m\u00e3o humana, seja ela neglig\u00eancia ou dolo e, por isso, disse ser importante sensibilizar contra os comportamentos de risco.<\/p>\n<p>&#8220;N\u00f3s n\u00e3o podemos aqui sinalizar a causa, mas que n\u00e3o deixa de ser estranho que quando h\u00e1 um inc\u00eandio e de repente h\u00e1 outra igni\u00e7\u00e3o pr\u00f3ximo, ou como, em Vila da Flor, em que numa noite houve quatro ou cinco igni\u00e7\u00f5es, de facto temos que interpretar que \u00e9 alguma coisa que n\u00e3o \u00e9 normal&#8221;, referiu.<\/p>\n<p>O Instituto Portugu\u00eas do Mar e da Atmosfera (IPMA) estendeu hoje o aviso amarelo de tempo quente at\u00e9 s\u00e1bado e alargou-o de 11 para 14 distritos, colocando v\u00e1rios concelhos do pa\u00eds em perigo m\u00e1ximo ou muito elevado de inc\u00eandio rural.<\/p>\n<p>A prop\u00f3sito, Rui Rocha disse que o dispositivo &#8220;j\u00e1 foi alavancado para que possa haver maior prontid\u00e3o para alguma necessidade&#8221; e refor\u00e7ou o apelo \u00e0 preven\u00e7\u00e3o, como n\u00e3o fazer nenhuma atividade na floresta ou pr\u00f3ximo da floresta que possa originar qualquer inc\u00eandio.<\/p>\n<p>O governante falava aos jornalistas no fim de uma reuni\u00e3o, em Boticas, que serviu para ouvir comandantes de bombeiros, Prote\u00e7\u00e3o Civil e a autarcas que estiveram envolvidos nos fogos que come\u00e7aram neste concelho do distrito de Vila Real e atingiram 3.000 hectares.<\/p>\n<p>Entre a noite do dia 15 e o dia 20 de agosto deflagraram tr\u00eas inc\u00eandios na freguesia de Ard\u00e3os e Bobadela, dois na aldeia de Nogueira, um dos quais alastrou a Chaves, e em Ard\u00e3os, que entrou no concelho de Montalegre.<\/p>\n<p>O secret\u00e1rio de Estado explicou que tem feito estas reuni\u00f5es em todos os locais afetados por grandes inc\u00eandios, referindo que na sexta-feira estar\u00e1 em Torre de Moncorvo e Arouca.<\/p>\n<p>&#8220;O objetivo \u00e9 n\u00e3o ter que esperar pelo novo dispositivo de 2027 para perceber se h\u00e1 alguns aspetos que possam ainda vir a ser melhorados neste ano. Hoje estamos no dia 3 de setembro, mas o dispositivo est\u00e1 at\u00e9 o dia 15 de outubro. Portanto, esta reflex\u00e3o \u00e9 importante&#8221;, sublinhou.<\/p>\n<p>Questionado sobre o abaixo-assinado lan\u00e7ado por populares de Carrazeda de Ansi\u00e3es que criticam a gest\u00e3o do inc\u00eandio, que come\u00e7ou em Torre de Moncorvo, pela Autoridade Nacional de Emerg\u00eancia e Prote\u00e7\u00e3o Civil (ANEPC), Rui Rocha disse aguardar pela entrega da peti\u00e7\u00e3o, mas que independentemente disso ir\u00e1 ser feita avalia\u00e7\u00e3o &#8220;daquilo que tamb\u00e9m foi essa ocorr\u00eancia para perceber se h\u00e1 alguma coisa que, de facto, n\u00e3o correu bem&#8221;.<\/p>\n<p>&#8220;Esse \u00e9 o nosso objetivo \u00e9 de estar no terreno e perceber o que \u00e9 que aconteceu, e se houve alguma coisa que n\u00e3o correu bem, ou correu mesmo mal, como \u00e9 que vamos melhorar&#8221;, sublinhou.<\/p>\n","protected":false},"excerpt":{"rendered":"<p>O secret\u00e1rio de Estado da Prote\u00e7\u00e3o Civil apelou hoje para que sejam evitados comportamentos de risco de inc\u00eandio e alertou para a dificuldade acrescida no combate quando acontecem v\u00e1rias igni\u00e7\u00f5es quase em simult\u00e2neo, como aconteceu em Boticas. &#8220;Permitam que possa utilizar a vossa presen\u00e7a para, de facto, apelar mais uma vez \u00e0 consci\u00eancia individual de [&hellip;]<\/p>\n","protected":false},"author":13,"featured_media":122355,"comment_status":"closed","ping_status":"closed","sticky":false,"template":"","format":"standard","meta":{"_exactmetrics_skip_tracking":false,"footnotes":""},"categories":[56325],"tags":[27],"class_list":["post-136332","post","type-post","status-publish","format-standard","has-post-thumbnail","hentry","category-pais","tag-sociedade"],"yoast_head":"<!-- This site is optimized with the Yoast SEO Premium plugin v28.3 (Yoast SEO v28.3) - https:\/\/yoast.com\/product\/yoast-seo-premium-wordpress\/ -->\n<title>Governo apela \u00e0 consci\u00eancia individual para prevenir fogos<\/title>\n<meta name=\"robots\" content=\"index, follow, max-snippet:-1, max-image-preview:large, max-video-preview:-1\" \/>\n<link rel=\"canonical\" href=\"https:\/\/www.altominho.tv\/site\/2026\/09\/04\/136332\/\" \/>\n<meta property=\"og:locale\" content=\"pt_PT\" \/>\n<meta property=\"og:type\" content=\"article\" \/>\n<meta property=\"og:title\" content=\"Governo apela \u00e0 consci\u00eancia individual para prevenir fogos\" \/>\n<meta property=\"og:description\" content=\"O secret\u00e1rio de Estado da Prote\u00e7\u00e3o Civil apelou hoje para que sejam evitados comportamentos de risco de inc\u00eandio e alertou para a dificuldade acrescida no combate quando acontecem v\u00e1rias igni\u00e7\u00f5es quase em simult\u00e2neo, como aconteceu em Boticas. &#8220;Permitam que possa utilizar a vossa presen\u00e7a para, de facto, apelar mais uma vez \u00e0 consci\u00eancia individual de [&hellip;]\" \/>\n<meta property=\"og:url\" content=\"https:\/\/www.altominho.tv\/site\/2026\/09\/04\/136332\/\" \/>\n<meta property=\"og:site_name\" content=\"Altominho.tv\" \/>\n<meta property=\"article:publisher\" content=\"https:\/\/www.facebook.com\/altominhotv\" \/>\n<meta property=\"article:published_time\" content=\"2026-09-04T08:42:54+00:00\" \/>\n<meta property=\"article:modified_time\" content=\"2026-09-04T08:44:50+00:00\" \/>\n<meta property=\"og:image\" content=\"https:\/\/www.altominho.tv\/site\/wp-content\/uploads\/2025\/08\/incendio-florestal.jpg\" \/>\n\t<meta property=\"og:image:width\" content=\"1200\" \/>\n\t<meta property=\"og:image:height\" content=\"630\" \/>\n\t<meta property=\"og:image:type\" content=\"image\/jpeg\" \/>\n<meta name=\"author\" content=\"Lusa\" \/>\n<meta name=\"twitter:card\" content=\"summary_large_image\" \/>\n<meta name=\"twitter:creator\" content=\"@altominhoTV\" \/>\n<meta name=\"twitter:site\" content=\"@altominhoTV\" \/>\n<meta name=\"twitter:label1\" content=\"Escrito por\" \/>\n\t<meta name=\"twitter:data1\" content=\"Lusa\" \/>\n\t<meta name=\"twitter:label2\" content=\"Tempo estimado de leitura\" \/>\n\t<meta name=\"twitter:data2\" content=\"4 minutos\" \/>\n<script type=\"application\/ld+json\" class=\"yoast-schema-graph\">{\"@context\":\"https:\\\/\\\/schema.org\",\"@graph\":[{\"@type\":\"Article\",\"@id\":\"https:\\\/\\\/www.altominho.tv\\\/site\\\/2026\\\/09\\\/04\\\/136332\\\/#article\",\"isPartOf\":{\"@id\":\"https:\\\/\\\/www.altominho.tv\\\/site\\\/2026\\\/09\\\/04\\\/136332\\\/\"},\"author\":{\"name\":\"Lusa\",\"@id\":\"https:\\\/\\\/www.altominho.tv\\\/site\\\/#\\\/schema\\\/person\\\/63f693da3e1899361cbe955c46f3232e\"},\"headline\":\"Governo apela \u00e0 consci\u00eancia individual para prevenir fogos\",\"datePublished\":\"2026-09-04T08:42:54+00:00\",\"dateModified\":\"2026-09-04T08:44:50+00:00\",\"mainEntityOfPage\":{\"@id\":\"https:\\\/\\\/www.altominho.tv\\\/site\\\/2026\\\/09\\\/04\\\/136332\\\/\"},\"wordCount\":671,\"image\":{\"@id\":\"https:\\\/\\\/www.altominho.tv\\\/site\\\/2026\\\/09\\\/04\\\/136332\\\/#primaryimage\"},\"thumbnailUrl\":\"https:\\\/\\\/www.altominho.tv\\\/site\\\/wp-content\\\/uploads\\\/2025\\\/08\\\/incendio-florestal.jpg\",\"keywords\":[\"Sociedade\"],\"articleSection\":[\"Pa\u00eds\"],\"inLanguage\":\"pt-PT\",\"copyrightYear\":\"2026\",\"copyrightHolder\":{\"@id\":\"https:\\\/\\\/www.altominho.tv\\\/site\\\/#organization\"}},{\"@type\":\"WebPage\",\"@id\":\"https:\\\/\\\/www.altominho.tv\\\/site\\\/2026\\\/09\\\/04\\\/136332\\\/\",\"url\":\"https:\\\/\\\/www.altominho.tv\\\/site\\\/2026\\\/09\\\/04\\\/136332\\\/\",\"name\":\"Governo apela \u00e0 consci\u00eancia individual para prevenir fogos\",\"isPartOf\":{\"@id\":\"https:\\\/\\\/www.altominho.tv\\\/site\\\/#website\"},\"primaryImageOfPage\":{\"@id\":\"https:\\\/\\\/www.altominho.tv\\\/site\\\/2026\\\/09\\\/04\\\/136332\\\/#primaryimage\"},\"image\":{\"@id\":\"https:\\\/\\\/www.altominho.tv\\\/site\\\/2026\\\/09\\\/04\\\/136332\\\/#primaryimage\"},\"thumbnailUrl\":\"https:\\\/\\\/www.altominho.tv\\\/site\\\/wp-content\\\/uploads\\\/2025\\\/08\\\/incendio-florestal.jpg\",\"datePublished\":\"2026-09-04T08:42:54+00:00\",\"dateModified\":\"2026-09-04T08:44:50+00:00\",\"author\":{\"@id\":\"https:\\\/\\\/www.altominho.tv\\\/site\\\/#\\\/schema\\\/person\\\/63f693da3e1899361cbe955c46f3232e\"},\"breadcrumb\":{\"@id\":\"https:\\\/\\\/www.altominho.tv\\\/site\\\/2026\\\/09\\\/04\\\/136332\\\/#breadcrumb\"},\"inLanguage\":\"pt-PT\",\"potentialAction\":[{\"@type\":\"ReadAction\",\"target\":[\"https:\\\/\\\/www.altominho.tv\\\/site\\\/2026\\\/09\\\/04\\\/136332\\\/\"]}]},{\"@type\":\"ImageObject\",\"inLanguage\":\"pt-PT\",\"@id\":\"https:\\\/\\\/www.altominho.tv\\\/site\\\/2026\\\/09\\\/04\\\/136332\\\/#primaryimage\",\"url\":\"https:\\\/\\\/www.altominho.tv\\\/site\\\/wp-content\\\/uploads\\\/2025\\\/08\\\/incendio-florestal.jpg\",\"contentUrl\":\"https:\\\/\\\/www.altominho.tv\\\/site\\\/wp-content\\\/uploads\\\/2025\\\/08\\\/incendio-florestal.jpg\",\"width\":1200,\"height\":630},{\"@type\":\"BreadcrumbList\",\"@id\":\"https:\\\/\\\/www.altominho.tv\\\/site\\\/2026\\\/09\\\/04\\\/136332\\\/#breadcrumb\",\"itemListElement\":[{\"@type\":\"ListItem\",\"position\":1,\"name\":\"In\u00edcio\",\"item\":\"https:\\\/\\\/www.altominho.tv\\\/site\\\/\"},{\"@type\":\"ListItem\",\"position\":2,\"name\":\"Governo apela \u00e0 consci\u00eancia individual para prevenir fogos\"}]},{\"@type\":\"WebSite\",\"@id\":\"https:\\\/\\\/www.altominho.tv\\\/site\\\/#website\",\"url\":\"https:\\\/\\\/www.altominho.tv\\\/site\\\/\",\"name\":\"Altominho.tv\",\"description\":\"A sua regi\u00e3o \u00e0 dist\u00e2ncia de um clique...\",\"potentialAction\":[{\"@type\":\"SearchAction\",\"target\":{\"@type\":\"EntryPoint\",\"urlTemplate\":\"https:\\\/\\\/www.altominho.tv\\\/site\\\/?s={search_term_string}\"},\"query-input\":{\"@type\":\"PropertyValueSpecification\",\"valueRequired\":true,\"valueName\":\"search_term_string\"}}],\"inLanguage\":\"pt-PT\"},{\"@type\":\"Person\",\"@id\":\"https:\\\/\\\/www.altominho.tv\\\/site\\\/#\\\/schema\\\/person\\\/63f693da3e1899361cbe955c46f3232e\",\"name\":\"Lusa\",\"image\":{\"@type\":\"ImageObject\",\"inLanguage\":\"pt-PT\",\"@id\":\"https:\\\/\\\/www.altominho.tv\\\/site\\\/wp-content\\\/uploads\\\/2019\\\/08\\\/LUSA_Logo.gif\",\"url\":\"https:\\\/\\\/www.altominho.tv\\\/site\\\/wp-content\\\/uploads\\\/2019\\\/08\\\/LUSA_Logo.gif\",\"contentUrl\":\"https:\\\/\\\/www.altominho.tv\\\/site\\\/wp-content\\\/uploads\\\/2019\\\/08\\\/LUSA_Logo.gif\",\"caption\":\"Lusa\"},\"sameAs\":[\"http:\\\/\\\/\\\/\\\/www.altominho.tv\\\/site\"],\"url\":\"https:\\\/\\\/www.altominho.tv\\\/site\\\/author\\\/lusa\\\/\"}]}<\/script>\n<!-- \/ Yoast SEO Premium plugin. -->","yoast_head_json":{"title":"Governo apela \u00e0 consci\u00eancia individual para prevenir fogos","robots":{"index":"index","follow":"follow","max-snippet":"max-snippet:-1","max-image-preview":"max-image-preview:large","max-video-preview":"max-video-preview:-1"},"canonical":"https:\/\/www.altominho.tv\/site\/2026\/09\/04\/136332\/","og_locale":"pt_PT","og_type":"article","og_title":"Governo apela \u00e0 consci\u00eancia individual para prevenir fogos","og_description":"O secret\u00e1rio de Estado da Prote\u00e7\u00e3o Civil apelou hoje para que sejam evitados comportamentos de risco de inc\u00eandio e alertou para a dificuldade acrescida no combate quando acontecem v\u00e1rias igni\u00e7\u00f5es quase em simult\u00e2neo, como aconteceu em Boticas. &#8220;Permitam que possa utilizar a vossa presen\u00e7a para, de facto, apelar mais uma vez \u00e0 consci\u00eancia individual de [&hellip;]","og_url":"https:\/\/www.altominho.tv\/site\/2026\/09\/04\/136332\/","og_site_name":"Altominho.tv","article_publisher":"https:\/\/www.facebook.com\/altominhotv","article_published_time":"2026-09-04T08:42:54+00:00","article_modified_time":"2026-09-04T08:44:50+00:00","og_image":[{"width":1200,"height":630,"url":"https:\/\/www.altominho.tv\/site\/wp-content\/uploads\/2025\/08\/incendio-florestal.jpg","type":"image\/jpeg"}],"author":"Lusa","twitter_card":"summary_large_image","twitter_creator":"@altominhoTV","twitter_site":"@altominhoTV","twitter_misc":{"Escrito por":"Lusa","Tempo estimado de leitura":"4 minutos"},"schema":{"@context":"https:\/\/schema.org","@graph":[{"@type":"Article","@id":"https:\/\/www.altominho.tv\/site\/2026\/09\/04\/136332\/#article","isPartOf":{"@id":"https:\/\/www.altominho.tv\/site\/2026\/09\/04\/136332\/"},"author":{"name":"Lusa","@id":"https:\/\/www.altominho.tv\/site\/#\/schema\/person\/63f693da3e1899361cbe955c46f3232e"},"headline":"Governo apela \u00e0 consci\u00eancia individual para prevenir fogos","datePublished":"2026-09-04T08:42:54+00:00","dateModified":"2026-09-04T08:44:50+00:00","mainEntityOfPage":{"@id":"https:\/\/www.altominho.tv\/site\/2026\/09\/04\/136332\/"},"wordCount":671,"image":{"@id":"https:\/\/www.altominho.tv\/site\/2026\/09\/04\/136332\/#primaryimage"},"thumbnailUrl":"https:\/\/www.altominho.tv\/site\/wp-content\/uploads\/2025\/08\/incendio-florestal.jpg","keywords":["Sociedade"],"articleSection":["Pa\u00eds"],"inLanguage":"pt-PT","copyrightYear":"2026","copyrightHolder":{"@id":"https:\/\/www.altominho.tv\/site\/#organization"}},{"@type":"WebPage","@id":"https:\/\/www.altominho.tv\/site\/2026\/09\/04\/136332\/","url":"https:\/\/www.altominho.tv\/site\/2026\/09\/04\/136332\/","name":"Governo apela \u00e0 consci\u00eancia individual para prevenir fogos","isPartOf":{"@id":"https:\/\/www.altominho.tv\/site\/#website"},"primaryImageOfPage":{"@id":"https:\/\/www.altominho.tv\/site\/2026\/09\/04\/136332\/#primaryimage"},"image":{"@id":"https:\/\/www.altominho.tv\/site\/2026\/09\/04\/136332\/#primaryimage"},"thumbnailUrl":"https:\/\/www.altominho.tv\/site\/wp-content\/uploads\/2025\/08\/incendio-florestal.jpg","datePublished":"2026-09-04T08:42:54+00:00","dateModified":"2026-09-04T08:44:50+00:00","author":{"@id":"https:\/\/www.altominho.tv\/site\/#\/schema\/person\/63f693da3e1899361cbe955c46f3232e"},"breadcrumb":{"@id":"https:\/\/www.altominho.tv\/site\/2026\/09\/04\/136332\/#breadcrumb"},"inLanguage":"pt-PT","potentialAction":[{"@type":"ReadAction","target":["https:\/\/www.altominho.tv\/site\/2026\/09\/04\/136332\/"]}]},{"@type":"ImageObject","inLanguage":"pt-PT","@id":"https:\/\/www.altominho.tv\/site\/2026\/09\/04\/136332\/#primaryimage","url":"https:\/\/www.altominho.tv\/site\/wp-content\/uploads\/2025\/08\/incendio-florestal.jpg","contentUrl":"https:\/\/www.altominho.tv\/site\/wp-content\/uploads\/2025\/08\/incendio-florestal.jpg","width":1200,"height":630},{"@type":"BreadcrumbList","@id":"https:\/\/www.altominho.tv\/site\/2026\/09\/04\/136332\/#breadcrumb","itemListElement":[{"@type":"ListItem","position":1,"name":"In\u00edcio","item":"https:\/\/www.altominho.tv\/site\/"},{"@type":"ListItem","position":2,"name":"Governo apela \u00e0 consci\u00eancia individual para prevenir fogos"}]},{"@type":"WebSite","@id":"https:\/\/www.altominho.tv\/site\/#website","url":"https:\/\/www.altominho.tv\/site\/","name":"Altominho.tv","description":"A sua regi\u00e3o \u00e0 dist\u00e2ncia de um clique...","potentialAction":[{"@type":"SearchAction","target":{"@type":"EntryPoint","urlTemplate":"https:\/\/www.altominho.tv\/site\/?s={search_term_string}"},"query-input":{"@type":"PropertyValueSpecification","valueRequired":true,"valueName":"search_term_string"}}],"inLanguage":"pt-PT"},{"@type":"Person","@id":"https:\/\/www.altominho.tv\/site\/#\/schema\/person\/63f693da3e1899361cbe955c46f3232e","name":"Lusa","image":{"@type":"ImageObject","inLanguage":"pt-PT","@id":"https:\/\/www.altominho.tv\/site\/wp-content\/uploads\/2019\/08\/LUSA_Logo.gif","url":"https:\/\/www.altominho.tv\/site\/wp-content\/uploads\/2019\/08\/LUSA_Logo.gif","contentUrl":"https:\/\/www.altominho.tv\/site\/wp-content\/uploads\/2019\/08\/LUSA_Logo.gif","caption":"Lusa"},"sameAs":["http:\/\/\/\/www.altominho.tv\/site"],"url":"https:\/\/www.altominho.tv\/site\/author\/lusa\/"}]}},"_links":{"self":[{"href":"https:\/\/www.altominho.tv\/site\/wp-json\/wp\/v2\/posts\/136332","targetHints":{"allow":["GET"]}}],"collection":[{"href":"https:\/\/www.altominho.tv\/site\/wp-json\/wp\/v2\/posts"}],"about":[{"href":"https:\/\/www.altominho.tv\/site\/wp-json\/wp\/v2\/types\/post"}],"author":[{"embeddable":true,"href":"https:\/\/www.altominho.tv\/site\/wp-json\/wp\/v2\/users\/13"}],"replies":[{"embeddable":true,"href":"https:\/\/www.altominho.tv\/site\/wp-json\/wp\/v2\/comments?post=136332"}],"version-history":[{"count":3,"href":"https:\/\/www.altominho.tv\/site\/wp-json\/wp\/v2\/posts\/136332\/revisions"}],"predecessor-version":[{"id":136335,"href":"https:\/\/www.altominho.tv\/site\/wp-json\/wp\/v2\/posts\/136332\/revisions\/136335"}],"wp:featuredmedia":[{"embeddable":true,"href":"https:\/\/www.altominho.tv\/site\/wp-json\/wp\/v2\/media\/122355"}],"wp:attachment":[{"href":"https:\/\/www.altominho.tv\/site\/wp-json\/wp\/v2\/media?parent=136332"}],"wp:term":[{"taxonomy":"category","embeddable":true,"href":"https:\/\/www.altominho.tv\/site\/wp-json\/wp\/v2\/categories?post=136332"},{"taxonomy":"post_tag","embeddable":true,"href":"https:\/\/www.altominho.tv\/site\/wp-json\/wp\/v2\/tags?post=136332"}],"curies":[{"name":"wp","href":"https:\/\/api.w.org\/{rel}","templated":true}]}}