{"id":136322,"date":"2026-09-03T16:06:28","date_gmt":"2026-09-03T15:06:28","guid":{"rendered":"https:\/\/www.altominho.tv\/site\/?p=136322"},"modified":"2026-09-03T16:06:31","modified_gmt":"2026-09-03T15:06:31","slug":"ze-amaro-atua-na-romaria-da-nossa-senhora-da-peneda","status":"publish","type":"post","link":"https:\/\/www.altominho.tv\/site\/2026\/09\/03\/ze-amaro-atua-na-romaria-da-nossa-senhora-da-peneda\/","title":{"rendered":"Z\u00e9 Amaro atua na Romaria da Nossa Senhora da Peneda"},"content":{"rendered":"\n<p class=\"p1 wp-block-paragraph\">A freguesia da Gavieira, em Arcos de Valdevez, acolhe at\u00e9 dia 8 de setembro, a Romaria da Nossa Senhora da Peneda. Entre a f\u00e9, a tradi\u00e7\u00e3o e o encontro de gera\u00e7\u00f5es, a Peneda vive mais uma das celebra\u00e7\u00f5es mais emblem\u00e1ticas, que atrai milhares de pessoas.<\/p>\n\n\n\n<p class=\"p1 wp-block-paragraph\">O cantor e compositor Z\u00e9 Amaro, conhecido como \u201cCowboy Portugu\u00eas\u201d, sobe esta sexta-feira, dia 4 de setembro, ao palco para animar os romeiros com os seus temas mais populares.<\/p>\n\n\n\n<p class=\"p1 wp-block-paragraph\">O Santu\u00e1rio de Nossa Senhora da Peneda, classificado como Monumento Nacional, \u00e9 um exemplo da grandiosidade do patrim\u00f3nio cultural da regi\u00e3o.<\/p>\n\n\n\n<p class=\"p1 wp-block-paragraph\">Inscrita no Invent\u00e1rio Nacional do Patrim\u00f3nio Cultural Imaterial, a Romaria destaca-se pelo seu esp\u00edrito celebrativo \u00fanico, sendo considerada uma das maiores romarias do Alto Minho, reconhecida a n\u00edvel local, nacional e internacional.<\/p>\n\n\n\n<p class=\"wp-block-paragraph\">Foto: <strong>Redes Sociais<\/strong><\/p>\n\n\n\n<figure class=\"wp-block-image size-large\"><img loading=\"lazy\" decoding=\"async\" width=\"854\" height=\"1024\" src=\"https:\/\/www.altominho.tv\/site\/wp-content\/uploads\/2026\/09\/788926831_4475179839466355_9090109253122616884_n-854x1024.jpeg\" alt=\"\" class=\"wp-image-136324\" srcset=\"https:\/\/www.altominho.tv\/site\/wp-content\/uploads\/2026\/09\/788926831_4475179839466355_9090109253122616884_n-854x1024.jpeg 854w, https:\/\/www.altominho.tv\/site\/wp-content\/uploads\/2026\/09\/788926831_4475179839466355_9090109253122616884_n-361x433.jpeg 361w, https:\/\/www.altominho.tv\/site\/wp-content\/uploads\/2026\/09\/788926831_4475179839466355_9090109253122616884_n-768x921.jpeg 768w, https:\/\/www.altominho.tv\/site\/wp-content\/uploads\/2026\/09\/788926831_4475179839466355_9090109253122616884_n-1280x1536.jpeg 1280w, https:\/\/www.altominho.tv\/site\/wp-content\/uploads\/2026\/09\/788926831_4475179839466355_9090109253122616884_n-370x444.jpeg 370w, https:\/\/www.altominho.tv\/site\/wp-content\/uploads\/2026\/09\/788926831_4475179839466355_9090109253122616884_n-270x324.jpeg 270w, https:\/\/www.altominho.tv\/site\/wp-content\/uploads\/2026\/09\/788926831_4475179839466355_9090109253122616884_n-570x684.jpeg 570w, https:\/\/www.altominho.tv\/site\/wp-content\/uploads\/2026\/09\/788926831_4475179839466355_9090109253122616884_n-740x888.jpeg 740w, https:\/\/www.altominho.tv\/site\/wp-content\/uploads\/2026\/09\/788926831_4475179839466355_9090109253122616884_n.jpeg 1707w\" sizes=\"auto, (max-width: 854px) 100vw, 854px\" \/><\/figure>\n","protected":false},"excerpt":{"rendered":"<p>A freguesia da Gavieira, em Arcos de Valdevez, acolhe at\u00e9 dia 8 de setembro, a Romaria da Nossa Senhora da Peneda. Entre a f\u00e9, a tradi\u00e7\u00e3o e o encontro de gera\u00e7\u00f5es, a Peneda vive mais uma das celebra\u00e7\u00f5es mais emblem\u00e1ticas, que atrai milhares de pessoas. O cantor e compositor Z\u00e9 Amaro, conhecido como \u201cCowboy Portugu\u00eas\u201d, [&hellip;]<\/p>\n","protected":false},"author":1,"featured_media":136323,"comment_status":"closed","ping_status":"closed","sticky":false,"template":"","format":"standard","meta":{"_exactmetrics_skip_tracking":false,"footnotes":""},"categories":[2],"tags":[27],"class_list":["post-136322","post","type-post","status-publish","format-standard","has-post-thumbnail","hentry","category-arcos-de-valdevez","tag-sociedade"],"yoast_head":"<!-- This site is optimized with the Yoast SEO Premium plugin v28.3 (Yoast SEO v28.3) - https:\/\/yoast.com\/product\/yoast-seo-premium-wordpress\/ -->\n<title>Z\u00e9 Amaro atua na Romaria da Nossa Senhora da Peneda<\/title>\n<meta name=\"description\" content=\"A freguesia da Gavieira, em Arcos de Valdevez, acolhe at\u00e9 dia 8 de setembro, a Romaria da Nossa Senhora da Peneda\" \/>\n<meta name=\"robots\" content=\"index, follow, max-snippet:-1, max-image-preview:large, max-video-preview:-1\" \/>\n<link rel=\"canonical\" href=\"https:\/\/www.altominho.tv\/site\/2026\/09\/03\/ze-amaro-atua-na-romaria-da-nossa-senhora-da-peneda\/\" \/>\n<meta property=\"og:locale\" content=\"pt_PT\" \/>\n<meta property=\"og:type\" content=\"article\" \/>\n<meta property=\"og:title\" content=\"Z\u00e9 Amaro atua na Romaria da Nossa Senhora da Peneda\" \/>\n<meta property=\"og:description\" content=\"A freguesia da Gavieira, em Arcos de Valdevez, acolhe at\u00e9 dia 8 de setembro, a Romaria da Nossa Senhora da Peneda\" \/>\n<meta property=\"og:url\" content=\"https:\/\/www.altominho.tv\/site\/2026\/09\/03\/ze-amaro-atua-na-romaria-da-nossa-senhora-da-peneda\/\" \/>\n<meta property=\"og:site_name\" content=\"Altominho.tv\" \/>\n<meta property=\"article:publisher\" content=\"https:\/\/www.facebook.com\/altominhotv\" \/>\n<meta property=\"article:published_time\" content=\"2026-09-03T15:06:28+00:00\" \/>\n<meta property=\"article:modified_time\" content=\"2026-09-03T15:06:31+00:00\" \/>\n<meta property=\"og:image\" content=\"https:\/\/www.altominho.tv\/site\/wp-content\/uploads\/2026\/09\/Ze-Amaro.jpg\" \/>\n\t<meta property=\"og:image:width\" content=\"1200\" \/>\n\t<meta property=\"og:image:height\" content=\"630\" \/>\n\t<meta property=\"og:image:type\" content=\"image\/jpeg\" \/>\n<meta name=\"author\" content=\"Altominho.tv\" \/>\n<meta name=\"twitter:card\" content=\"summary_large_image\" \/>\n<meta name=\"twitter:creator\" content=\"@altominhoTV\" \/>\n<meta name=\"twitter:site\" content=\"@altominhoTV\" \/>\n<meta name=\"twitter:label1\" content=\"Escrito por\" \/>\n\t<meta name=\"twitter:data1\" content=\"Altominho.tv\" \/>\n\t<meta name=\"twitter:label2\" content=\"Tempo estimado de leitura\" \/>\n\t<meta name=\"twitter:data2\" content=\"2 minutos\" \/>\n<script type=\"application\/ld+json\" class=\"yoast-schema-graph\">{\"@context\":\"https:\\\/\\\/schema.org\",\"@graph\":[{\"@type\":\"Article\",\"@id\":\"https:\\\/\\\/www.altominho.tv\\\/site\\\/2026\\\/09\\\/03\\\/ze-amaro-atua-na-romaria-da-nossa-senhora-da-peneda\\\/#article\",\"isPartOf\":{\"@id\":\"https:\\\/\\\/www.altominho.tv\\\/site\\\/2026\\\/09\\\/03\\\/ze-amaro-atua-na-romaria-da-nossa-senhora-da-peneda\\\/\"},\"author\":{\"name\":\"Altominho.tv\",\"@id\":\"https:\\\/\\\/www.altominho.tv\\\/site\\\/#\\\/schema\\\/person\\\/4e536851627d7914baf3dac752b6af22\"},\"headline\":\"Z\u00e9 Amaro atua na Romaria da Nossa Senhora da Peneda\",\"datePublished\":\"2026-09-03T15:06:28+00:00\",\"dateModified\":\"2026-09-03T15:06:31+00:00\",\"mainEntityOfPage\":{\"@id\":\"https:\\\/\\\/www.altominho.tv\\\/site\\\/2026\\\/09\\\/03\\\/ze-amaro-atua-na-romaria-da-nossa-senhora-da-peneda\\\/\"},\"wordCount\":149,\"image\":{\"@id\":\"https:\\\/\\\/www.altominho.tv\\\/site\\\/2026\\\/09\\\/03\\\/ze-amaro-atua-na-romaria-da-nossa-senhora-da-peneda\\\/#primaryimage\"},\"thumbnailUrl\":\"https:\\\/\\\/www.altominho.tv\\\/site\\\/wp-content\\\/uploads\\\/2026\\\/09\\\/Ze-Amaro.jpg\",\"keywords\":[\"Sociedade\"],\"articleSection\":[\"Arcos de Valdevez\"],\"inLanguage\":\"pt-PT\",\"copyrightYear\":\"2026\",\"copyrightHolder\":{\"@id\":\"https:\\\/\\\/www.altominho.tv\\\/site\\\/#organization\"}},{\"@type\":\"WebPage\",\"@id\":\"https:\\\/\\\/www.altominho.tv\\\/site\\\/2026\\\/09\\\/03\\\/ze-amaro-atua-na-romaria-da-nossa-senhora-da-peneda\\\/\",\"url\":\"https:\\\/\\\/www.altominho.tv\\\/site\\\/2026\\\/09\\\/03\\\/ze-amaro-atua-na-romaria-da-nossa-senhora-da-peneda\\\/\",\"name\":\"Z\u00e9 Amaro atua na Romaria da Nossa Senhora da Peneda\",\"isPartOf\":{\"@id\":\"https:\\\/\\\/www.altominho.tv\\\/site\\\/#website\"},\"primaryImageOfPage\":{\"@id\":\"https:\\\/\\\/www.altominho.tv\\\/site\\\/2026\\\/09\\\/03\\\/ze-amaro-atua-na-romaria-da-nossa-senhora-da-peneda\\\/#primaryimage\"},\"image\":{\"@id\":\"https:\\\/\\\/www.altominho.tv\\\/site\\\/2026\\\/09\\\/03\\\/ze-amaro-atua-na-romaria-da-nossa-senhora-da-peneda\\\/#primaryimage\"},\"thumbnailUrl\":\"https:\\\/\\\/www.altominho.tv\\\/site\\\/wp-content\\\/uploads\\\/2026\\\/09\\\/Ze-Amaro.jpg\",\"datePublished\":\"2026-09-03T15:06:28+00:00\",\"dateModified\":\"2026-09-03T15:06:31+00:00\",\"author\":{\"@id\":\"https:\\\/\\\/www.altominho.tv\\\/site\\\/#\\\/schema\\\/person\\\/4e536851627d7914baf3dac752b6af22\"},\"description\":\"A freguesia da Gavieira, em Arcos de Valdevez, acolhe at\u00e9 dia 8 de setembro, a Romaria da Nossa Senhora da Peneda\",\"breadcrumb\":{\"@id\":\"https:\\\/\\\/www.altominho.tv\\\/site\\\/2026\\\/09\\\/03\\\/ze-amaro-atua-na-romaria-da-nossa-senhora-da-peneda\\\/#breadcrumb\"},\"inLanguage\":\"pt-PT\",\"potentialAction\":[{\"@type\":\"ReadAction\",\"target\":[\"https:\\\/\\\/www.altominho.tv\\\/site\\\/2026\\\/09\\\/03\\\/ze-amaro-atua-na-romaria-da-nossa-senhora-da-peneda\\\/\"]}]},{\"@type\":\"ImageObject\",\"inLanguage\":\"pt-PT\",\"@id\":\"https:\\\/\\\/www.altominho.tv\\\/site\\\/2026\\\/09\\\/03\\\/ze-amaro-atua-na-romaria-da-nossa-senhora-da-peneda\\\/#primaryimage\",\"url\":\"https:\\\/\\\/www.altominho.tv\\\/site\\\/wp-content\\\/uploads\\\/2026\\\/09\\\/Ze-Amaro.jpg\",\"contentUrl\":\"https:\\\/\\\/www.altominho.tv\\\/site\\\/wp-content\\\/uploads\\\/2026\\\/09\\\/Ze-Amaro.jpg\",\"width\":1200,\"height\":630},{\"@type\":\"BreadcrumbList\",\"@id\":\"https:\\\/\\\/www.altominho.tv\\\/site\\\/2026\\\/09\\\/03\\\/ze-amaro-atua-na-romaria-da-nossa-senhora-da-peneda\\\/#breadcrumb\",\"itemListElement\":[{\"@type\":\"ListItem\",\"position\":1,\"name\":\"In\u00edcio\",\"item\":\"https:\\\/\\\/www.altominho.tv\\\/site\\\/\"},{\"@type\":\"ListItem\",\"position\":2,\"name\":\"Z\u00e9 Amaro atua na Romaria da Nossa Senhora da Peneda\"}]},{\"@type\":\"WebSite\",\"@id\":\"https:\\\/\\\/www.altominho.tv\\\/site\\\/#website\",\"url\":\"https:\\\/\\\/www.altominho.tv\\\/site\\\/\",\"name\":\"Altominho.tv\",\"description\":\"A sua regi\u00e3o \u00e0 dist\u00e2ncia de um clique...\",\"potentialAction\":[{\"@type\":\"SearchAction\",\"target\":{\"@type\":\"EntryPoint\",\"urlTemplate\":\"https:\\\/\\\/www.altominho.tv\\\/site\\\/?s={search_term_string}\"},\"query-input\":{\"@type\":\"PropertyValueSpecification\",\"valueRequired\":true,\"valueName\":\"search_term_string\"}}],\"inLanguage\":\"pt-PT\"},{\"@type\":\"Person\",\"@id\":\"https:\\\/\\\/www.altominho.tv\\\/site\\\/#\\\/schema\\\/person\\\/4e536851627d7914baf3dac752b6af22\",\"name\":\"Altominho.tv\",\"image\":{\"@type\":\"ImageObject\",\"inLanguage\":\"pt-PT\",\"@id\":\"https:\\\/\\\/www.altominho.tv\\\/site\\\/wp-content\\\/uploads\\\/2019\\\/11\\\/Logo_Avatar_2-150x150.jpg\",\"url\":\"https:\\\/\\\/www.altominho.tv\\\/site\\\/wp-content\\\/uploads\\\/2019\\\/11\\\/Logo_Avatar_2-150x150.jpg\",\"contentUrl\":\"https:\\\/\\\/www.altominho.tv\\\/site\\\/wp-content\\\/uploads\\\/2019\\\/11\\\/Logo_Avatar_2-150x150.jpg\",\"caption\":\"Altominho.tv\"},\"url\":\"https:\\\/\\\/www.altominho.tv\\\/site\\\/author\\\/altominhotv-tecnico\\\/\"}]}<\/script>\n<!-- \/ Yoast SEO Premium plugin. -->","yoast_head_json":{"title":"Z\u00e9 Amaro atua na Romaria da Nossa Senhora da Peneda","description":"A freguesia da Gavieira, em Arcos de Valdevez, acolhe at\u00e9 dia 8 de setembro, a Romaria da Nossa Senhora da Peneda","robots":{"index":"index","follow":"follow","max-snippet":"max-snippet:-1","max-image-preview":"max-image-preview:large","max-video-preview":"max-video-preview:-1"},"canonical":"https:\/\/www.altominho.tv\/site\/2026\/09\/03\/ze-amaro-atua-na-romaria-da-nossa-senhora-da-peneda\/","og_locale":"pt_PT","og_type":"article","og_title":"Z\u00e9 Amaro atua na Romaria da Nossa Senhora da Peneda","og_description":"A freguesia da Gavieira, em Arcos de Valdevez, acolhe at\u00e9 dia 8 de setembro, a Romaria da Nossa Senhora da Peneda","og_url":"https:\/\/www.altominho.tv\/site\/2026\/09\/03\/ze-amaro-atua-na-romaria-da-nossa-senhora-da-peneda\/","og_site_name":"Altominho.tv","article_publisher":"https:\/\/www.facebook.com\/altominhotv","article_published_time":"2026-09-03T15:06:28+00:00","article_modified_time":"2026-09-03T15:06:31+00:00","og_image":[{"width":1200,"height":630,"url":"https:\/\/www.altominho.tv\/site\/wp-content\/uploads\/2026\/09\/Ze-Amaro.jpg","type":"image\/jpeg"}],"author":"Altominho.tv","twitter_card":"summary_large_image","twitter_creator":"@altominhoTV","twitter_site":"@altominhoTV","twitter_misc":{"Escrito por":"Altominho.tv","Tempo estimado de leitura":"2 minutos"},"schema":{"@context":"https:\/\/schema.org","@graph":[{"@type":"Article","@id":"https:\/\/www.altominho.tv\/site\/2026\/09\/03\/ze-amaro-atua-na-romaria-da-nossa-senhora-da-peneda\/#article","isPartOf":{"@id":"https:\/\/www.altominho.tv\/site\/2026\/09\/03\/ze-amaro-atua-na-romaria-da-nossa-senhora-da-peneda\/"},"author":{"name":"Altominho.tv","@id":"https:\/\/www.altominho.tv\/site\/#\/schema\/person\/4e536851627d7914baf3dac752b6af22"},"headline":"Z\u00e9 Amaro atua na Romaria da Nossa Senhora da Peneda","datePublished":"2026-09-03T15:06:28+00:00","dateModified":"2026-09-03T15:06:31+00:00","mainEntityOfPage":{"@id":"https:\/\/www.altominho.tv\/site\/2026\/09\/03\/ze-amaro-atua-na-romaria-da-nossa-senhora-da-peneda\/"},"wordCount":149,"image":{"@id":"https:\/\/www.altominho.tv\/site\/2026\/09\/03\/ze-amaro-atua-na-romaria-da-nossa-senhora-da-peneda\/#primaryimage"},"thumbnailUrl":"https:\/\/www.altominho.tv\/site\/wp-content\/uploads\/2026\/09\/Ze-Amaro.jpg","keywords":["Sociedade"],"articleSection":["Arcos de Valdevez"],"inLanguage":"pt-PT","copyrightYear":"2026","copyrightHolder":{"@id":"https:\/\/www.altominho.tv\/site\/#organization"}},{"@type":"WebPage","@id":"https:\/\/www.altominho.tv\/site\/2026\/09\/03\/ze-amaro-atua-na-romaria-da-nossa-senhora-da-peneda\/","url":"https:\/\/www.altominho.tv\/site\/2026\/09\/03\/ze-amaro-atua-na-romaria-da-nossa-senhora-da-peneda\/","name":"Z\u00e9 Amaro atua na Romaria da Nossa Senhora da Peneda","isPartOf":{"@id":"https:\/\/www.altominho.tv\/site\/#website"},"primaryImageOfPage":{"@id":"https:\/\/www.altominho.tv\/site\/2026\/09\/03\/ze-amaro-atua-na-romaria-da-nossa-senhora-da-peneda\/#primaryimage"},"image":{"@id":"https:\/\/www.altominho.tv\/site\/2026\/09\/03\/ze-amaro-atua-na-romaria-da-nossa-senhora-da-peneda\/#primaryimage"},"thumbnailUrl":"https:\/\/www.altominho.tv\/site\/wp-content\/uploads\/2026\/09\/Ze-Amaro.jpg","datePublished":"2026-09-03T15:06:28+00:00","dateModified":"2026-09-03T15:06:31+00:00","author":{"@id":"https:\/\/www.altominho.tv\/site\/#\/schema\/person\/4e536851627d7914baf3dac752b6af22"},"description":"A freguesia da Gavieira, em Arcos de Valdevez, acolhe at\u00e9 dia 8 de setembro, a Romaria da Nossa Senhora da Peneda","breadcrumb":{"@id":"https:\/\/www.altominho.tv\/site\/2026\/09\/03\/ze-amaro-atua-na-romaria-da-nossa-senhora-da-peneda\/#breadcrumb"},"inLanguage":"pt-PT","potentialAction":[{"@type":"ReadAction","target":["https:\/\/www.altominho.tv\/site\/2026\/09\/03\/ze-amaro-atua-na-romaria-da-nossa-senhora-da-peneda\/"]}]},{"@type":"ImageObject","inLanguage":"pt-PT","@id":"https:\/\/www.altominho.tv\/site\/2026\/09\/03\/ze-amaro-atua-na-romaria-da-nossa-senhora-da-peneda\/#primaryimage","url":"https:\/\/www.altominho.tv\/site\/wp-content\/uploads\/2026\/09\/Ze-Amaro.jpg","contentUrl":"https:\/\/www.altominho.tv\/site\/wp-content\/uploads\/2026\/09\/Ze-Amaro.jpg","width":1200,"height":630},{"@type":"BreadcrumbList","@id":"https:\/\/www.altominho.tv\/site\/2026\/09\/03\/ze-amaro-atua-na-romaria-da-nossa-senhora-da-peneda\/#breadcrumb","itemListElement":[{"@type":"ListItem","position":1,"name":"In\u00edcio","item":"https:\/\/www.altominho.tv\/site\/"},{"@type":"ListItem","position":2,"name":"Z\u00e9 Amaro atua na Romaria da Nossa Senhora da Peneda"}]},{"@type":"WebSite","@id":"https:\/\/www.altominho.tv\/site\/#website","url":"https:\/\/www.altominho.tv\/site\/","name":"Altominho.tv","description":"A sua regi\u00e3o \u00e0 dist\u00e2ncia de um clique...","potentialAction":[{"@type":"SearchAction","target":{"@type":"EntryPoint","urlTemplate":"https:\/\/www.altominho.tv\/site\/?s={search_term_string}"},"query-input":{"@type":"PropertyValueSpecification","valueRequired":true,"valueName":"search_term_string"}}],"inLanguage":"pt-PT"},{"@type":"Person","@id":"https:\/\/www.altominho.tv\/site\/#\/schema\/person\/4e536851627d7914baf3dac752b6af22","name":"Altominho.tv","image":{"@type":"ImageObject","inLanguage":"pt-PT","@id":"https:\/\/www.altominho.tv\/site\/wp-content\/uploads\/2019\/11\/Logo_Avatar_2-150x150.jpg","url":"https:\/\/www.altominho.tv\/site\/wp-content\/uploads\/2019\/11\/Logo_Avatar_2-150x150.jpg","contentUrl":"https:\/\/www.altominho.tv\/site\/wp-content\/uploads\/2019\/11\/Logo_Avatar_2-150x150.jpg","caption":"Altominho.tv"},"url":"https:\/\/www.altominho.tv\/site\/author\/altominhotv-tecnico\/"}]}},"_links":{"self":[{"href":"https:\/\/www.altominho.tv\/site\/wp-json\/wp\/v2\/posts\/136322","targetHints":{"allow":["GET"]}}],"collection":[{"href":"https:\/\/www.altominho.tv\/site\/wp-json\/wp\/v2\/posts"}],"about":[{"href":"https:\/\/www.altominho.tv\/site\/wp-json\/wp\/v2\/types\/post"}],"author":[{"embeddable":true,"href":"https:\/\/www.altominho.tv\/site\/wp-json\/wp\/v2\/users\/1"}],"replies":[{"embeddable":true,"href":"https:\/\/www.altominho.tv\/site\/wp-json\/wp\/v2\/comments?post=136322"}],"version-history":[{"count":1,"href":"https:\/\/www.altominho.tv\/site\/wp-json\/wp\/v2\/posts\/136322\/revisions"}],"predecessor-version":[{"id":136325,"href":"https:\/\/www.altominho.tv\/site\/wp-json\/wp\/v2\/posts\/136322\/revisions\/136325"}],"wp:featuredmedia":[{"embeddable":true,"href":"https:\/\/www.altominho.tv\/site\/wp-json\/wp\/v2\/media\/136323"}],"wp:attachment":[{"href":"https:\/\/www.altominho.tv\/site\/wp-json\/wp\/v2\/media?parent=136322"}],"wp:term":[{"taxonomy":"category","embeddable":true,"href":"https:\/\/www.altominho.tv\/site\/wp-json\/wp\/v2\/categories?post=136322"},{"taxonomy":"post_tag","embeddable":true,"href":"https:\/\/www.altominho.tv\/site\/wp-json\/wp\/v2\/tags?post=136322"}],"curies":[{"name":"wp","href":"https:\/\/api.w.org\/{rel}","templated":true}]}}