{"id":136318,"date":"2026-09-03T11:53:20","date_gmt":"2026-09-03T10:53:20","guid":{"rendered":"https:\/\/www.altominho.tv\/site\/?p=136318"},"modified":"2026-09-03T11:53:22","modified_gmt":"2026-09-03T10:53:22","slug":"paredes-de-coura-retoma-plano-de-pormenor-para-instalar-nova-zona-industrial","status":"publish","type":"post","link":"https:\/\/www.altominho.tv\/site\/2026\/09\/03\/paredes-de-coura-retoma-plano-de-pormenor-para-instalar-nova-zona-industrial\/","title":{"rendered":"Paredes de Coura retoma plano de pormenor para instalar nova zona industrial"},"content":{"rendered":"\n<p class=\"wp-block-paragraph\">A C\u00e2mara de Paredes de Coura decidiu reiniciar a elabora\u00e7\u00e3o do plano de pormenor que prev\u00ea a constru\u00e7\u00e3o de uma nova zona de acolhimento empresarial em Linhares e Ferreira, refere o aviso hoje publicado em Di\u00e1rio da Rep\u00fablica.<\/p>\n\n\n\n<p class=\"wp-block-paragraph\">O documento, consultado pela ag\u00eancia Lusa, refere que a \u201coportunidade do plano resulta da necessidade de dar prosseguimento ao interesse estrat\u00e9gico do Munic\u00edpio de instala\u00e7\u00e3o de uma nova zona industrial no concelho&#8221;.<\/p>\n\n\n\n<p class=\"wp-block-paragraph\">A elabora\u00e7\u00e3o do projeto foi iniciada em 2023, mas acabou por caducar por depender, \u201cdo ponto de vista financeiro, da exist\u00eancia de financiamento comunit\u00e1rio, designadamente do Programa Regional Norte 2030\u201d.<\/p>\n\n\n\n<p class=\"wp-block-paragraph\">\u201cCom a publica\u00e7\u00e3o do Aviso NORTE2030-2026-01 Infraestruturas e equipamentos (de base n\u00e3o tecnol\u00f3gica) de apoio \u00e0 competitividade &#8211; Cria\u00e7\u00e3o e Expans\u00e3o de \u00c1reas de Acolhimento Empresarial, em que a comparticipa\u00e7\u00e3o FEDER a atribuir a cada opera\u00e7\u00e3o n\u00e3o pode ser superior a 1,5 milh\u00f5es de euros, encontram-se reunidas as condi\u00e7\u00f5es para dar continuidade ao processo e ao procedimento inerente \u00e0 elabora\u00e7\u00e3o do Plano de Pormenor da Zona Industrial de Linhares e Ferreira\u201d, l\u00ea-se no aviso.<\/p>\n\n\n\n<p class=\"wp-block-paragraph\">O plano de pormenor vai ser retomado, aproveitando \u201cos atos e formalidades praticadas\u201d no documento iniciado em 2023, \u201cnomeadamente os termos de refer\u00eancia que fundamentam a oportunidade da elabora\u00e7\u00e3o, pareceres das entidades e avalia\u00e7\u00e3o ambiental estrat\u00e9gica, bem como aprovar as novas pe\u00e7as do processo tendo em conta o faseamento, no sentido do prosseguimento do interesse estrat\u00e9gico do Munic\u00edpio de instala\u00e7\u00e3o de uma nova zona industrial no concelho\u201d.<\/p>\n\n\n\n<p class=\"wp-block-paragraph\">A decis\u00e3o, tomada, em agosto, por unanimidade pelo executivo municipal de Paredes de Coura, fixou \u201cum prazo de seis meses para a conclus\u00e3o do procedimento de elabora\u00e7\u00e3o do Plano de Pormenor da Zona Industrial de Linhares e Ferreira.<\/p>\n\n\n\n<p class=\"wp-block-paragraph\">Fotografia: <strong>DR<\/strong><\/p>\n","protected":false},"excerpt":{"rendered":"<p>A C\u00e2mara de Paredes de Coura decidiu reiniciar a elabora\u00e7\u00e3o do plano de pormenor que prev\u00ea a constru\u00e7\u00e3o de uma nova zona de acolhimento empresarial em Linhares e Ferreira, refere o aviso hoje publicado em Di\u00e1rio da Rep\u00fablica. O documento, consultado pela ag\u00eancia Lusa, refere que a \u201coportunidade do plano resulta da necessidade de dar [&hellip;]<\/p>\n","protected":false},"author":13,"featured_media":136319,"comment_status":"closed","ping_status":"closed","sticky":false,"template":"","format":"standard","meta":{"_exactmetrics_skip_tracking":false,"footnotes":""},"categories":[10],"tags":[27],"class_list":["post-136318","post","type-post","status-publish","format-standard","has-post-thumbnail","hentry","category-paredes-de-coura","tag-sociedade"],"yoast_head":"<!-- This site is optimized with the Yoast SEO Premium plugin v28.3 (Yoast SEO v28.3) - https:\/\/yoast.com\/product\/yoast-seo-premium-wordpress\/ -->\n<title>Paredes de Coura retoma plano de pormenor para instalar nova zona industrial<\/title>\n<meta name=\"robots\" content=\"index, follow, max-snippet:-1, max-image-preview:large, max-video-preview:-1\" \/>\n<link rel=\"canonical\" href=\"https:\/\/www.altominho.tv\/site\/2026\/09\/03\/paredes-de-coura-retoma-plano-de-pormenor-para-instalar-nova-zona-industrial\/\" \/>\n<meta property=\"og:locale\" content=\"pt_PT\" \/>\n<meta property=\"og:type\" content=\"article\" \/>\n<meta property=\"og:title\" content=\"Paredes de Coura retoma plano de pormenor para instalar nova zona industrial\" \/>\n<meta property=\"og:description\" content=\"A C\u00e2mara de Paredes de Coura decidiu reiniciar a elabora\u00e7\u00e3o do plano de pormenor que prev\u00ea a constru\u00e7\u00e3o de uma nova zona de acolhimento empresarial em Linhares e Ferreira, refere o aviso hoje publicado em Di\u00e1rio da Rep\u00fablica. O documento, consultado pela ag\u00eancia Lusa, refere que a \u201coportunidade do plano resulta da necessidade de dar [&hellip;]\" \/>\n<meta property=\"og:url\" content=\"https:\/\/www.altominho.tv\/site\/2026\/09\/03\/paredes-de-coura-retoma-plano-de-pormenor-para-instalar-nova-zona-industrial\/\" \/>\n<meta property=\"og:site_name\" content=\"Altominho.tv\" \/>\n<meta property=\"article:publisher\" content=\"https:\/\/www.facebook.com\/altominhotv\" \/>\n<meta property=\"article:published_time\" content=\"2026-09-03T10:53:20+00:00\" \/>\n<meta property=\"article:modified_time\" content=\"2026-09-03T10:53:22+00:00\" \/>\n<meta property=\"og:image\" content=\"https:\/\/www.altominho.tv\/site\/wp-content\/uploads\/2026\/09\/p.coura_.png\" \/>\n\t<meta property=\"og:image:width\" content=\"1200\" \/>\n\t<meta property=\"og:image:height\" content=\"630\" \/>\n\t<meta property=\"og:image:type\" content=\"image\/png\" \/>\n<meta name=\"author\" content=\"Lusa\" \/>\n<meta name=\"twitter:card\" content=\"summary_large_image\" \/>\n<meta name=\"twitter:creator\" content=\"@altominhoTV\" \/>\n<meta name=\"twitter:site\" content=\"@altominhoTV\" \/>\n<meta name=\"twitter:label1\" content=\"Escrito por\" \/>\n\t<meta name=\"twitter:data1\" content=\"Lusa\" \/>\n\t<meta name=\"twitter:label2\" content=\"Tempo estimado de leitura\" \/>\n\t<meta name=\"twitter:data2\" content=\"2 minutos\" \/>\n<script type=\"application\/ld+json\" class=\"yoast-schema-graph\">{\"@context\":\"https:\\\/\\\/schema.org\",\"@graph\":[{\"@type\":\"Article\",\"@id\":\"https:\\\/\\\/www.altominho.tv\\\/site\\\/2026\\\/09\\\/03\\\/paredes-de-coura-retoma-plano-de-pormenor-para-instalar-nova-zona-industrial\\\/#article\",\"isPartOf\":{\"@id\":\"https:\\\/\\\/www.altominho.tv\\\/site\\\/2026\\\/09\\\/03\\\/paredes-de-coura-retoma-plano-de-pormenor-para-instalar-nova-zona-industrial\\\/\"},\"author\":{\"name\":\"Lusa\",\"@id\":\"https:\\\/\\\/www.altominho.tv\\\/site\\\/#\\\/schema\\\/person\\\/63f693da3e1899361cbe955c46f3232e\"},\"headline\":\"Paredes de Coura retoma plano de pormenor para instalar nova zona industrial\",\"datePublished\":\"2026-09-03T10:53:20+00:00\",\"dateModified\":\"2026-09-03T10:53:22+00:00\",\"mainEntityOfPage\":{\"@id\":\"https:\\\/\\\/www.altominho.tv\\\/site\\\/2026\\\/09\\\/03\\\/paredes-de-coura-retoma-plano-de-pormenor-para-instalar-nova-zona-industrial\\\/\"},\"wordCount\":324,\"image\":{\"@id\":\"https:\\\/\\\/www.altominho.tv\\\/site\\\/2026\\\/09\\\/03\\\/paredes-de-coura-retoma-plano-de-pormenor-para-instalar-nova-zona-industrial\\\/#primaryimage\"},\"thumbnailUrl\":\"https:\\\/\\\/www.altominho.tv\\\/site\\\/wp-content\\\/uploads\\\/2026\\\/09\\\/p.coura_.png\",\"keywords\":[\"Sociedade\"],\"articleSection\":[\"Paredes de Coura\"],\"inLanguage\":\"pt-PT\",\"copyrightYear\":\"2026\",\"copyrightHolder\":{\"@id\":\"https:\\\/\\\/www.altominho.tv\\\/site\\\/#organization\"}},{\"@type\":\"WebPage\",\"@id\":\"https:\\\/\\\/www.altominho.tv\\\/site\\\/2026\\\/09\\\/03\\\/paredes-de-coura-retoma-plano-de-pormenor-para-instalar-nova-zona-industrial\\\/\",\"url\":\"https:\\\/\\\/www.altominho.tv\\\/site\\\/2026\\\/09\\\/03\\\/paredes-de-coura-retoma-plano-de-pormenor-para-instalar-nova-zona-industrial\\\/\",\"name\":\"Paredes de Coura retoma plano de pormenor para instalar nova zona industrial\",\"isPartOf\":{\"@id\":\"https:\\\/\\\/www.altominho.tv\\\/site\\\/#website\"},\"primaryImageOfPage\":{\"@id\":\"https:\\\/\\\/www.altominho.tv\\\/site\\\/2026\\\/09\\\/03\\\/paredes-de-coura-retoma-plano-de-pormenor-para-instalar-nova-zona-industrial\\\/#primaryimage\"},\"image\":{\"@id\":\"https:\\\/\\\/www.altominho.tv\\\/site\\\/2026\\\/09\\\/03\\\/paredes-de-coura-retoma-plano-de-pormenor-para-instalar-nova-zona-industrial\\\/#primaryimage\"},\"thumbnailUrl\":\"https:\\\/\\\/www.altominho.tv\\\/site\\\/wp-content\\\/uploads\\\/2026\\\/09\\\/p.coura_.png\",\"datePublished\":\"2026-09-03T10:53:20+00:00\",\"dateModified\":\"2026-09-03T10:53:22+00:00\",\"author\":{\"@id\":\"https:\\\/\\\/www.altominho.tv\\\/site\\\/#\\\/schema\\\/person\\\/63f693da3e1899361cbe955c46f3232e\"},\"breadcrumb\":{\"@id\":\"https:\\\/\\\/www.altominho.tv\\\/site\\\/2026\\\/09\\\/03\\\/paredes-de-coura-retoma-plano-de-pormenor-para-instalar-nova-zona-industrial\\\/#breadcrumb\"},\"inLanguage\":\"pt-PT\",\"potentialAction\":[{\"@type\":\"ReadAction\",\"target\":[\"https:\\\/\\\/www.altominho.tv\\\/site\\\/2026\\\/09\\\/03\\\/paredes-de-coura-retoma-plano-de-pormenor-para-instalar-nova-zona-industrial\\\/\"]}]},{\"@type\":\"ImageObject\",\"inLanguage\":\"pt-PT\",\"@id\":\"https:\\\/\\\/www.altominho.tv\\\/site\\\/2026\\\/09\\\/03\\\/paredes-de-coura-retoma-plano-de-pormenor-para-instalar-nova-zona-industrial\\\/#primaryimage\",\"url\":\"https:\\\/\\\/www.altominho.tv\\\/site\\\/wp-content\\\/uploads\\\/2026\\\/09\\\/p.coura_.png\",\"contentUrl\":\"https:\\\/\\\/www.altominho.tv\\\/site\\\/wp-content\\\/uploads\\\/2026\\\/09\\\/p.coura_.png\",\"width\":1200,\"height\":630},{\"@type\":\"BreadcrumbList\",\"@id\":\"https:\\\/\\\/www.altominho.tv\\\/site\\\/2026\\\/09\\\/03\\\/paredes-de-coura-retoma-plano-de-pormenor-para-instalar-nova-zona-industrial\\\/#breadcrumb\",\"itemListElement\":[{\"@type\":\"ListItem\",\"position\":1,\"name\":\"In\u00edcio\",\"item\":\"https:\\\/\\\/www.altominho.tv\\\/site\\\/\"},{\"@type\":\"ListItem\",\"position\":2,\"name\":\"Paredes de Coura retoma plano de pormenor para instalar nova zona industrial\"}]},{\"@type\":\"WebSite\",\"@id\":\"https:\\\/\\\/www.altominho.tv\\\/site\\\/#website\",\"url\":\"https:\\\/\\\/www.altominho.tv\\\/site\\\/\",\"name\":\"Altominho.tv\",\"description\":\"A sua regi\u00e3o \u00e0 dist\u00e2ncia de um clique...\",\"potentialAction\":[{\"@type\":\"SearchAction\",\"target\":{\"@type\":\"EntryPoint\",\"urlTemplate\":\"https:\\\/\\\/www.altominho.tv\\\/site\\\/?s={search_term_string}\"},\"query-input\":{\"@type\":\"PropertyValueSpecification\",\"valueRequired\":true,\"valueName\":\"search_term_string\"}}],\"inLanguage\":\"pt-PT\"},{\"@type\":\"Person\",\"@id\":\"https:\\\/\\\/www.altominho.tv\\\/site\\\/#\\\/schema\\\/person\\\/63f693da3e1899361cbe955c46f3232e\",\"name\":\"Lusa\",\"image\":{\"@type\":\"ImageObject\",\"inLanguage\":\"pt-PT\",\"@id\":\"https:\\\/\\\/www.altominho.tv\\\/site\\\/wp-content\\\/uploads\\\/2019\\\/08\\\/LUSA_Logo.gif\",\"url\":\"https:\\\/\\\/www.altominho.tv\\\/site\\\/wp-content\\\/uploads\\\/2019\\\/08\\\/LUSA_Logo.gif\",\"contentUrl\":\"https:\\\/\\\/www.altominho.tv\\\/site\\\/wp-content\\\/uploads\\\/2019\\\/08\\\/LUSA_Logo.gif\",\"caption\":\"Lusa\"},\"sameAs\":[\"http:\\\/\\\/\\\/\\\/www.altominho.tv\\\/site\"],\"url\":\"https:\\\/\\\/www.altominho.tv\\\/site\\\/author\\\/lusa\\\/\"}]}<\/script>\n<!-- \/ Yoast SEO Premium plugin. -->","yoast_head_json":{"title":"Paredes de Coura retoma plano de pormenor para instalar nova zona industrial","robots":{"index":"index","follow":"follow","max-snippet":"max-snippet:-1","max-image-preview":"max-image-preview:large","max-video-preview":"max-video-preview:-1"},"canonical":"https:\/\/www.altominho.tv\/site\/2026\/09\/03\/paredes-de-coura-retoma-plano-de-pormenor-para-instalar-nova-zona-industrial\/","og_locale":"pt_PT","og_type":"article","og_title":"Paredes de Coura retoma plano de pormenor para instalar nova zona industrial","og_description":"A C\u00e2mara de Paredes de Coura decidiu reiniciar a elabora\u00e7\u00e3o do plano de pormenor que prev\u00ea a constru\u00e7\u00e3o de uma nova zona de acolhimento empresarial em Linhares e Ferreira, refere o aviso hoje publicado em Di\u00e1rio da Rep\u00fablica. O documento, consultado pela ag\u00eancia Lusa, refere que a \u201coportunidade do plano resulta da necessidade de dar [&hellip;]","og_url":"https:\/\/www.altominho.tv\/site\/2026\/09\/03\/paredes-de-coura-retoma-plano-de-pormenor-para-instalar-nova-zona-industrial\/","og_site_name":"Altominho.tv","article_publisher":"https:\/\/www.facebook.com\/altominhotv","article_published_time":"2026-09-03T10:53:20+00:00","article_modified_time":"2026-09-03T10:53:22+00:00","og_image":[{"width":1200,"height":630,"url":"https:\/\/www.altominho.tv\/site\/wp-content\/uploads\/2026\/09\/p.coura_.png","type":"image\/png"}],"author":"Lusa","twitter_card":"summary_large_image","twitter_creator":"@altominhoTV","twitter_site":"@altominhoTV","twitter_misc":{"Escrito por":"Lusa","Tempo estimado de leitura":"2 minutos"},"schema":{"@context":"https:\/\/schema.org","@graph":[{"@type":"Article","@id":"https:\/\/www.altominho.tv\/site\/2026\/09\/03\/paredes-de-coura-retoma-plano-de-pormenor-para-instalar-nova-zona-industrial\/#article","isPartOf":{"@id":"https:\/\/www.altominho.tv\/site\/2026\/09\/03\/paredes-de-coura-retoma-plano-de-pormenor-para-instalar-nova-zona-industrial\/"},"author":{"name":"Lusa","@id":"https:\/\/www.altominho.tv\/site\/#\/schema\/person\/63f693da3e1899361cbe955c46f3232e"},"headline":"Paredes de Coura retoma plano de pormenor para instalar nova zona industrial","datePublished":"2026-09-03T10:53:20+00:00","dateModified":"2026-09-03T10:53:22+00:00","mainEntityOfPage":{"@id":"https:\/\/www.altominho.tv\/site\/2026\/09\/03\/paredes-de-coura-retoma-plano-de-pormenor-para-instalar-nova-zona-industrial\/"},"wordCount":324,"image":{"@id":"https:\/\/www.altominho.tv\/site\/2026\/09\/03\/paredes-de-coura-retoma-plano-de-pormenor-para-instalar-nova-zona-industrial\/#primaryimage"},"thumbnailUrl":"https:\/\/www.altominho.tv\/site\/wp-content\/uploads\/2026\/09\/p.coura_.png","keywords":["Sociedade"],"articleSection":["Paredes de Coura"],"inLanguage":"pt-PT","copyrightYear":"2026","copyrightHolder":{"@id":"https:\/\/www.altominho.tv\/site\/#organization"}},{"@type":"WebPage","@id":"https:\/\/www.altominho.tv\/site\/2026\/09\/03\/paredes-de-coura-retoma-plano-de-pormenor-para-instalar-nova-zona-industrial\/","url":"https:\/\/www.altominho.tv\/site\/2026\/09\/03\/paredes-de-coura-retoma-plano-de-pormenor-para-instalar-nova-zona-industrial\/","name":"Paredes de Coura retoma plano de pormenor para instalar nova zona industrial","isPartOf":{"@id":"https:\/\/www.altominho.tv\/site\/#website"},"primaryImageOfPage":{"@id":"https:\/\/www.altominho.tv\/site\/2026\/09\/03\/paredes-de-coura-retoma-plano-de-pormenor-para-instalar-nova-zona-industrial\/#primaryimage"},"image":{"@id":"https:\/\/www.altominho.tv\/site\/2026\/09\/03\/paredes-de-coura-retoma-plano-de-pormenor-para-instalar-nova-zona-industrial\/#primaryimage"},"thumbnailUrl":"https:\/\/www.altominho.tv\/site\/wp-content\/uploads\/2026\/09\/p.coura_.png","datePublished":"2026-09-03T10:53:20+00:00","dateModified":"2026-09-03T10:53:22+00:00","author":{"@id":"https:\/\/www.altominho.tv\/site\/#\/schema\/person\/63f693da3e1899361cbe955c46f3232e"},"breadcrumb":{"@id":"https:\/\/www.altominho.tv\/site\/2026\/09\/03\/paredes-de-coura-retoma-plano-de-pormenor-para-instalar-nova-zona-industrial\/#breadcrumb"},"inLanguage":"pt-PT","potentialAction":[{"@type":"ReadAction","target":["https:\/\/www.altominho.tv\/site\/2026\/09\/03\/paredes-de-coura-retoma-plano-de-pormenor-para-instalar-nova-zona-industrial\/"]}]},{"@type":"ImageObject","inLanguage":"pt-PT","@id":"https:\/\/www.altominho.tv\/site\/2026\/09\/03\/paredes-de-coura-retoma-plano-de-pormenor-para-instalar-nova-zona-industrial\/#primaryimage","url":"https:\/\/www.altominho.tv\/site\/wp-content\/uploads\/2026\/09\/p.coura_.png","contentUrl":"https:\/\/www.altominho.tv\/site\/wp-content\/uploads\/2026\/09\/p.coura_.png","width":1200,"height":630},{"@type":"BreadcrumbList","@id":"https:\/\/www.altominho.tv\/site\/2026\/09\/03\/paredes-de-coura-retoma-plano-de-pormenor-para-instalar-nova-zona-industrial\/#breadcrumb","itemListElement":[{"@type":"ListItem","position":1,"name":"In\u00edcio","item":"https:\/\/www.altominho.tv\/site\/"},{"@type":"ListItem","position":2,"name":"Paredes de Coura retoma plano de pormenor para instalar nova zona industrial"}]},{"@type":"WebSite","@id":"https:\/\/www.altominho.tv\/site\/#website","url":"https:\/\/www.altominho.tv\/site\/","name":"Altominho.tv","description":"A sua regi\u00e3o \u00e0 dist\u00e2ncia de um clique...","potentialAction":[{"@type":"SearchAction","target":{"@type":"EntryPoint","urlTemplate":"https:\/\/www.altominho.tv\/site\/?s={search_term_string}"},"query-input":{"@type":"PropertyValueSpecification","valueRequired":true,"valueName":"search_term_string"}}],"inLanguage":"pt-PT"},{"@type":"Person","@id":"https:\/\/www.altominho.tv\/site\/#\/schema\/person\/63f693da3e1899361cbe955c46f3232e","name":"Lusa","image":{"@type":"ImageObject","inLanguage":"pt-PT","@id":"https:\/\/www.altominho.tv\/site\/wp-content\/uploads\/2019\/08\/LUSA_Logo.gif","url":"https:\/\/www.altominho.tv\/site\/wp-content\/uploads\/2019\/08\/LUSA_Logo.gif","contentUrl":"https:\/\/www.altominho.tv\/site\/wp-content\/uploads\/2019\/08\/LUSA_Logo.gif","caption":"Lusa"},"sameAs":["http:\/\/\/\/www.altominho.tv\/site"],"url":"https:\/\/www.altominho.tv\/site\/author\/lusa\/"}]}},"_links":{"self":[{"href":"https:\/\/www.altominho.tv\/site\/wp-json\/wp\/v2\/posts\/136318","targetHints":{"allow":["GET"]}}],"collection":[{"href":"https:\/\/www.altominho.tv\/site\/wp-json\/wp\/v2\/posts"}],"about":[{"href":"https:\/\/www.altominho.tv\/site\/wp-json\/wp\/v2\/types\/post"}],"author":[{"embeddable":true,"href":"https:\/\/www.altominho.tv\/site\/wp-json\/wp\/v2\/users\/13"}],"replies":[{"embeddable":true,"href":"https:\/\/www.altominho.tv\/site\/wp-json\/wp\/v2\/comments?post=136318"}],"version-history":[{"count":1,"href":"https:\/\/www.altominho.tv\/site\/wp-json\/wp\/v2\/posts\/136318\/revisions"}],"predecessor-version":[{"id":136320,"href":"https:\/\/www.altominho.tv\/site\/wp-json\/wp\/v2\/posts\/136318\/revisions\/136320"}],"wp:featuredmedia":[{"embeddable":true,"href":"https:\/\/www.altominho.tv\/site\/wp-json\/wp\/v2\/media\/136319"}],"wp:attachment":[{"href":"https:\/\/www.altominho.tv\/site\/wp-json\/wp\/v2\/media?parent=136318"}],"wp:term":[{"taxonomy":"category","embeddable":true,"href":"https:\/\/www.altominho.tv\/site\/wp-json\/wp\/v2\/categories?post=136318"},{"taxonomy":"post_tag","embeddable":true,"href":"https:\/\/www.altominho.tv\/site\/wp-json\/wp\/v2\/tags?post=136318"}],"curies":[{"name":"wp","href":"https:\/\/api.w.org\/{rel}","templated":true}]}}