{"id":136316,"date":"2026-09-03T11:12:21","date_gmt":"2026-09-03T10:12:21","guid":{"rendered":"https:\/\/www.altominho.tv\/site\/?p=136316"},"modified":"2026-09-03T11:13:22","modified_gmt":"2026-09-03T10:13:22","slug":"retomadas-buscas-por-mulher-desaparecida-em-paredes-de-coura","status":"publish","type":"post","link":"https:\/\/www.altominho.tv\/site\/2026\/09\/03\/retomadas-buscas-por-mulher-desaparecida-em-paredes-de-coura\/","title":{"rendered":"Retomadas buscas por mulher desaparecida em Paredes de Coura"},"content":{"rendered":"\n<p class=\"wp-block-paragraph\">Uma <a href=\"https:\/\/www.altominho.tv\/site\/2026\/09\/02\/mulher-com-alzheimer-desaparece-em-rubiaes-e-familia-pede-ajuda-para-a-encontrar\/\">mulher de 68 anos foi dada como desaparecida<\/a>, esta quarta-feira, pelas 17h30, da casa de acolhimento onde vivia em Rubi\u00e3es, no concelho de Paredes de Coura, revelou a GNR.<\/p>\n\n\n\n<p class=\"wp-block-paragraph\">Contactada pela ag\u00eancia Lusa, fonte do Comando Distrital da GNR de Viana do Castelo disse que o alerta foi dado pela cuidadora informal da mulher.<\/p>\n\n\n\n<p class=\"wp-block-paragraph\">A mesma fonte acrescentou que a mulher \u201csofrer\u00e1 de problemas ps\u00edquicos relacionados com a doen\u00e7a de Alzheimer&#8221;.<\/p>\n\n\n\n<p class=\"wp-block-paragraph\">As buscas foram iniciadas, quarta-feira, com o aux\u00edlio de um \u2018drone\u2019 e, retomadas hoje, cerca das 7h00 com utiliza\u00e7\u00e3o de c\u00e3es.<\/p>\n\n\n\n<p class=\"wp-block-paragraph\">Nas opera\u00e7\u00f5es est\u00e3o 10 operacionais e quatro viaturas dos Bombeiros Volunt\u00e1rios de Paredes de Coura e da GNR.<\/p>\n\n\n\n<p class=\"wp-block-paragraph\">Fotografia: <strong>Altominho TV<\/strong><\/p>\n","protected":false},"excerpt":{"rendered":"<p>Uma mulher de 68 anos foi dada como desaparecida, esta quarta-feira, pelas 17h30, da casa de acolhimento onde vivia em Rubi\u00e3es, no concelho de Paredes de Coura, revelou a GNR. Contactada pela ag\u00eancia Lusa, fonte do Comando Distrital da GNR de Viana do Castelo disse que o alerta foi dado pela cuidadora informal da mulher. [&hellip;]<\/p>\n","protected":false},"author":16,"featured_media":136307,"comment_status":"closed","ping_status":"closed","sticky":false,"template":"","format":"standard","meta":{"_exactmetrics_skip_tracking":false,"footnotes":""},"categories":[10],"tags":[27],"class_list":["post-136316","post","type-post","status-publish","format-standard","has-post-thumbnail","hentry","category-paredes-de-coura","tag-sociedade"],"yoast_head":"<!-- This site is optimized with the Yoast SEO Premium plugin v28.3 (Yoast SEO v28.3) - https:\/\/yoast.com\/product\/yoast-seo-premium-wordpress\/ -->\n<title>Retomadas buscas por mulher desaparecida em Paredes de Coura<\/title>\n<meta name=\"robots\" content=\"index, follow, max-snippet:-1, max-image-preview:large, max-video-preview:-1\" \/>\n<link rel=\"canonical\" href=\"https:\/\/www.altominho.tv\/site\/2026\/09\/03\/retomadas-buscas-por-mulher-desaparecida-em-paredes-de-coura\/\" \/>\n<meta property=\"og:locale\" content=\"pt_PT\" \/>\n<meta property=\"og:type\" content=\"article\" \/>\n<meta property=\"og:title\" content=\"Retomadas buscas por mulher desaparecida em Paredes de Coura\" \/>\n<meta property=\"og:description\" content=\"Uma mulher de 68 anos foi dada como desaparecida, esta quarta-feira, pelas 17h30, da casa de acolhimento onde vivia em Rubi\u00e3es, no concelho de Paredes de Coura, revelou a GNR. Contactada pela ag\u00eancia Lusa, fonte do Comando Distrital da GNR de Viana do Castelo disse que o alerta foi dado pela cuidadora informal da mulher. [&hellip;]\" \/>\n<meta property=\"og:url\" content=\"https:\/\/www.altominho.tv\/site\/2026\/09\/03\/retomadas-buscas-por-mulher-desaparecida-em-paredes-de-coura\/\" \/>\n<meta property=\"og:site_name\" content=\"Altominho.tv\" \/>\n<meta property=\"article:publisher\" content=\"https:\/\/www.facebook.com\/altominhotv\" \/>\n<meta property=\"article:published_time\" content=\"2026-09-03T10:12:21+00:00\" \/>\n<meta property=\"article:modified_time\" content=\"2026-09-03T10:13:22+00:00\" \/>\n<meta property=\"og:image\" content=\"https:\/\/www.altominho.tv\/site\/wp-content\/uploads\/2026\/09\/Copia-de-BASE-FB-logo-Preto-x2-1200-x-630-px.png\" \/>\n\t<meta property=\"og:image:width\" content=\"1200\" \/>\n\t<meta property=\"og:image:height\" content=\"630\" \/>\n\t<meta property=\"og:image:type\" content=\"image\/png\" \/>\n<meta name=\"author\" content=\"Andreia Cunha | Lusa\" \/>\n<meta name=\"twitter:card\" content=\"summary_large_image\" \/>\n<meta name=\"twitter:creator\" content=\"@altominhoTV\" \/>\n<meta name=\"twitter:site\" content=\"@altominhoTV\" \/>\n<meta name=\"twitter:label1\" content=\"Escrito por\" \/>\n\t<meta name=\"twitter:data1\" content=\"Andreia Cunha | Lusa\" \/>\n\t<meta name=\"twitter:label2\" content=\"Tempo estimado de leitura\" \/>\n\t<meta name=\"twitter:data2\" content=\"1 minuto\" \/>\n<script type=\"application\/ld+json\" class=\"yoast-schema-graph\">{\"@context\":\"https:\\\/\\\/schema.org\",\"@graph\":[{\"@type\":\"Article\",\"@id\":\"https:\\\/\\\/www.altominho.tv\\\/site\\\/2026\\\/09\\\/03\\\/retomadas-buscas-por-mulher-desaparecida-em-paredes-de-coura\\\/#article\",\"isPartOf\":{\"@id\":\"https:\\\/\\\/www.altominho.tv\\\/site\\\/2026\\\/09\\\/03\\\/retomadas-buscas-por-mulher-desaparecida-em-paredes-de-coura\\\/\"},\"author\":{\"name\":\"Andreia Cunha | Lusa\",\"@id\":\"https:\\\/\\\/www.altominho.tv\\\/site\\\/#\\\/schema\\\/person\\\/dbaf181c01b51ff40c9f461a905d321e\"},\"headline\":\"Retomadas buscas por mulher desaparecida em Paredes de Coura\",\"datePublished\":\"2026-09-03T10:12:21+00:00\",\"dateModified\":\"2026-09-03T10:13:22+00:00\",\"mainEntityOfPage\":{\"@id\":\"https:\\\/\\\/www.altominho.tv\\\/site\\\/2026\\\/09\\\/03\\\/retomadas-buscas-por-mulher-desaparecida-em-paredes-de-coura\\\/\"},\"wordCount\":131,\"image\":{\"@id\":\"https:\\\/\\\/www.altominho.tv\\\/site\\\/2026\\\/09\\\/03\\\/retomadas-buscas-por-mulher-desaparecida-em-paredes-de-coura\\\/#primaryimage\"},\"thumbnailUrl\":\"https:\\\/\\\/www.altominho.tv\\\/site\\\/wp-content\\\/uploads\\\/2026\\\/09\\\/Copia-de-BASE-FB-logo-Preto-x2-1200-x-630-px.png\",\"keywords\":[\"Sociedade\"],\"articleSection\":[\"Paredes de Coura\"],\"inLanguage\":\"pt-PT\",\"copyrightYear\":\"2026\",\"copyrightHolder\":{\"@id\":\"https:\\\/\\\/www.altominho.tv\\\/site\\\/#organization\"}},{\"@type\":\"WebPage\",\"@id\":\"https:\\\/\\\/www.altominho.tv\\\/site\\\/2026\\\/09\\\/03\\\/retomadas-buscas-por-mulher-desaparecida-em-paredes-de-coura\\\/\",\"url\":\"https:\\\/\\\/www.altominho.tv\\\/site\\\/2026\\\/09\\\/03\\\/retomadas-buscas-por-mulher-desaparecida-em-paredes-de-coura\\\/\",\"name\":\"Retomadas buscas por mulher desaparecida em Paredes de Coura\",\"isPartOf\":{\"@id\":\"https:\\\/\\\/www.altominho.tv\\\/site\\\/#website\"},\"primaryImageOfPage\":{\"@id\":\"https:\\\/\\\/www.altominho.tv\\\/site\\\/2026\\\/09\\\/03\\\/retomadas-buscas-por-mulher-desaparecida-em-paredes-de-coura\\\/#primaryimage\"},\"image\":{\"@id\":\"https:\\\/\\\/www.altominho.tv\\\/site\\\/2026\\\/09\\\/03\\\/retomadas-buscas-por-mulher-desaparecida-em-paredes-de-coura\\\/#primaryimage\"},\"thumbnailUrl\":\"https:\\\/\\\/www.altominho.tv\\\/site\\\/wp-content\\\/uploads\\\/2026\\\/09\\\/Copia-de-BASE-FB-logo-Preto-x2-1200-x-630-px.png\",\"datePublished\":\"2026-09-03T10:12:21+00:00\",\"dateModified\":\"2026-09-03T10:13:22+00:00\",\"author\":{\"@id\":\"https:\\\/\\\/www.altominho.tv\\\/site\\\/#\\\/schema\\\/person\\\/dbaf181c01b51ff40c9f461a905d321e\"},\"breadcrumb\":{\"@id\":\"https:\\\/\\\/www.altominho.tv\\\/site\\\/2026\\\/09\\\/03\\\/retomadas-buscas-por-mulher-desaparecida-em-paredes-de-coura\\\/#breadcrumb\"},\"inLanguage\":\"pt-PT\",\"potentialAction\":[{\"@type\":\"ReadAction\",\"target\":[\"https:\\\/\\\/www.altominho.tv\\\/site\\\/2026\\\/09\\\/03\\\/retomadas-buscas-por-mulher-desaparecida-em-paredes-de-coura\\\/\"]}]},{\"@type\":\"ImageObject\",\"inLanguage\":\"pt-PT\",\"@id\":\"https:\\\/\\\/www.altominho.tv\\\/site\\\/2026\\\/09\\\/03\\\/retomadas-buscas-por-mulher-desaparecida-em-paredes-de-coura\\\/#primaryimage\",\"url\":\"https:\\\/\\\/www.altominho.tv\\\/site\\\/wp-content\\\/uploads\\\/2026\\\/09\\\/Copia-de-BASE-FB-logo-Preto-x2-1200-x-630-px.png\",\"contentUrl\":\"https:\\\/\\\/www.altominho.tv\\\/site\\\/wp-content\\\/uploads\\\/2026\\\/09\\\/Copia-de-BASE-FB-logo-Preto-x2-1200-x-630-px.png\",\"width\":1200,\"height\":630},{\"@type\":\"BreadcrumbList\",\"@id\":\"https:\\\/\\\/www.altominho.tv\\\/site\\\/2026\\\/09\\\/03\\\/retomadas-buscas-por-mulher-desaparecida-em-paredes-de-coura\\\/#breadcrumb\",\"itemListElement\":[{\"@type\":\"ListItem\",\"position\":1,\"name\":\"In\u00edcio\",\"item\":\"https:\\\/\\\/www.altominho.tv\\\/site\\\/\"},{\"@type\":\"ListItem\",\"position\":2,\"name\":\"Retomadas buscas por mulher desaparecida em Paredes de Coura\"}]},{\"@type\":\"WebSite\",\"@id\":\"https:\\\/\\\/www.altominho.tv\\\/site\\\/#website\",\"url\":\"https:\\\/\\\/www.altominho.tv\\\/site\\\/\",\"name\":\"Altominho.tv\",\"description\":\"A sua regi\u00e3o \u00e0 dist\u00e2ncia de um clique...\",\"potentialAction\":[{\"@type\":\"SearchAction\",\"target\":{\"@type\":\"EntryPoint\",\"urlTemplate\":\"https:\\\/\\\/www.altominho.tv\\\/site\\\/?s={search_term_string}\"},\"query-input\":{\"@type\":\"PropertyValueSpecification\",\"valueRequired\":true,\"valueName\":\"search_term_string\"}}],\"inLanguage\":\"pt-PT\"},{\"@type\":\"Person\",\"@id\":\"https:\\\/\\\/www.altominho.tv\\\/site\\\/#\\\/schema\\\/person\\\/dbaf181c01b51ff40c9f461a905d321e\",\"name\":\"Andreia Cunha | Lusa\",\"image\":{\"@type\":\"ImageObject\",\"inLanguage\":\"pt-PT\",\"@id\":\"https:\\\/\\\/www.altominho.tv\\\/site\\\/wp-content\\\/uploads\\\/2017\\\/11\\\/Andreia_Cunha-1-150x150.jpg\",\"url\":\"https:\\\/\\\/www.altominho.tv\\\/site\\\/wp-content\\\/uploads\\\/2017\\\/11\\\/Andreia_Cunha-1-150x150.jpg\",\"contentUrl\":\"https:\\\/\\\/www.altominho.tv\\\/site\\\/wp-content\\\/uploads\\\/2017\\\/11\\\/Andreia_Cunha-1-150x150.jpg\",\"caption\":\"Andreia Cunha | Lusa\"},\"sameAs\":[\"https:\\\/\\\/www.altominho.tv\\\/site\"],\"url\":\"https:\\\/\\\/www.altominho.tv\\\/site\\\/author\\\/andreiacunhalusa\\\/\"}]}<\/script>\n<!-- \/ Yoast SEO Premium plugin. -->","yoast_head_json":{"title":"Retomadas buscas por mulher desaparecida em Paredes de Coura","robots":{"index":"index","follow":"follow","max-snippet":"max-snippet:-1","max-image-preview":"max-image-preview:large","max-video-preview":"max-video-preview:-1"},"canonical":"https:\/\/www.altominho.tv\/site\/2026\/09\/03\/retomadas-buscas-por-mulher-desaparecida-em-paredes-de-coura\/","og_locale":"pt_PT","og_type":"article","og_title":"Retomadas buscas por mulher desaparecida em Paredes de Coura","og_description":"Uma mulher de 68 anos foi dada como desaparecida, esta quarta-feira, pelas 17h30, da casa de acolhimento onde vivia em Rubi\u00e3es, no concelho de Paredes de Coura, revelou a GNR. Contactada pela ag\u00eancia Lusa, fonte do Comando Distrital da GNR de Viana do Castelo disse que o alerta foi dado pela cuidadora informal da mulher. [&hellip;]","og_url":"https:\/\/www.altominho.tv\/site\/2026\/09\/03\/retomadas-buscas-por-mulher-desaparecida-em-paredes-de-coura\/","og_site_name":"Altominho.tv","article_publisher":"https:\/\/www.facebook.com\/altominhotv","article_published_time":"2026-09-03T10:12:21+00:00","article_modified_time":"2026-09-03T10:13:22+00:00","og_image":[{"width":1200,"height":630,"url":"https:\/\/www.altominho.tv\/site\/wp-content\/uploads\/2026\/09\/Copia-de-BASE-FB-logo-Preto-x2-1200-x-630-px.png","type":"image\/png"}],"author":"Andreia Cunha | Lusa","twitter_card":"summary_large_image","twitter_creator":"@altominhoTV","twitter_site":"@altominhoTV","twitter_misc":{"Escrito por":"Andreia Cunha | Lusa","Tempo estimado de leitura":"1 minuto"},"schema":{"@context":"https:\/\/schema.org","@graph":[{"@type":"Article","@id":"https:\/\/www.altominho.tv\/site\/2026\/09\/03\/retomadas-buscas-por-mulher-desaparecida-em-paredes-de-coura\/#article","isPartOf":{"@id":"https:\/\/www.altominho.tv\/site\/2026\/09\/03\/retomadas-buscas-por-mulher-desaparecida-em-paredes-de-coura\/"},"author":{"name":"Andreia Cunha | Lusa","@id":"https:\/\/www.altominho.tv\/site\/#\/schema\/person\/dbaf181c01b51ff40c9f461a905d321e"},"headline":"Retomadas buscas por mulher desaparecida em Paredes de Coura","datePublished":"2026-09-03T10:12:21+00:00","dateModified":"2026-09-03T10:13:22+00:00","mainEntityOfPage":{"@id":"https:\/\/www.altominho.tv\/site\/2026\/09\/03\/retomadas-buscas-por-mulher-desaparecida-em-paredes-de-coura\/"},"wordCount":131,"image":{"@id":"https:\/\/www.altominho.tv\/site\/2026\/09\/03\/retomadas-buscas-por-mulher-desaparecida-em-paredes-de-coura\/#primaryimage"},"thumbnailUrl":"https:\/\/www.altominho.tv\/site\/wp-content\/uploads\/2026\/09\/Copia-de-BASE-FB-logo-Preto-x2-1200-x-630-px.png","keywords":["Sociedade"],"articleSection":["Paredes de Coura"],"inLanguage":"pt-PT","copyrightYear":"2026","copyrightHolder":{"@id":"https:\/\/www.altominho.tv\/site\/#organization"}},{"@type":"WebPage","@id":"https:\/\/www.altominho.tv\/site\/2026\/09\/03\/retomadas-buscas-por-mulher-desaparecida-em-paredes-de-coura\/","url":"https:\/\/www.altominho.tv\/site\/2026\/09\/03\/retomadas-buscas-por-mulher-desaparecida-em-paredes-de-coura\/","name":"Retomadas buscas por mulher desaparecida em Paredes de Coura","isPartOf":{"@id":"https:\/\/www.altominho.tv\/site\/#website"},"primaryImageOfPage":{"@id":"https:\/\/www.altominho.tv\/site\/2026\/09\/03\/retomadas-buscas-por-mulher-desaparecida-em-paredes-de-coura\/#primaryimage"},"image":{"@id":"https:\/\/www.altominho.tv\/site\/2026\/09\/03\/retomadas-buscas-por-mulher-desaparecida-em-paredes-de-coura\/#primaryimage"},"thumbnailUrl":"https:\/\/www.altominho.tv\/site\/wp-content\/uploads\/2026\/09\/Copia-de-BASE-FB-logo-Preto-x2-1200-x-630-px.png","datePublished":"2026-09-03T10:12:21+00:00","dateModified":"2026-09-03T10:13:22+00:00","author":{"@id":"https:\/\/www.altominho.tv\/site\/#\/schema\/person\/dbaf181c01b51ff40c9f461a905d321e"},"breadcrumb":{"@id":"https:\/\/www.altominho.tv\/site\/2026\/09\/03\/retomadas-buscas-por-mulher-desaparecida-em-paredes-de-coura\/#breadcrumb"},"inLanguage":"pt-PT","potentialAction":[{"@type":"ReadAction","target":["https:\/\/www.altominho.tv\/site\/2026\/09\/03\/retomadas-buscas-por-mulher-desaparecida-em-paredes-de-coura\/"]}]},{"@type":"ImageObject","inLanguage":"pt-PT","@id":"https:\/\/www.altominho.tv\/site\/2026\/09\/03\/retomadas-buscas-por-mulher-desaparecida-em-paredes-de-coura\/#primaryimage","url":"https:\/\/www.altominho.tv\/site\/wp-content\/uploads\/2026\/09\/Copia-de-BASE-FB-logo-Preto-x2-1200-x-630-px.png","contentUrl":"https:\/\/www.altominho.tv\/site\/wp-content\/uploads\/2026\/09\/Copia-de-BASE-FB-logo-Preto-x2-1200-x-630-px.png","width":1200,"height":630},{"@type":"BreadcrumbList","@id":"https:\/\/www.altominho.tv\/site\/2026\/09\/03\/retomadas-buscas-por-mulher-desaparecida-em-paredes-de-coura\/#breadcrumb","itemListElement":[{"@type":"ListItem","position":1,"name":"In\u00edcio","item":"https:\/\/www.altominho.tv\/site\/"},{"@type":"ListItem","position":2,"name":"Retomadas buscas por mulher desaparecida em Paredes de Coura"}]},{"@type":"WebSite","@id":"https:\/\/www.altominho.tv\/site\/#website","url":"https:\/\/www.altominho.tv\/site\/","name":"Altominho.tv","description":"A sua regi\u00e3o \u00e0 dist\u00e2ncia de um clique...","potentialAction":[{"@type":"SearchAction","target":{"@type":"EntryPoint","urlTemplate":"https:\/\/www.altominho.tv\/site\/?s={search_term_string}"},"query-input":{"@type":"PropertyValueSpecification","valueRequired":true,"valueName":"search_term_string"}}],"inLanguage":"pt-PT"},{"@type":"Person","@id":"https:\/\/www.altominho.tv\/site\/#\/schema\/person\/dbaf181c01b51ff40c9f461a905d321e","name":"Andreia Cunha | Lusa","image":{"@type":"ImageObject","inLanguage":"pt-PT","@id":"https:\/\/www.altominho.tv\/site\/wp-content\/uploads\/2017\/11\/Andreia_Cunha-1-150x150.jpg","url":"https:\/\/www.altominho.tv\/site\/wp-content\/uploads\/2017\/11\/Andreia_Cunha-1-150x150.jpg","contentUrl":"https:\/\/www.altominho.tv\/site\/wp-content\/uploads\/2017\/11\/Andreia_Cunha-1-150x150.jpg","caption":"Andreia Cunha | Lusa"},"sameAs":["https:\/\/www.altominho.tv\/site"],"url":"https:\/\/www.altominho.tv\/site\/author\/andreiacunhalusa\/"}]}},"_links":{"self":[{"href":"https:\/\/www.altominho.tv\/site\/wp-json\/wp\/v2\/posts\/136316","targetHints":{"allow":["GET"]}}],"collection":[{"href":"https:\/\/www.altominho.tv\/site\/wp-json\/wp\/v2\/posts"}],"about":[{"href":"https:\/\/www.altominho.tv\/site\/wp-json\/wp\/v2\/types\/post"}],"author":[{"embeddable":true,"href":"https:\/\/www.altominho.tv\/site\/wp-json\/wp\/v2\/users\/16"}],"replies":[{"embeddable":true,"href":"https:\/\/www.altominho.tv\/site\/wp-json\/wp\/v2\/comments?post=136316"}],"version-history":[{"count":1,"href":"https:\/\/www.altominho.tv\/site\/wp-json\/wp\/v2\/posts\/136316\/revisions"}],"predecessor-version":[{"id":136317,"href":"https:\/\/www.altominho.tv\/site\/wp-json\/wp\/v2\/posts\/136316\/revisions\/136317"}],"wp:featuredmedia":[{"embeddable":true,"href":"https:\/\/www.altominho.tv\/site\/wp-json\/wp\/v2\/media\/136307"}],"wp:attachment":[{"href":"https:\/\/www.altominho.tv\/site\/wp-json\/wp\/v2\/media?parent=136316"}],"wp:term":[{"taxonomy":"category","embeddable":true,"href":"https:\/\/www.altominho.tv\/site\/wp-json\/wp\/v2\/categories?post=136316"},{"taxonomy":"post_tag","embeddable":true,"href":"https:\/\/www.altominho.tv\/site\/wp-json\/wp\/v2\/tags?post=136316"}],"curies":[{"name":"wp","href":"https:\/\/api.w.org\/{rel}","templated":true}]}}