{"id":136306,"date":"2026-09-02T21:58:15","date_gmt":"2026-09-02T20:58:15","guid":{"rendered":"https:\/\/www.altominho.tv\/site\/?p=136306"},"modified":"2026-09-02T21:58:17","modified_gmt":"2026-09-02T20:58:17","slug":"mulher-com-alzheimer-desaparece-em-rubiaes-e-familia-pede-ajuda-para-a-encontrar","status":"publish","type":"post","link":"https:\/\/www.altominho.tv\/site\/2026\/09\/02\/mulher-com-alzheimer-desaparece-em-rubiaes-e-familia-pede-ajuda-para-a-encontrar\/","title":{"rendered":"Mulher com Alzheimer desaparece em Rubi\u00e3es e fam\u00edlia pede ajuda para a encontrar"},"content":{"rendered":"\n<p class=\"wp-block-paragraph\"><\/p>\n\n\n<p class=\"isSelectedEnd\">Uma mulher, residente em Rubi\u00e3es, Paredes de Coura, est\u00e1 desaparecida desde as 17h30 desta quarta-feira, tendo sido lan\u00e7ado um apelo para ajudar a localiz\u00e1-la.<\/p>\n<p class=\"isSelectedEnd\">De acordo com a informa\u00e7\u00e3o divulgada pela fam\u00edlia, a mulher sofre de Alzheimer e apresenta dificuldades de orienta\u00e7\u00e3o, circunst\u00e2ncias que aumentam a preocupa\u00e7\u00e3o quanto ao seu paradeiro e tornam urgente a sua localiza\u00e7\u00e3o.<\/p>\n<p class=\"isSelectedEnd\">\u00c0 altura do desaparecimento, a mulher vestia uma camisola azul forte e cal\u00e7as escuras. \u00c9 descrita como tendo cabelo curto, sendo de estatura alta e de complei\u00e7\u00e3o forte.<\/p>\n<p class=\"isSelectedEnd\">A fam\u00edlia pede a quem tenha passado pela zona de Rubi\u00e3es e tenha visto algu\u00e9m com estas caracter\u00edsticas que comunique qualquer informa\u00e7\u00e3o que possa ajudar nas buscas.<\/p>\n<p class=\"isSelectedEnd\">Informa\u00e7\u00f5es sobre o paradeiro da mulher podem ser comunicadas atrav\u00e9s do n\u00famero 968 711 360.<\/p>\n<p>O apelo \u00e9 tamb\u00e9m para que a informa\u00e7\u00e3o seja partilhada, de forma a aumentar a possibilidade de a mulher ser localizada rapidamente.<\/p>\n<p>Foto: DR<\/p>","protected":false},"excerpt":{"rendered":"<p>Uma mulher, residente em Rubi\u00e3es, Paredes de Coura, est\u00e1 desaparecida desde as 17h30 desta quarta-feira, tendo sido lan\u00e7ado um apelo para ajudar a localiz\u00e1-la. De acordo com a informa\u00e7\u00e3o divulgada pela fam\u00edlia, a mulher sofre de Alzheimer e apresenta dificuldades de orienta\u00e7\u00e3o, circunst\u00e2ncias que aumentam a preocupa\u00e7\u00e3o quanto ao seu paradeiro e tornam urgente a [&hellip;]<\/p>\n","protected":false},"author":24,"featured_media":136307,"comment_status":"closed","ping_status":"closed","sticky":false,"template":"","format":"standard","meta":{"_exactmetrics_skip_tracking":false,"footnotes":""},"categories":[10],"tags":[23],"class_list":["post-136306","post","type-post","status-publish","format-standard","has-post-thumbnail","hentry","category-paredes-de-coura","tag-gente"],"yoast_head":"<!-- This site is optimized with the Yoast SEO Premium plugin v28.3 (Yoast SEO v28.3) - https:\/\/yoast.com\/product\/yoast-seo-premium-wordpress\/ -->\n<title>Mulher com Alzheimer desaparece em Rubi\u00e3es e fam\u00edlia pede ajuda para a encontrar<\/title>\n<meta name=\"robots\" content=\"index, follow, max-snippet:-1, max-image-preview:large, max-video-preview:-1\" \/>\n<link rel=\"canonical\" href=\"https:\/\/www.altominho.tv\/site\/2026\/09\/02\/mulher-com-alzheimer-desaparece-em-rubiaes-e-familia-pede-ajuda-para-a-encontrar\/\" \/>\n<meta property=\"og:locale\" content=\"pt_PT\" \/>\n<meta property=\"og:type\" content=\"article\" \/>\n<meta property=\"og:title\" content=\"Mulher com Alzheimer desaparece em Rubi\u00e3es e fam\u00edlia pede ajuda para a encontrar\" \/>\n<meta property=\"og:description\" content=\"Uma mulher, residente em Rubi\u00e3es, Paredes de Coura, est\u00e1 desaparecida desde as 17h30 desta quarta-feira, tendo sido lan\u00e7ado um apelo para ajudar a localiz\u00e1-la. De acordo com a informa\u00e7\u00e3o divulgada pela fam\u00edlia, a mulher sofre de Alzheimer e apresenta dificuldades de orienta\u00e7\u00e3o, circunst\u00e2ncias que aumentam a preocupa\u00e7\u00e3o quanto ao seu paradeiro e tornam urgente a [&hellip;]\" \/>\n<meta property=\"og:url\" content=\"https:\/\/www.altominho.tv\/site\/2026\/09\/02\/mulher-com-alzheimer-desaparece-em-rubiaes-e-familia-pede-ajuda-para-a-encontrar\/\" \/>\n<meta property=\"og:site_name\" content=\"Altominho.tv\" \/>\n<meta property=\"article:publisher\" content=\"https:\/\/www.facebook.com\/altominhotv\" \/>\n<meta property=\"article:published_time\" content=\"2026-09-02T20:58:15+00:00\" \/>\n<meta property=\"article:modified_time\" content=\"2026-09-02T20:58:17+00:00\" \/>\n<meta property=\"og:image\" content=\"https:\/\/www.altominho.tv\/site\/wp-content\/uploads\/2026\/09\/Copia-de-BASE-FB-logo-Preto-x2-1200-x-630-px.png\" \/>\n\t<meta property=\"og:image:width\" content=\"1200\" \/>\n\t<meta property=\"og:image:height\" content=\"630\" \/>\n\t<meta property=\"og:image:type\" content=\"image\/png\" \/>\n<meta name=\"author\" content=\"Cesar Lopes\" \/>\n<meta name=\"twitter:card\" content=\"summary_large_image\" \/>\n<meta name=\"twitter:creator\" content=\"@altominhoTV\" \/>\n<meta name=\"twitter:site\" content=\"@altominhoTV\" \/>\n<meta name=\"twitter:label1\" content=\"Escrito por\" \/>\n\t<meta name=\"twitter:data1\" content=\"Cesar Lopes\" \/>\n\t<meta name=\"twitter:label2\" content=\"Tempo estimado de leitura\" \/>\n\t<meta name=\"twitter:data2\" content=\"2 minutos\" \/>\n<script type=\"application\/ld+json\" class=\"yoast-schema-graph\">{\"@context\":\"https:\\\/\\\/schema.org\",\"@graph\":[{\"@type\":\"Article\",\"@id\":\"https:\\\/\\\/www.altominho.tv\\\/site\\\/2026\\\/09\\\/02\\\/mulher-com-alzheimer-desaparece-em-rubiaes-e-familia-pede-ajuda-para-a-encontrar\\\/#article\",\"isPartOf\":{\"@id\":\"https:\\\/\\\/www.altominho.tv\\\/site\\\/2026\\\/09\\\/02\\\/mulher-com-alzheimer-desaparece-em-rubiaes-e-familia-pede-ajuda-para-a-encontrar\\\/\"},\"author\":{\"name\":\"Cesar Lopes\",\"@id\":\"https:\\\/\\\/www.altominho.tv\\\/site\\\/#\\\/schema\\\/person\\\/c5570e5afb933b8d08c43373326ef1b1\"},\"headline\":\"Mulher com Alzheimer desaparece em Rubi\u00e3es e fam\u00edlia pede ajuda para a encontrar\",\"datePublished\":\"2026-09-02T20:58:15+00:00\",\"dateModified\":\"2026-09-02T20:58:17+00:00\",\"mainEntityOfPage\":{\"@id\":\"https:\\\/\\\/www.altominho.tv\\\/site\\\/2026\\\/09\\\/02\\\/mulher-com-alzheimer-desaparece-em-rubiaes-e-familia-pede-ajuda-para-a-encontrar\\\/\"},\"wordCount\":181,\"image\":{\"@id\":\"https:\\\/\\\/www.altominho.tv\\\/site\\\/2026\\\/09\\\/02\\\/mulher-com-alzheimer-desaparece-em-rubiaes-e-familia-pede-ajuda-para-a-encontrar\\\/#primaryimage\"},\"thumbnailUrl\":\"https:\\\/\\\/www.altominho.tv\\\/site\\\/wp-content\\\/uploads\\\/2026\\\/09\\\/Copia-de-BASE-FB-logo-Preto-x2-1200-x-630-px.png\",\"keywords\":[\"Gente\"],\"articleSection\":[\"Paredes de Coura\"],\"inLanguage\":\"pt-PT\",\"copyrightYear\":\"2026\",\"copyrightHolder\":{\"@id\":\"https:\\\/\\\/www.altominho.tv\\\/site\\\/#organization\"}},{\"@type\":\"WebPage\",\"@id\":\"https:\\\/\\\/www.altominho.tv\\\/site\\\/2026\\\/09\\\/02\\\/mulher-com-alzheimer-desaparece-em-rubiaes-e-familia-pede-ajuda-para-a-encontrar\\\/\",\"url\":\"https:\\\/\\\/www.altominho.tv\\\/site\\\/2026\\\/09\\\/02\\\/mulher-com-alzheimer-desaparece-em-rubiaes-e-familia-pede-ajuda-para-a-encontrar\\\/\",\"name\":\"Mulher com Alzheimer desaparece em Rubi\u00e3es e fam\u00edlia pede ajuda para a encontrar\",\"isPartOf\":{\"@id\":\"https:\\\/\\\/www.altominho.tv\\\/site\\\/#website\"},\"primaryImageOfPage\":{\"@id\":\"https:\\\/\\\/www.altominho.tv\\\/site\\\/2026\\\/09\\\/02\\\/mulher-com-alzheimer-desaparece-em-rubiaes-e-familia-pede-ajuda-para-a-encontrar\\\/#primaryimage\"},\"image\":{\"@id\":\"https:\\\/\\\/www.altominho.tv\\\/site\\\/2026\\\/09\\\/02\\\/mulher-com-alzheimer-desaparece-em-rubiaes-e-familia-pede-ajuda-para-a-encontrar\\\/#primaryimage\"},\"thumbnailUrl\":\"https:\\\/\\\/www.altominho.tv\\\/site\\\/wp-content\\\/uploads\\\/2026\\\/09\\\/Copia-de-BASE-FB-logo-Preto-x2-1200-x-630-px.png\",\"datePublished\":\"2026-09-02T20:58:15+00:00\",\"dateModified\":\"2026-09-02T20:58:17+00:00\",\"author\":{\"@id\":\"https:\\\/\\\/www.altominho.tv\\\/site\\\/#\\\/schema\\\/person\\\/c5570e5afb933b8d08c43373326ef1b1\"},\"breadcrumb\":{\"@id\":\"https:\\\/\\\/www.altominho.tv\\\/site\\\/2026\\\/09\\\/02\\\/mulher-com-alzheimer-desaparece-em-rubiaes-e-familia-pede-ajuda-para-a-encontrar\\\/#breadcrumb\"},\"inLanguage\":\"pt-PT\",\"potentialAction\":[{\"@type\":\"ReadAction\",\"target\":[\"https:\\\/\\\/www.altominho.tv\\\/site\\\/2026\\\/09\\\/02\\\/mulher-com-alzheimer-desaparece-em-rubiaes-e-familia-pede-ajuda-para-a-encontrar\\\/\"]}]},{\"@type\":\"ImageObject\",\"inLanguage\":\"pt-PT\",\"@id\":\"https:\\\/\\\/www.altominho.tv\\\/site\\\/2026\\\/09\\\/02\\\/mulher-com-alzheimer-desaparece-em-rubiaes-e-familia-pede-ajuda-para-a-encontrar\\\/#primaryimage\",\"url\":\"https:\\\/\\\/www.altominho.tv\\\/site\\\/wp-content\\\/uploads\\\/2026\\\/09\\\/Copia-de-BASE-FB-logo-Preto-x2-1200-x-630-px.png\",\"contentUrl\":\"https:\\\/\\\/www.altominho.tv\\\/site\\\/wp-content\\\/uploads\\\/2026\\\/09\\\/Copia-de-BASE-FB-logo-Preto-x2-1200-x-630-px.png\",\"width\":1200,\"height\":630},{\"@type\":\"BreadcrumbList\",\"@id\":\"https:\\\/\\\/www.altominho.tv\\\/site\\\/2026\\\/09\\\/02\\\/mulher-com-alzheimer-desaparece-em-rubiaes-e-familia-pede-ajuda-para-a-encontrar\\\/#breadcrumb\",\"itemListElement\":[{\"@type\":\"ListItem\",\"position\":1,\"name\":\"In\u00edcio\",\"item\":\"https:\\\/\\\/www.altominho.tv\\\/site\\\/\"},{\"@type\":\"ListItem\",\"position\":2,\"name\":\"Mulher com Alzheimer desaparece em Rubi\u00e3es e fam\u00edlia pede ajuda para a encontrar\"}]},{\"@type\":\"WebSite\",\"@id\":\"https:\\\/\\\/www.altominho.tv\\\/site\\\/#website\",\"url\":\"https:\\\/\\\/www.altominho.tv\\\/site\\\/\",\"name\":\"Altominho.tv\",\"description\":\"A sua regi\u00e3o \u00e0 dist\u00e2ncia de um clique...\",\"potentialAction\":[{\"@type\":\"SearchAction\",\"target\":{\"@type\":\"EntryPoint\",\"urlTemplate\":\"https:\\\/\\\/www.altominho.tv\\\/site\\\/?s={search_term_string}\"},\"query-input\":{\"@type\":\"PropertyValueSpecification\",\"valueRequired\":true,\"valueName\":\"search_term_string\"}}],\"inLanguage\":\"pt-PT\"},{\"@type\":\"Person\",\"@id\":\"https:\\\/\\\/www.altominho.tv\\\/site\\\/#\\\/schema\\\/person\\\/c5570e5afb933b8d08c43373326ef1b1\",\"name\":\"Cesar Lopes\",\"image\":{\"@type\":\"ImageObject\",\"inLanguage\":\"pt-PT\",\"@id\":\"https:\\\/\\\/www.altominho.tv\\\/site\\\/wp-content\\\/uploads\\\/2022\\\/10\\\/Sem-Titulo-150x150.jpg\",\"url\":\"https:\\\/\\\/www.altominho.tv\\\/site\\\/wp-content\\\/uploads\\\/2022\\\/10\\\/Sem-Titulo-150x150.jpg\",\"contentUrl\":\"https:\\\/\\\/www.altominho.tv\\\/site\\\/wp-content\\\/uploads\\\/2022\\\/10\\\/Sem-Titulo-150x150.jpg\",\"caption\":\"Cesar Lopes\"},\"url\":\"https:\\\/\\\/www.altominho.tv\\\/site\\\/author\\\/cesarlopes\\\/\"}]}<\/script>\n<!-- \/ Yoast SEO Premium plugin. -->","yoast_head_json":{"title":"Mulher com Alzheimer desaparece em Rubi\u00e3es e fam\u00edlia pede ajuda para a encontrar","robots":{"index":"index","follow":"follow","max-snippet":"max-snippet:-1","max-image-preview":"max-image-preview:large","max-video-preview":"max-video-preview:-1"},"canonical":"https:\/\/www.altominho.tv\/site\/2026\/09\/02\/mulher-com-alzheimer-desaparece-em-rubiaes-e-familia-pede-ajuda-para-a-encontrar\/","og_locale":"pt_PT","og_type":"article","og_title":"Mulher com Alzheimer desaparece em Rubi\u00e3es e fam\u00edlia pede ajuda para a encontrar","og_description":"Uma mulher, residente em Rubi\u00e3es, Paredes de Coura, est\u00e1 desaparecida desde as 17h30 desta quarta-feira, tendo sido lan\u00e7ado um apelo para ajudar a localiz\u00e1-la. De acordo com a informa\u00e7\u00e3o divulgada pela fam\u00edlia, a mulher sofre de Alzheimer e apresenta dificuldades de orienta\u00e7\u00e3o, circunst\u00e2ncias que aumentam a preocupa\u00e7\u00e3o quanto ao seu paradeiro e tornam urgente a [&hellip;]","og_url":"https:\/\/www.altominho.tv\/site\/2026\/09\/02\/mulher-com-alzheimer-desaparece-em-rubiaes-e-familia-pede-ajuda-para-a-encontrar\/","og_site_name":"Altominho.tv","article_publisher":"https:\/\/www.facebook.com\/altominhotv","article_published_time":"2026-09-02T20:58:15+00:00","article_modified_time":"2026-09-02T20:58:17+00:00","og_image":[{"width":1200,"height":630,"url":"https:\/\/www.altominho.tv\/site\/wp-content\/uploads\/2026\/09\/Copia-de-BASE-FB-logo-Preto-x2-1200-x-630-px.png","type":"image\/png"}],"author":"Cesar Lopes","twitter_card":"summary_large_image","twitter_creator":"@altominhoTV","twitter_site":"@altominhoTV","twitter_misc":{"Escrito por":"Cesar Lopes","Tempo estimado de leitura":"2 minutos"},"schema":{"@context":"https:\/\/schema.org","@graph":[{"@type":"Article","@id":"https:\/\/www.altominho.tv\/site\/2026\/09\/02\/mulher-com-alzheimer-desaparece-em-rubiaes-e-familia-pede-ajuda-para-a-encontrar\/#article","isPartOf":{"@id":"https:\/\/www.altominho.tv\/site\/2026\/09\/02\/mulher-com-alzheimer-desaparece-em-rubiaes-e-familia-pede-ajuda-para-a-encontrar\/"},"author":{"name":"Cesar Lopes","@id":"https:\/\/www.altominho.tv\/site\/#\/schema\/person\/c5570e5afb933b8d08c43373326ef1b1"},"headline":"Mulher com Alzheimer desaparece em Rubi\u00e3es e fam\u00edlia pede ajuda para a encontrar","datePublished":"2026-09-02T20:58:15+00:00","dateModified":"2026-09-02T20:58:17+00:00","mainEntityOfPage":{"@id":"https:\/\/www.altominho.tv\/site\/2026\/09\/02\/mulher-com-alzheimer-desaparece-em-rubiaes-e-familia-pede-ajuda-para-a-encontrar\/"},"wordCount":181,"image":{"@id":"https:\/\/www.altominho.tv\/site\/2026\/09\/02\/mulher-com-alzheimer-desaparece-em-rubiaes-e-familia-pede-ajuda-para-a-encontrar\/#primaryimage"},"thumbnailUrl":"https:\/\/www.altominho.tv\/site\/wp-content\/uploads\/2026\/09\/Copia-de-BASE-FB-logo-Preto-x2-1200-x-630-px.png","keywords":["Gente"],"articleSection":["Paredes de Coura"],"inLanguage":"pt-PT","copyrightYear":"2026","copyrightHolder":{"@id":"https:\/\/www.altominho.tv\/site\/#organization"}},{"@type":"WebPage","@id":"https:\/\/www.altominho.tv\/site\/2026\/09\/02\/mulher-com-alzheimer-desaparece-em-rubiaes-e-familia-pede-ajuda-para-a-encontrar\/","url":"https:\/\/www.altominho.tv\/site\/2026\/09\/02\/mulher-com-alzheimer-desaparece-em-rubiaes-e-familia-pede-ajuda-para-a-encontrar\/","name":"Mulher com Alzheimer desaparece em Rubi\u00e3es e fam\u00edlia pede ajuda para a encontrar","isPartOf":{"@id":"https:\/\/www.altominho.tv\/site\/#website"},"primaryImageOfPage":{"@id":"https:\/\/www.altominho.tv\/site\/2026\/09\/02\/mulher-com-alzheimer-desaparece-em-rubiaes-e-familia-pede-ajuda-para-a-encontrar\/#primaryimage"},"image":{"@id":"https:\/\/www.altominho.tv\/site\/2026\/09\/02\/mulher-com-alzheimer-desaparece-em-rubiaes-e-familia-pede-ajuda-para-a-encontrar\/#primaryimage"},"thumbnailUrl":"https:\/\/www.altominho.tv\/site\/wp-content\/uploads\/2026\/09\/Copia-de-BASE-FB-logo-Preto-x2-1200-x-630-px.png","datePublished":"2026-09-02T20:58:15+00:00","dateModified":"2026-09-02T20:58:17+00:00","author":{"@id":"https:\/\/www.altominho.tv\/site\/#\/schema\/person\/c5570e5afb933b8d08c43373326ef1b1"},"breadcrumb":{"@id":"https:\/\/www.altominho.tv\/site\/2026\/09\/02\/mulher-com-alzheimer-desaparece-em-rubiaes-e-familia-pede-ajuda-para-a-encontrar\/#breadcrumb"},"inLanguage":"pt-PT","potentialAction":[{"@type":"ReadAction","target":["https:\/\/www.altominho.tv\/site\/2026\/09\/02\/mulher-com-alzheimer-desaparece-em-rubiaes-e-familia-pede-ajuda-para-a-encontrar\/"]}]},{"@type":"ImageObject","inLanguage":"pt-PT","@id":"https:\/\/www.altominho.tv\/site\/2026\/09\/02\/mulher-com-alzheimer-desaparece-em-rubiaes-e-familia-pede-ajuda-para-a-encontrar\/#primaryimage","url":"https:\/\/www.altominho.tv\/site\/wp-content\/uploads\/2026\/09\/Copia-de-BASE-FB-logo-Preto-x2-1200-x-630-px.png","contentUrl":"https:\/\/www.altominho.tv\/site\/wp-content\/uploads\/2026\/09\/Copia-de-BASE-FB-logo-Preto-x2-1200-x-630-px.png","width":1200,"height":630},{"@type":"BreadcrumbList","@id":"https:\/\/www.altominho.tv\/site\/2026\/09\/02\/mulher-com-alzheimer-desaparece-em-rubiaes-e-familia-pede-ajuda-para-a-encontrar\/#breadcrumb","itemListElement":[{"@type":"ListItem","position":1,"name":"In\u00edcio","item":"https:\/\/www.altominho.tv\/site\/"},{"@type":"ListItem","position":2,"name":"Mulher com Alzheimer desaparece em Rubi\u00e3es e fam\u00edlia pede ajuda para a encontrar"}]},{"@type":"WebSite","@id":"https:\/\/www.altominho.tv\/site\/#website","url":"https:\/\/www.altominho.tv\/site\/","name":"Altominho.tv","description":"A sua regi\u00e3o \u00e0 dist\u00e2ncia de um clique...","potentialAction":[{"@type":"SearchAction","target":{"@type":"EntryPoint","urlTemplate":"https:\/\/www.altominho.tv\/site\/?s={search_term_string}"},"query-input":{"@type":"PropertyValueSpecification","valueRequired":true,"valueName":"search_term_string"}}],"inLanguage":"pt-PT"},{"@type":"Person","@id":"https:\/\/www.altominho.tv\/site\/#\/schema\/person\/c5570e5afb933b8d08c43373326ef1b1","name":"Cesar Lopes","image":{"@type":"ImageObject","inLanguage":"pt-PT","@id":"https:\/\/www.altominho.tv\/site\/wp-content\/uploads\/2022\/10\/Sem-Titulo-150x150.jpg","url":"https:\/\/www.altominho.tv\/site\/wp-content\/uploads\/2022\/10\/Sem-Titulo-150x150.jpg","contentUrl":"https:\/\/www.altominho.tv\/site\/wp-content\/uploads\/2022\/10\/Sem-Titulo-150x150.jpg","caption":"Cesar Lopes"},"url":"https:\/\/www.altominho.tv\/site\/author\/cesarlopes\/"}]}},"_links":{"self":[{"href":"https:\/\/www.altominho.tv\/site\/wp-json\/wp\/v2\/posts\/136306","targetHints":{"allow":["GET"]}}],"collection":[{"href":"https:\/\/www.altominho.tv\/site\/wp-json\/wp\/v2\/posts"}],"about":[{"href":"https:\/\/www.altominho.tv\/site\/wp-json\/wp\/v2\/types\/post"}],"author":[{"embeddable":true,"href":"https:\/\/www.altominho.tv\/site\/wp-json\/wp\/v2\/users\/24"}],"replies":[{"embeddable":true,"href":"https:\/\/www.altominho.tv\/site\/wp-json\/wp\/v2\/comments?post=136306"}],"version-history":[{"count":1,"href":"https:\/\/www.altominho.tv\/site\/wp-json\/wp\/v2\/posts\/136306\/revisions"}],"predecessor-version":[{"id":136308,"href":"https:\/\/www.altominho.tv\/site\/wp-json\/wp\/v2\/posts\/136306\/revisions\/136308"}],"wp:featuredmedia":[{"embeddable":true,"href":"https:\/\/www.altominho.tv\/site\/wp-json\/wp\/v2\/media\/136307"}],"wp:attachment":[{"href":"https:\/\/www.altominho.tv\/site\/wp-json\/wp\/v2\/media?parent=136306"}],"wp:term":[{"taxonomy":"category","embeddable":true,"href":"https:\/\/www.altominho.tv\/site\/wp-json\/wp\/v2\/categories?post=136306"},{"taxonomy":"post_tag","embeddable":true,"href":"https:\/\/www.altominho.tv\/site\/wp-json\/wp\/v2\/tags?post=136306"}],"curies":[{"name":"wp","href":"https:\/\/api.w.org\/{rel}","templated":true}]}}