{"id":136302,"date":"2026-09-02T16:38:27","date_gmt":"2026-09-02T15:38:27","guid":{"rendered":"https:\/\/www.altominho.tv\/site\/?p=136302"},"modified":"2026-09-02T16:38:29","modified_gmt":"2026-09-02T15:38:29","slug":"arcos-de-valdevez-assina-consignacao-construcao-galeria-cultural-alameda","status":"publish","type":"post","link":"https:\/\/www.altominho.tv\/site\/2026\/09\/02\/arcos-de-valdevez-assina-consignacao-construcao-galeria-cultural-alameda\/","title":{"rendered":"Arcos de Valdevez assina consigna\u00e7\u00e3o para a constru\u00e7\u00e3o da Galeria Cultural Alameda"},"content":{"rendered":"<p class=\"p1\">O munic\u00edpio de Arcos de Valdevez, atrav\u00e9s do presidente Oleg\u00e1rio Gon\u00e7alves, assinou a consigna\u00e7\u00e3o para a constru\u00e7\u00e3o da Galeria Cultural Alameda, refor\u00e7ando o compromisso de alargamento dos espa\u00e7os culturais, aumentando a capacidade de acolher exposi\u00e7\u00f5es e outras manifesta\u00e7\u00f5es de arte.<\/p>\n<p class=\"p1\">Segundo a autarquia, a Galeria integra o projeto de requalifica\u00e7\u00e3o do Cineteatro Alameda, que ser\u00e1 adaptado para receber projetos de cria\u00e7\u00e3o art\u00edstica e produ\u00e7\u00e3o, promovendo a sustentabilidade e o crescimento das ind\u00fastrias culturais e criativas no territ\u00f3rio.<\/p>\n<p class=\"p1\">O espa\u00e7o ir\u00e1 funcionar dentro do Cineteatro Alameda, e ter\u00e1 locais para \u00e1reas expositivas (\u00e1reas visuais, v\u00eddeo e multim\u00e9dia), confer\u00eancias e performances (de pequena dimens\u00e3o), devolvendo a mem\u00f3ria \u00e0 comunidade e criando um ponto de encontro, gerador de cruzamentos sociais e art\u00edsticos.<\/p>\n<p class=\"p1\">A empreitada est\u00e1 integrada na Opera\u00e7\u00e3o \u201cNORTE2030-FEDER-03022900 \u2013 CRIA\u00c7\u00c3O DA GALERIA CULTURAL ALAMEDA | ARCOS DE VALDEVEZ\u201d, cofinanciada pelo FEDER &#8211; Fundo Europeu de Desenvolvimento Regional, Programa Operacional NORTE2030, Portugal 2030, Prioridade do Programa: 5A &#8211; Norte mais Pr\u00f3ximo dos Cidad\u00e3os, Tipologia de Interven\u00e7\u00e3o: Patrim\u00f3nio cultural e natural (IT), com um investimento eleg\u00edvel de 1 606 744,89 \u20ac\u20ac e comparticipa\u00e7\u00e3o comunit\u00e1ria de 606 703,53 \u20ac.<\/p>\n<p>&nbsp;<\/p>\n<p>Foto: <strong>Munic\u00edpio de Arcos de Valdevez\u00a0<\/strong><\/p>\n","protected":false},"excerpt":{"rendered":"<p>O munic\u00edpio de Arcos de Valdevez, atrav\u00e9s do presidente Oleg\u00e1rio Gon\u00e7alves, assinou a consigna\u00e7\u00e3o para a constru\u00e7\u00e3o da Galeria Cultural Alameda, refor\u00e7ando o compromisso de alargamento dos espa\u00e7os culturais, aumentando a capacidade de acolher exposi\u00e7\u00f5es e outras manifesta\u00e7\u00f5es de arte. Segundo a autarquia, a Galeria integra o projeto de requalifica\u00e7\u00e3o do Cineteatro Alameda, que ser\u00e1 [&hellip;]<\/p>\n","protected":false},"author":1,"featured_media":136303,"comment_status":"closed","ping_status":"closed","sticky":false,"template":"","format":"standard","meta":{"_exactmetrics_skip_tracking":false,"footnotes":""},"categories":[2],"tags":[27],"class_list":["post-136302","post","type-post","status-publish","format-standard","has-post-thumbnail","hentry","category-arcos-de-valdevez","tag-sociedade"],"yoast_head":"<!-- This site is optimized with the Yoast SEO Premium plugin v28.3 (Yoast SEO v28.3) - https:\/\/yoast.com\/product\/yoast-seo-premium-wordpress\/ -->\n<title>Arcos de Valdevez assina consigna\u00e7\u00e3o para a constru\u00e7\u00e3o da Galeria Cultural Alameda<\/title>\n<meta name=\"description\" content=\"O munic\u00edpio de Arcos de Valdevez, atrav\u00e9s do presidente Oleg\u00e1rio Gon\u00e7alves, assinou a consigna\u00e7\u00e3o para a constru\u00e7\u00e3o da Galeria Cultural Alameda, refor\u00e7ando o compromisso de alargamento dos espa\u00e7os culturais, aumentando a capacidade de acolher exposi\u00e7\u00f5es e outras manifesta\u00e7\u00f5es de arte.\" \/>\n<meta name=\"robots\" content=\"index, follow, max-snippet:-1, max-image-preview:large, max-video-preview:-1\" \/>\n<link rel=\"canonical\" href=\"https:\/\/www.altominho.tv\/site\/2026\/09\/02\/arcos-de-valdevez-assina-consignacao-construcao-galeria-cultural-alameda\/\" \/>\n<meta property=\"og:locale\" content=\"pt_PT\" \/>\n<meta property=\"og:type\" content=\"article\" \/>\n<meta property=\"og:title\" content=\"Arcos de Valdevez assina consigna\u00e7\u00e3o para a constru\u00e7\u00e3o da Galeria Cultural Alameda\" \/>\n<meta property=\"og:description\" content=\"O munic\u00edpio de Arcos de Valdevez, atrav\u00e9s do presidente Oleg\u00e1rio Gon\u00e7alves, assinou a consigna\u00e7\u00e3o para a constru\u00e7\u00e3o da Galeria Cultural Alameda, refor\u00e7ando o compromisso de alargamento dos espa\u00e7os culturais, aumentando a capacidade de acolher exposi\u00e7\u00f5es e outras manifesta\u00e7\u00f5es de arte.\" \/>\n<meta property=\"og:url\" content=\"https:\/\/www.altominho.tv\/site\/2026\/09\/02\/arcos-de-valdevez-assina-consignacao-construcao-galeria-cultural-alameda\/\" \/>\n<meta property=\"og:site_name\" content=\"Altominho.tv\" \/>\n<meta property=\"article:publisher\" content=\"https:\/\/www.facebook.com\/altominhotv\" \/>\n<meta property=\"article:published_time\" content=\"2026-09-02T15:38:27+00:00\" \/>\n<meta property=\"article:modified_time\" content=\"2026-09-02T15:38:29+00:00\" \/>\n<meta property=\"og:image\" content=\"https:\/\/www.altominho.tv\/site\/wp-content\/uploads\/2026\/09\/Galeria-Cultural-Alameda.jpg\" \/>\n\t<meta property=\"og:image:width\" content=\"1200\" \/>\n\t<meta property=\"og:image:height\" content=\"630\" \/>\n\t<meta property=\"og:image:type\" content=\"image\/jpeg\" \/>\n<meta name=\"author\" content=\"Altominho.tv\" \/>\n<meta name=\"twitter:card\" content=\"summary_large_image\" \/>\n<meta name=\"twitter:creator\" content=\"@altominhoTV\" \/>\n<meta name=\"twitter:site\" content=\"@altominhoTV\" \/>\n<meta name=\"twitter:label1\" content=\"Escrito por\" \/>\n\t<meta name=\"twitter:data1\" content=\"Altominho.tv\" \/>\n\t<meta name=\"twitter:label2\" content=\"Tempo estimado de leitura\" \/>\n\t<meta name=\"twitter:data2\" content=\"2 minutos\" \/>\n<script type=\"application\/ld+json\" class=\"yoast-schema-graph\">{\"@context\":\"https:\\\/\\\/schema.org\",\"@graph\":[{\"@type\":\"Article\",\"@id\":\"https:\\\/\\\/www.altominho.tv\\\/site\\\/2026\\\/09\\\/02\\\/arcos-de-valdevez-assina-consignacao-construcao-galeria-cultural-alameda\\\/#article\",\"isPartOf\":{\"@id\":\"https:\\\/\\\/www.altominho.tv\\\/site\\\/2026\\\/09\\\/02\\\/arcos-de-valdevez-assina-consignacao-construcao-galeria-cultural-alameda\\\/\"},\"author\":{\"name\":\"Altominho.tv\",\"@id\":\"https:\\\/\\\/www.altominho.tv\\\/site\\\/#\\\/schema\\\/person\\\/4e536851627d7914baf3dac752b6af22\"},\"headline\":\"Arcos de Valdevez assina consigna\u00e7\u00e3o para a constru\u00e7\u00e3o da Galeria Cultural Alameda\",\"datePublished\":\"2026-09-02T15:38:27+00:00\",\"dateModified\":\"2026-09-02T15:38:29+00:00\",\"mainEntityOfPage\":{\"@id\":\"https:\\\/\\\/www.altominho.tv\\\/site\\\/2026\\\/09\\\/02\\\/arcos-de-valdevez-assina-consignacao-construcao-galeria-cultural-alameda\\\/\"},\"wordCount\":228,\"image\":{\"@id\":\"https:\\\/\\\/www.altominho.tv\\\/site\\\/2026\\\/09\\\/02\\\/arcos-de-valdevez-assina-consignacao-construcao-galeria-cultural-alameda\\\/#primaryimage\"},\"thumbnailUrl\":\"https:\\\/\\\/www.altominho.tv\\\/site\\\/wp-content\\\/uploads\\\/2026\\\/09\\\/Galeria-Cultural-Alameda.jpg\",\"keywords\":[\"Sociedade\"],\"articleSection\":[\"Arcos de Valdevez\"],\"inLanguage\":\"pt-PT\",\"copyrightYear\":\"2026\",\"copyrightHolder\":{\"@id\":\"https:\\\/\\\/www.altominho.tv\\\/site\\\/#organization\"}},{\"@type\":\"WebPage\",\"@id\":\"https:\\\/\\\/www.altominho.tv\\\/site\\\/2026\\\/09\\\/02\\\/arcos-de-valdevez-assina-consignacao-construcao-galeria-cultural-alameda\\\/\",\"url\":\"https:\\\/\\\/www.altominho.tv\\\/site\\\/2026\\\/09\\\/02\\\/arcos-de-valdevez-assina-consignacao-construcao-galeria-cultural-alameda\\\/\",\"name\":\"Arcos de Valdevez assina consigna\u00e7\u00e3o para a constru\u00e7\u00e3o da Galeria Cultural Alameda\",\"isPartOf\":{\"@id\":\"https:\\\/\\\/www.altominho.tv\\\/site\\\/#website\"},\"primaryImageOfPage\":{\"@id\":\"https:\\\/\\\/www.altominho.tv\\\/site\\\/2026\\\/09\\\/02\\\/arcos-de-valdevez-assina-consignacao-construcao-galeria-cultural-alameda\\\/#primaryimage\"},\"image\":{\"@id\":\"https:\\\/\\\/www.altominho.tv\\\/site\\\/2026\\\/09\\\/02\\\/arcos-de-valdevez-assina-consignacao-construcao-galeria-cultural-alameda\\\/#primaryimage\"},\"thumbnailUrl\":\"https:\\\/\\\/www.altominho.tv\\\/site\\\/wp-content\\\/uploads\\\/2026\\\/09\\\/Galeria-Cultural-Alameda.jpg\",\"datePublished\":\"2026-09-02T15:38:27+00:00\",\"dateModified\":\"2026-09-02T15:38:29+00:00\",\"author\":{\"@id\":\"https:\\\/\\\/www.altominho.tv\\\/site\\\/#\\\/schema\\\/person\\\/4e536851627d7914baf3dac752b6af22\"},\"description\":\"O munic\u00edpio de Arcos de Valdevez, atrav\u00e9s do presidente Oleg\u00e1rio Gon\u00e7alves, assinou a consigna\u00e7\u00e3o para a constru\u00e7\u00e3o da Galeria Cultural Alameda, refor\u00e7ando o compromisso de alargamento dos espa\u00e7os culturais, aumentando a capacidade de acolher exposi\u00e7\u00f5es e outras manifesta\u00e7\u00f5es de arte.\",\"breadcrumb\":{\"@id\":\"https:\\\/\\\/www.altominho.tv\\\/site\\\/2026\\\/09\\\/02\\\/arcos-de-valdevez-assina-consignacao-construcao-galeria-cultural-alameda\\\/#breadcrumb\"},\"inLanguage\":\"pt-PT\",\"potentialAction\":[{\"@type\":\"ReadAction\",\"target\":[\"https:\\\/\\\/www.altominho.tv\\\/site\\\/2026\\\/09\\\/02\\\/arcos-de-valdevez-assina-consignacao-construcao-galeria-cultural-alameda\\\/\"]}]},{\"@type\":\"ImageObject\",\"inLanguage\":\"pt-PT\",\"@id\":\"https:\\\/\\\/www.altominho.tv\\\/site\\\/2026\\\/09\\\/02\\\/arcos-de-valdevez-assina-consignacao-construcao-galeria-cultural-alameda\\\/#primaryimage\",\"url\":\"https:\\\/\\\/www.altominho.tv\\\/site\\\/wp-content\\\/uploads\\\/2026\\\/09\\\/Galeria-Cultural-Alameda.jpg\",\"contentUrl\":\"https:\\\/\\\/www.altominho.tv\\\/site\\\/wp-content\\\/uploads\\\/2026\\\/09\\\/Galeria-Cultural-Alameda.jpg\",\"width\":1200,\"height\":630},{\"@type\":\"BreadcrumbList\",\"@id\":\"https:\\\/\\\/www.altominho.tv\\\/site\\\/2026\\\/09\\\/02\\\/arcos-de-valdevez-assina-consignacao-construcao-galeria-cultural-alameda\\\/#breadcrumb\",\"itemListElement\":[{\"@type\":\"ListItem\",\"position\":1,\"name\":\"In\u00edcio\",\"item\":\"https:\\\/\\\/www.altominho.tv\\\/site\\\/\"},{\"@type\":\"ListItem\",\"position\":2,\"name\":\"Arcos de Valdevez assina consigna\u00e7\u00e3o para a constru\u00e7\u00e3o da Galeria Cultural Alameda\"}]},{\"@type\":\"WebSite\",\"@id\":\"https:\\\/\\\/www.altominho.tv\\\/site\\\/#website\",\"url\":\"https:\\\/\\\/www.altominho.tv\\\/site\\\/\",\"name\":\"Altominho.tv\",\"description\":\"A sua regi\u00e3o \u00e0 dist\u00e2ncia de um clique...\",\"potentialAction\":[{\"@type\":\"SearchAction\",\"target\":{\"@type\":\"EntryPoint\",\"urlTemplate\":\"https:\\\/\\\/www.altominho.tv\\\/site\\\/?s={search_term_string}\"},\"query-input\":{\"@type\":\"PropertyValueSpecification\",\"valueRequired\":true,\"valueName\":\"search_term_string\"}}],\"inLanguage\":\"pt-PT\"},{\"@type\":\"Person\",\"@id\":\"https:\\\/\\\/www.altominho.tv\\\/site\\\/#\\\/schema\\\/person\\\/4e536851627d7914baf3dac752b6af22\",\"name\":\"Altominho.tv\",\"image\":{\"@type\":\"ImageObject\",\"inLanguage\":\"pt-PT\",\"@id\":\"https:\\\/\\\/www.altominho.tv\\\/site\\\/wp-content\\\/uploads\\\/2019\\\/11\\\/Logo_Avatar_2-150x150.jpg\",\"url\":\"https:\\\/\\\/www.altominho.tv\\\/site\\\/wp-content\\\/uploads\\\/2019\\\/11\\\/Logo_Avatar_2-150x150.jpg\",\"contentUrl\":\"https:\\\/\\\/www.altominho.tv\\\/site\\\/wp-content\\\/uploads\\\/2019\\\/11\\\/Logo_Avatar_2-150x150.jpg\",\"caption\":\"Altominho.tv\"},\"url\":\"https:\\\/\\\/www.altominho.tv\\\/site\\\/author\\\/altominhotv-tecnico\\\/\"}]}<\/script>\n<!-- \/ Yoast SEO Premium plugin. -->","yoast_head_json":{"title":"Arcos de Valdevez assina consigna\u00e7\u00e3o para a constru\u00e7\u00e3o da Galeria Cultural Alameda","description":"O munic\u00edpio de Arcos de Valdevez, atrav\u00e9s do presidente Oleg\u00e1rio Gon\u00e7alves, assinou a consigna\u00e7\u00e3o para a constru\u00e7\u00e3o da Galeria Cultural Alameda, refor\u00e7ando o compromisso de alargamento dos espa\u00e7os culturais, aumentando a capacidade de acolher exposi\u00e7\u00f5es e outras manifesta\u00e7\u00f5es de arte.","robots":{"index":"index","follow":"follow","max-snippet":"max-snippet:-1","max-image-preview":"max-image-preview:large","max-video-preview":"max-video-preview:-1"},"canonical":"https:\/\/www.altominho.tv\/site\/2026\/09\/02\/arcos-de-valdevez-assina-consignacao-construcao-galeria-cultural-alameda\/","og_locale":"pt_PT","og_type":"article","og_title":"Arcos de Valdevez assina consigna\u00e7\u00e3o para a constru\u00e7\u00e3o da Galeria Cultural Alameda","og_description":"O munic\u00edpio de Arcos de Valdevez, atrav\u00e9s do presidente Oleg\u00e1rio Gon\u00e7alves, assinou a consigna\u00e7\u00e3o para a constru\u00e7\u00e3o da Galeria Cultural Alameda, refor\u00e7ando o compromisso de alargamento dos espa\u00e7os culturais, aumentando a capacidade de acolher exposi\u00e7\u00f5es e outras manifesta\u00e7\u00f5es de arte.","og_url":"https:\/\/www.altominho.tv\/site\/2026\/09\/02\/arcos-de-valdevez-assina-consignacao-construcao-galeria-cultural-alameda\/","og_site_name":"Altominho.tv","article_publisher":"https:\/\/www.facebook.com\/altominhotv","article_published_time":"2026-09-02T15:38:27+00:00","article_modified_time":"2026-09-02T15:38:29+00:00","og_image":[{"width":1200,"height":630,"url":"https:\/\/www.altominho.tv\/site\/wp-content\/uploads\/2026\/09\/Galeria-Cultural-Alameda.jpg","type":"image\/jpeg"}],"author":"Altominho.tv","twitter_card":"summary_large_image","twitter_creator":"@altominhoTV","twitter_site":"@altominhoTV","twitter_misc":{"Escrito por":"Altominho.tv","Tempo estimado de leitura":"2 minutos"},"schema":{"@context":"https:\/\/schema.org","@graph":[{"@type":"Article","@id":"https:\/\/www.altominho.tv\/site\/2026\/09\/02\/arcos-de-valdevez-assina-consignacao-construcao-galeria-cultural-alameda\/#article","isPartOf":{"@id":"https:\/\/www.altominho.tv\/site\/2026\/09\/02\/arcos-de-valdevez-assina-consignacao-construcao-galeria-cultural-alameda\/"},"author":{"name":"Altominho.tv","@id":"https:\/\/www.altominho.tv\/site\/#\/schema\/person\/4e536851627d7914baf3dac752b6af22"},"headline":"Arcos de Valdevez assina consigna\u00e7\u00e3o para a constru\u00e7\u00e3o da Galeria Cultural Alameda","datePublished":"2026-09-02T15:38:27+00:00","dateModified":"2026-09-02T15:38:29+00:00","mainEntityOfPage":{"@id":"https:\/\/www.altominho.tv\/site\/2026\/09\/02\/arcos-de-valdevez-assina-consignacao-construcao-galeria-cultural-alameda\/"},"wordCount":228,"image":{"@id":"https:\/\/www.altominho.tv\/site\/2026\/09\/02\/arcos-de-valdevez-assina-consignacao-construcao-galeria-cultural-alameda\/#primaryimage"},"thumbnailUrl":"https:\/\/www.altominho.tv\/site\/wp-content\/uploads\/2026\/09\/Galeria-Cultural-Alameda.jpg","keywords":["Sociedade"],"articleSection":["Arcos de Valdevez"],"inLanguage":"pt-PT","copyrightYear":"2026","copyrightHolder":{"@id":"https:\/\/www.altominho.tv\/site\/#organization"}},{"@type":"WebPage","@id":"https:\/\/www.altominho.tv\/site\/2026\/09\/02\/arcos-de-valdevez-assina-consignacao-construcao-galeria-cultural-alameda\/","url":"https:\/\/www.altominho.tv\/site\/2026\/09\/02\/arcos-de-valdevez-assina-consignacao-construcao-galeria-cultural-alameda\/","name":"Arcos de Valdevez assina consigna\u00e7\u00e3o para a constru\u00e7\u00e3o da Galeria Cultural Alameda","isPartOf":{"@id":"https:\/\/www.altominho.tv\/site\/#website"},"primaryImageOfPage":{"@id":"https:\/\/www.altominho.tv\/site\/2026\/09\/02\/arcos-de-valdevez-assina-consignacao-construcao-galeria-cultural-alameda\/#primaryimage"},"image":{"@id":"https:\/\/www.altominho.tv\/site\/2026\/09\/02\/arcos-de-valdevez-assina-consignacao-construcao-galeria-cultural-alameda\/#primaryimage"},"thumbnailUrl":"https:\/\/www.altominho.tv\/site\/wp-content\/uploads\/2026\/09\/Galeria-Cultural-Alameda.jpg","datePublished":"2026-09-02T15:38:27+00:00","dateModified":"2026-09-02T15:38:29+00:00","author":{"@id":"https:\/\/www.altominho.tv\/site\/#\/schema\/person\/4e536851627d7914baf3dac752b6af22"},"description":"O munic\u00edpio de Arcos de Valdevez, atrav\u00e9s do presidente Oleg\u00e1rio Gon\u00e7alves, assinou a consigna\u00e7\u00e3o para a constru\u00e7\u00e3o da Galeria Cultural Alameda, refor\u00e7ando o compromisso de alargamento dos espa\u00e7os culturais, aumentando a capacidade de acolher exposi\u00e7\u00f5es e outras manifesta\u00e7\u00f5es de arte.","breadcrumb":{"@id":"https:\/\/www.altominho.tv\/site\/2026\/09\/02\/arcos-de-valdevez-assina-consignacao-construcao-galeria-cultural-alameda\/#breadcrumb"},"inLanguage":"pt-PT","potentialAction":[{"@type":"ReadAction","target":["https:\/\/www.altominho.tv\/site\/2026\/09\/02\/arcos-de-valdevez-assina-consignacao-construcao-galeria-cultural-alameda\/"]}]},{"@type":"ImageObject","inLanguage":"pt-PT","@id":"https:\/\/www.altominho.tv\/site\/2026\/09\/02\/arcos-de-valdevez-assina-consignacao-construcao-galeria-cultural-alameda\/#primaryimage","url":"https:\/\/www.altominho.tv\/site\/wp-content\/uploads\/2026\/09\/Galeria-Cultural-Alameda.jpg","contentUrl":"https:\/\/www.altominho.tv\/site\/wp-content\/uploads\/2026\/09\/Galeria-Cultural-Alameda.jpg","width":1200,"height":630},{"@type":"BreadcrumbList","@id":"https:\/\/www.altominho.tv\/site\/2026\/09\/02\/arcos-de-valdevez-assina-consignacao-construcao-galeria-cultural-alameda\/#breadcrumb","itemListElement":[{"@type":"ListItem","position":1,"name":"In\u00edcio","item":"https:\/\/www.altominho.tv\/site\/"},{"@type":"ListItem","position":2,"name":"Arcos de Valdevez assina consigna\u00e7\u00e3o para a constru\u00e7\u00e3o da Galeria Cultural Alameda"}]},{"@type":"WebSite","@id":"https:\/\/www.altominho.tv\/site\/#website","url":"https:\/\/www.altominho.tv\/site\/","name":"Altominho.tv","description":"A sua regi\u00e3o \u00e0 dist\u00e2ncia de um clique...","potentialAction":[{"@type":"SearchAction","target":{"@type":"EntryPoint","urlTemplate":"https:\/\/www.altominho.tv\/site\/?s={search_term_string}"},"query-input":{"@type":"PropertyValueSpecification","valueRequired":true,"valueName":"search_term_string"}}],"inLanguage":"pt-PT"},{"@type":"Person","@id":"https:\/\/www.altominho.tv\/site\/#\/schema\/person\/4e536851627d7914baf3dac752b6af22","name":"Altominho.tv","image":{"@type":"ImageObject","inLanguage":"pt-PT","@id":"https:\/\/www.altominho.tv\/site\/wp-content\/uploads\/2019\/11\/Logo_Avatar_2-150x150.jpg","url":"https:\/\/www.altominho.tv\/site\/wp-content\/uploads\/2019\/11\/Logo_Avatar_2-150x150.jpg","contentUrl":"https:\/\/www.altominho.tv\/site\/wp-content\/uploads\/2019\/11\/Logo_Avatar_2-150x150.jpg","caption":"Altominho.tv"},"url":"https:\/\/www.altominho.tv\/site\/author\/altominhotv-tecnico\/"}]}},"_links":{"self":[{"href":"https:\/\/www.altominho.tv\/site\/wp-json\/wp\/v2\/posts\/136302","targetHints":{"allow":["GET"]}}],"collection":[{"href":"https:\/\/www.altominho.tv\/site\/wp-json\/wp\/v2\/posts"}],"about":[{"href":"https:\/\/www.altominho.tv\/site\/wp-json\/wp\/v2\/types\/post"}],"author":[{"embeddable":true,"href":"https:\/\/www.altominho.tv\/site\/wp-json\/wp\/v2\/users\/1"}],"replies":[{"embeddable":true,"href":"https:\/\/www.altominho.tv\/site\/wp-json\/wp\/v2\/comments?post=136302"}],"version-history":[{"count":2,"href":"https:\/\/www.altominho.tv\/site\/wp-json\/wp\/v2\/posts\/136302\/revisions"}],"predecessor-version":[{"id":136305,"href":"https:\/\/www.altominho.tv\/site\/wp-json\/wp\/v2\/posts\/136302\/revisions\/136305"}],"wp:featuredmedia":[{"embeddable":true,"href":"https:\/\/www.altominho.tv\/site\/wp-json\/wp\/v2\/media\/136303"}],"wp:attachment":[{"href":"https:\/\/www.altominho.tv\/site\/wp-json\/wp\/v2\/media?parent=136302"}],"wp:term":[{"taxonomy":"category","embeddable":true,"href":"https:\/\/www.altominho.tv\/site\/wp-json\/wp\/v2\/categories?post=136302"},{"taxonomy":"post_tag","embeddable":true,"href":"https:\/\/www.altominho.tv\/site\/wp-json\/wp\/v2\/tags?post=136302"}],"curies":[{"name":"wp","href":"https:\/\/api.w.org\/{rel}","templated":true}]}}