{"id":136294,"date":"2026-09-02T14:17:31","date_gmt":"2026-09-02T13:17:31","guid":{"rendered":"https:\/\/www.altominho.tv\/site\/?p=136294"},"modified":"2026-09-02T14:17:33","modified_gmt":"2026-09-02T13:17:33","slug":"fisco-fiscalizacoes-praias-e-deteta-problemas-com-faturas-nas-concessoes","status":"publish","type":"post","link":"https:\/\/www.altominho.tv\/site\/2026\/09\/02\/fisco-fiscalizacoes-praias-e-deteta-problemas-com-faturas-nas-concessoes\/","title":{"rendered":"Fisco faz fiscaliza\u00e7\u00f5es nas praias e deteta problemas com faturas nas concess\u00f5es"},"content":{"rendered":"\n<p class=\"wp-block-paragraph\">O fisco est\u00e1 a realizar a\u00e7\u00f5es de fiscaliza\u00e7\u00e3o e sensibiliza\u00e7\u00e3o nas praias em conjunto com a Pol\u00edcia Mar\u00edtima desde finais de julho e identificou problemas de fatura\u00e7\u00e3o nas concess\u00f5es, fez saber hoje o Minist\u00e9rio das Finan\u00e7as.<\/p>\n\n\n\n<p class=\"wp-block-paragraph\">A opera\u00e7\u00e3o \u201cMar \u00e0 Vista\u201d, como foi batizada esta a\u00e7\u00e3o de \u201csensibiliza\u00e7\u00e3o e fiscaliza\u00e7\u00e3o\u201d durante o ver\u00e3o, come\u00e7ou em 29 de julho e vai prolongar-se pelo m\u00eas de setembro, para \u201cpromover o cumprimento volunt\u00e1rio das obriga\u00e7\u00f5es fiscais, atrav\u00e9s do contacto direto com os operadores econ\u00f3micos\u201d das concess\u00f5es nas praias, explica o Minist\u00e9rio das Finan\u00e7as num comunicado.<\/p>\n\n\n\n<p class=\"wp-block-paragraph\">At\u00e9 agora, a Autoridade Tribut\u00e1ria e Aduaneira (AT) colocou no terreno 63 inspetores, que realizam os controlos fiscais em articula\u00e7\u00e3o com 58 operacionais da Pol\u00edcia Mar\u00edtima.<\/p>\n\n\n\n<p class=\"wp-block-paragraph\">Ao longo do \u00faltimo m\u00eas, os inspetores tribut\u00e1rios percorreram praias dos distritos de Aveiro, Beja, Coimbra, Faro, Leiria, Lisboa, Porto, Set\u00fabal e Viana do Castelo, tendo identificado \u201cdiversas infra\u00e7\u00f5es, relacionadas nomeadamente com a falta de emiss\u00e3o de fatura e a utiliza\u00e7\u00e3o de programas de fatura\u00e7\u00e3o que n\u00e3o cumprem os requisitos legais\u201d.<\/p>\n\n\n\n<p class=\"wp-block-paragraph\">No comunicado, o minist\u00e9rio que tutela o fisco n\u00e3o detalha quantas a\u00e7\u00f5es realizou \u2013 refere apenas dezenas \u2013, nem especifica o n\u00famero de infra\u00e7\u00f5es identificadas.<\/p>\n\n\n\n<p class=\"wp-block-paragraph\">Segundo as Finan\u00e7as, a opera\u00e7\u00e3o tem permitido o contacto direto com os estabelecimentos das concess\u00f5es, sensibilizando os operadores econ\u00f3micos \u201cpara a import\u00e2ncia da emiss\u00e3o de fatura e do correto cumprimento das obriga\u00e7\u00f5es legais associadas \u00e0 atividade desenvolvida\u201d.<\/p>\n\n\n\n<p class=\"wp-block-paragraph\">Com esta opera\u00e7\u00e3o, a AT procura contribuir para um \u201crefor\u00e7o da justi\u00e7a fiscal\u201d e das \u201ccondi\u00e7\u00f5es de concorr\u00eancia leal entre os agentes econ\u00f3micos\u201d.<\/p>\n\n\n\n<p class=\"wp-block-paragraph\">A a\u00e7\u00e3o \u201cMar \u00e0 Vista\u201d foi iniciada num momento de transi\u00e7\u00e3o da lideran\u00e7a da AT.<\/p>\n\n\n\n<p class=\"wp-block-paragraph\">O fisco tem como diretor-geral desde 01 de agosto M\u00e1rio Campos, que ap\u00f3s dez anos como subdiretor-geral da \u00e1rea dos sistemas de informa\u00e7\u00e3o do fisco sucedeu a Helena Borges \u00e0 frente da administra\u00e7\u00e3o fiscal.<\/p>\n\n\n\n<p class=\"wp-block-paragraph\">Foto: <strong>DR<\/strong><\/p>\n","protected":false},"excerpt":{"rendered":"<p>O fisco est\u00e1 a realizar a\u00e7\u00f5es de fiscaliza\u00e7\u00e3o e sensibiliza\u00e7\u00e3o nas praias em conjunto com a Pol\u00edcia Mar\u00edtima desde finais de julho e identificou problemas de fatura\u00e7\u00e3o nas concess\u00f5es, fez saber hoje o Minist\u00e9rio das Finan\u00e7as. A opera\u00e7\u00e3o \u201cMar \u00e0 Vista\u201d, como foi batizada esta a\u00e7\u00e3o de \u201csensibiliza\u00e7\u00e3o e fiscaliza\u00e7\u00e3o\u201d durante o ver\u00e3o, come\u00e7ou em [&hellip;]<\/p>\n","protected":false},"author":13,"featured_media":133940,"comment_status":"closed","ping_status":"closed","sticky":false,"template":"","format":"standard","meta":{"_exactmetrics_skip_tracking":false,"footnotes":""},"categories":[56325],"tags":[27],"class_list":["post-136294","post","type-post","status-publish","format-standard","has-post-thumbnail","hentry","category-pais","tag-sociedade"],"yoast_head":"<!-- This site is optimized with the Yoast SEO Premium plugin v28.3 (Yoast SEO v28.3) - https:\/\/yoast.com\/product\/yoast-seo-premium-wordpress\/ -->\n<title>Fisco faz fiscaliza\u00e7\u00f5es nas praias e deteta problemas com faturas nas concess\u00f5es<\/title>\n<meta name=\"description\" content=\"O fisco est\u00e1 a realizar a\u00e7\u00f5es de fiscaliza\u00e7\u00e3o e sensibiliza\u00e7\u00e3o nas praias em conjunto com a Pol\u00edcia Mar\u00edtima desde finais de julho e identificou problemas de fatura\u00e7\u00e3o nas concess\u00f5es, fez saber hoje o Minist\u00e9rio das Finan\u00e7as.\" \/>\n<meta name=\"robots\" content=\"index, follow, max-snippet:-1, max-image-preview:large, max-video-preview:-1\" \/>\n<link rel=\"canonical\" href=\"https:\/\/www.altominho.tv\/site\/2026\/09\/02\/fisco-fiscalizacoes-praias-e-deteta-problemas-com-faturas-nas-concessoes\/\" \/>\n<meta property=\"og:locale\" content=\"pt_PT\" \/>\n<meta property=\"og:type\" content=\"article\" \/>\n<meta property=\"og:title\" content=\"Fisco faz fiscaliza\u00e7\u00f5es nas praias e deteta problemas com faturas nas concess\u00f5es\" \/>\n<meta property=\"og:description\" content=\"O fisco est\u00e1 a realizar a\u00e7\u00f5es de fiscaliza\u00e7\u00e3o e sensibiliza\u00e7\u00e3o nas praias em conjunto com a Pol\u00edcia Mar\u00edtima desde finais de julho e identificou problemas de fatura\u00e7\u00e3o nas concess\u00f5es, fez saber hoje o Minist\u00e9rio das Finan\u00e7as.\" \/>\n<meta property=\"og:url\" content=\"https:\/\/www.altominho.tv\/site\/2026\/09\/02\/fisco-fiscalizacoes-praias-e-deteta-problemas-com-faturas-nas-concessoes\/\" \/>\n<meta property=\"og:site_name\" content=\"Altominho.tv\" \/>\n<meta property=\"article:publisher\" content=\"https:\/\/www.facebook.com\/altominhotv\" \/>\n<meta property=\"article:published_time\" content=\"2026-09-02T13:17:31+00:00\" \/>\n<meta property=\"article:modified_time\" content=\"2026-09-02T13:17:33+00:00\" \/>\n<meta property=\"og:image\" content=\"https:\/\/www.altominho.tv\/site\/wp-content\/uploads\/2026\/06\/praia-arda.png\" \/>\n\t<meta property=\"og:image:width\" content=\"1200\" \/>\n\t<meta property=\"og:image:height\" content=\"630\" \/>\n\t<meta property=\"og:image:type\" content=\"image\/png\" \/>\n<meta name=\"author\" content=\"Lusa\" \/>\n<meta name=\"twitter:card\" content=\"summary_large_image\" \/>\n<meta name=\"twitter:creator\" content=\"@altominhoTV\" \/>\n<meta name=\"twitter:site\" content=\"@altominhoTV\" \/>\n<meta name=\"twitter:label1\" content=\"Escrito por\" \/>\n\t<meta name=\"twitter:data1\" content=\"Lusa\" \/>\n\t<meta name=\"twitter:label2\" content=\"Tempo estimado de leitura\" \/>\n\t<meta name=\"twitter:data2\" content=\"2 minutos\" \/>\n<script type=\"application\/ld+json\" class=\"yoast-schema-graph\">{\"@context\":\"https:\\\/\\\/schema.org\",\"@graph\":[{\"@type\":\"Article\",\"@id\":\"https:\\\/\\\/www.altominho.tv\\\/site\\\/2026\\\/09\\\/02\\\/fisco-fiscalizacoes-praias-e-deteta-problemas-com-faturas-nas-concessoes\\\/#article\",\"isPartOf\":{\"@id\":\"https:\\\/\\\/www.altominho.tv\\\/site\\\/2026\\\/09\\\/02\\\/fisco-fiscalizacoes-praias-e-deteta-problemas-com-faturas-nas-concessoes\\\/\"},\"author\":{\"name\":\"Lusa\",\"@id\":\"https:\\\/\\\/www.altominho.tv\\\/site\\\/#\\\/schema\\\/person\\\/63f693da3e1899361cbe955c46f3232e\"},\"headline\":\"Fisco faz fiscaliza\u00e7\u00f5es nas praias e deteta problemas com faturas nas concess\u00f5es\",\"datePublished\":\"2026-09-02T13:17:31+00:00\",\"dateModified\":\"2026-09-02T13:17:33+00:00\",\"mainEntityOfPage\":{\"@id\":\"https:\\\/\\\/www.altominho.tv\\\/site\\\/2026\\\/09\\\/02\\\/fisco-fiscalizacoes-praias-e-deteta-problemas-com-faturas-nas-concessoes\\\/\"},\"wordCount\":369,\"image\":{\"@id\":\"https:\\\/\\\/www.altominho.tv\\\/site\\\/2026\\\/09\\\/02\\\/fisco-fiscalizacoes-praias-e-deteta-problemas-com-faturas-nas-concessoes\\\/#primaryimage\"},\"thumbnailUrl\":\"https:\\\/\\\/www.altominho.tv\\\/site\\\/wp-content\\\/uploads\\\/2026\\\/06\\\/praia-arda.png\",\"keywords\":[\"Sociedade\"],\"articleSection\":[\"Pa\u00eds\"],\"inLanguage\":\"pt-PT\",\"copyrightYear\":\"2026\",\"copyrightHolder\":{\"@id\":\"https:\\\/\\\/www.altominho.tv\\\/site\\\/#organization\"}},{\"@type\":\"WebPage\",\"@id\":\"https:\\\/\\\/www.altominho.tv\\\/site\\\/2026\\\/09\\\/02\\\/fisco-fiscalizacoes-praias-e-deteta-problemas-com-faturas-nas-concessoes\\\/\",\"url\":\"https:\\\/\\\/www.altominho.tv\\\/site\\\/2026\\\/09\\\/02\\\/fisco-fiscalizacoes-praias-e-deteta-problemas-com-faturas-nas-concessoes\\\/\",\"name\":\"Fisco faz fiscaliza\u00e7\u00f5es nas praias e deteta problemas com faturas nas concess\u00f5es\",\"isPartOf\":{\"@id\":\"https:\\\/\\\/www.altominho.tv\\\/site\\\/#website\"},\"primaryImageOfPage\":{\"@id\":\"https:\\\/\\\/www.altominho.tv\\\/site\\\/2026\\\/09\\\/02\\\/fisco-fiscalizacoes-praias-e-deteta-problemas-com-faturas-nas-concessoes\\\/#primaryimage\"},\"image\":{\"@id\":\"https:\\\/\\\/www.altominho.tv\\\/site\\\/2026\\\/09\\\/02\\\/fisco-fiscalizacoes-praias-e-deteta-problemas-com-faturas-nas-concessoes\\\/#primaryimage\"},\"thumbnailUrl\":\"https:\\\/\\\/www.altominho.tv\\\/site\\\/wp-content\\\/uploads\\\/2026\\\/06\\\/praia-arda.png\",\"datePublished\":\"2026-09-02T13:17:31+00:00\",\"dateModified\":\"2026-09-02T13:17:33+00:00\",\"author\":{\"@id\":\"https:\\\/\\\/www.altominho.tv\\\/site\\\/#\\\/schema\\\/person\\\/63f693da3e1899361cbe955c46f3232e\"},\"description\":\"O fisco est\u00e1 a realizar a\u00e7\u00f5es de fiscaliza\u00e7\u00e3o e sensibiliza\u00e7\u00e3o nas praias em conjunto com a Pol\u00edcia Mar\u00edtima desde finais de julho e identificou problemas de fatura\u00e7\u00e3o nas concess\u00f5es, fez saber hoje o Minist\u00e9rio das Finan\u00e7as.\",\"breadcrumb\":{\"@id\":\"https:\\\/\\\/www.altominho.tv\\\/site\\\/2026\\\/09\\\/02\\\/fisco-fiscalizacoes-praias-e-deteta-problemas-com-faturas-nas-concessoes\\\/#breadcrumb\"},\"inLanguage\":\"pt-PT\",\"potentialAction\":[{\"@type\":\"ReadAction\",\"target\":[\"https:\\\/\\\/www.altominho.tv\\\/site\\\/2026\\\/09\\\/02\\\/fisco-fiscalizacoes-praias-e-deteta-problemas-com-faturas-nas-concessoes\\\/\"]}]},{\"@type\":\"ImageObject\",\"inLanguage\":\"pt-PT\",\"@id\":\"https:\\\/\\\/www.altominho.tv\\\/site\\\/2026\\\/09\\\/02\\\/fisco-fiscalizacoes-praias-e-deteta-problemas-com-faturas-nas-concessoes\\\/#primaryimage\",\"url\":\"https:\\\/\\\/www.altominho.tv\\\/site\\\/wp-content\\\/uploads\\\/2026\\\/06\\\/praia-arda.png\",\"contentUrl\":\"https:\\\/\\\/www.altominho.tv\\\/site\\\/wp-content\\\/uploads\\\/2026\\\/06\\\/praia-arda.png\",\"width\":1200,\"height\":630},{\"@type\":\"BreadcrumbList\",\"@id\":\"https:\\\/\\\/www.altominho.tv\\\/site\\\/2026\\\/09\\\/02\\\/fisco-fiscalizacoes-praias-e-deteta-problemas-com-faturas-nas-concessoes\\\/#breadcrumb\",\"itemListElement\":[{\"@type\":\"ListItem\",\"position\":1,\"name\":\"In\u00edcio\",\"item\":\"https:\\\/\\\/www.altominho.tv\\\/site\\\/\"},{\"@type\":\"ListItem\",\"position\":2,\"name\":\"Fisco faz fiscaliza\u00e7\u00f5es nas praias e deteta problemas com faturas nas concess\u00f5es\"}]},{\"@type\":\"WebSite\",\"@id\":\"https:\\\/\\\/www.altominho.tv\\\/site\\\/#website\",\"url\":\"https:\\\/\\\/www.altominho.tv\\\/site\\\/\",\"name\":\"Altominho.tv\",\"description\":\"A sua regi\u00e3o \u00e0 dist\u00e2ncia de um clique...\",\"potentialAction\":[{\"@type\":\"SearchAction\",\"target\":{\"@type\":\"EntryPoint\",\"urlTemplate\":\"https:\\\/\\\/www.altominho.tv\\\/site\\\/?s={search_term_string}\"},\"query-input\":{\"@type\":\"PropertyValueSpecification\",\"valueRequired\":true,\"valueName\":\"search_term_string\"}}],\"inLanguage\":\"pt-PT\"},{\"@type\":\"Person\",\"@id\":\"https:\\\/\\\/www.altominho.tv\\\/site\\\/#\\\/schema\\\/person\\\/63f693da3e1899361cbe955c46f3232e\",\"name\":\"Lusa\",\"image\":{\"@type\":\"ImageObject\",\"inLanguage\":\"pt-PT\",\"@id\":\"https:\\\/\\\/www.altominho.tv\\\/site\\\/wp-content\\\/uploads\\\/2019\\\/08\\\/LUSA_Logo.gif\",\"url\":\"https:\\\/\\\/www.altominho.tv\\\/site\\\/wp-content\\\/uploads\\\/2019\\\/08\\\/LUSA_Logo.gif\",\"contentUrl\":\"https:\\\/\\\/www.altominho.tv\\\/site\\\/wp-content\\\/uploads\\\/2019\\\/08\\\/LUSA_Logo.gif\",\"caption\":\"Lusa\"},\"sameAs\":[\"http:\\\/\\\/\\\/\\\/www.altominho.tv\\\/site\"],\"url\":\"https:\\\/\\\/www.altominho.tv\\\/site\\\/author\\\/lusa\\\/\"}]}<\/script>\n<!-- \/ Yoast SEO Premium plugin. -->","yoast_head_json":{"title":"Fisco faz fiscaliza\u00e7\u00f5es nas praias e deteta problemas com faturas nas concess\u00f5es","description":"O fisco est\u00e1 a realizar a\u00e7\u00f5es de fiscaliza\u00e7\u00e3o e sensibiliza\u00e7\u00e3o nas praias em conjunto com a Pol\u00edcia Mar\u00edtima desde finais de julho e identificou problemas de fatura\u00e7\u00e3o nas concess\u00f5es, fez saber hoje o Minist\u00e9rio das Finan\u00e7as.","robots":{"index":"index","follow":"follow","max-snippet":"max-snippet:-1","max-image-preview":"max-image-preview:large","max-video-preview":"max-video-preview:-1"},"canonical":"https:\/\/www.altominho.tv\/site\/2026\/09\/02\/fisco-fiscalizacoes-praias-e-deteta-problemas-com-faturas-nas-concessoes\/","og_locale":"pt_PT","og_type":"article","og_title":"Fisco faz fiscaliza\u00e7\u00f5es nas praias e deteta problemas com faturas nas concess\u00f5es","og_description":"O fisco est\u00e1 a realizar a\u00e7\u00f5es de fiscaliza\u00e7\u00e3o e sensibiliza\u00e7\u00e3o nas praias em conjunto com a Pol\u00edcia Mar\u00edtima desde finais de julho e identificou problemas de fatura\u00e7\u00e3o nas concess\u00f5es, fez saber hoje o Minist\u00e9rio das Finan\u00e7as.","og_url":"https:\/\/www.altominho.tv\/site\/2026\/09\/02\/fisco-fiscalizacoes-praias-e-deteta-problemas-com-faturas-nas-concessoes\/","og_site_name":"Altominho.tv","article_publisher":"https:\/\/www.facebook.com\/altominhotv","article_published_time":"2026-09-02T13:17:31+00:00","article_modified_time":"2026-09-02T13:17:33+00:00","og_image":[{"width":1200,"height":630,"url":"https:\/\/www.altominho.tv\/site\/wp-content\/uploads\/2026\/06\/praia-arda.png","type":"image\/png"}],"author":"Lusa","twitter_card":"summary_large_image","twitter_creator":"@altominhoTV","twitter_site":"@altominhoTV","twitter_misc":{"Escrito por":"Lusa","Tempo estimado de leitura":"2 minutos"},"schema":{"@context":"https:\/\/schema.org","@graph":[{"@type":"Article","@id":"https:\/\/www.altominho.tv\/site\/2026\/09\/02\/fisco-fiscalizacoes-praias-e-deteta-problemas-com-faturas-nas-concessoes\/#article","isPartOf":{"@id":"https:\/\/www.altominho.tv\/site\/2026\/09\/02\/fisco-fiscalizacoes-praias-e-deteta-problemas-com-faturas-nas-concessoes\/"},"author":{"name":"Lusa","@id":"https:\/\/www.altominho.tv\/site\/#\/schema\/person\/63f693da3e1899361cbe955c46f3232e"},"headline":"Fisco faz fiscaliza\u00e7\u00f5es nas praias e deteta problemas com faturas nas concess\u00f5es","datePublished":"2026-09-02T13:17:31+00:00","dateModified":"2026-09-02T13:17:33+00:00","mainEntityOfPage":{"@id":"https:\/\/www.altominho.tv\/site\/2026\/09\/02\/fisco-fiscalizacoes-praias-e-deteta-problemas-com-faturas-nas-concessoes\/"},"wordCount":369,"image":{"@id":"https:\/\/www.altominho.tv\/site\/2026\/09\/02\/fisco-fiscalizacoes-praias-e-deteta-problemas-com-faturas-nas-concessoes\/#primaryimage"},"thumbnailUrl":"https:\/\/www.altominho.tv\/site\/wp-content\/uploads\/2026\/06\/praia-arda.png","keywords":["Sociedade"],"articleSection":["Pa\u00eds"],"inLanguage":"pt-PT","copyrightYear":"2026","copyrightHolder":{"@id":"https:\/\/www.altominho.tv\/site\/#organization"}},{"@type":"WebPage","@id":"https:\/\/www.altominho.tv\/site\/2026\/09\/02\/fisco-fiscalizacoes-praias-e-deteta-problemas-com-faturas-nas-concessoes\/","url":"https:\/\/www.altominho.tv\/site\/2026\/09\/02\/fisco-fiscalizacoes-praias-e-deteta-problemas-com-faturas-nas-concessoes\/","name":"Fisco faz fiscaliza\u00e7\u00f5es nas praias e deteta problemas com faturas nas concess\u00f5es","isPartOf":{"@id":"https:\/\/www.altominho.tv\/site\/#website"},"primaryImageOfPage":{"@id":"https:\/\/www.altominho.tv\/site\/2026\/09\/02\/fisco-fiscalizacoes-praias-e-deteta-problemas-com-faturas-nas-concessoes\/#primaryimage"},"image":{"@id":"https:\/\/www.altominho.tv\/site\/2026\/09\/02\/fisco-fiscalizacoes-praias-e-deteta-problemas-com-faturas-nas-concessoes\/#primaryimage"},"thumbnailUrl":"https:\/\/www.altominho.tv\/site\/wp-content\/uploads\/2026\/06\/praia-arda.png","datePublished":"2026-09-02T13:17:31+00:00","dateModified":"2026-09-02T13:17:33+00:00","author":{"@id":"https:\/\/www.altominho.tv\/site\/#\/schema\/person\/63f693da3e1899361cbe955c46f3232e"},"description":"O fisco est\u00e1 a realizar a\u00e7\u00f5es de fiscaliza\u00e7\u00e3o e sensibiliza\u00e7\u00e3o nas praias em conjunto com a Pol\u00edcia Mar\u00edtima desde finais de julho e identificou problemas de fatura\u00e7\u00e3o nas concess\u00f5es, fez saber hoje o Minist\u00e9rio das Finan\u00e7as.","breadcrumb":{"@id":"https:\/\/www.altominho.tv\/site\/2026\/09\/02\/fisco-fiscalizacoes-praias-e-deteta-problemas-com-faturas-nas-concessoes\/#breadcrumb"},"inLanguage":"pt-PT","potentialAction":[{"@type":"ReadAction","target":["https:\/\/www.altominho.tv\/site\/2026\/09\/02\/fisco-fiscalizacoes-praias-e-deteta-problemas-com-faturas-nas-concessoes\/"]}]},{"@type":"ImageObject","inLanguage":"pt-PT","@id":"https:\/\/www.altominho.tv\/site\/2026\/09\/02\/fisco-fiscalizacoes-praias-e-deteta-problemas-com-faturas-nas-concessoes\/#primaryimage","url":"https:\/\/www.altominho.tv\/site\/wp-content\/uploads\/2026\/06\/praia-arda.png","contentUrl":"https:\/\/www.altominho.tv\/site\/wp-content\/uploads\/2026\/06\/praia-arda.png","width":1200,"height":630},{"@type":"BreadcrumbList","@id":"https:\/\/www.altominho.tv\/site\/2026\/09\/02\/fisco-fiscalizacoes-praias-e-deteta-problemas-com-faturas-nas-concessoes\/#breadcrumb","itemListElement":[{"@type":"ListItem","position":1,"name":"In\u00edcio","item":"https:\/\/www.altominho.tv\/site\/"},{"@type":"ListItem","position":2,"name":"Fisco faz fiscaliza\u00e7\u00f5es nas praias e deteta problemas com faturas nas concess\u00f5es"}]},{"@type":"WebSite","@id":"https:\/\/www.altominho.tv\/site\/#website","url":"https:\/\/www.altominho.tv\/site\/","name":"Altominho.tv","description":"A sua regi\u00e3o \u00e0 dist\u00e2ncia de um clique...","potentialAction":[{"@type":"SearchAction","target":{"@type":"EntryPoint","urlTemplate":"https:\/\/www.altominho.tv\/site\/?s={search_term_string}"},"query-input":{"@type":"PropertyValueSpecification","valueRequired":true,"valueName":"search_term_string"}}],"inLanguage":"pt-PT"},{"@type":"Person","@id":"https:\/\/www.altominho.tv\/site\/#\/schema\/person\/63f693da3e1899361cbe955c46f3232e","name":"Lusa","image":{"@type":"ImageObject","inLanguage":"pt-PT","@id":"https:\/\/www.altominho.tv\/site\/wp-content\/uploads\/2019\/08\/LUSA_Logo.gif","url":"https:\/\/www.altominho.tv\/site\/wp-content\/uploads\/2019\/08\/LUSA_Logo.gif","contentUrl":"https:\/\/www.altominho.tv\/site\/wp-content\/uploads\/2019\/08\/LUSA_Logo.gif","caption":"Lusa"},"sameAs":["http:\/\/\/\/www.altominho.tv\/site"],"url":"https:\/\/www.altominho.tv\/site\/author\/lusa\/"}]}},"_links":{"self":[{"href":"https:\/\/www.altominho.tv\/site\/wp-json\/wp\/v2\/posts\/136294","targetHints":{"allow":["GET"]}}],"collection":[{"href":"https:\/\/www.altominho.tv\/site\/wp-json\/wp\/v2\/posts"}],"about":[{"href":"https:\/\/www.altominho.tv\/site\/wp-json\/wp\/v2\/types\/post"}],"author":[{"embeddable":true,"href":"https:\/\/www.altominho.tv\/site\/wp-json\/wp\/v2\/users\/13"}],"replies":[{"embeddable":true,"href":"https:\/\/www.altominho.tv\/site\/wp-json\/wp\/v2\/comments?post=136294"}],"version-history":[{"count":1,"href":"https:\/\/www.altominho.tv\/site\/wp-json\/wp\/v2\/posts\/136294\/revisions"}],"predecessor-version":[{"id":136295,"href":"https:\/\/www.altominho.tv\/site\/wp-json\/wp\/v2\/posts\/136294\/revisions\/136295"}],"wp:featuredmedia":[{"embeddable":true,"href":"https:\/\/www.altominho.tv\/site\/wp-json\/wp\/v2\/media\/133940"}],"wp:attachment":[{"href":"https:\/\/www.altominho.tv\/site\/wp-json\/wp\/v2\/media?parent=136294"}],"wp:term":[{"taxonomy":"category","embeddable":true,"href":"https:\/\/www.altominho.tv\/site\/wp-json\/wp\/v2\/categories?post=136294"},{"taxonomy":"post_tag","embeddable":true,"href":"https:\/\/www.altominho.tv\/site\/wp-json\/wp\/v2\/tags?post=136294"}],"curies":[{"name":"wp","href":"https:\/\/api.w.org\/{rel}","templated":true}]}}