{"id":136291,"date":"2026-09-02T11:45:54","date_gmt":"2026-09-02T10:45:54","guid":{"rendered":"https:\/\/www.altominho.tv\/site\/?p=136291"},"modified":"2026-09-02T11:45:56","modified_gmt":"2026-09-02T10:45:56","slug":"pesca-ludica-de-bivalves-proibida-no-troco-internacional-do-rio-minho","status":"publish","type":"post","link":"https:\/\/www.altominho.tv\/site\/2026\/09\/02\/pesca-ludica-de-bivalves-proibida-no-troco-internacional-do-rio-minho\/","title":{"rendered":"Pesca l\u00fadica de bivalves proibida no tro\u00e7o internacional do rio Minho"},"content":{"rendered":"\n<p class=\"wp-block-paragraph\">A pesca l\u00fadica de bivalves vai estar interditada no tro\u00e7o internacional do rio Minho (TIRM) a partir de 1 de novembro por raz\u00f5es de sa\u00fade p\u00fablica, at\u00e9 \u00e0 aprova\u00e7\u00e3o de um plano de gest\u00e3o, foi hoje divulgado.<\/p>\n\n\n\n<p class=\"wp-block-paragraph\">Num edital publicado no Di\u00e1rio da Rep\u00fablica sobre as regras para a pesca no TIRM na temporada 2026\/2027, estipula-se que \u201c\u00e9 proibida toda a apanha\/captura de berbig\u00e3o e quaisquer outro bivalve em todo o TIRM, por raz\u00f5es de sa\u00fade p\u00fablica, at\u00e9 \u00e0 aprova\u00e7\u00e3o das medidas de gest\u00e3o necess\u00e1rias e avalia\u00e7\u00e3o sanit\u00e1ria dos recursos\u201d.<\/p>\n\n\n\n<p class=\"wp-block-paragraph\">Contactado pela Lusa a prop\u00f3sito das normas, o capit\u00e3o do porto de Caminha, explicou que esta \u00e9 uma novidade na regulamenta\u00e7\u00e3o para a pr\u00f3xima temporada, enquanto as restantes normas se mant\u00eam.<\/p>\n\n\n\n<p class=\"wp-block-paragraph\">\u201cA apanha comercial de bivalves n\u00e3o era permitida, mas a apanha l\u00fadica podia ser feita. Contudo, o TIRM n\u00e3o \u00e9 uma zona de produ\u00e7\u00e3o de bivalves, pelo que n\u00e3o \u00e9 acompanhada pelo Instituto Portugu\u00eas do Mar e da Atmosfera [IPMA] para avalia\u00e7\u00e3o do estado dos bivalves\u201d, explicou Fernando Vieira Pereira, tamb\u00e9m comandante da Pol\u00edcia Mar\u00edtima de Caminha.<\/p>\n\n\n\n<p class=\"wp-block-paragraph\">A comiss\u00e3o permanente de gest\u00e3o do TIRM est\u00e1 j\u00e1 a \u201cdesenvolver esfor\u00e7os para um plano de acompanhamento e verifica\u00e7\u00e3o do estado dos bivalves\u201d, assegurou.<\/p>\n\n\n\n<p class=\"wp-block-paragraph\">O edital \u201ctem por objeto regular para a temporada 2026\/2027, o exerc\u00edcio da pesca profissional, l\u00fadica\/recreativa e das pesqueiras, no TIRM, incluindo as ilhas nele existentes, de modo a garantir a conserva\u00e7\u00e3o dos habitats, no \u00e2mbito das compet\u00eancias atribu\u00eddas \u00e0 Comiss\u00e3o Permanente Internacional do Rio Minho (CPIRM)\u201d.<\/p>\n\n\n\n<p class=\"wp-block-paragraph\">Fronteira natural entre os dois pa\u00edses, o rio internacional serve de fronteira natural entre Portugal e a Galiza, em Espanha, desde Melga\u00e7o at\u00e9 \u00e0 foz, em Caminha, no distrito de Viana do Castelo.<\/p>\n\n\n\n<p class=\"wp-block-paragraph\">Nasce a uma altitude de 750 metros na serra de Meira, na Comunidade Aut\u00f3noma da Galiza, e percorre cerca de 340 quil\u00f3metros at\u00e9 desaguar no oceano Atl\u00e2ntico.<\/p>\n\n\n\n<p class=\"wp-block-paragraph\">Foto: <strong>DR<\/strong><\/p>\n\n\n\n<p class=\"wp-block-paragraph\"><\/p>\n","protected":false},"excerpt":{"rendered":"<p>A pesca l\u00fadica de bivalves vai estar interditada no tro\u00e7o internacional do rio Minho (TIRM) a partir de 1 de novembro por raz\u00f5es de sa\u00fade p\u00fablica, at\u00e9 \u00e0 aprova\u00e7\u00e3o de um plano de gest\u00e3o, foi hoje divulgado. Num edital publicado no Di\u00e1rio da Rep\u00fablica sobre as regras para a pesca no TIRM na temporada 2026\/2027, [&hellip;]<\/p>\n","protected":false},"author":13,"featured_media":136292,"comment_status":"closed","ping_status":"closed","sticky":false,"template":"","format":"standard","meta":{"_exactmetrics_skip_tracking":false,"footnotes":""},"categories":[73],"tags":[27],"class_list":["post-136291","post","type-post","status-publish","format-standard","has-post-thumbnail","hentry","category-alto-minho","tag-sociedade"],"yoast_head":"<!-- This site is optimized with the Yoast SEO Premium plugin v28.3 (Yoast SEO v28.3) - https:\/\/yoast.com\/product\/yoast-seo-premium-wordpress\/ -->\n<title>Pesca l\u00fadica de bivalves proibida no tro\u00e7o internacional do rio Minho<\/title>\n<meta name=\"description\" content=\"A pesca l\u00fadica de bivalves vai estar interditada no tro\u00e7o internacional do rio Minho (TIRM) a partir de 1 de novembro por raz\u00f5es de sa\u00fade p\u00fablica, at\u00e9 \u00e0 aprova\u00e7\u00e3o de um plano de gest\u00e3o, foi hoje divulgado.\" \/>\n<meta name=\"robots\" content=\"index, follow, max-snippet:-1, max-image-preview:large, max-video-preview:-1\" \/>\n<link rel=\"canonical\" href=\"https:\/\/www.altominho.tv\/site\/2026\/09\/02\/pesca-ludica-de-bivalves-proibida-no-troco-internacional-do-rio-minho\/\" \/>\n<meta property=\"og:locale\" content=\"pt_PT\" \/>\n<meta property=\"og:type\" content=\"article\" \/>\n<meta property=\"og:title\" content=\"Pesca l\u00fadica de bivalves proibida no tro\u00e7o internacional do rio Minho\" \/>\n<meta property=\"og:description\" content=\"A pesca l\u00fadica de bivalves vai estar interditada no tro\u00e7o internacional do rio Minho (TIRM) a partir de 1 de novembro por raz\u00f5es de sa\u00fade p\u00fablica, at\u00e9 \u00e0 aprova\u00e7\u00e3o de um plano de gest\u00e3o, foi hoje divulgado.\" \/>\n<meta property=\"og:url\" content=\"https:\/\/www.altominho.tv\/site\/2026\/09\/02\/pesca-ludica-de-bivalves-proibida-no-troco-internacional-do-rio-minho\/\" \/>\n<meta property=\"og:site_name\" content=\"Altominho.tv\" \/>\n<meta property=\"article:publisher\" content=\"https:\/\/www.facebook.com\/altominhotv\" \/>\n<meta property=\"article:published_time\" content=\"2026-09-02T10:45:54+00:00\" \/>\n<meta property=\"article:modified_time\" content=\"2026-09-02T10:45:56+00:00\" \/>\n<meta property=\"og:image\" content=\"https:\/\/www.altominho.tv\/site\/wp-content\/uploads\/2026\/09\/pesca-rio-minho-caminha.jpg\" \/>\n\t<meta property=\"og:image:width\" content=\"1200\" \/>\n\t<meta property=\"og:image:height\" content=\"630\" \/>\n\t<meta property=\"og:image:type\" content=\"image\/jpeg\" \/>\n<meta name=\"author\" content=\"Lusa\" \/>\n<meta name=\"twitter:card\" content=\"summary_large_image\" \/>\n<meta name=\"twitter:creator\" content=\"@altominhoTV\" \/>\n<meta name=\"twitter:site\" content=\"@altominhoTV\" \/>\n<meta name=\"twitter:label1\" content=\"Escrito por\" \/>\n\t<meta name=\"twitter:data1\" content=\"Lusa\" \/>\n\t<meta name=\"twitter:label2\" content=\"Tempo estimado de leitura\" \/>\n\t<meta name=\"twitter:data2\" content=\"2 minutos\" \/>\n<script type=\"application\/ld+json\" class=\"yoast-schema-graph\">{\"@context\":\"https:\\\/\\\/schema.org\",\"@graph\":[{\"@type\":\"Article\",\"@id\":\"https:\\\/\\\/www.altominho.tv\\\/site\\\/2026\\\/09\\\/02\\\/pesca-ludica-de-bivalves-proibida-no-troco-internacional-do-rio-minho\\\/#article\",\"isPartOf\":{\"@id\":\"https:\\\/\\\/www.altominho.tv\\\/site\\\/2026\\\/09\\\/02\\\/pesca-ludica-de-bivalves-proibida-no-troco-internacional-do-rio-minho\\\/\"},\"author\":{\"name\":\"Lusa\",\"@id\":\"https:\\\/\\\/www.altominho.tv\\\/site\\\/#\\\/schema\\\/person\\\/63f693da3e1899361cbe955c46f3232e\"},\"headline\":\"Pesca l\u00fadica de bivalves proibida no tro\u00e7o internacional do rio Minho\",\"datePublished\":\"2026-09-02T10:45:54+00:00\",\"dateModified\":\"2026-09-02T10:45:56+00:00\",\"mainEntityOfPage\":{\"@id\":\"https:\\\/\\\/www.altominho.tv\\\/site\\\/2026\\\/09\\\/02\\\/pesca-ludica-de-bivalves-proibida-no-troco-internacional-do-rio-minho\\\/\"},\"wordCount\":361,\"image\":{\"@id\":\"https:\\\/\\\/www.altominho.tv\\\/site\\\/2026\\\/09\\\/02\\\/pesca-ludica-de-bivalves-proibida-no-troco-internacional-do-rio-minho\\\/#primaryimage\"},\"thumbnailUrl\":\"https:\\\/\\\/www.altominho.tv\\\/site\\\/wp-content\\\/uploads\\\/2026\\\/09\\\/pesca-rio-minho-caminha.jpg\",\"keywords\":[\"Sociedade\"],\"articleSection\":[\"Alto Minho\"],\"inLanguage\":\"pt-PT\",\"copyrightYear\":\"2026\",\"copyrightHolder\":{\"@id\":\"https:\\\/\\\/www.altominho.tv\\\/site\\\/#organization\"}},{\"@type\":\"WebPage\",\"@id\":\"https:\\\/\\\/www.altominho.tv\\\/site\\\/2026\\\/09\\\/02\\\/pesca-ludica-de-bivalves-proibida-no-troco-internacional-do-rio-minho\\\/\",\"url\":\"https:\\\/\\\/www.altominho.tv\\\/site\\\/2026\\\/09\\\/02\\\/pesca-ludica-de-bivalves-proibida-no-troco-internacional-do-rio-minho\\\/\",\"name\":\"Pesca l\u00fadica de bivalves proibida no tro\u00e7o internacional do rio Minho\",\"isPartOf\":{\"@id\":\"https:\\\/\\\/www.altominho.tv\\\/site\\\/#website\"},\"primaryImageOfPage\":{\"@id\":\"https:\\\/\\\/www.altominho.tv\\\/site\\\/2026\\\/09\\\/02\\\/pesca-ludica-de-bivalves-proibida-no-troco-internacional-do-rio-minho\\\/#primaryimage\"},\"image\":{\"@id\":\"https:\\\/\\\/www.altominho.tv\\\/site\\\/2026\\\/09\\\/02\\\/pesca-ludica-de-bivalves-proibida-no-troco-internacional-do-rio-minho\\\/#primaryimage\"},\"thumbnailUrl\":\"https:\\\/\\\/www.altominho.tv\\\/site\\\/wp-content\\\/uploads\\\/2026\\\/09\\\/pesca-rio-minho-caminha.jpg\",\"datePublished\":\"2026-09-02T10:45:54+00:00\",\"dateModified\":\"2026-09-02T10:45:56+00:00\",\"author\":{\"@id\":\"https:\\\/\\\/www.altominho.tv\\\/site\\\/#\\\/schema\\\/person\\\/63f693da3e1899361cbe955c46f3232e\"},\"description\":\"A pesca l\u00fadica de bivalves vai estar interditada no tro\u00e7o internacional do rio Minho (TIRM) a partir de 1 de novembro por raz\u00f5es de sa\u00fade p\u00fablica, at\u00e9 \u00e0 aprova\u00e7\u00e3o de um plano de gest\u00e3o, foi hoje divulgado.\",\"breadcrumb\":{\"@id\":\"https:\\\/\\\/www.altominho.tv\\\/site\\\/2026\\\/09\\\/02\\\/pesca-ludica-de-bivalves-proibida-no-troco-internacional-do-rio-minho\\\/#breadcrumb\"},\"inLanguage\":\"pt-PT\",\"potentialAction\":[{\"@type\":\"ReadAction\",\"target\":[\"https:\\\/\\\/www.altominho.tv\\\/site\\\/2026\\\/09\\\/02\\\/pesca-ludica-de-bivalves-proibida-no-troco-internacional-do-rio-minho\\\/\"]}]},{\"@type\":\"ImageObject\",\"inLanguage\":\"pt-PT\",\"@id\":\"https:\\\/\\\/www.altominho.tv\\\/site\\\/2026\\\/09\\\/02\\\/pesca-ludica-de-bivalves-proibida-no-troco-internacional-do-rio-minho\\\/#primaryimage\",\"url\":\"https:\\\/\\\/www.altominho.tv\\\/site\\\/wp-content\\\/uploads\\\/2026\\\/09\\\/pesca-rio-minho-caminha.jpg\",\"contentUrl\":\"https:\\\/\\\/www.altominho.tv\\\/site\\\/wp-content\\\/uploads\\\/2026\\\/09\\\/pesca-rio-minho-caminha.jpg\",\"width\":1200,\"height\":630},{\"@type\":\"BreadcrumbList\",\"@id\":\"https:\\\/\\\/www.altominho.tv\\\/site\\\/2026\\\/09\\\/02\\\/pesca-ludica-de-bivalves-proibida-no-troco-internacional-do-rio-minho\\\/#breadcrumb\",\"itemListElement\":[{\"@type\":\"ListItem\",\"position\":1,\"name\":\"In\u00edcio\",\"item\":\"https:\\\/\\\/www.altominho.tv\\\/site\\\/\"},{\"@type\":\"ListItem\",\"position\":2,\"name\":\"Pesca l\u00fadica de bivalves proibida no tro\u00e7o internacional do rio Minho\"}]},{\"@type\":\"WebSite\",\"@id\":\"https:\\\/\\\/www.altominho.tv\\\/site\\\/#website\",\"url\":\"https:\\\/\\\/www.altominho.tv\\\/site\\\/\",\"name\":\"Altominho.tv\",\"description\":\"A sua regi\u00e3o \u00e0 dist\u00e2ncia de um clique...\",\"potentialAction\":[{\"@type\":\"SearchAction\",\"target\":{\"@type\":\"EntryPoint\",\"urlTemplate\":\"https:\\\/\\\/www.altominho.tv\\\/site\\\/?s={search_term_string}\"},\"query-input\":{\"@type\":\"PropertyValueSpecification\",\"valueRequired\":true,\"valueName\":\"search_term_string\"}}],\"inLanguage\":\"pt-PT\"},{\"@type\":\"Person\",\"@id\":\"https:\\\/\\\/www.altominho.tv\\\/site\\\/#\\\/schema\\\/person\\\/63f693da3e1899361cbe955c46f3232e\",\"name\":\"Lusa\",\"image\":{\"@type\":\"ImageObject\",\"inLanguage\":\"pt-PT\",\"@id\":\"https:\\\/\\\/www.altominho.tv\\\/site\\\/wp-content\\\/uploads\\\/2019\\\/08\\\/LUSA_Logo.gif\",\"url\":\"https:\\\/\\\/www.altominho.tv\\\/site\\\/wp-content\\\/uploads\\\/2019\\\/08\\\/LUSA_Logo.gif\",\"contentUrl\":\"https:\\\/\\\/www.altominho.tv\\\/site\\\/wp-content\\\/uploads\\\/2019\\\/08\\\/LUSA_Logo.gif\",\"caption\":\"Lusa\"},\"sameAs\":[\"http:\\\/\\\/\\\/\\\/www.altominho.tv\\\/site\"],\"url\":\"https:\\\/\\\/www.altominho.tv\\\/site\\\/author\\\/lusa\\\/\"}]}<\/script>\n<!-- \/ Yoast SEO Premium plugin. -->","yoast_head_json":{"title":"Pesca l\u00fadica de bivalves proibida no tro\u00e7o internacional do rio Minho","description":"A pesca l\u00fadica de bivalves vai estar interditada no tro\u00e7o internacional do rio Minho (TIRM) a partir de 1 de novembro por raz\u00f5es de sa\u00fade p\u00fablica, at\u00e9 \u00e0 aprova\u00e7\u00e3o de um plano de gest\u00e3o, foi hoje divulgado.","robots":{"index":"index","follow":"follow","max-snippet":"max-snippet:-1","max-image-preview":"max-image-preview:large","max-video-preview":"max-video-preview:-1"},"canonical":"https:\/\/www.altominho.tv\/site\/2026\/09\/02\/pesca-ludica-de-bivalves-proibida-no-troco-internacional-do-rio-minho\/","og_locale":"pt_PT","og_type":"article","og_title":"Pesca l\u00fadica de bivalves proibida no tro\u00e7o internacional do rio Minho","og_description":"A pesca l\u00fadica de bivalves vai estar interditada no tro\u00e7o internacional do rio Minho (TIRM) a partir de 1 de novembro por raz\u00f5es de sa\u00fade p\u00fablica, at\u00e9 \u00e0 aprova\u00e7\u00e3o de um plano de gest\u00e3o, foi hoje divulgado.","og_url":"https:\/\/www.altominho.tv\/site\/2026\/09\/02\/pesca-ludica-de-bivalves-proibida-no-troco-internacional-do-rio-minho\/","og_site_name":"Altominho.tv","article_publisher":"https:\/\/www.facebook.com\/altominhotv","article_published_time":"2026-09-02T10:45:54+00:00","article_modified_time":"2026-09-02T10:45:56+00:00","og_image":[{"width":1200,"height":630,"url":"https:\/\/www.altominho.tv\/site\/wp-content\/uploads\/2026\/09\/pesca-rio-minho-caminha.jpg","type":"image\/jpeg"}],"author":"Lusa","twitter_card":"summary_large_image","twitter_creator":"@altominhoTV","twitter_site":"@altominhoTV","twitter_misc":{"Escrito por":"Lusa","Tempo estimado de leitura":"2 minutos"},"schema":{"@context":"https:\/\/schema.org","@graph":[{"@type":"Article","@id":"https:\/\/www.altominho.tv\/site\/2026\/09\/02\/pesca-ludica-de-bivalves-proibida-no-troco-internacional-do-rio-minho\/#article","isPartOf":{"@id":"https:\/\/www.altominho.tv\/site\/2026\/09\/02\/pesca-ludica-de-bivalves-proibida-no-troco-internacional-do-rio-minho\/"},"author":{"name":"Lusa","@id":"https:\/\/www.altominho.tv\/site\/#\/schema\/person\/63f693da3e1899361cbe955c46f3232e"},"headline":"Pesca l\u00fadica de bivalves proibida no tro\u00e7o internacional do rio Minho","datePublished":"2026-09-02T10:45:54+00:00","dateModified":"2026-09-02T10:45:56+00:00","mainEntityOfPage":{"@id":"https:\/\/www.altominho.tv\/site\/2026\/09\/02\/pesca-ludica-de-bivalves-proibida-no-troco-internacional-do-rio-minho\/"},"wordCount":361,"image":{"@id":"https:\/\/www.altominho.tv\/site\/2026\/09\/02\/pesca-ludica-de-bivalves-proibida-no-troco-internacional-do-rio-minho\/#primaryimage"},"thumbnailUrl":"https:\/\/www.altominho.tv\/site\/wp-content\/uploads\/2026\/09\/pesca-rio-minho-caminha.jpg","keywords":["Sociedade"],"articleSection":["Alto Minho"],"inLanguage":"pt-PT","copyrightYear":"2026","copyrightHolder":{"@id":"https:\/\/www.altominho.tv\/site\/#organization"}},{"@type":"WebPage","@id":"https:\/\/www.altominho.tv\/site\/2026\/09\/02\/pesca-ludica-de-bivalves-proibida-no-troco-internacional-do-rio-minho\/","url":"https:\/\/www.altominho.tv\/site\/2026\/09\/02\/pesca-ludica-de-bivalves-proibida-no-troco-internacional-do-rio-minho\/","name":"Pesca l\u00fadica de bivalves proibida no tro\u00e7o internacional do rio Minho","isPartOf":{"@id":"https:\/\/www.altominho.tv\/site\/#website"},"primaryImageOfPage":{"@id":"https:\/\/www.altominho.tv\/site\/2026\/09\/02\/pesca-ludica-de-bivalves-proibida-no-troco-internacional-do-rio-minho\/#primaryimage"},"image":{"@id":"https:\/\/www.altominho.tv\/site\/2026\/09\/02\/pesca-ludica-de-bivalves-proibida-no-troco-internacional-do-rio-minho\/#primaryimage"},"thumbnailUrl":"https:\/\/www.altominho.tv\/site\/wp-content\/uploads\/2026\/09\/pesca-rio-minho-caminha.jpg","datePublished":"2026-09-02T10:45:54+00:00","dateModified":"2026-09-02T10:45:56+00:00","author":{"@id":"https:\/\/www.altominho.tv\/site\/#\/schema\/person\/63f693da3e1899361cbe955c46f3232e"},"description":"A pesca l\u00fadica de bivalves vai estar interditada no tro\u00e7o internacional do rio Minho (TIRM) a partir de 1 de novembro por raz\u00f5es de sa\u00fade p\u00fablica, at\u00e9 \u00e0 aprova\u00e7\u00e3o de um plano de gest\u00e3o, foi hoje divulgado.","breadcrumb":{"@id":"https:\/\/www.altominho.tv\/site\/2026\/09\/02\/pesca-ludica-de-bivalves-proibida-no-troco-internacional-do-rio-minho\/#breadcrumb"},"inLanguage":"pt-PT","potentialAction":[{"@type":"ReadAction","target":["https:\/\/www.altominho.tv\/site\/2026\/09\/02\/pesca-ludica-de-bivalves-proibida-no-troco-internacional-do-rio-minho\/"]}]},{"@type":"ImageObject","inLanguage":"pt-PT","@id":"https:\/\/www.altominho.tv\/site\/2026\/09\/02\/pesca-ludica-de-bivalves-proibida-no-troco-internacional-do-rio-minho\/#primaryimage","url":"https:\/\/www.altominho.tv\/site\/wp-content\/uploads\/2026\/09\/pesca-rio-minho-caminha.jpg","contentUrl":"https:\/\/www.altominho.tv\/site\/wp-content\/uploads\/2026\/09\/pesca-rio-minho-caminha.jpg","width":1200,"height":630},{"@type":"BreadcrumbList","@id":"https:\/\/www.altominho.tv\/site\/2026\/09\/02\/pesca-ludica-de-bivalves-proibida-no-troco-internacional-do-rio-minho\/#breadcrumb","itemListElement":[{"@type":"ListItem","position":1,"name":"In\u00edcio","item":"https:\/\/www.altominho.tv\/site\/"},{"@type":"ListItem","position":2,"name":"Pesca l\u00fadica de bivalves proibida no tro\u00e7o internacional do rio Minho"}]},{"@type":"WebSite","@id":"https:\/\/www.altominho.tv\/site\/#website","url":"https:\/\/www.altominho.tv\/site\/","name":"Altominho.tv","description":"A sua regi\u00e3o \u00e0 dist\u00e2ncia de um clique...","potentialAction":[{"@type":"SearchAction","target":{"@type":"EntryPoint","urlTemplate":"https:\/\/www.altominho.tv\/site\/?s={search_term_string}"},"query-input":{"@type":"PropertyValueSpecification","valueRequired":true,"valueName":"search_term_string"}}],"inLanguage":"pt-PT"},{"@type":"Person","@id":"https:\/\/www.altominho.tv\/site\/#\/schema\/person\/63f693da3e1899361cbe955c46f3232e","name":"Lusa","image":{"@type":"ImageObject","inLanguage":"pt-PT","@id":"https:\/\/www.altominho.tv\/site\/wp-content\/uploads\/2019\/08\/LUSA_Logo.gif","url":"https:\/\/www.altominho.tv\/site\/wp-content\/uploads\/2019\/08\/LUSA_Logo.gif","contentUrl":"https:\/\/www.altominho.tv\/site\/wp-content\/uploads\/2019\/08\/LUSA_Logo.gif","caption":"Lusa"},"sameAs":["http:\/\/\/\/www.altominho.tv\/site"],"url":"https:\/\/www.altominho.tv\/site\/author\/lusa\/"}]}},"_links":{"self":[{"href":"https:\/\/www.altominho.tv\/site\/wp-json\/wp\/v2\/posts\/136291","targetHints":{"allow":["GET"]}}],"collection":[{"href":"https:\/\/www.altominho.tv\/site\/wp-json\/wp\/v2\/posts"}],"about":[{"href":"https:\/\/www.altominho.tv\/site\/wp-json\/wp\/v2\/types\/post"}],"author":[{"embeddable":true,"href":"https:\/\/www.altominho.tv\/site\/wp-json\/wp\/v2\/users\/13"}],"replies":[{"embeddable":true,"href":"https:\/\/www.altominho.tv\/site\/wp-json\/wp\/v2\/comments?post=136291"}],"version-history":[{"count":1,"href":"https:\/\/www.altominho.tv\/site\/wp-json\/wp\/v2\/posts\/136291\/revisions"}],"predecessor-version":[{"id":136293,"href":"https:\/\/www.altominho.tv\/site\/wp-json\/wp\/v2\/posts\/136291\/revisions\/136293"}],"wp:featuredmedia":[{"embeddable":true,"href":"https:\/\/www.altominho.tv\/site\/wp-json\/wp\/v2\/media\/136292"}],"wp:attachment":[{"href":"https:\/\/www.altominho.tv\/site\/wp-json\/wp\/v2\/media?parent=136291"}],"wp:term":[{"taxonomy":"category","embeddable":true,"href":"https:\/\/www.altominho.tv\/site\/wp-json\/wp\/v2\/categories?post=136291"},{"taxonomy":"post_tag","embeddable":true,"href":"https:\/\/www.altominho.tv\/site\/wp-json\/wp\/v2\/tags?post=136291"}],"curies":[{"name":"wp","href":"https:\/\/api.w.org\/{rel}","templated":true}]}}