{"id":136288,"date":"2026-09-02T11:17:46","date_gmt":"2026-09-02T10:17:46","guid":{"rendered":"https:\/\/www.altominho.tv\/site\/?p=136288"},"modified":"2026-09-02T11:17:48","modified_gmt":"2026-09-02T10:17:48","slug":"parque-ecologico-de-viana-recebe-dois-finais-de-tarde-de-musica-ao-ar-livre","status":"publish","type":"post","link":"https:\/\/www.altominho.tv\/site\/2026\/09\/02\/parque-ecologico-de-viana-recebe-dois-finais-de-tarde-de-musica-ao-ar-livre\/","title":{"rendered":"Parque Ecol\u00f3gico de Viana recebe dois finais de tarde de m\u00fasica ao ar livre"},"content":{"rendered":"\n<p class=\"p1 wp-block-paragraph\">O Parque Ecol\u00f3gico Urbano de Viana do Castelo recebe, nos dias 5 e 6 de setembro, dois finais de tarde de m\u00fasica ao ar livre, com concertos pensados para promover a liga\u00e7\u00e3o entre a m\u00fasica e a natureza.<\/p>\n\n\n\n<p class=\"p1 wp-block-paragraph\">A iniciativa \u00e9 promovida pela C\u00e2mara Municipal de Viana do Castelo, com programa\u00e7\u00e3o da David Martins Cultura, e prop\u00f5e uma experi\u00eancia de frui\u00e7\u00e3o musical num ambiente tranquilo, com o p\u00fablico convidado a assistir sentado ou deitado na relva.<\/p>\n\n\n\n<p class=\"p1 wp-block-paragraph\">A programa\u00e7\u00e3o arranca no dia 5, \u00e0s 18h30, com o projeto&nbsp;<b>Guitol\u00e3o &amp; Contrabaixo<\/b>, que dar\u00e1 a conhecer o guitol\u00e3o, instrumento desenvolvido pelo luthier Gilberto Gr\u00e1cio para Carlos Paredes e considerado \u00fanico pela sua sonoridade e caracter\u00edsticas.<\/p>\n\n\n\n<p class=\"p1 wp-block-paragraph\">No dia 6, tamb\u00e9m \u00e0s 18h30, \u00e9 a vez do&nbsp;<b>G-Project<\/b>, dedicado ao Gypsy Jazz ou Jazz Manouche, g\u00e9nero associado ao m\u00fasico Django Reinhardt e integrado na \u00e1rea da World Music.<\/p>\n\n\n\n<p class=\"p1 wp-block-paragraph\">Os concertos decorrer\u00e3o num pequeno palco transparente instalado na clareira do Prado, com n\u00edveis sonoros ajustados ao espa\u00e7o, de forma a minimizar a propaga\u00e7\u00e3o do som para as zonas mais sens\u00edveis do parque.<\/p>\n\n\n\n<p class=\"p1 wp-block-paragraph\">A organiza\u00e7\u00e3o recomenda ao p\u00fablico que leve uma manta para poder desfrutar dos concertos na relva, num ambiente pensado para conjugar m\u00fasica, natureza e tranquilidade.<\/p>\n\n\n\n<p class=\"wp-block-paragraph\">&nbsp;<\/p>\n\n\n\n<p class=\"wp-block-paragraph\">Foto: <strong>DR<\/strong><\/p>\n","protected":false},"excerpt":{"rendered":"<p>O Parque Ecol\u00f3gico Urbano de Viana do Castelo recebe, nos dias 5 e 6 de setembro, dois finais de tarde de m\u00fasica ao ar livre, com concertos pensados para promover a liga\u00e7\u00e3o entre a m\u00fasica e a natureza. A iniciativa \u00e9 promovida pela C\u00e2mara Municipal de Viana do Castelo, com programa\u00e7\u00e3o da David Martins Cultura, [&hellip;]<\/p>\n","protected":false},"author":1,"featured_media":136289,"comment_status":"closed","ping_status":"closed","sticky":false,"template":"","format":"standard","meta":{"_exactmetrics_skip_tracking":false,"footnotes":""},"categories":[14],"tags":[27],"class_list":["post-136288","post","type-post","status-publish","format-standard","has-post-thumbnail","hentry","category-viana-do-castelo","tag-sociedade"],"yoast_head":"<!-- This site is optimized with the Yoast SEO Premium plugin v28.3 (Yoast SEO v28.3) - https:\/\/yoast.com\/product\/yoast-seo-premium-wordpress\/ -->\n<title>Parque Ecol\u00f3gico de Viana recebe dois finais de tarde de m\u00fasica ao ar livre<\/title>\n<meta name=\"description\" content=\"O Parque Ecol\u00f3gico Urbano de Viana do Castelo recebe, nos dias 5 e 6 de setembro, dois finais de tarde de m\u00fasica ao ar livre, com concertos pensados para promover a liga\u00e7\u00e3o entre a m\u00fasica e a natureza.\" \/>\n<meta name=\"robots\" content=\"index, follow, max-snippet:-1, max-image-preview:large, max-video-preview:-1\" \/>\n<link rel=\"canonical\" href=\"https:\/\/www.altominho.tv\/site\/2026\/09\/02\/parque-ecologico-de-viana-recebe-dois-finais-de-tarde-de-musica-ao-ar-livre\/\" \/>\n<meta property=\"og:locale\" content=\"pt_PT\" \/>\n<meta property=\"og:type\" content=\"article\" \/>\n<meta property=\"og:title\" content=\"Parque Ecol\u00f3gico de Viana recebe dois finais de tarde de m\u00fasica ao ar livre\" \/>\n<meta property=\"og:description\" content=\"O Parque Ecol\u00f3gico Urbano de Viana do Castelo recebe, nos dias 5 e 6 de setembro, dois finais de tarde de m\u00fasica ao ar livre, com concertos pensados para promover a liga\u00e7\u00e3o entre a m\u00fasica e a natureza.\" \/>\n<meta property=\"og:url\" content=\"https:\/\/www.altominho.tv\/site\/2026\/09\/02\/parque-ecologico-de-viana-recebe-dois-finais-de-tarde-de-musica-ao-ar-livre\/\" \/>\n<meta property=\"og:site_name\" content=\"Altominho.tv\" \/>\n<meta property=\"article:publisher\" content=\"https:\/\/www.facebook.com\/altominhotv\" \/>\n<meta property=\"article:published_time\" content=\"2026-09-02T10:17:46+00:00\" \/>\n<meta property=\"article:modified_time\" content=\"2026-09-02T10:17:48+00:00\" \/>\n<meta property=\"og:image\" content=\"https:\/\/www.altominho.tv\/site\/wp-content\/uploads\/2026\/09\/parque-urbano-viana-do-castelo.jpg\" \/>\n\t<meta property=\"og:image:width\" content=\"1200\" \/>\n\t<meta property=\"og:image:height\" content=\"630\" \/>\n\t<meta property=\"og:image:type\" content=\"image\/jpeg\" \/>\n<meta name=\"author\" content=\"Altominho.tv\" \/>\n<meta name=\"twitter:card\" content=\"summary_large_image\" \/>\n<meta name=\"twitter:creator\" content=\"@altominhoTV\" \/>\n<meta name=\"twitter:site\" content=\"@altominhoTV\" \/>\n<meta name=\"twitter:label1\" content=\"Escrito por\" \/>\n\t<meta name=\"twitter:data1\" content=\"Altominho.tv\" \/>\n\t<meta name=\"twitter:label2\" content=\"Tempo estimado de leitura\" \/>\n\t<meta name=\"twitter:data2\" content=\"2 minutos\" \/>\n<script type=\"application\/ld+json\" class=\"yoast-schema-graph\">{\"@context\":\"https:\\\/\\\/schema.org\",\"@graph\":[{\"@type\":\"Article\",\"@id\":\"https:\\\/\\\/www.altominho.tv\\\/site\\\/2026\\\/09\\\/02\\\/parque-ecologico-de-viana-recebe-dois-finais-de-tarde-de-musica-ao-ar-livre\\\/#article\",\"isPartOf\":{\"@id\":\"https:\\\/\\\/www.altominho.tv\\\/site\\\/2026\\\/09\\\/02\\\/parque-ecologico-de-viana-recebe-dois-finais-de-tarde-de-musica-ao-ar-livre\\\/\"},\"author\":{\"name\":\"Altominho.tv\",\"@id\":\"https:\\\/\\\/www.altominho.tv\\\/site\\\/#\\\/schema\\\/person\\\/4e536851627d7914baf3dac752b6af22\"},\"headline\":\"Parque Ecol\u00f3gico de Viana recebe dois finais de tarde de m\u00fasica ao ar livre\",\"datePublished\":\"2026-09-02T10:17:46+00:00\",\"dateModified\":\"2026-09-02T10:17:48+00:00\",\"mainEntityOfPage\":{\"@id\":\"https:\\\/\\\/www.altominho.tv\\\/site\\\/2026\\\/09\\\/02\\\/parque-ecologico-de-viana-recebe-dois-finais-de-tarde-de-musica-ao-ar-livre\\\/\"},\"wordCount\":243,\"image\":{\"@id\":\"https:\\\/\\\/www.altominho.tv\\\/site\\\/2026\\\/09\\\/02\\\/parque-ecologico-de-viana-recebe-dois-finais-de-tarde-de-musica-ao-ar-livre\\\/#primaryimage\"},\"thumbnailUrl\":\"https:\\\/\\\/www.altominho.tv\\\/site\\\/wp-content\\\/uploads\\\/2026\\\/09\\\/parque-urbano-viana-do-castelo.jpg\",\"keywords\":[\"Sociedade\"],\"articleSection\":[\"Viana do Castelo\"],\"inLanguage\":\"pt-PT\",\"copyrightYear\":\"2026\",\"copyrightHolder\":{\"@id\":\"https:\\\/\\\/www.altominho.tv\\\/site\\\/#organization\"}},{\"@type\":\"WebPage\",\"@id\":\"https:\\\/\\\/www.altominho.tv\\\/site\\\/2026\\\/09\\\/02\\\/parque-ecologico-de-viana-recebe-dois-finais-de-tarde-de-musica-ao-ar-livre\\\/\",\"url\":\"https:\\\/\\\/www.altominho.tv\\\/site\\\/2026\\\/09\\\/02\\\/parque-ecologico-de-viana-recebe-dois-finais-de-tarde-de-musica-ao-ar-livre\\\/\",\"name\":\"Parque Ecol\u00f3gico de Viana recebe dois finais de tarde de m\u00fasica ao ar livre\",\"isPartOf\":{\"@id\":\"https:\\\/\\\/www.altominho.tv\\\/site\\\/#website\"},\"primaryImageOfPage\":{\"@id\":\"https:\\\/\\\/www.altominho.tv\\\/site\\\/2026\\\/09\\\/02\\\/parque-ecologico-de-viana-recebe-dois-finais-de-tarde-de-musica-ao-ar-livre\\\/#primaryimage\"},\"image\":{\"@id\":\"https:\\\/\\\/www.altominho.tv\\\/site\\\/2026\\\/09\\\/02\\\/parque-ecologico-de-viana-recebe-dois-finais-de-tarde-de-musica-ao-ar-livre\\\/#primaryimage\"},\"thumbnailUrl\":\"https:\\\/\\\/www.altominho.tv\\\/site\\\/wp-content\\\/uploads\\\/2026\\\/09\\\/parque-urbano-viana-do-castelo.jpg\",\"datePublished\":\"2026-09-02T10:17:46+00:00\",\"dateModified\":\"2026-09-02T10:17:48+00:00\",\"author\":{\"@id\":\"https:\\\/\\\/www.altominho.tv\\\/site\\\/#\\\/schema\\\/person\\\/4e536851627d7914baf3dac752b6af22\"},\"description\":\"O Parque Ecol\u00f3gico Urbano de Viana do Castelo recebe, nos dias 5 e 6 de setembro, dois finais de tarde de m\u00fasica ao ar livre, com concertos pensados para promover a liga\u00e7\u00e3o entre a m\u00fasica e a natureza.\",\"breadcrumb\":{\"@id\":\"https:\\\/\\\/www.altominho.tv\\\/site\\\/2026\\\/09\\\/02\\\/parque-ecologico-de-viana-recebe-dois-finais-de-tarde-de-musica-ao-ar-livre\\\/#breadcrumb\"},\"inLanguage\":\"pt-PT\",\"potentialAction\":[{\"@type\":\"ReadAction\",\"target\":[\"https:\\\/\\\/www.altominho.tv\\\/site\\\/2026\\\/09\\\/02\\\/parque-ecologico-de-viana-recebe-dois-finais-de-tarde-de-musica-ao-ar-livre\\\/\"]}]},{\"@type\":\"ImageObject\",\"inLanguage\":\"pt-PT\",\"@id\":\"https:\\\/\\\/www.altominho.tv\\\/site\\\/2026\\\/09\\\/02\\\/parque-ecologico-de-viana-recebe-dois-finais-de-tarde-de-musica-ao-ar-livre\\\/#primaryimage\",\"url\":\"https:\\\/\\\/www.altominho.tv\\\/site\\\/wp-content\\\/uploads\\\/2026\\\/09\\\/parque-urbano-viana-do-castelo.jpg\",\"contentUrl\":\"https:\\\/\\\/www.altominho.tv\\\/site\\\/wp-content\\\/uploads\\\/2026\\\/09\\\/parque-urbano-viana-do-castelo.jpg\",\"width\":1200,\"height\":630},{\"@type\":\"BreadcrumbList\",\"@id\":\"https:\\\/\\\/www.altominho.tv\\\/site\\\/2026\\\/09\\\/02\\\/parque-ecologico-de-viana-recebe-dois-finais-de-tarde-de-musica-ao-ar-livre\\\/#breadcrumb\",\"itemListElement\":[{\"@type\":\"ListItem\",\"position\":1,\"name\":\"In\u00edcio\",\"item\":\"https:\\\/\\\/www.altominho.tv\\\/site\\\/\"},{\"@type\":\"ListItem\",\"position\":2,\"name\":\"Parque Ecol\u00f3gico de Viana recebe dois finais de tarde de m\u00fasica ao ar livre\"}]},{\"@type\":\"WebSite\",\"@id\":\"https:\\\/\\\/www.altominho.tv\\\/site\\\/#website\",\"url\":\"https:\\\/\\\/www.altominho.tv\\\/site\\\/\",\"name\":\"Altominho.tv\",\"description\":\"A sua regi\u00e3o \u00e0 dist\u00e2ncia de um clique...\",\"potentialAction\":[{\"@type\":\"SearchAction\",\"target\":{\"@type\":\"EntryPoint\",\"urlTemplate\":\"https:\\\/\\\/www.altominho.tv\\\/site\\\/?s={search_term_string}\"},\"query-input\":{\"@type\":\"PropertyValueSpecification\",\"valueRequired\":true,\"valueName\":\"search_term_string\"}}],\"inLanguage\":\"pt-PT\"},{\"@type\":\"Person\",\"@id\":\"https:\\\/\\\/www.altominho.tv\\\/site\\\/#\\\/schema\\\/person\\\/4e536851627d7914baf3dac752b6af22\",\"name\":\"Altominho.tv\",\"image\":{\"@type\":\"ImageObject\",\"inLanguage\":\"pt-PT\",\"@id\":\"https:\\\/\\\/www.altominho.tv\\\/site\\\/wp-content\\\/uploads\\\/2019\\\/11\\\/Logo_Avatar_2-150x150.jpg\",\"url\":\"https:\\\/\\\/www.altominho.tv\\\/site\\\/wp-content\\\/uploads\\\/2019\\\/11\\\/Logo_Avatar_2-150x150.jpg\",\"contentUrl\":\"https:\\\/\\\/www.altominho.tv\\\/site\\\/wp-content\\\/uploads\\\/2019\\\/11\\\/Logo_Avatar_2-150x150.jpg\",\"caption\":\"Altominho.tv\"},\"url\":\"https:\\\/\\\/www.altominho.tv\\\/site\\\/author\\\/altominhotv-tecnico\\\/\"}]}<\/script>\n<!-- \/ Yoast SEO Premium plugin. -->","yoast_head_json":{"title":"Parque Ecol\u00f3gico de Viana recebe dois finais de tarde de m\u00fasica ao ar livre","description":"O Parque Ecol\u00f3gico Urbano de Viana do Castelo recebe, nos dias 5 e 6 de setembro, dois finais de tarde de m\u00fasica ao ar livre, com concertos pensados para promover a liga\u00e7\u00e3o entre a m\u00fasica e a natureza.","robots":{"index":"index","follow":"follow","max-snippet":"max-snippet:-1","max-image-preview":"max-image-preview:large","max-video-preview":"max-video-preview:-1"},"canonical":"https:\/\/www.altominho.tv\/site\/2026\/09\/02\/parque-ecologico-de-viana-recebe-dois-finais-de-tarde-de-musica-ao-ar-livre\/","og_locale":"pt_PT","og_type":"article","og_title":"Parque Ecol\u00f3gico de Viana recebe dois finais de tarde de m\u00fasica ao ar livre","og_description":"O Parque Ecol\u00f3gico Urbano de Viana do Castelo recebe, nos dias 5 e 6 de setembro, dois finais de tarde de m\u00fasica ao ar livre, com concertos pensados para promover a liga\u00e7\u00e3o entre a m\u00fasica e a natureza.","og_url":"https:\/\/www.altominho.tv\/site\/2026\/09\/02\/parque-ecologico-de-viana-recebe-dois-finais-de-tarde-de-musica-ao-ar-livre\/","og_site_name":"Altominho.tv","article_publisher":"https:\/\/www.facebook.com\/altominhotv","article_published_time":"2026-09-02T10:17:46+00:00","article_modified_time":"2026-09-02T10:17:48+00:00","og_image":[{"width":1200,"height":630,"url":"https:\/\/www.altominho.tv\/site\/wp-content\/uploads\/2026\/09\/parque-urbano-viana-do-castelo.jpg","type":"image\/jpeg"}],"author":"Altominho.tv","twitter_card":"summary_large_image","twitter_creator":"@altominhoTV","twitter_site":"@altominhoTV","twitter_misc":{"Escrito por":"Altominho.tv","Tempo estimado de leitura":"2 minutos"},"schema":{"@context":"https:\/\/schema.org","@graph":[{"@type":"Article","@id":"https:\/\/www.altominho.tv\/site\/2026\/09\/02\/parque-ecologico-de-viana-recebe-dois-finais-de-tarde-de-musica-ao-ar-livre\/#article","isPartOf":{"@id":"https:\/\/www.altominho.tv\/site\/2026\/09\/02\/parque-ecologico-de-viana-recebe-dois-finais-de-tarde-de-musica-ao-ar-livre\/"},"author":{"name":"Altominho.tv","@id":"https:\/\/www.altominho.tv\/site\/#\/schema\/person\/4e536851627d7914baf3dac752b6af22"},"headline":"Parque Ecol\u00f3gico de Viana recebe dois finais de tarde de m\u00fasica ao ar livre","datePublished":"2026-09-02T10:17:46+00:00","dateModified":"2026-09-02T10:17:48+00:00","mainEntityOfPage":{"@id":"https:\/\/www.altominho.tv\/site\/2026\/09\/02\/parque-ecologico-de-viana-recebe-dois-finais-de-tarde-de-musica-ao-ar-livre\/"},"wordCount":243,"image":{"@id":"https:\/\/www.altominho.tv\/site\/2026\/09\/02\/parque-ecologico-de-viana-recebe-dois-finais-de-tarde-de-musica-ao-ar-livre\/#primaryimage"},"thumbnailUrl":"https:\/\/www.altominho.tv\/site\/wp-content\/uploads\/2026\/09\/parque-urbano-viana-do-castelo.jpg","keywords":["Sociedade"],"articleSection":["Viana do Castelo"],"inLanguage":"pt-PT","copyrightYear":"2026","copyrightHolder":{"@id":"https:\/\/www.altominho.tv\/site\/#organization"}},{"@type":"WebPage","@id":"https:\/\/www.altominho.tv\/site\/2026\/09\/02\/parque-ecologico-de-viana-recebe-dois-finais-de-tarde-de-musica-ao-ar-livre\/","url":"https:\/\/www.altominho.tv\/site\/2026\/09\/02\/parque-ecologico-de-viana-recebe-dois-finais-de-tarde-de-musica-ao-ar-livre\/","name":"Parque Ecol\u00f3gico de Viana recebe dois finais de tarde de m\u00fasica ao ar livre","isPartOf":{"@id":"https:\/\/www.altominho.tv\/site\/#website"},"primaryImageOfPage":{"@id":"https:\/\/www.altominho.tv\/site\/2026\/09\/02\/parque-ecologico-de-viana-recebe-dois-finais-de-tarde-de-musica-ao-ar-livre\/#primaryimage"},"image":{"@id":"https:\/\/www.altominho.tv\/site\/2026\/09\/02\/parque-ecologico-de-viana-recebe-dois-finais-de-tarde-de-musica-ao-ar-livre\/#primaryimage"},"thumbnailUrl":"https:\/\/www.altominho.tv\/site\/wp-content\/uploads\/2026\/09\/parque-urbano-viana-do-castelo.jpg","datePublished":"2026-09-02T10:17:46+00:00","dateModified":"2026-09-02T10:17:48+00:00","author":{"@id":"https:\/\/www.altominho.tv\/site\/#\/schema\/person\/4e536851627d7914baf3dac752b6af22"},"description":"O Parque Ecol\u00f3gico Urbano de Viana do Castelo recebe, nos dias 5 e 6 de setembro, dois finais de tarde de m\u00fasica ao ar livre, com concertos pensados para promover a liga\u00e7\u00e3o entre a m\u00fasica e a natureza.","breadcrumb":{"@id":"https:\/\/www.altominho.tv\/site\/2026\/09\/02\/parque-ecologico-de-viana-recebe-dois-finais-de-tarde-de-musica-ao-ar-livre\/#breadcrumb"},"inLanguage":"pt-PT","potentialAction":[{"@type":"ReadAction","target":["https:\/\/www.altominho.tv\/site\/2026\/09\/02\/parque-ecologico-de-viana-recebe-dois-finais-de-tarde-de-musica-ao-ar-livre\/"]}]},{"@type":"ImageObject","inLanguage":"pt-PT","@id":"https:\/\/www.altominho.tv\/site\/2026\/09\/02\/parque-ecologico-de-viana-recebe-dois-finais-de-tarde-de-musica-ao-ar-livre\/#primaryimage","url":"https:\/\/www.altominho.tv\/site\/wp-content\/uploads\/2026\/09\/parque-urbano-viana-do-castelo.jpg","contentUrl":"https:\/\/www.altominho.tv\/site\/wp-content\/uploads\/2026\/09\/parque-urbano-viana-do-castelo.jpg","width":1200,"height":630},{"@type":"BreadcrumbList","@id":"https:\/\/www.altominho.tv\/site\/2026\/09\/02\/parque-ecologico-de-viana-recebe-dois-finais-de-tarde-de-musica-ao-ar-livre\/#breadcrumb","itemListElement":[{"@type":"ListItem","position":1,"name":"In\u00edcio","item":"https:\/\/www.altominho.tv\/site\/"},{"@type":"ListItem","position":2,"name":"Parque Ecol\u00f3gico de Viana recebe dois finais de tarde de m\u00fasica ao ar livre"}]},{"@type":"WebSite","@id":"https:\/\/www.altominho.tv\/site\/#website","url":"https:\/\/www.altominho.tv\/site\/","name":"Altominho.tv","description":"A sua regi\u00e3o \u00e0 dist\u00e2ncia de um clique...","potentialAction":[{"@type":"SearchAction","target":{"@type":"EntryPoint","urlTemplate":"https:\/\/www.altominho.tv\/site\/?s={search_term_string}"},"query-input":{"@type":"PropertyValueSpecification","valueRequired":true,"valueName":"search_term_string"}}],"inLanguage":"pt-PT"},{"@type":"Person","@id":"https:\/\/www.altominho.tv\/site\/#\/schema\/person\/4e536851627d7914baf3dac752b6af22","name":"Altominho.tv","image":{"@type":"ImageObject","inLanguage":"pt-PT","@id":"https:\/\/www.altominho.tv\/site\/wp-content\/uploads\/2019\/11\/Logo_Avatar_2-150x150.jpg","url":"https:\/\/www.altominho.tv\/site\/wp-content\/uploads\/2019\/11\/Logo_Avatar_2-150x150.jpg","contentUrl":"https:\/\/www.altominho.tv\/site\/wp-content\/uploads\/2019\/11\/Logo_Avatar_2-150x150.jpg","caption":"Altominho.tv"},"url":"https:\/\/www.altominho.tv\/site\/author\/altominhotv-tecnico\/"}]}},"_links":{"self":[{"href":"https:\/\/www.altominho.tv\/site\/wp-json\/wp\/v2\/posts\/136288","targetHints":{"allow":["GET"]}}],"collection":[{"href":"https:\/\/www.altominho.tv\/site\/wp-json\/wp\/v2\/posts"}],"about":[{"href":"https:\/\/www.altominho.tv\/site\/wp-json\/wp\/v2\/types\/post"}],"author":[{"embeddable":true,"href":"https:\/\/www.altominho.tv\/site\/wp-json\/wp\/v2\/users\/1"}],"replies":[{"embeddable":true,"href":"https:\/\/www.altominho.tv\/site\/wp-json\/wp\/v2\/comments?post=136288"}],"version-history":[{"count":1,"href":"https:\/\/www.altominho.tv\/site\/wp-json\/wp\/v2\/posts\/136288\/revisions"}],"predecessor-version":[{"id":136290,"href":"https:\/\/www.altominho.tv\/site\/wp-json\/wp\/v2\/posts\/136288\/revisions\/136290"}],"wp:featuredmedia":[{"embeddable":true,"href":"https:\/\/www.altominho.tv\/site\/wp-json\/wp\/v2\/media\/136289"}],"wp:attachment":[{"href":"https:\/\/www.altominho.tv\/site\/wp-json\/wp\/v2\/media?parent=136288"}],"wp:term":[{"taxonomy":"category","embeddable":true,"href":"https:\/\/www.altominho.tv\/site\/wp-json\/wp\/v2\/categories?post=136288"},{"taxonomy":"post_tag","embeddable":true,"href":"https:\/\/www.altominho.tv\/site\/wp-json\/wp\/v2\/tags?post=136288"}],"curies":[{"name":"wp","href":"https:\/\/api.w.org\/{rel}","templated":true}]}}