{"id":136286,"date":"2026-09-02T09:53:21","date_gmt":"2026-09-02T08:53:21","guid":{"rendered":"https:\/\/www.altominho.tv\/site\/?p=136286"},"modified":"2026-09-02T09:53:22","modified_gmt":"2026-09-02T08:53:22","slug":"amn-regista-22-mortos-em-quatro-meses-de-epoca-balnear","status":"publish","type":"post","link":"https:\/\/www.altominho.tv\/site\/2026\/09\/02\/amn-regista-22-mortos-em-quatro-meses-de-epoca-balnear\/","title":{"rendered":"AMN regista 22 mortos em quatro meses de \u00e9poca balnear"},"content":{"rendered":"\n<p class=\"wp-block-paragraph\">A Autoridade Mar\u00edtima Nacional (AMN) registou 22 mortes nas praias portuguesas nos quatro meses da \u00e9poca balnear, segundo um balan\u00e7o divulgado que assinala ainda 1.285 salvamentos e 2.359 a\u00e7\u00f5es de primeiros-socorros.<\/p>\n\n\n\n<p class=\"wp-block-paragraph\">Em comunicado, a AMN referiu que dos quatro casos envolvendo v\u00edtimas mortais registados no m\u00eas de agosto, tr\u00eas t\u00eam &#8220;causa em doen\u00e7a s\u00fabita&#8221;.<\/p>\n\n\n\n<p class=\"wp-block-paragraph\">Sobre as 22 mortes durante a \u00e9poca balnear, entre 01 de maio e 31 de agosto, 12 ocorreram por afogamento, tr\u00eas em praias mar\u00edtimas vigiadas, cinco em praias mar\u00edtimas n\u00e3o vigiadas, duas em praias mar\u00edtimas fora da \u00e9poca balnear, n\u00e3o vigiadas \u00e0 data do acidente e duas em zonas mar\u00edtimas n\u00e3o vigiadas.<\/p>\n\n\n\n<p class=\"wp-block-paragraph\">Por doen\u00e7a s\u00fabita ocorreram nove mortes, quatro em praias mar\u00edtimas vigiadas, tr\u00eas em outras zonas mar\u00edtimas n\u00e3o vigiadas e duas em praias mar\u00edtimas fora da \u00e9poca balnear, n\u00e3o vigiadas \u00e0 data do acidente, apontou a AMN, que regista ainda uma morte por origem desconhecida que ocorreu numa praia mar\u00edtima vigiada.<\/p>\n\n\n\n<p class=\"wp-block-paragraph\">&#8220;H\u00e1 ainda a registar um banhista desaparecido, cuja ocorr\u00eancia teve lugar no dia 28 de agosto, na Praia da Ursa&#8221;, concelho de Sintra, distrito de Lisboa, referiu ainda a AMN.<\/p>\n\n\n\n<p class=\"wp-block-paragraph\">As mortes, em praias mar\u00edtimas vigiadas, registaram-se por afogamento nas praias do Peneco e de S\u00e3o Rafael (Portim\u00e3o), e do Ourigo (Douro), por doen\u00e7a s\u00fabita na praia da Calif\u00f3rnia (Sesimbra), das Pedrinhas (Esposende), da Figueirinha (Set\u00fabal) e do Tarqu\u00ednio (Costa da Caparica), e por causa desconhecida na praia da Concei\u00e7\u00e3o (Cascais).<\/p>\n\n\n\n<p class=\"wp-block-paragraph\">Segundo a AMN, os acidentes mortais em praias mar\u00edtimas n\u00e3o vigiadas ocorreram na Lagoa de Albufeira Interior (Set\u00fabal), um por doen\u00e7a s\u00fabita e outro por afogamento, em praia fluvial ou lacustre, dois em Azenhas do Guadiana (M\u00e9rtola), em praia fluvial ou lacustre, na Ilha Morraceira de Lanhelas (Caminha), Praia de Porto Dinheiro (Peniche), e nas praias do Cabe\u00e7o (Vila Real de Santo Ant\u00f3nio) e de S\u00e3o Torpes Sul (Sines), estas por doen\u00e7a s\u00fabita.<\/p>\n\n\n\n<p class=\"wp-block-paragraph\">Fora da \u00e9poca balnear, em praias mar\u00edtimas n\u00e3o vigiadas \u00e0 data do acidente, registaram-se mortes nas praias do Molhe Leste (Peniche) e do Ourigo (Douro), por doen\u00e7a s\u00fabita, e nas praias do Drag\u00e3o Vermelho (Almada), e de Bitetos (Douro), por afogamento.<\/p>\n\n\n\n<p class=\"wp-block-paragraph\">A AMN registou ainda dois afogamentos em zonas mar\u00edtimas n\u00e3o vigiadas no rio Douro.<\/p>\n\n\n\n<p class=\"wp-block-paragraph\">Foto: <strong>DR<\/strong><\/p>\n","protected":false},"excerpt":{"rendered":"<p>A Autoridade Mar\u00edtima Nacional (AMN) registou 22 mortes nas praias portuguesas nos quatro meses da \u00e9poca balnear, segundo um balan\u00e7o divulgado que assinala ainda 1.285 salvamentos e 2.359 a\u00e7\u00f5es de primeiros-socorros. Em comunicado, a AMN referiu que dos quatro casos envolvendo v\u00edtimas mortais registados no m\u00eas de agosto, tr\u00eas t\u00eam &#8220;causa em doen\u00e7a s\u00fabita&#8221;. Sobre [&hellip;]<\/p>\n","protected":false},"author":13,"featured_media":117472,"comment_status":"closed","ping_status":"closed","sticky":false,"template":"","format":"standard","meta":{"_exactmetrics_skip_tracking":false,"footnotes":""},"categories":[56325],"tags":[27],"class_list":["post-136286","post","type-post","status-publish","format-standard","has-post-thumbnail","hentry","category-pais","tag-sociedade"],"yoast_head":"<!-- This site is optimized with the Yoast SEO Premium plugin v28.3 (Yoast SEO v28.3) - https:\/\/yoast.com\/product\/yoast-seo-premium-wordpress\/ -->\n<title>AMN regista 22 mortos em quatro meses de \u00e9poca balnear<\/title>\n<meta name=\"description\" content=\"A Autoridade Mar\u00edtima Nacional (AMN) registou 22 mortes nas praias portuguesas nos quatro meses da \u00e9poca balnear, segundo um balan\u00e7o divulgado que assinala ainda 1.285 salvamentos e 2.359 a\u00e7\u00f5es de primeiros-socorros.\" \/>\n<meta name=\"robots\" content=\"index, follow, max-snippet:-1, max-image-preview:large, max-video-preview:-1\" \/>\n<link rel=\"canonical\" href=\"https:\/\/www.altominho.tv\/site\/2026\/09\/02\/amn-regista-22-mortos-em-quatro-meses-de-epoca-balnear\/\" \/>\n<meta property=\"og:locale\" content=\"pt_PT\" \/>\n<meta property=\"og:type\" content=\"article\" \/>\n<meta property=\"og:title\" content=\"AMN regista 22 mortos em quatro meses de \u00e9poca balnear\" \/>\n<meta property=\"og:description\" content=\"A Autoridade Mar\u00edtima Nacional (AMN) registou 22 mortes nas praias portuguesas nos quatro meses da \u00e9poca balnear, segundo um balan\u00e7o divulgado que assinala ainda 1.285 salvamentos e 2.359 a\u00e7\u00f5es de primeiros-socorros.\" \/>\n<meta property=\"og:url\" content=\"https:\/\/www.altominho.tv\/site\/2026\/09\/02\/amn-regista-22-mortos-em-quatro-meses-de-epoca-balnear\/\" \/>\n<meta property=\"og:site_name\" content=\"Altominho.tv\" \/>\n<meta property=\"article:publisher\" content=\"https:\/\/www.facebook.com\/altominhotv\" \/>\n<meta property=\"article:published_time\" content=\"2026-09-02T08:53:21+00:00\" \/>\n<meta property=\"article:modified_time\" content=\"2026-09-02T08:53:22+00:00\" \/>\n<meta property=\"og:image\" content=\"https:\/\/www.altominho.tv\/site\/wp-content\/uploads\/2025\/04\/autoridade-maritima-nacional.jpg\" \/>\n\t<meta property=\"og:image:width\" content=\"1200\" \/>\n\t<meta property=\"og:image:height\" content=\"630\" \/>\n\t<meta property=\"og:image:type\" content=\"image\/jpeg\" \/>\n<meta name=\"author\" content=\"Lusa\" \/>\n<meta name=\"twitter:card\" content=\"summary_large_image\" \/>\n<meta name=\"twitter:creator\" content=\"@altominhoTV\" \/>\n<meta name=\"twitter:site\" content=\"@altominhoTV\" \/>\n<meta name=\"twitter:label1\" content=\"Escrito por\" \/>\n\t<meta name=\"twitter:data1\" content=\"Lusa\" \/>\n\t<meta name=\"twitter:label2\" content=\"Tempo estimado de leitura\" \/>\n\t<meta name=\"twitter:data2\" content=\"3 minutos\" \/>\n<script type=\"application\/ld+json\" class=\"yoast-schema-graph\">{\"@context\":\"https:\\\/\\\/schema.org\",\"@graph\":[{\"@type\":\"Article\",\"@id\":\"https:\\\/\\\/www.altominho.tv\\\/site\\\/2026\\\/09\\\/02\\\/amn-regista-22-mortos-em-quatro-meses-de-epoca-balnear\\\/#article\",\"isPartOf\":{\"@id\":\"https:\\\/\\\/www.altominho.tv\\\/site\\\/2026\\\/09\\\/02\\\/amn-regista-22-mortos-em-quatro-meses-de-epoca-balnear\\\/\"},\"author\":{\"name\":\"Lusa\",\"@id\":\"https:\\\/\\\/www.altominho.tv\\\/site\\\/#\\\/schema\\\/person\\\/63f693da3e1899361cbe955c46f3232e\"},\"headline\":\"AMN regista 22 mortos em quatro meses de \u00e9poca balnear\",\"datePublished\":\"2026-09-02T08:53:21+00:00\",\"dateModified\":\"2026-09-02T08:53:22+00:00\",\"mainEntityOfPage\":{\"@id\":\"https:\\\/\\\/www.altominho.tv\\\/site\\\/2026\\\/09\\\/02\\\/amn-regista-22-mortos-em-quatro-meses-de-epoca-balnear\\\/\"},\"wordCount\":419,\"image\":{\"@id\":\"https:\\\/\\\/www.altominho.tv\\\/site\\\/2026\\\/09\\\/02\\\/amn-regista-22-mortos-em-quatro-meses-de-epoca-balnear\\\/#primaryimage\"},\"thumbnailUrl\":\"https:\\\/\\\/www.altominho.tv\\\/site\\\/wp-content\\\/uploads\\\/2025\\\/04\\\/autoridade-maritima-nacional.jpg\",\"keywords\":[\"Sociedade\"],\"articleSection\":[\"Pa\u00eds\"],\"inLanguage\":\"pt-PT\",\"copyrightYear\":\"2026\",\"copyrightHolder\":{\"@id\":\"https:\\\/\\\/www.altominho.tv\\\/site\\\/#organization\"}},{\"@type\":\"WebPage\",\"@id\":\"https:\\\/\\\/www.altominho.tv\\\/site\\\/2026\\\/09\\\/02\\\/amn-regista-22-mortos-em-quatro-meses-de-epoca-balnear\\\/\",\"url\":\"https:\\\/\\\/www.altominho.tv\\\/site\\\/2026\\\/09\\\/02\\\/amn-regista-22-mortos-em-quatro-meses-de-epoca-balnear\\\/\",\"name\":\"AMN regista 22 mortos em quatro meses de \u00e9poca balnear\",\"isPartOf\":{\"@id\":\"https:\\\/\\\/www.altominho.tv\\\/site\\\/#website\"},\"primaryImageOfPage\":{\"@id\":\"https:\\\/\\\/www.altominho.tv\\\/site\\\/2026\\\/09\\\/02\\\/amn-regista-22-mortos-em-quatro-meses-de-epoca-balnear\\\/#primaryimage\"},\"image\":{\"@id\":\"https:\\\/\\\/www.altominho.tv\\\/site\\\/2026\\\/09\\\/02\\\/amn-regista-22-mortos-em-quatro-meses-de-epoca-balnear\\\/#primaryimage\"},\"thumbnailUrl\":\"https:\\\/\\\/www.altominho.tv\\\/site\\\/wp-content\\\/uploads\\\/2025\\\/04\\\/autoridade-maritima-nacional.jpg\",\"datePublished\":\"2026-09-02T08:53:21+00:00\",\"dateModified\":\"2026-09-02T08:53:22+00:00\",\"author\":{\"@id\":\"https:\\\/\\\/www.altominho.tv\\\/site\\\/#\\\/schema\\\/person\\\/63f693da3e1899361cbe955c46f3232e\"},\"description\":\"A Autoridade Mar\u00edtima Nacional (AMN) registou 22 mortes nas praias portuguesas nos quatro meses da \u00e9poca balnear, segundo um balan\u00e7o divulgado que assinala ainda 1.285 salvamentos e 2.359 a\u00e7\u00f5es de primeiros-socorros.\",\"breadcrumb\":{\"@id\":\"https:\\\/\\\/www.altominho.tv\\\/site\\\/2026\\\/09\\\/02\\\/amn-regista-22-mortos-em-quatro-meses-de-epoca-balnear\\\/#breadcrumb\"},\"inLanguage\":\"pt-PT\",\"potentialAction\":[{\"@type\":\"ReadAction\",\"target\":[\"https:\\\/\\\/www.altominho.tv\\\/site\\\/2026\\\/09\\\/02\\\/amn-regista-22-mortos-em-quatro-meses-de-epoca-balnear\\\/\"]}]},{\"@type\":\"ImageObject\",\"inLanguage\":\"pt-PT\",\"@id\":\"https:\\\/\\\/www.altominho.tv\\\/site\\\/2026\\\/09\\\/02\\\/amn-regista-22-mortos-em-quatro-meses-de-epoca-balnear\\\/#primaryimage\",\"url\":\"https:\\\/\\\/www.altominho.tv\\\/site\\\/wp-content\\\/uploads\\\/2025\\\/04\\\/autoridade-maritima-nacional.jpg\",\"contentUrl\":\"https:\\\/\\\/www.altominho.tv\\\/site\\\/wp-content\\\/uploads\\\/2025\\\/04\\\/autoridade-maritima-nacional.jpg\",\"width\":1200,\"height\":630},{\"@type\":\"BreadcrumbList\",\"@id\":\"https:\\\/\\\/www.altominho.tv\\\/site\\\/2026\\\/09\\\/02\\\/amn-regista-22-mortos-em-quatro-meses-de-epoca-balnear\\\/#breadcrumb\",\"itemListElement\":[{\"@type\":\"ListItem\",\"position\":1,\"name\":\"In\u00edcio\",\"item\":\"https:\\\/\\\/www.altominho.tv\\\/site\\\/\"},{\"@type\":\"ListItem\",\"position\":2,\"name\":\"AMN regista 22 mortos em quatro meses de \u00e9poca balnear\"}]},{\"@type\":\"WebSite\",\"@id\":\"https:\\\/\\\/www.altominho.tv\\\/site\\\/#website\",\"url\":\"https:\\\/\\\/www.altominho.tv\\\/site\\\/\",\"name\":\"Altominho.tv\",\"description\":\"A sua regi\u00e3o \u00e0 dist\u00e2ncia de um clique...\",\"potentialAction\":[{\"@type\":\"SearchAction\",\"target\":{\"@type\":\"EntryPoint\",\"urlTemplate\":\"https:\\\/\\\/www.altominho.tv\\\/site\\\/?s={search_term_string}\"},\"query-input\":{\"@type\":\"PropertyValueSpecification\",\"valueRequired\":true,\"valueName\":\"search_term_string\"}}],\"inLanguage\":\"pt-PT\"},{\"@type\":\"Person\",\"@id\":\"https:\\\/\\\/www.altominho.tv\\\/site\\\/#\\\/schema\\\/person\\\/63f693da3e1899361cbe955c46f3232e\",\"name\":\"Lusa\",\"image\":{\"@type\":\"ImageObject\",\"inLanguage\":\"pt-PT\",\"@id\":\"https:\\\/\\\/www.altominho.tv\\\/site\\\/wp-content\\\/uploads\\\/2019\\\/08\\\/LUSA_Logo.gif\",\"url\":\"https:\\\/\\\/www.altominho.tv\\\/site\\\/wp-content\\\/uploads\\\/2019\\\/08\\\/LUSA_Logo.gif\",\"contentUrl\":\"https:\\\/\\\/www.altominho.tv\\\/site\\\/wp-content\\\/uploads\\\/2019\\\/08\\\/LUSA_Logo.gif\",\"caption\":\"Lusa\"},\"sameAs\":[\"http:\\\/\\\/\\\/\\\/www.altominho.tv\\\/site\"],\"url\":\"https:\\\/\\\/www.altominho.tv\\\/site\\\/author\\\/lusa\\\/\"}]}<\/script>\n<!-- \/ Yoast SEO Premium plugin. -->","yoast_head_json":{"title":"AMN regista 22 mortos em quatro meses de \u00e9poca balnear","description":"A Autoridade Mar\u00edtima Nacional (AMN) registou 22 mortes nas praias portuguesas nos quatro meses da \u00e9poca balnear, segundo um balan\u00e7o divulgado que assinala ainda 1.285 salvamentos e 2.359 a\u00e7\u00f5es de primeiros-socorros.","robots":{"index":"index","follow":"follow","max-snippet":"max-snippet:-1","max-image-preview":"max-image-preview:large","max-video-preview":"max-video-preview:-1"},"canonical":"https:\/\/www.altominho.tv\/site\/2026\/09\/02\/amn-regista-22-mortos-em-quatro-meses-de-epoca-balnear\/","og_locale":"pt_PT","og_type":"article","og_title":"AMN regista 22 mortos em quatro meses de \u00e9poca balnear","og_description":"A Autoridade Mar\u00edtima Nacional (AMN) registou 22 mortes nas praias portuguesas nos quatro meses da \u00e9poca balnear, segundo um balan\u00e7o divulgado que assinala ainda 1.285 salvamentos e 2.359 a\u00e7\u00f5es de primeiros-socorros.","og_url":"https:\/\/www.altominho.tv\/site\/2026\/09\/02\/amn-regista-22-mortos-em-quatro-meses-de-epoca-balnear\/","og_site_name":"Altominho.tv","article_publisher":"https:\/\/www.facebook.com\/altominhotv","article_published_time":"2026-09-02T08:53:21+00:00","article_modified_time":"2026-09-02T08:53:22+00:00","og_image":[{"width":1200,"height":630,"url":"https:\/\/www.altominho.tv\/site\/wp-content\/uploads\/2025\/04\/autoridade-maritima-nacional.jpg","type":"image\/jpeg"}],"author":"Lusa","twitter_card":"summary_large_image","twitter_creator":"@altominhoTV","twitter_site":"@altominhoTV","twitter_misc":{"Escrito por":"Lusa","Tempo estimado de leitura":"3 minutos"},"schema":{"@context":"https:\/\/schema.org","@graph":[{"@type":"Article","@id":"https:\/\/www.altominho.tv\/site\/2026\/09\/02\/amn-regista-22-mortos-em-quatro-meses-de-epoca-balnear\/#article","isPartOf":{"@id":"https:\/\/www.altominho.tv\/site\/2026\/09\/02\/amn-regista-22-mortos-em-quatro-meses-de-epoca-balnear\/"},"author":{"name":"Lusa","@id":"https:\/\/www.altominho.tv\/site\/#\/schema\/person\/63f693da3e1899361cbe955c46f3232e"},"headline":"AMN regista 22 mortos em quatro meses de \u00e9poca balnear","datePublished":"2026-09-02T08:53:21+00:00","dateModified":"2026-09-02T08:53:22+00:00","mainEntityOfPage":{"@id":"https:\/\/www.altominho.tv\/site\/2026\/09\/02\/amn-regista-22-mortos-em-quatro-meses-de-epoca-balnear\/"},"wordCount":419,"image":{"@id":"https:\/\/www.altominho.tv\/site\/2026\/09\/02\/amn-regista-22-mortos-em-quatro-meses-de-epoca-balnear\/#primaryimage"},"thumbnailUrl":"https:\/\/www.altominho.tv\/site\/wp-content\/uploads\/2025\/04\/autoridade-maritima-nacional.jpg","keywords":["Sociedade"],"articleSection":["Pa\u00eds"],"inLanguage":"pt-PT","copyrightYear":"2026","copyrightHolder":{"@id":"https:\/\/www.altominho.tv\/site\/#organization"}},{"@type":"WebPage","@id":"https:\/\/www.altominho.tv\/site\/2026\/09\/02\/amn-regista-22-mortos-em-quatro-meses-de-epoca-balnear\/","url":"https:\/\/www.altominho.tv\/site\/2026\/09\/02\/amn-regista-22-mortos-em-quatro-meses-de-epoca-balnear\/","name":"AMN regista 22 mortos em quatro meses de \u00e9poca balnear","isPartOf":{"@id":"https:\/\/www.altominho.tv\/site\/#website"},"primaryImageOfPage":{"@id":"https:\/\/www.altominho.tv\/site\/2026\/09\/02\/amn-regista-22-mortos-em-quatro-meses-de-epoca-balnear\/#primaryimage"},"image":{"@id":"https:\/\/www.altominho.tv\/site\/2026\/09\/02\/amn-regista-22-mortos-em-quatro-meses-de-epoca-balnear\/#primaryimage"},"thumbnailUrl":"https:\/\/www.altominho.tv\/site\/wp-content\/uploads\/2025\/04\/autoridade-maritima-nacional.jpg","datePublished":"2026-09-02T08:53:21+00:00","dateModified":"2026-09-02T08:53:22+00:00","author":{"@id":"https:\/\/www.altominho.tv\/site\/#\/schema\/person\/63f693da3e1899361cbe955c46f3232e"},"description":"A Autoridade Mar\u00edtima Nacional (AMN) registou 22 mortes nas praias portuguesas nos quatro meses da \u00e9poca balnear, segundo um balan\u00e7o divulgado que assinala ainda 1.285 salvamentos e 2.359 a\u00e7\u00f5es de primeiros-socorros.","breadcrumb":{"@id":"https:\/\/www.altominho.tv\/site\/2026\/09\/02\/amn-regista-22-mortos-em-quatro-meses-de-epoca-balnear\/#breadcrumb"},"inLanguage":"pt-PT","potentialAction":[{"@type":"ReadAction","target":["https:\/\/www.altominho.tv\/site\/2026\/09\/02\/amn-regista-22-mortos-em-quatro-meses-de-epoca-balnear\/"]}]},{"@type":"ImageObject","inLanguage":"pt-PT","@id":"https:\/\/www.altominho.tv\/site\/2026\/09\/02\/amn-regista-22-mortos-em-quatro-meses-de-epoca-balnear\/#primaryimage","url":"https:\/\/www.altominho.tv\/site\/wp-content\/uploads\/2025\/04\/autoridade-maritima-nacional.jpg","contentUrl":"https:\/\/www.altominho.tv\/site\/wp-content\/uploads\/2025\/04\/autoridade-maritima-nacional.jpg","width":1200,"height":630},{"@type":"BreadcrumbList","@id":"https:\/\/www.altominho.tv\/site\/2026\/09\/02\/amn-regista-22-mortos-em-quatro-meses-de-epoca-balnear\/#breadcrumb","itemListElement":[{"@type":"ListItem","position":1,"name":"In\u00edcio","item":"https:\/\/www.altominho.tv\/site\/"},{"@type":"ListItem","position":2,"name":"AMN regista 22 mortos em quatro meses de \u00e9poca balnear"}]},{"@type":"WebSite","@id":"https:\/\/www.altominho.tv\/site\/#website","url":"https:\/\/www.altominho.tv\/site\/","name":"Altominho.tv","description":"A sua regi\u00e3o \u00e0 dist\u00e2ncia de um clique...","potentialAction":[{"@type":"SearchAction","target":{"@type":"EntryPoint","urlTemplate":"https:\/\/www.altominho.tv\/site\/?s={search_term_string}"},"query-input":{"@type":"PropertyValueSpecification","valueRequired":true,"valueName":"search_term_string"}}],"inLanguage":"pt-PT"},{"@type":"Person","@id":"https:\/\/www.altominho.tv\/site\/#\/schema\/person\/63f693da3e1899361cbe955c46f3232e","name":"Lusa","image":{"@type":"ImageObject","inLanguage":"pt-PT","@id":"https:\/\/www.altominho.tv\/site\/wp-content\/uploads\/2019\/08\/LUSA_Logo.gif","url":"https:\/\/www.altominho.tv\/site\/wp-content\/uploads\/2019\/08\/LUSA_Logo.gif","contentUrl":"https:\/\/www.altominho.tv\/site\/wp-content\/uploads\/2019\/08\/LUSA_Logo.gif","caption":"Lusa"},"sameAs":["http:\/\/\/\/www.altominho.tv\/site"],"url":"https:\/\/www.altominho.tv\/site\/author\/lusa\/"}]}},"_links":{"self":[{"href":"https:\/\/www.altominho.tv\/site\/wp-json\/wp\/v2\/posts\/136286","targetHints":{"allow":["GET"]}}],"collection":[{"href":"https:\/\/www.altominho.tv\/site\/wp-json\/wp\/v2\/posts"}],"about":[{"href":"https:\/\/www.altominho.tv\/site\/wp-json\/wp\/v2\/types\/post"}],"author":[{"embeddable":true,"href":"https:\/\/www.altominho.tv\/site\/wp-json\/wp\/v2\/users\/13"}],"replies":[{"embeddable":true,"href":"https:\/\/www.altominho.tv\/site\/wp-json\/wp\/v2\/comments?post=136286"}],"version-history":[{"count":1,"href":"https:\/\/www.altominho.tv\/site\/wp-json\/wp\/v2\/posts\/136286\/revisions"}],"predecessor-version":[{"id":136287,"href":"https:\/\/www.altominho.tv\/site\/wp-json\/wp\/v2\/posts\/136286\/revisions\/136287"}],"wp:featuredmedia":[{"embeddable":true,"href":"https:\/\/www.altominho.tv\/site\/wp-json\/wp\/v2\/media\/117472"}],"wp:attachment":[{"href":"https:\/\/www.altominho.tv\/site\/wp-json\/wp\/v2\/media?parent=136286"}],"wp:term":[{"taxonomy":"category","embeddable":true,"href":"https:\/\/www.altominho.tv\/site\/wp-json\/wp\/v2\/categories?post=136286"},{"taxonomy":"post_tag","embeddable":true,"href":"https:\/\/www.altominho.tv\/site\/wp-json\/wp\/v2\/tags?post=136286"}],"curies":[{"name":"wp","href":"https:\/\/api.w.org\/{rel}","templated":true}]}}