{"id":136283,"date":"2026-09-02T09:25:41","date_gmt":"2026-09-02T08:25:41","guid":{"rendered":"https:\/\/www.altominho.tv\/site\/?p=136283"},"modified":"2026-09-02T09:25:43","modified_gmt":"2026-09-02T08:25:43","slug":"caminha-entrega-certificados-jovens-que-participaram-programa-verao-jovem","status":"publish","type":"post","link":"https:\/\/www.altominho.tv\/site\/2026\/09\/02\/caminha-entrega-certificados-jovens-que-participaram-programa-verao-jovem\/","title":{"rendered":"Caminha entrega certificados aos jovens que participaram no programa \u201cVer\u00e3o Jovem\u201d"},"content":{"rendered":"<p class=\"p1\">A C\u00e2mara Municipal de Caminha entregou, na passada segunda-feira, os certificados de participa\u00e7\u00e3o aos jovens que integraram o programa municipal \u201cVer\u00e3o Jovem 2026\u201d, uma iniciativa-piloto destinada a residentes no concelho entre os 16 e os 18 anos.<\/p>\n<p class=\"p1\">A cerim\u00f3nia decorreu nos Pa\u00e7os do Concelho e contou com a presen\u00e7a da presidente da C\u00e2mara, Liliana Silva, e dos vereadores Carlos Castro e Jos\u00e9 Leal.<\/p>\n<p class=\"p1\">Durante o ver\u00e3o, os participantes tiveram contacto com diferentes servi\u00e7os municipais, desenvolvendo tarefas de \u00e2mbito t\u00e9cnico, administrativo, social, cultural e recreativo em espa\u00e7os como a Biblioteca Municipal, a Ludoteca de Vila Praia de \u00c2ncora, o Museu Municipal, os Postos de Turismo de Caminha e de Vila Praia de \u00c2ncora, assim como o Espa\u00e7o Mem\u00f3rias do Mar, no Forte da Lagarteira.<\/p>\n<p class=\"p1\">Segundo o munic\u00edpio, o programa permitiu aos jovens adquirir compet\u00eancias pessoais e sociais, conhecer o funcionamento da administra\u00e7\u00e3o local e refor\u00e7ar a liga\u00e7\u00e3o \u00e0 comunidade.<\/p>\n<p class=\"p1\">A C\u00e2mara Municipal de Caminha pretende dar continuidade ao \u201cVer\u00e3o Jovem\u201d, considerando a iniciativa uma ferramenta de promo\u00e7\u00e3o da responsabilidade, autonomia, coopera\u00e7\u00e3o, cidadania ativa e igualdade de oportunidades.<\/p>\n<p class=\"p1\">Foto: <b>Munic\u00edpio de Caminha<\/b><\/p>\n","protected":false},"excerpt":{"rendered":"<p>A C\u00e2mara Municipal de Caminha entregou, na passada segunda-feira, os certificados de participa\u00e7\u00e3o aos jovens que integraram o programa municipal \u201cVer\u00e3o Jovem 2026\u201d, uma iniciativa-piloto destinada a residentes no concelho entre os 16 e os 18 anos. A cerim\u00f3nia decorreu nos Pa\u00e7os do Concelho e contou com a presen\u00e7a da presidente da C\u00e2mara, Liliana Silva, [&hellip;]<\/p>\n","protected":false},"author":1,"featured_media":136284,"comment_status":"closed","ping_status":"closed","sticky":false,"template":"","format":"standard","meta":{"_exactmetrics_skip_tracking":false,"footnotes":""},"categories":[7],"tags":[27],"class_list":["post-136283","post","type-post","status-publish","format-standard","has-post-thumbnail","hentry","category-caminha","tag-sociedade"],"yoast_head":"<!-- This site is optimized with the Yoast SEO Premium plugin v28.3 (Yoast SEO v28.3) - https:\/\/yoast.com\/product\/yoast-seo-premium-wordpress\/ -->\n<title>Caminha entrega certificados aos jovens que participaram no programa \u201cVer\u00e3o Jovem\u201d<\/title>\n<meta name=\"description\" content=\"A C\u00e2mara Municipal de Caminha entregou, na passada segunda-feira, os certificados de participa\u00e7\u00e3o aos jovens que integraram o programa municipal \u201cVer\u00e3o Jovem 2026\u201d, uma iniciativa-piloto destinada a residentes no concelho entre os 16 e os 18 anos.\" \/>\n<meta name=\"robots\" content=\"index, follow, max-snippet:-1, max-image-preview:large, max-video-preview:-1\" \/>\n<link rel=\"canonical\" href=\"https:\/\/www.altominho.tv\/site\/2026\/09\/02\/caminha-entrega-certificados-jovens-que-participaram-programa-verao-jovem\/\" \/>\n<meta property=\"og:locale\" content=\"pt_PT\" \/>\n<meta property=\"og:type\" content=\"article\" \/>\n<meta property=\"og:title\" content=\"Caminha entrega certificados aos jovens que participaram no programa \u201cVer\u00e3o Jovem\u201d\" \/>\n<meta property=\"og:description\" content=\"A C\u00e2mara Municipal de Caminha entregou, na passada segunda-feira, os certificados de participa\u00e7\u00e3o aos jovens que integraram o programa municipal \u201cVer\u00e3o Jovem 2026\u201d, uma iniciativa-piloto destinada a residentes no concelho entre os 16 e os 18 anos.\" \/>\n<meta property=\"og:url\" content=\"https:\/\/www.altominho.tv\/site\/2026\/09\/02\/caminha-entrega-certificados-jovens-que-participaram-programa-verao-jovem\/\" \/>\n<meta property=\"og:site_name\" content=\"Altominho.tv\" \/>\n<meta property=\"article:publisher\" content=\"https:\/\/www.facebook.com\/altominhotv\" \/>\n<meta property=\"article:published_time\" content=\"2026-09-02T08:25:41+00:00\" \/>\n<meta property=\"article:modified_time\" content=\"2026-09-02T08:25:43+00:00\" \/>\n<meta property=\"og:image\" content=\"https:\/\/www.altominho.tv\/site\/wp-content\/uploads\/2026\/09\/Design-sem-nome-2026-09-02T091521.828.jpg\" \/>\n\t<meta property=\"og:image:width\" content=\"1200\" \/>\n\t<meta property=\"og:image:height\" content=\"630\" \/>\n\t<meta property=\"og:image:type\" content=\"image\/jpeg\" \/>\n<meta name=\"author\" content=\"Altominho.tv\" \/>\n<meta name=\"twitter:card\" content=\"summary_large_image\" \/>\n<meta name=\"twitter:creator\" content=\"@altominhoTV\" \/>\n<meta name=\"twitter:site\" content=\"@altominhoTV\" \/>\n<meta name=\"twitter:label1\" content=\"Escrito por\" \/>\n\t<meta name=\"twitter:data1\" content=\"Altominho.tv\" \/>\n\t<meta name=\"twitter:label2\" content=\"Tempo estimado de leitura\" \/>\n\t<meta name=\"twitter:data2\" content=\"2 minutos\" \/>\n<script type=\"application\/ld+json\" class=\"yoast-schema-graph\">{\"@context\":\"https:\\\/\\\/schema.org\",\"@graph\":[{\"@type\":\"Article\",\"@id\":\"https:\\\/\\\/www.altominho.tv\\\/site\\\/2026\\\/09\\\/02\\\/caminha-entrega-certificados-jovens-que-participaram-programa-verao-jovem\\\/#article\",\"isPartOf\":{\"@id\":\"https:\\\/\\\/www.altominho.tv\\\/site\\\/2026\\\/09\\\/02\\\/caminha-entrega-certificados-jovens-que-participaram-programa-verao-jovem\\\/\"},\"author\":{\"name\":\"Altominho.tv\",\"@id\":\"https:\\\/\\\/www.altominho.tv\\\/site\\\/#\\\/schema\\\/person\\\/4e536851627d7914baf3dac752b6af22\"},\"headline\":\"Caminha entrega certificados aos jovens que participaram no programa \u201cVer\u00e3o Jovem\u201d\",\"datePublished\":\"2026-09-02T08:25:41+00:00\",\"dateModified\":\"2026-09-02T08:25:43+00:00\",\"mainEntityOfPage\":{\"@id\":\"https:\\\/\\\/www.altominho.tv\\\/site\\\/2026\\\/09\\\/02\\\/caminha-entrega-certificados-jovens-que-participaram-programa-verao-jovem\\\/\"},\"wordCount\":211,\"image\":{\"@id\":\"https:\\\/\\\/www.altominho.tv\\\/site\\\/2026\\\/09\\\/02\\\/caminha-entrega-certificados-jovens-que-participaram-programa-verao-jovem\\\/#primaryimage\"},\"thumbnailUrl\":\"https:\\\/\\\/www.altominho.tv\\\/site\\\/wp-content\\\/uploads\\\/2026\\\/09\\\/Design-sem-nome-2026-09-02T091521.828.jpg\",\"keywords\":[\"Sociedade\"],\"articleSection\":[\"Caminha\"],\"inLanguage\":\"pt-PT\",\"copyrightYear\":\"2026\",\"copyrightHolder\":{\"@id\":\"https:\\\/\\\/www.altominho.tv\\\/site\\\/#organization\"}},{\"@type\":\"WebPage\",\"@id\":\"https:\\\/\\\/www.altominho.tv\\\/site\\\/2026\\\/09\\\/02\\\/caminha-entrega-certificados-jovens-que-participaram-programa-verao-jovem\\\/\",\"url\":\"https:\\\/\\\/www.altominho.tv\\\/site\\\/2026\\\/09\\\/02\\\/caminha-entrega-certificados-jovens-que-participaram-programa-verao-jovem\\\/\",\"name\":\"Caminha entrega certificados aos jovens que participaram no programa \u201cVer\u00e3o Jovem\u201d\",\"isPartOf\":{\"@id\":\"https:\\\/\\\/www.altominho.tv\\\/site\\\/#website\"},\"primaryImageOfPage\":{\"@id\":\"https:\\\/\\\/www.altominho.tv\\\/site\\\/2026\\\/09\\\/02\\\/caminha-entrega-certificados-jovens-que-participaram-programa-verao-jovem\\\/#primaryimage\"},\"image\":{\"@id\":\"https:\\\/\\\/www.altominho.tv\\\/site\\\/2026\\\/09\\\/02\\\/caminha-entrega-certificados-jovens-que-participaram-programa-verao-jovem\\\/#primaryimage\"},\"thumbnailUrl\":\"https:\\\/\\\/www.altominho.tv\\\/site\\\/wp-content\\\/uploads\\\/2026\\\/09\\\/Design-sem-nome-2026-09-02T091521.828.jpg\",\"datePublished\":\"2026-09-02T08:25:41+00:00\",\"dateModified\":\"2026-09-02T08:25:43+00:00\",\"author\":{\"@id\":\"https:\\\/\\\/www.altominho.tv\\\/site\\\/#\\\/schema\\\/person\\\/4e536851627d7914baf3dac752b6af22\"},\"description\":\"A C\u00e2mara Municipal de Caminha entregou, na passada segunda-feira, os certificados de participa\u00e7\u00e3o aos jovens que integraram o programa municipal \u201cVer\u00e3o Jovem 2026\u201d, uma iniciativa-piloto destinada a residentes no concelho entre os 16 e os 18 anos.\",\"breadcrumb\":{\"@id\":\"https:\\\/\\\/www.altominho.tv\\\/site\\\/2026\\\/09\\\/02\\\/caminha-entrega-certificados-jovens-que-participaram-programa-verao-jovem\\\/#breadcrumb\"},\"inLanguage\":\"pt-PT\",\"potentialAction\":[{\"@type\":\"ReadAction\",\"target\":[\"https:\\\/\\\/www.altominho.tv\\\/site\\\/2026\\\/09\\\/02\\\/caminha-entrega-certificados-jovens-que-participaram-programa-verao-jovem\\\/\"]}]},{\"@type\":\"ImageObject\",\"inLanguage\":\"pt-PT\",\"@id\":\"https:\\\/\\\/www.altominho.tv\\\/site\\\/2026\\\/09\\\/02\\\/caminha-entrega-certificados-jovens-que-participaram-programa-verao-jovem\\\/#primaryimage\",\"url\":\"https:\\\/\\\/www.altominho.tv\\\/site\\\/wp-content\\\/uploads\\\/2026\\\/09\\\/Design-sem-nome-2026-09-02T091521.828.jpg\",\"contentUrl\":\"https:\\\/\\\/www.altominho.tv\\\/site\\\/wp-content\\\/uploads\\\/2026\\\/09\\\/Design-sem-nome-2026-09-02T091521.828.jpg\",\"width\":1200,\"height\":630},{\"@type\":\"BreadcrumbList\",\"@id\":\"https:\\\/\\\/www.altominho.tv\\\/site\\\/2026\\\/09\\\/02\\\/caminha-entrega-certificados-jovens-que-participaram-programa-verao-jovem\\\/#breadcrumb\",\"itemListElement\":[{\"@type\":\"ListItem\",\"position\":1,\"name\":\"In\u00edcio\",\"item\":\"https:\\\/\\\/www.altominho.tv\\\/site\\\/\"},{\"@type\":\"ListItem\",\"position\":2,\"name\":\"Caminha entrega certificados aos jovens que participaram no programa \u201cVer\u00e3o Jovem\u201d\"}]},{\"@type\":\"WebSite\",\"@id\":\"https:\\\/\\\/www.altominho.tv\\\/site\\\/#website\",\"url\":\"https:\\\/\\\/www.altominho.tv\\\/site\\\/\",\"name\":\"Altominho.tv\",\"description\":\"A sua regi\u00e3o \u00e0 dist\u00e2ncia de um clique...\",\"potentialAction\":[{\"@type\":\"SearchAction\",\"target\":{\"@type\":\"EntryPoint\",\"urlTemplate\":\"https:\\\/\\\/www.altominho.tv\\\/site\\\/?s={search_term_string}\"},\"query-input\":{\"@type\":\"PropertyValueSpecification\",\"valueRequired\":true,\"valueName\":\"search_term_string\"}}],\"inLanguage\":\"pt-PT\"},{\"@type\":\"Person\",\"@id\":\"https:\\\/\\\/www.altominho.tv\\\/site\\\/#\\\/schema\\\/person\\\/4e536851627d7914baf3dac752b6af22\",\"name\":\"Altominho.tv\",\"image\":{\"@type\":\"ImageObject\",\"inLanguage\":\"pt-PT\",\"@id\":\"https:\\\/\\\/www.altominho.tv\\\/site\\\/wp-content\\\/uploads\\\/2019\\\/11\\\/Logo_Avatar_2-150x150.jpg\",\"url\":\"https:\\\/\\\/www.altominho.tv\\\/site\\\/wp-content\\\/uploads\\\/2019\\\/11\\\/Logo_Avatar_2-150x150.jpg\",\"contentUrl\":\"https:\\\/\\\/www.altominho.tv\\\/site\\\/wp-content\\\/uploads\\\/2019\\\/11\\\/Logo_Avatar_2-150x150.jpg\",\"caption\":\"Altominho.tv\"},\"url\":\"https:\\\/\\\/www.altominho.tv\\\/site\\\/author\\\/altominhotv-tecnico\\\/\"}]}<\/script>\n<!-- \/ Yoast SEO Premium plugin. -->","yoast_head_json":{"title":"Caminha entrega certificados aos jovens que participaram no programa \u201cVer\u00e3o Jovem\u201d","description":"A C\u00e2mara Municipal de Caminha entregou, na passada segunda-feira, os certificados de participa\u00e7\u00e3o aos jovens que integraram o programa municipal \u201cVer\u00e3o Jovem 2026\u201d, uma iniciativa-piloto destinada a residentes no concelho entre os 16 e os 18 anos.","robots":{"index":"index","follow":"follow","max-snippet":"max-snippet:-1","max-image-preview":"max-image-preview:large","max-video-preview":"max-video-preview:-1"},"canonical":"https:\/\/www.altominho.tv\/site\/2026\/09\/02\/caminha-entrega-certificados-jovens-que-participaram-programa-verao-jovem\/","og_locale":"pt_PT","og_type":"article","og_title":"Caminha entrega certificados aos jovens que participaram no programa \u201cVer\u00e3o Jovem\u201d","og_description":"A C\u00e2mara Municipal de Caminha entregou, na passada segunda-feira, os certificados de participa\u00e7\u00e3o aos jovens que integraram o programa municipal \u201cVer\u00e3o Jovem 2026\u201d, uma iniciativa-piloto destinada a residentes no concelho entre os 16 e os 18 anos.","og_url":"https:\/\/www.altominho.tv\/site\/2026\/09\/02\/caminha-entrega-certificados-jovens-que-participaram-programa-verao-jovem\/","og_site_name":"Altominho.tv","article_publisher":"https:\/\/www.facebook.com\/altominhotv","article_published_time":"2026-09-02T08:25:41+00:00","article_modified_time":"2026-09-02T08:25:43+00:00","og_image":[{"width":1200,"height":630,"url":"https:\/\/www.altominho.tv\/site\/wp-content\/uploads\/2026\/09\/Design-sem-nome-2026-09-02T091521.828.jpg","type":"image\/jpeg"}],"author":"Altominho.tv","twitter_card":"summary_large_image","twitter_creator":"@altominhoTV","twitter_site":"@altominhoTV","twitter_misc":{"Escrito por":"Altominho.tv","Tempo estimado de leitura":"2 minutos"},"schema":{"@context":"https:\/\/schema.org","@graph":[{"@type":"Article","@id":"https:\/\/www.altominho.tv\/site\/2026\/09\/02\/caminha-entrega-certificados-jovens-que-participaram-programa-verao-jovem\/#article","isPartOf":{"@id":"https:\/\/www.altominho.tv\/site\/2026\/09\/02\/caminha-entrega-certificados-jovens-que-participaram-programa-verao-jovem\/"},"author":{"name":"Altominho.tv","@id":"https:\/\/www.altominho.tv\/site\/#\/schema\/person\/4e536851627d7914baf3dac752b6af22"},"headline":"Caminha entrega certificados aos jovens que participaram no programa \u201cVer\u00e3o Jovem\u201d","datePublished":"2026-09-02T08:25:41+00:00","dateModified":"2026-09-02T08:25:43+00:00","mainEntityOfPage":{"@id":"https:\/\/www.altominho.tv\/site\/2026\/09\/02\/caminha-entrega-certificados-jovens-que-participaram-programa-verao-jovem\/"},"wordCount":211,"image":{"@id":"https:\/\/www.altominho.tv\/site\/2026\/09\/02\/caminha-entrega-certificados-jovens-que-participaram-programa-verao-jovem\/#primaryimage"},"thumbnailUrl":"https:\/\/www.altominho.tv\/site\/wp-content\/uploads\/2026\/09\/Design-sem-nome-2026-09-02T091521.828.jpg","keywords":["Sociedade"],"articleSection":["Caminha"],"inLanguage":"pt-PT","copyrightYear":"2026","copyrightHolder":{"@id":"https:\/\/www.altominho.tv\/site\/#organization"}},{"@type":"WebPage","@id":"https:\/\/www.altominho.tv\/site\/2026\/09\/02\/caminha-entrega-certificados-jovens-que-participaram-programa-verao-jovem\/","url":"https:\/\/www.altominho.tv\/site\/2026\/09\/02\/caminha-entrega-certificados-jovens-que-participaram-programa-verao-jovem\/","name":"Caminha entrega certificados aos jovens que participaram no programa \u201cVer\u00e3o Jovem\u201d","isPartOf":{"@id":"https:\/\/www.altominho.tv\/site\/#website"},"primaryImageOfPage":{"@id":"https:\/\/www.altominho.tv\/site\/2026\/09\/02\/caminha-entrega-certificados-jovens-que-participaram-programa-verao-jovem\/#primaryimage"},"image":{"@id":"https:\/\/www.altominho.tv\/site\/2026\/09\/02\/caminha-entrega-certificados-jovens-que-participaram-programa-verao-jovem\/#primaryimage"},"thumbnailUrl":"https:\/\/www.altominho.tv\/site\/wp-content\/uploads\/2026\/09\/Design-sem-nome-2026-09-02T091521.828.jpg","datePublished":"2026-09-02T08:25:41+00:00","dateModified":"2026-09-02T08:25:43+00:00","author":{"@id":"https:\/\/www.altominho.tv\/site\/#\/schema\/person\/4e536851627d7914baf3dac752b6af22"},"description":"A C\u00e2mara Municipal de Caminha entregou, na passada segunda-feira, os certificados de participa\u00e7\u00e3o aos jovens que integraram o programa municipal \u201cVer\u00e3o Jovem 2026\u201d, uma iniciativa-piloto destinada a residentes no concelho entre os 16 e os 18 anos.","breadcrumb":{"@id":"https:\/\/www.altominho.tv\/site\/2026\/09\/02\/caminha-entrega-certificados-jovens-que-participaram-programa-verao-jovem\/#breadcrumb"},"inLanguage":"pt-PT","potentialAction":[{"@type":"ReadAction","target":["https:\/\/www.altominho.tv\/site\/2026\/09\/02\/caminha-entrega-certificados-jovens-que-participaram-programa-verao-jovem\/"]}]},{"@type":"ImageObject","inLanguage":"pt-PT","@id":"https:\/\/www.altominho.tv\/site\/2026\/09\/02\/caminha-entrega-certificados-jovens-que-participaram-programa-verao-jovem\/#primaryimage","url":"https:\/\/www.altominho.tv\/site\/wp-content\/uploads\/2026\/09\/Design-sem-nome-2026-09-02T091521.828.jpg","contentUrl":"https:\/\/www.altominho.tv\/site\/wp-content\/uploads\/2026\/09\/Design-sem-nome-2026-09-02T091521.828.jpg","width":1200,"height":630},{"@type":"BreadcrumbList","@id":"https:\/\/www.altominho.tv\/site\/2026\/09\/02\/caminha-entrega-certificados-jovens-que-participaram-programa-verao-jovem\/#breadcrumb","itemListElement":[{"@type":"ListItem","position":1,"name":"In\u00edcio","item":"https:\/\/www.altominho.tv\/site\/"},{"@type":"ListItem","position":2,"name":"Caminha entrega certificados aos jovens que participaram no programa \u201cVer\u00e3o Jovem\u201d"}]},{"@type":"WebSite","@id":"https:\/\/www.altominho.tv\/site\/#website","url":"https:\/\/www.altominho.tv\/site\/","name":"Altominho.tv","description":"A sua regi\u00e3o \u00e0 dist\u00e2ncia de um clique...","potentialAction":[{"@type":"SearchAction","target":{"@type":"EntryPoint","urlTemplate":"https:\/\/www.altominho.tv\/site\/?s={search_term_string}"},"query-input":{"@type":"PropertyValueSpecification","valueRequired":true,"valueName":"search_term_string"}}],"inLanguage":"pt-PT"},{"@type":"Person","@id":"https:\/\/www.altominho.tv\/site\/#\/schema\/person\/4e536851627d7914baf3dac752b6af22","name":"Altominho.tv","image":{"@type":"ImageObject","inLanguage":"pt-PT","@id":"https:\/\/www.altominho.tv\/site\/wp-content\/uploads\/2019\/11\/Logo_Avatar_2-150x150.jpg","url":"https:\/\/www.altominho.tv\/site\/wp-content\/uploads\/2019\/11\/Logo_Avatar_2-150x150.jpg","contentUrl":"https:\/\/www.altominho.tv\/site\/wp-content\/uploads\/2019\/11\/Logo_Avatar_2-150x150.jpg","caption":"Altominho.tv"},"url":"https:\/\/www.altominho.tv\/site\/author\/altominhotv-tecnico\/"}]}},"_links":{"self":[{"href":"https:\/\/www.altominho.tv\/site\/wp-json\/wp\/v2\/posts\/136283","targetHints":{"allow":["GET"]}}],"collection":[{"href":"https:\/\/www.altominho.tv\/site\/wp-json\/wp\/v2\/posts"}],"about":[{"href":"https:\/\/www.altominho.tv\/site\/wp-json\/wp\/v2\/types\/post"}],"author":[{"embeddable":true,"href":"https:\/\/www.altominho.tv\/site\/wp-json\/wp\/v2\/users\/1"}],"replies":[{"embeddable":true,"href":"https:\/\/www.altominho.tv\/site\/wp-json\/wp\/v2\/comments?post=136283"}],"version-history":[{"count":1,"href":"https:\/\/www.altominho.tv\/site\/wp-json\/wp\/v2\/posts\/136283\/revisions"}],"predecessor-version":[{"id":136285,"href":"https:\/\/www.altominho.tv\/site\/wp-json\/wp\/v2\/posts\/136283\/revisions\/136285"}],"wp:featuredmedia":[{"embeddable":true,"href":"https:\/\/www.altominho.tv\/site\/wp-json\/wp\/v2\/media\/136284"}],"wp:attachment":[{"href":"https:\/\/www.altominho.tv\/site\/wp-json\/wp\/v2\/media?parent=136283"}],"wp:term":[{"taxonomy":"category","embeddable":true,"href":"https:\/\/www.altominho.tv\/site\/wp-json\/wp\/v2\/categories?post=136283"},{"taxonomy":"post_tag","embeddable":true,"href":"https:\/\/www.altominho.tv\/site\/wp-json\/wp\/v2\/tags?post=136283"}],"curies":[{"name":"wp","href":"https:\/\/api.w.org\/{rel}","templated":true}]}}